{"id":111048,"date":"2023-05-31T08:12:05","date_gmt":"2023-05-31T08:12:05","guid":{"rendered":"https:\/\/www.nettali.com\/?p=111048"},"modified":"2023-05-31T08:12:05","modified_gmt":"2023-05-31T08:12:05","slug":"pluie-dinfractions-visees-contre-alioune-sane-yen-a-marre-exige-sa-liberation","status":"publish","type":"post","link":"https:\/\/www.nettali.com\/2023\/05\/31\/pluie-dinfractions-visees-contre-alioune-sane-yen-a-marre-exige-sa-liberation\/","title":{"rendered":"PLUIE D'INFRACTIONS VIS\u00c9ES CONTRE ALIOUNE SAN\u00c9 - Y'en a marre exige sa lib\u00e9ration"},"content":{"rendered":"<p><strong>NETTALI.COM- Arr\u00eat\u00e9 le lundi 29 mai 2023 \u00e0 la Cit\u00e9 Keur Gorgui, Alioune San\u00e9 et les autres personnes avec qui il avait \u00e9t\u00e9 interpell\u00e9 risquent d'\u00eatre d\u00e9f\u00e9r\u00e9s au parquet ce mercredi 31 mai 2023. Le mouvement dont il est le coordonnateur d\u00e9nonce leur arrestation et exige leur lib\u00e9ration imm\u00e9diate.<\/strong><\/p>\n<p>Dans un communiqu\u00e9, le mouvement Y en a marre renseigne que son coordonnateur, Alioune San\u00e9, par ailleurs vice-coordonateur de la Plateforme des forces vives de la nation F-24, est poursuivi pour \"<em>participation \u00e0 une manifestation non d\u00e9clar\u00e9e, attroupement, trouble \u00e0 l'ordre public, entrave volontaire \u00e0 la libre circulation et violences et voies de fait commises sur des agents de la force publique \".<\/em><\/p>\n<p>L'organisation pr\u00e9cise que ces infractions ont \u00e9t\u00e9 imput\u00e9es \u00e0 toutes les personnes arr\u00eat\u00e9es, dans la journ\u00e9e du 29 mai et que leur leader sera pr\u00e9sent\u00e9 au procureur de la R\u00e9publique ce mercredi 31 mai 2023.<\/p>\n<p>Des accusations que Y'en a marre d\u00e9nonce. \" <em>Les accusations port\u00e9es contre M. Aliou sont infond\u00e9es, car il n'a particip\u00e9 \u00e0 aucune manifestation. Il \u00e9tait all\u00e9 avec d'autres leaders de F24 rendre visite \u00e0 l'opposant Ousmane Sonko, assign\u00e9 \u00e0 r\u00e9sidence surveill\u00e9e sur des bases ill\u00e9gales. Aussi, la vid\u00e9o de son arrestation montre qu'il n\u2019a pos\u00e9 aucun acte violent \u00e0 l\u2019endroit des policiers, bien au contraire c\u2019est lui qui a \u00e9t\u00e9 brutalis\u00e9 par ces derniers<\/em>\" expliquent les Y'en a maristes.<\/p>\n<p>Selon eux, \"<em> arr\u00eater M. Aliou San\u00e9 n'est pas anodin pour le r\u00e9gime de Macky Sall car c'est s'attaquer au symbole du combat contre le \u00ab 3\u00e8me mandat \u00bb puisque le coordonateur du mouvement Y en a marre est l'une des figures qui portent ce combat au sein du F24<\/em>\"<\/p>\n<p>Par cons\u00e9quent, le mouvement exige sa lib\u00e9ration imm\u00e9diate et invite tous les citoyens \u00e0 venir le soutenir massivement au tribunal pour d\u00e9noncer la restriction excessive des libert\u00e9s par le r\u00e9gime de Macky Sall.<\/p>\n<div class='share-to-whatsapp-wrapper'><div class='share-on-whsp'>PARTAGER SUR : <\/div><a data-text='PLUIE D'INFRACTIONS VIS\u00c9ES CONTRE ALIOUNE SAN\u00c9 - Y'en a marre exige sa lib\u00e9ration' data-link='https:\/\/www.nettali.com\/2023\/05\/31\/pluie-dinfractions-visees-contre-alioune-sane-yen-a-marre-exige-sa-liberation\/' class='whatsapp-button whatsapp-share'>WhatsApp<\/a><div class='clear '><\/div><\/div>","protected":false},"excerpt":{"rendered":"<p>NETTALI.COM- Arr\u00eat\u00e9 le lundi 29 mai 2023 \u00e0 la Cit\u00e9 Keur Gorgui, Alioune San\u00e9 et les autres personnes avec qui il avait \u00e9t\u00e9 interpell\u00e9 risquent d'\u00eatre d\u00e9f\u00e9r\u00e9s au parquet ce mercredi 31 mai 2023. Le mouvement dont il est le coordonnateur d\u00e9nonce leur arrestation et exige leur lib\u00e9ration imm\u00e9diate. Dans un communiqu\u00e9, le mouvement Y [&hellip;]<\/p>\n","protected":false},"author":6,"featured_media":111050,"comment_status":"open","ping_status":"open","sticky":false,"template":"","format":"standard","meta":{"_et_pb_use_builder":"","_et_pb_old_content":""},"categories":[2],"tags":[],"yoast_head":"<!-- This site is optimized with the Yoast SEO Premium plugin v17.8 (Yoast SEO v17.8) - https:\/\/yoast.com\/wordpress\/plugins\/seo\/ -->\n<title>PLUIE D&#039;INFRACTIONS VIS\u00c9ES CONTRE ALIOUNE SAN\u00c9 - Y&#039;en a marre exige sa lib\u00e9ration | Nettali.com<\/title>\n<meta name=\"robots\" content=\"index, follow, max-snippet:-1, max-image-preview:large, max-video-preview:-1\" \/>\n<link rel=\"canonical\" href=\"https:\/\/www.nettali.com\/2023\/05\/31\/pluie-dinfractions-visees-contre-alioune-sane-yen-a-marre-exige-sa-liberation\/\" \/>\n<meta property=\"og:locale\" content=\"fr_FR\" \/>\n<meta property=\"og:type\" content=\"article\" \/>\n<meta property=\"og:title\" content=\"PLUIE D&#039;INFRACTIONS VIS\u00c9ES CONTRE ALIOUNE SAN\u00c9 - Y&#039;en a marre exige sa lib\u00e9ration\" \/>\n<meta property=\"og:description\" content=\"NETTALI.COM- Arr\u00eat\u00e9 le lundi 29 mai 2023 \u00e0 la Cit\u00e9 Keur Gorgui, Alioune San\u00e9 et les autres personnes avec qui il avait \u00e9t\u00e9 interpell\u00e9 risquent d&#039;\u00eatre d\u00e9f\u00e9r\u00e9s au parquet ce mercredi 31 mai 2023. Le mouvement dont il est le coordonnateur d\u00e9nonce leur arrestation et exige leur lib\u00e9ration imm\u00e9diate. Dans un communiqu\u00e9, le mouvement Y [&hellip;]\" \/>\n<meta property=\"og:url\" content=\"https:\/\/www.nettali.com\/2023\/05\/31\/pluie-dinfractions-visees-contre-alioune-sane-yen-a-marre-exige-sa-liberation\/\" \/>\n<meta property=\"og:site_name\" content=\"Nettali.com\" \/>\n<meta property=\"article:publisher\" content=\"https:\/\/www.facebook.com\/nettalicom\" \/>\n<meta property=\"article:published_time\" content=\"2023-05-31T08:12:05+00:00\" \/>\n<meta property=\"og:image\" content=\"https:\/\/www.nettali.com\/wp-content\/uploads\/2023\/05\/34794221-31723061.jpg\" \/>\n\t<meta property=\"og:image:width\" content=\"600\" \/>\n\t<meta property=\"og:image:height\" content=\"400\" \/>\n<meta name=\"twitter:card\" content=\"summary_large_image\" \/>\n<meta name=\"twitter:label1\" content=\"\u00c9crit par\" \/>\n\t<meta name=\"twitter:data1\" content=\"Fatou\" \/>\n\t<meta name=\"twitter:label2\" content=\"Dur\u00e9e de lecture estim\u00e9e\" \/>\n\t<meta name=\"twitter:data2\" content=\"2 minutes\" \/>\n<script type=\"application\/ld+json\" class=\"yoast-schema-graph\">{\"@context\":\"https:\/\/schema.org\",\"@graph\":[{\"@type\":\"WebSite\",\"@id\":\"https:\/\/www.nettali.com\/#website\",\"url\":\"https:\/\/www.nettali.com\/\",\"name\":\"Nettali.com\",\"description\":\"Le rendez-vous critique du Net\",\"potentialAction\":[{\"@type\":\"SearchAction\",\"target\":{\"@type\":\"EntryPoint\",\"urlTemplate\":\"https:\/\/www.nettali.com\/?s={search_term_string}\"},\"query-input\":\"required name=search_term_string\"}],\"inLanguage\":\"fr-FR\"},{\"@type\":\"ImageObject\",\"@id\":\"https:\/\/www.nettali.com\/2023\/05\/31\/pluie-dinfractions-visees-contre-alioune-sane-yen-a-marre-exige-sa-liberation\/#primaryimage\",\"inLanguage\":\"fr-FR\",\"url\":\"https:\/\/www.nettali.com\/wp-content\/uploads\/2023\/05\/34794221-31723061.jpg\",\"contentUrl\":\"https:\/\/www.nettali.com\/wp-content\/uploads\/2023\/05\/34794221-31723061.jpg\",\"width\":600,\"height\":400},{\"@type\":\"WebPage\",\"@id\":\"https:\/\/www.nettali.com\/2023\/05\/31\/pluie-dinfractions-visees-contre-alioune-sane-yen-a-marre-exige-sa-liberation\/#webpage\",\"url\":\"https:\/\/www.nettali.com\/2023\/05\/31\/pluie-dinfractions-visees-contre-alioune-sane-yen-a-marre-exige-sa-liberation\/\",\"name\":\"PLUIE D'INFRACTIONS VIS\\u00c9ES CONTRE ALIOUNE SAN\\u00c9 - Y'en a marre exige sa lib\\u00e9ration | Nettali.com\",\"isPartOf\":{\"@id\":\"https:\/\/www.nettali.com\/#website\"},\"primaryImageOfPage\":{\"@id\":\"https:\/\/www.nettali.com\/2023\/05\/31\/pluie-dinfractions-visees-contre-alioune-sane-yen-a-marre-exige-sa-liberation\/#primaryimage\"},\"datePublished\":\"2023-05-31T08:12:05+00:00\",\"dateModified\":\"2023-05-31T08:12:05+00:00\",\"author\":{\"@id\":\"https:\/\/www.nettali.com\/#\/schema\/person\/418274a86bdf87caff7a3ef476bd0bbf\"},\"breadcrumb\":{\"@id\":\"https:\/\/www.nettali.com\/2023\/05\/31\/pluie-dinfractions-visees-contre-alioune-sane-yen-a-marre-exige-sa-liberation\/#breadcrumb\"},\"inLanguage\":\"fr-FR\",\"potentialAction\":[{\"@type\":\"ReadAction\",\"target\":[\"https:\/\/www.nettali.com\/2023\/05\/31\/pluie-dinfractions-visees-contre-alioune-sane-yen-a-marre-exige-sa-liberation\/\"]}]},{\"@type\":\"BreadcrumbList\",\"@id\":\"https:\/\/www.nettali.com\/2023\/05\/31\/pluie-dinfractions-visees-contre-alioune-sane-yen-a-marre-exige-sa-liberation\/#breadcrumb\",\"itemListElement\":[{\"@type\":\"ListItem\",\"position\":1,\"name\":\"Accueil\",\"item\":\"https:\/\/www.nettali.com\/\"},{\"@type\":\"ListItem\",\"position\":2,\"name\":\"PLUIE D'INFRACTIONS VIS\\u00c9ES CONTRE ALIOUNE SAN\\u00c9 - Y'en a marre exige sa lib\\u00e9ration\"}]},{\"@type\":\"Person\",\"@id\":\"https:\/\/www.nettali.com\/#\/schema\/person\/418274a86bdf87caff7a3ef476bd0bbf\",\"name\":\"Fatou\",\"image\":{\"@type\":\"ImageObject\",\"@id\":\"https:\/\/www.nettali.com\/#personlogo\",\"inLanguage\":\"fr-FR\",\"url\":\"https:\/\/secure.gravatar.com\/avatar\/5a9442a2bee7b4dcf167cab035858e9a?s=96&d=mm&r=g\",\"contentUrl\":\"https:\/\/secure.gravatar.com\/avatar\/5a9442a2bee7b4dcf167cab035858e9a?s=96&d=mm&r=g\",\"caption\":\"Fatou\"},\"sameAs\":[\"https:\/\/www.nettali.com\"]}]}<\/script>\n<!-- \/ Yoast SEO Premium plugin. -->","yoast_head_json":{"title":"PLUIE D'INFRACTIONS VIS\u00c9ES CONTRE ALIOUNE SAN\u00c9 - Y'en a marre exige sa lib\u00e9ration | Nettali.com","robots":{"index":"index","follow":"follow","max-snippet":"max-snippet:-1","max-image-preview":"max-image-preview:large","max-video-preview":"max-video-preview:-1"},"canonical":"https:\/\/www.nettali.com\/2023\/05\/31\/pluie-dinfractions-visees-contre-alioune-sane-yen-a-marre-exige-sa-liberation\/","og_locale":"fr_FR","og_type":"article","og_title":"PLUIE D'INFRACTIONS VIS\u00c9ES CONTRE ALIOUNE SAN\u00c9 - Y'en a marre exige sa lib\u00e9ration","og_description":"NETTALI.COM- Arr\u00eat\u00e9 le lundi 29 mai 2023 \u00e0 la Cit\u00e9 Keur Gorgui, Alioune San\u00e9 et les autres personnes avec qui il avait \u00e9t\u00e9 interpell\u00e9 risquent d'\u00eatre d\u00e9f\u00e9r\u00e9s au parquet ce mercredi 31 mai 2023. Le mouvement dont il est le coordonnateur d\u00e9nonce leur arrestation et exige leur lib\u00e9ration imm\u00e9diate. Dans un communiqu\u00e9, le mouvement Y [&hellip;]","og_url":"https:\/\/www.nettali.com\/2023\/05\/31\/pluie-dinfractions-visees-contre-alioune-sane-yen-a-marre-exige-sa-liberation\/","og_site_name":"Nettali.com","article_publisher":"https:\/\/www.facebook.com\/nettalicom","article_published_time":"2023-05-31T08:12:05+00:00","og_image":[{"width":600,"height":400,"url":"https:\/\/www.nettali.com\/wp-content\/uploads\/2023\/05\/34794221-31723061.jpg","type":"image\/jpeg"}],"twitter_card":"summary_large_image","twitter_misc":{"\u00c9crit par":"Fatou","Dur\u00e9e de lecture estim\u00e9e":"2 minutes"},"schema":{"@context":"https:\/\/schema.org","@graph":[{"@type":"WebSite","@id":"https:\/\/www.nettali.com\/#website","url":"https:\/\/www.nettali.com\/","name":"Nettali.com","description":"Le rendez-vous critique du Net","potentialAction":[{"@type":"SearchAction","target":{"@type":"EntryPoint","urlTemplate":"https:\/\/www.nettali.com\/?s={search_term_string}"},"query-input":"required name=search_term_string"}],"inLanguage":"fr-FR"},{"@type":"ImageObject","@id":"https:\/\/www.nettali.com\/2023\/05\/31\/pluie-dinfractions-visees-contre-alioune-sane-yen-a-marre-exige-sa-liberation\/#primaryimage","inLanguage":"fr-FR","url":"https:\/\/www.nettali.com\/wp-content\/uploads\/2023\/05\/34794221-31723061.jpg","contentUrl":"https:\/\/www.nettali.com\/wp-content\/uploads\/2023\/05\/34794221-31723061.jpg","width":600,"height":400},{"@type":"WebPage","@id":"https:\/\/www.nettali.com\/2023\/05\/31\/pluie-dinfractions-visees-contre-alioune-sane-yen-a-marre-exige-sa-liberation\/#webpage","url":"https:\/\/www.nettali.com\/2023\/05\/31\/pluie-dinfractions-visees-contre-alioune-sane-yen-a-marre-exige-sa-liberation\/","name":"PLUIE D'INFRACTIONS VIS\u00c9ES CONTRE ALIOUNE SAN\u00c9 - Y'en a marre exige sa lib\u00e9ration | Nettali.com","isPartOf":{"@id":"https:\/\/www.nettali.com\/#website"},"primaryImageOfPage":{"@id":"https:\/\/www.nettali.com\/2023\/05\/31\/pluie-dinfractions-visees-contre-alioune-sane-yen-a-marre-exige-sa-liberation\/#primaryimage"},"datePublished":"2023-05-31T08:12:05+00:00","dateModified":"2023-05-31T08:12:05+00:00","author":{"@id":"https:\/\/www.nettali.com\/#\/schema\/person\/418274a86bdf87caff7a3ef476bd0bbf"},"breadcrumb":{"@id":"https:\/\/www.nettali.com\/2023\/05\/31\/pluie-dinfractions-visees-contre-alioune-sane-yen-a-marre-exige-sa-liberation\/#breadcrumb"},"inLanguage":"fr-FR","potentialAction":[{"@type":"ReadAction","target":["https:\/\/www.nettali.com\/2023\/05\/31\/pluie-dinfractions-visees-contre-alioune-sane-yen-a-marre-exige-sa-liberation\/"]}]},{"@type":"BreadcrumbList","@id":"https:\/\/www.nettali.com\/2023\/05\/31\/pluie-dinfractions-visees-contre-alioune-sane-yen-a-marre-exige-sa-liberation\/#breadcrumb","itemListElement":[{"@type":"ListItem","position":1,"name":"Accueil","item":"https:\/\/www.nettali.com\/"},{"@type":"ListItem","position":2,"name":"PLUIE D'INFRACTIONS VIS\u00c9ES CONTRE ALIOUNE SAN\u00c9 - Y'en a marre exige sa lib\u00e9ration"}]},{"@type":"Person","@id":"https:\/\/www.nettali.com\/#\/schema\/person\/418274a86bdf87caff7a3ef476bd0bbf","name":"Fatou","image":{"@type":"ImageObject","@id":"https:\/\/www.nettali.com\/#personlogo","inLanguage":"fr-FR","url":"https:\/\/secure.gravatar.com\/avatar\/5a9442a2bee7b4dcf167cab035858e9a?s=96&d=mm&r=g","contentUrl":"https:\/\/secure.gravatar.com\/avatar\/5a9442a2bee7b4dcf167cab035858e9a?s=96&d=mm&r=g","caption":"Fatou"},"sameAs":["https:\/\/www.nettali.com"]}]}},"_links":{"self":[{"href":"https:\/\/www.nettali.com\/rest\/wp\/v2\/posts\/111048"}],"collection":[{"href":"https:\/\/www.nettali.com\/rest\/wp\/v2\/posts"}],"about":[{"href":"https:\/\/www.nettali.com\/rest\/wp\/v2\/types\/post"}],"author":[{"embeddable":true,"href":"https:\/\/www.nettali.com\/rest\/wp\/v2\/users\/6"}],"replies":[{"embeddable":true,"href":"https:\/\/www.nettali.com\/rest\/wp\/v2\/comments?post=111048"}],"version-history":[{"count":3,"href":"https:\/\/www.nettali.com\/rest\/wp\/v2\/posts\/111048\/revisions"}],"predecessor-version":[{"id":111058,"href":"https:\/\/www.nettali.com\/rest\/wp\/v2\/posts\/111048\/revisions\/111058"}],"wp:featuredmedia":[{"embeddable":true,"href":"https:\/\/www.nettali.com\/rest\/wp\/v2\/media\/111050"}],"wp:attachment":[{"href":"https:\/\/www.nettali.com\/rest\/wp\/v2\/media?parent=111048"}],"wp:term":[{"taxonomy":"category","embeddable":true,"href":"https:\/\/www.nettali.com\/rest\/wp\/v2\/categories?post=111048"},{"taxonomy":"post_tag","embeddable":true,"href":"https:\/\/www.nettali.com\/rest\/wp\/v2\/tags?post=111048"}],"curies":[{"name":"wp","href":"https:\/\/api.w.org\/{rel}","templated":true}]}}