{"id":111039,"date":"2023-05-31T00:00:25","date_gmt":"2023-05-31T00:00:25","guid":{"rendered":"https:\/\/www.nettali.com\/?p=111039"},"modified":"2023-05-31T08:46:32","modified_gmt":"2023-05-31T08:46:32","slug":"en-coulisses-barth-nira-pas-au-dialogue-demain-mais","status":"publish","type":"post","link":"https:\/\/www.nettali.com\/2023\/05\/31\/en-coulisses-barth-nira-pas-au-dialogue-demain-mais\/","title":{"rendered":"EN COULISSES - Barth n'ira pas au dialogue demain, mais....\""},"content":{"rendered":"<p><strong>NETTALI.COM -<\/strong> Alors qu'il se dit initiateur du dialogue national qui commence ce mercredi 31 mai, Barth\u00e9l\u00e9my Dias ne s'y rendra finalement pas demain mercredi 31 mai. Il l'a fait savoir sur la 7 TV \u00e0 l'\u00e9mission \"<em>L'invit\u00e9 de MNF<\/em>\".<\/p>\n<p>Quid de la raison ? Celui-ci de faire savoir qu'il ne peut concevoir qu\u2019\u00e0 quelques heures de la tenue du dialogue, qu\u2019il n\u2019y ait pas les termes de r\u00e9f\u00e9rence. C<em>ela n'est \u00e0 son avis \"ni s\u00e9rieux, ni sinc\u00e8re<\/em>\".<\/p>\n<p>Se voulant prudent et afin de ne pas se faire avoir, il pr\u00e9f\u00e8re attendre l'ouverture qui a lieu demain pour connaitre le contenu des termes de r\u00e9f\u00e9rence avant de se r\u00e9soudre \u00e0 s'y rendre.<\/p>\n<p>Barth\u00e9l\u00e9my Dia veut d'autres garanties \u00e0 savoir que la question du 3\u00e8me mandat soit inscrit au coeur du dialogue. Sinon, a-t-il menac\u00e9, sa participation risque d'\u00eatre compromise.<\/p>\n<div class='share-to-whatsapp-wrapper'><div class='share-on-whsp'>PARTAGER SUR : <\/div><a data-text='EN COULISSES - Barth n'ira pas au dialogue demain, mais....\"' data-link='https:\/\/www.nettali.com\/2023\/05\/31\/en-coulisses-barth-nira-pas-au-dialogue-demain-mais\/' class='whatsapp-button whatsapp-share'>WhatsApp<\/a><div class='clear '><\/div><\/div>","protected":false},"excerpt":{"rendered":"<p>NETTALI.COM - Alors qu'il se dit initiateur du dialogue national qui commence ce mercredi 31 mai, Barth\u00e9l\u00e9my Dias ne s'y rendra finalement pas demain mercredi 31 mai. Il l'a fait savoir sur la 7 TV \u00e0 l'\u00e9mission \"L'invit\u00e9 de MNF\". Quid de la raison ? Celui-ci de faire savoir qu'il ne peut concevoir qu\u2019\u00e0 quelques [&hellip;]<\/p>\n","protected":false},"author":2,"featured_media":111036,"comment_status":"open","ping_status":"open","sticky":false,"template":"","format":"standard","meta":{"_et_pb_use_builder":"","_et_pb_old_content":""},"categories":[34945],"tags":[],"yoast_head":"<!-- This site is optimized with the Yoast SEO Premium plugin v17.8 (Yoast SEO v17.8) - https:\/\/yoast.com\/wordpress\/plugins\/seo\/ -->\n<title>EN COULISSES - Barth n&#039;ira pas au dialogue demain, mais....&quot; | Nettali.com<\/title>\n<meta name=\"robots\" content=\"index, follow, max-snippet:-1, max-image-preview:large, max-video-preview:-1\" \/>\n<link rel=\"canonical\" href=\"https:\/\/www.nettali.com\/2023\/05\/31\/en-coulisses-barth-nira-pas-au-dialogue-demain-mais\/\" \/>\n<meta property=\"og:locale\" content=\"fr_FR\" \/>\n<meta property=\"og:type\" content=\"article\" \/>\n<meta property=\"og:title\" content=\"EN COULISSES - Barth n&#039;ira pas au dialogue demain, mais....&quot;\" \/>\n<meta property=\"og:description\" content=\"NETTALI.COM - Alors qu&#039;il se dit initiateur du dialogue national qui commence ce mercredi 31 mai, Barth\u00e9l\u00e9my Dias ne s&#039;y rendra finalement pas demain mercredi 31 mai. Il l&#039;a fait savoir sur la 7 TV \u00e0 l&#039;\u00e9mission &quot;L&#039;invit\u00e9 de MNF&quot;. Quid de la raison ? Celui-ci de faire savoir qu&#039;il ne peut concevoir qu\u2019\u00e0 quelques [&hellip;]\" \/>\n<meta property=\"og:url\" content=\"https:\/\/www.nettali.com\/2023\/05\/31\/en-coulisses-barth-nira-pas-au-dialogue-demain-mais\/\" \/>\n<meta property=\"og:site_name\" content=\"Nettali.com\" \/>\n<meta property=\"article:publisher\" content=\"https:\/\/www.facebook.com\/nettalicom\" \/>\n<meta property=\"article:published_time\" content=\"2023-05-31T00:00:25+00:00\" \/>\n<meta property=\"article:modified_time\" content=\"2023-05-31T08:46:32+00:00\" \/>\n<meta property=\"og:image\" content=\"https:\/\/www.nettali.com\/wp-content\/uploads\/2023\/05\/1685489528300.jpg\" \/>\n\t<meta property=\"og:image:width\" content=\"720\" \/>\n\t<meta property=\"og:image:height\" content=\"846\" \/>\n<meta name=\"twitter:card\" content=\"summary_large_image\" \/>\n<meta name=\"twitter:label1\" content=\"\u00c9crit par\" \/>\n\t<meta name=\"twitter:data1\" content=\"CK\" \/>\n\t<meta name=\"twitter:label2\" content=\"Dur\u00e9e de lecture estim\u00e9e\" \/>\n\t<meta name=\"twitter:data2\" content=\"1 minute\" \/>\n<script type=\"application\/ld+json\" class=\"yoast-schema-graph\">{\"@context\":\"https:\/\/schema.org\",\"@graph\":[{\"@type\":\"WebSite\",\"@id\":\"https:\/\/www.nettali.com\/#website\",\"url\":\"https:\/\/www.nettali.com\/\",\"name\":\"Nettali.com\",\"description\":\"Le rendez-vous critique du Net\",\"potentialAction\":[{\"@type\":\"SearchAction\",\"target\":{\"@type\":\"EntryPoint\",\"urlTemplate\":\"https:\/\/www.nettali.com\/?s={search_term_string}\"},\"query-input\":\"required name=search_term_string\"}],\"inLanguage\":\"fr-FR\"},{\"@type\":\"ImageObject\",\"@id\":\"https:\/\/www.nettali.com\/2023\/05\/31\/en-coulisses-barth-nira-pas-au-dialogue-demain-mais\/#primaryimage\",\"inLanguage\":\"fr-FR\",\"url\":\"https:\/\/www.nettali.com\/wp-content\/uploads\/2023\/05\/1685489528300.jpg\",\"contentUrl\":\"https:\/\/www.nettali.com\/wp-content\/uploads\/2023\/05\/1685489528300.jpg\",\"width\":720,\"height\":846},{\"@type\":\"WebPage\",\"@id\":\"https:\/\/www.nettali.com\/2023\/05\/31\/en-coulisses-barth-nira-pas-au-dialogue-demain-mais\/#webpage\",\"url\":\"https:\/\/www.nettali.com\/2023\/05\/31\/en-coulisses-barth-nira-pas-au-dialogue-demain-mais\/\",\"name\":\"EN COULISSES - Barth n'ira pas au dialogue demain, mais....\\\" | Nettali.com\",\"isPartOf\":{\"@id\":\"https:\/\/www.nettali.com\/#website\"},\"primaryImageOfPage\":{\"@id\":\"https:\/\/www.nettali.com\/2023\/05\/31\/en-coulisses-barth-nira-pas-au-dialogue-demain-mais\/#primaryimage\"},\"datePublished\":\"2023-05-31T00:00:25+00:00\",\"dateModified\":\"2023-05-31T08:46:32+00:00\",\"author\":{\"@id\":\"https:\/\/www.nettali.com\/#\/schema\/person\/d8ac7b7e27ddad43f1c0d2ef090d7f71\"},\"breadcrumb\":{\"@id\":\"https:\/\/www.nettali.com\/2023\/05\/31\/en-coulisses-barth-nira-pas-au-dialogue-demain-mais\/#breadcrumb\"},\"inLanguage\":\"fr-FR\",\"potentialAction\":[{\"@type\":\"ReadAction\",\"target\":[\"https:\/\/www.nettali.com\/2023\/05\/31\/en-coulisses-barth-nira-pas-au-dialogue-demain-mais\/\"]}]},{\"@type\":\"BreadcrumbList\",\"@id\":\"https:\/\/www.nettali.com\/2023\/05\/31\/en-coulisses-barth-nira-pas-au-dialogue-demain-mais\/#breadcrumb\",\"itemListElement\":[{\"@type\":\"ListItem\",\"position\":1,\"name\":\"Accueil\",\"item\":\"https:\/\/www.nettali.com\/\"},{\"@type\":\"ListItem\",\"position\":2,\"name\":\"EN COULISSES - Barth n'ira pas au dialogue demain, mais....\\\"\"}]},{\"@type\":\"Person\",\"@id\":\"https:\/\/www.nettali.com\/#\/schema\/person\/d8ac7b7e27ddad43f1c0d2ef090d7f71\",\"name\":\"CK\",\"image\":{\"@type\":\"ImageObject\",\"@id\":\"https:\/\/www.nettali.com\/#personlogo\",\"inLanguage\":\"fr-FR\",\"url\":\"https:\/\/secure.gravatar.com\/avatar\/1d8d5118b9327d94da7cd4ce7f17fec2?s=96&d=mm&r=g\",\"contentUrl\":\"https:\/\/secure.gravatar.com\/avatar\/1d8d5118b9327d94da7cd4ce7f17fec2?s=96&d=mm&r=g\",\"caption\":\"CK\"},\"sameAs\":[\"https:\/\/www.nettali.com\"]}]}<\/script>\n<!-- \/ Yoast SEO Premium plugin. -->","yoast_head_json":{"title":"EN COULISSES - Barth n'ira pas au dialogue demain, mais....\" | Nettali.com","robots":{"index":"index","follow":"follow","max-snippet":"max-snippet:-1","max-image-preview":"max-image-preview:large","max-video-preview":"max-video-preview:-1"},"canonical":"https:\/\/www.nettali.com\/2023\/05\/31\/en-coulisses-barth-nira-pas-au-dialogue-demain-mais\/","og_locale":"fr_FR","og_type":"article","og_title":"EN COULISSES - Barth n'ira pas au dialogue demain, mais....\"","og_description":"NETTALI.COM - Alors qu'il se dit initiateur du dialogue national qui commence ce mercredi 31 mai, Barth\u00e9l\u00e9my Dias ne s'y rendra finalement pas demain mercredi 31 mai. Il l'a fait savoir sur la 7 TV \u00e0 l'\u00e9mission \"L'invit\u00e9 de MNF\". Quid de la raison ? Celui-ci de faire savoir qu'il ne peut concevoir qu\u2019\u00e0 quelques [&hellip;]","og_url":"https:\/\/www.nettali.com\/2023\/05\/31\/en-coulisses-barth-nira-pas-au-dialogue-demain-mais\/","og_site_name":"Nettali.com","article_publisher":"https:\/\/www.facebook.com\/nettalicom","article_published_time":"2023-05-31T00:00:25+00:00","article_modified_time":"2023-05-31T08:46:32+00:00","og_image":[{"width":720,"height":846,"url":"https:\/\/www.nettali.com\/wp-content\/uploads\/2023\/05\/1685489528300.jpg","type":"image\/jpeg"}],"twitter_card":"summary_large_image","twitter_misc":{"\u00c9crit par":"CK","Dur\u00e9e de lecture estim\u00e9e":"1 minute"},"schema":{"@context":"https:\/\/schema.org","@graph":[{"@type":"WebSite","@id":"https:\/\/www.nettali.com\/#website","url":"https:\/\/www.nettali.com\/","name":"Nettali.com","description":"Le rendez-vous critique du Net","potentialAction":[{"@type":"SearchAction","target":{"@type":"EntryPoint","urlTemplate":"https:\/\/www.nettali.com\/?s={search_term_string}"},"query-input":"required name=search_term_string"}],"inLanguage":"fr-FR"},{"@type":"ImageObject","@id":"https:\/\/www.nettali.com\/2023\/05\/31\/en-coulisses-barth-nira-pas-au-dialogue-demain-mais\/#primaryimage","inLanguage":"fr-FR","url":"https:\/\/www.nettali.com\/wp-content\/uploads\/2023\/05\/1685489528300.jpg","contentUrl":"https:\/\/www.nettali.com\/wp-content\/uploads\/2023\/05\/1685489528300.jpg","width":720,"height":846},{"@type":"WebPage","@id":"https:\/\/www.nettali.com\/2023\/05\/31\/en-coulisses-barth-nira-pas-au-dialogue-demain-mais\/#webpage","url":"https:\/\/www.nettali.com\/2023\/05\/31\/en-coulisses-barth-nira-pas-au-dialogue-demain-mais\/","name":"EN COULISSES - Barth n'ira pas au dialogue demain, mais....\" | Nettali.com","isPartOf":{"@id":"https:\/\/www.nettali.com\/#website"},"primaryImageOfPage":{"@id":"https:\/\/www.nettali.com\/2023\/05\/31\/en-coulisses-barth-nira-pas-au-dialogue-demain-mais\/#primaryimage"},"datePublished":"2023-05-31T00:00:25+00:00","dateModified":"2023-05-31T08:46:32+00:00","author":{"@id":"https:\/\/www.nettali.com\/#\/schema\/person\/d8ac7b7e27ddad43f1c0d2ef090d7f71"},"breadcrumb":{"@id":"https:\/\/www.nettali.com\/2023\/05\/31\/en-coulisses-barth-nira-pas-au-dialogue-demain-mais\/#breadcrumb"},"inLanguage":"fr-FR","potentialAction":[{"@type":"ReadAction","target":["https:\/\/www.nettali.com\/2023\/05\/31\/en-coulisses-barth-nira-pas-au-dialogue-demain-mais\/"]}]},{"@type":"BreadcrumbList","@id":"https:\/\/www.nettali.com\/2023\/05\/31\/en-coulisses-barth-nira-pas-au-dialogue-demain-mais\/#breadcrumb","itemListElement":[{"@type":"ListItem","position":1,"name":"Accueil","item":"https:\/\/www.nettali.com\/"},{"@type":"ListItem","position":2,"name":"EN COULISSES - Barth n'ira pas au dialogue demain, mais....\""}]},{"@type":"Person","@id":"https:\/\/www.nettali.com\/#\/schema\/person\/d8ac7b7e27ddad43f1c0d2ef090d7f71","name":"CK","image":{"@type":"ImageObject","@id":"https:\/\/www.nettali.com\/#personlogo","inLanguage":"fr-FR","url":"https:\/\/secure.gravatar.com\/avatar\/1d8d5118b9327d94da7cd4ce7f17fec2?s=96&d=mm&r=g","contentUrl":"https:\/\/secure.gravatar.com\/avatar\/1d8d5118b9327d94da7cd4ce7f17fec2?s=96&d=mm&r=g","caption":"CK"},"sameAs":["https:\/\/www.nettali.com"]}]}},"_links":{"self":[{"href":"https:\/\/www.nettali.com\/rest\/wp\/v2\/posts\/111039"}],"collection":[{"href":"https:\/\/www.nettali.com\/rest\/wp\/v2\/posts"}],"about":[{"href":"https:\/\/www.nettali.com\/rest\/wp\/v2\/types\/post"}],"author":[{"embeddable":true,"href":"https:\/\/www.nettali.com\/rest\/wp\/v2\/users\/2"}],"replies":[{"embeddable":true,"href":"https:\/\/www.nettali.com\/rest\/wp\/v2\/comments?post=111039"}],"version-history":[{"count":5,"href":"https:\/\/www.nettali.com\/rest\/wp\/v2\/posts\/111039\/revisions"}],"predecessor-version":[{"id":111060,"href":"https:\/\/www.nettali.com\/rest\/wp\/v2\/posts\/111039\/revisions\/111060"}],"wp:featuredmedia":[{"embeddable":true,"href":"https:\/\/www.nettali.com\/rest\/wp\/v2\/media\/111036"}],"wp:attachment":[{"href":"https:\/\/www.nettali.com\/rest\/wp\/v2\/media?parent=111039"}],"wp:term":[{"taxonomy":"category","embeddable":true,"href":"https:\/\/www.nettali.com\/rest\/wp\/v2\/categories?post=111039"},{"taxonomy":"post_tag","embeddable":true,"href":"https:\/\/www.nettali.com\/rest\/wp\/v2\/tags?post=111039"}],"curies":[{"name":"wp","href":"https:\/\/api.w.org\/{rel}","templated":true}]}}