{"id":111034,"date":"2023-05-30T23:32:52","date_gmt":"2023-05-30T23:32:52","guid":{"rendered":"https:\/\/www.nettali.com\/?p=111034"},"modified":"2023-05-30T23:32:52","modified_gmt":"2023-05-30T23:32:52","slug":"attaque-a-mermoz-sacre-coeur-pastef-dement-barthelemy-dias","status":"publish","type":"post","link":"https:\/\/www.nettali.com\/2023\/05\/30\/attaque-a-mermoz-sacre-coeur-pastef-dement-barthelemy-dias\/","title":{"rendered":"ATTAQUE A MERMOZ-SACRE C\u0152UR  - Pastef d\u00e9ment Barth\u00e9lemy Dias"},"content":{"rendered":"<p><strong>NETTALI.COM - De jeunes gens ont \u00e9t\u00e9 interpell\u00e9s ce mardi au domicile du maire de Dakar. Pass\u00e9s \u00e0 tabac par la garde rapproch\u00e9e du maire de Dakar, ils auraient avou\u00e9 \u00eatre venus mettre le feu \u00e0 la villa des Dias. Ce que d\u00e9ment la section Pastef de Mermoz-Sacr\u00e9 c\u0153ur.\u00a0<\/strong><\/p>\n<p>Les images ont fait le tour des r\u00e9seaux sociaux ce mardi. De jeunes gens ont \u00e9t\u00e9 alpagu\u00e9s et corrig\u00e9s par des \u00e9l\u00e9ments de la s\u00e9curit\u00e9 du maire de Dakar. Il leur est reproch\u00e9 d'avoir voulu incendier la maison de Barth\u00e9l\u00e9my Dias. Selon des proches du maire de Dakar, les assaillants ont vou\u00e9 \u00eatre venus de la Casamance. Ils seraient log\u00e9s \u00e0 Ouakam d'o\u00f9 ils commettent leurs forfaits.<\/p>\n<p>\"Faux\", r\u00e9pond la section Pastef de Mermoz Sacr\u00e9-coeur. <em>\"Des millitants de Pastef Mermoz Sacr\u00e9-coeur ont \u00e9t\u00e9 accus\u00e9s \u00e0 tort d'avoir voulu attaquer le domicile du maire de Dakar Barth\u00e9lemy Dias. Ils ont \u00e9t\u00e9 attaqu\u00e9s par les membres de la garde rapproch\u00e9e du maire seulement parce qu'ils \u00e9taient sagement assis \u00e0 leur Grand-place habituel dans leur quartier. Ainsi, l'un d'eux en l'occurrence Beyna Gueye, dit Papi \u00e0 \u00e9t\u00e9 livr\u00e9 \u00e0 la police<\/em>\", lit-on dans un communiqu\u00e9 des partisans d'Ousmane Sonko.\u00a0 La m\u00eame source pr\u00e9cise que \"<em>ces jeunes habitent le quartier et sont des voisins du maire qui les conna\u00eet d'ailleurs tr\u00e8s bien<\/em>\".<\/p>\n<p><em>\"Nous d\u00e9non\u00e7ons de la fa\u00e7on la plus vigoureuses ces attaques des partisans du maire de Dakar envers des militants de Pastef Mermoz Sacr\u00e9-coeur et appelons la police \u00e0 les lib\u00e9rer parce qu'ils n'ont rien fait et qu'n tant que voisin, s\u2019assoir \u00e0 c\u00f4t\u00e9 du domicile du Maire BarBarth\u00e9lemy s ne constitue nullement un d\u00e9lit<\/em>\", insiste le communiqu\u00e9 de Pastef\u00a0Mermoz Sacr\u00e9-coeur. Qui d\u00e9nonce \"<em>ces agissements qui versent dans la manipulation \u00e0 l\u2019heure o\u00f9 certains acteurs politiques, rel\u00e9gu\u00e9s au second plan et en mal aupr\u00e8s de l\u2019opinion, cherchent \u00e0 braquer les projecteurs sur eux<\/em>\".<\/p>\n<div class='share-to-whatsapp-wrapper'><div class='share-on-whsp'>PARTAGER SUR : <\/div><a data-text='ATTAQUE A MERMOZ-SACRE C\u0152UR  - Pastef d\u00e9ment Barth\u00e9lemy Dias' data-link='https:\/\/www.nettali.com\/2023\/05\/30\/attaque-a-mermoz-sacre-coeur-pastef-dement-barthelemy-dias\/' class='whatsapp-button whatsapp-share'>WhatsApp<\/a><div class='clear '><\/div><\/div>","protected":false},"excerpt":{"rendered":"<p>NETTALI.COM - De jeunes gens ont \u00e9t\u00e9 interpell\u00e9s ce mardi au domicile du maire de Dakar. Pass\u00e9s \u00e0 tabac par la garde rapproch\u00e9e du maire de Dakar, ils auraient avou\u00e9 \u00eatre venus mettre le feu \u00e0 la villa des Dias. Ce que d\u00e9ment la section Pastef de Mermoz-Sacr\u00e9 c\u0153ur.\u00a0 Les images ont fait le tour [&hellip;]<\/p>\n","protected":false},"author":3,"featured_media":111036,"comment_status":"open","ping_status":"open","sticky":false,"template":"","format":"standard","meta":{"_et_pb_use_builder":"","_et_pb_old_content":""},"categories":[2],"tags":[],"yoast_head":"<!-- This site is optimized with the Yoast SEO Premium plugin v17.8 (Yoast SEO v17.8) - https:\/\/yoast.com\/wordpress\/plugins\/seo\/ -->\n<title>ATTAQUE A MERMOZ-SACRE C\u0152UR - Pastef d\u00e9ment Barth\u00e9lemy Dias | Nettali.com<\/title>\n<meta name=\"robots\" content=\"index, follow, max-snippet:-1, max-image-preview:large, max-video-preview:-1\" \/>\n<link rel=\"canonical\" href=\"https:\/\/www.nettali.com\/2023\/05\/30\/attaque-a-mermoz-sacre-coeur-pastef-dement-barthelemy-dias\/\" \/>\n<meta property=\"og:locale\" content=\"fr_FR\" \/>\n<meta property=\"og:type\" content=\"article\" \/>\n<meta property=\"og:title\" content=\"ATTAQUE A MERMOZ-SACRE C\u0152UR - Pastef d\u00e9ment Barth\u00e9lemy Dias\" \/>\n<meta property=\"og:description\" content=\"NETTALI.COM - De jeunes gens ont \u00e9t\u00e9 interpell\u00e9s ce mardi au domicile du maire de Dakar. Pass\u00e9s \u00e0 tabac par la garde rapproch\u00e9e du maire de Dakar, ils auraient avou\u00e9 \u00eatre venus mettre le feu \u00e0 la villa des Dias. Ce que d\u00e9ment la section Pastef de Mermoz-Sacr\u00e9 c\u0153ur.\u00a0 Les images ont fait le tour [&hellip;]\" \/>\n<meta property=\"og:url\" content=\"https:\/\/www.nettali.com\/2023\/05\/30\/attaque-a-mermoz-sacre-coeur-pastef-dement-barthelemy-dias\/\" \/>\n<meta property=\"og:site_name\" content=\"Nettali.com\" \/>\n<meta property=\"article:publisher\" content=\"https:\/\/www.facebook.com\/nettalicom\" \/>\n<meta property=\"article:published_time\" content=\"2023-05-30T23:32:52+00:00\" \/>\n<meta property=\"og:image\" content=\"https:\/\/www.nettali.com\/wp-content\/uploads\/2023\/05\/1685489528300.jpg\" \/>\n\t<meta property=\"og:image:width\" content=\"720\" \/>\n\t<meta property=\"og:image:height\" content=\"846\" \/>\n<meta name=\"twitter:card\" content=\"summary_large_image\" \/>\n<meta name=\"twitter:label1\" content=\"\u00c9crit par\" \/>\n\t<meta name=\"twitter:data1\" content=\"Moustapha\" \/>\n\t<meta name=\"twitter:label2\" content=\"Dur\u00e9e de lecture estim\u00e9e\" \/>\n\t<meta name=\"twitter:data2\" content=\"2 minutes\" \/>\n<script type=\"application\/ld+json\" class=\"yoast-schema-graph\">{\"@context\":\"https:\/\/schema.org\",\"@graph\":[{\"@type\":\"WebSite\",\"@id\":\"https:\/\/www.nettali.com\/#website\",\"url\":\"https:\/\/www.nettali.com\/\",\"name\":\"Nettali.com\",\"description\":\"Le rendez-vous critique du Net\",\"potentialAction\":[{\"@type\":\"SearchAction\",\"target\":{\"@type\":\"EntryPoint\",\"urlTemplate\":\"https:\/\/www.nettali.com\/?s={search_term_string}\"},\"query-input\":\"required name=search_term_string\"}],\"inLanguage\":\"fr-FR\"},{\"@type\":\"ImageObject\",\"@id\":\"https:\/\/www.nettali.com\/2023\/05\/30\/attaque-a-mermoz-sacre-coeur-pastef-dement-barthelemy-dias\/#primaryimage\",\"inLanguage\":\"fr-FR\",\"url\":\"https:\/\/www.nettali.com\/wp-content\/uploads\/2023\/05\/1685489528300.jpg\",\"contentUrl\":\"https:\/\/www.nettali.com\/wp-content\/uploads\/2023\/05\/1685489528300.jpg\",\"width\":720,\"height\":846},{\"@type\":\"WebPage\",\"@id\":\"https:\/\/www.nettali.com\/2023\/05\/30\/attaque-a-mermoz-sacre-coeur-pastef-dement-barthelemy-dias\/#webpage\",\"url\":\"https:\/\/www.nettali.com\/2023\/05\/30\/attaque-a-mermoz-sacre-coeur-pastef-dement-barthelemy-dias\/\",\"name\":\"ATTAQUE A MERMOZ-SACRE C\\u0152UR - Pastef d\\u00e9ment Barth\\u00e9lemy Dias | Nettali.com\",\"isPartOf\":{\"@id\":\"https:\/\/www.nettali.com\/#website\"},\"primaryImageOfPage\":{\"@id\":\"https:\/\/www.nettali.com\/2023\/05\/30\/attaque-a-mermoz-sacre-coeur-pastef-dement-barthelemy-dias\/#primaryimage\"},\"datePublished\":\"2023-05-30T23:32:52+00:00\",\"dateModified\":\"2023-05-30T23:32:52+00:00\",\"author\":{\"@id\":\"https:\/\/www.nettali.com\/#\/schema\/person\/7962a12a6e0267f88f0ffa544c36469a\"},\"breadcrumb\":{\"@id\":\"https:\/\/www.nettali.com\/2023\/05\/30\/attaque-a-mermoz-sacre-coeur-pastef-dement-barthelemy-dias\/#breadcrumb\"},\"inLanguage\":\"fr-FR\",\"potentialAction\":[{\"@type\":\"ReadAction\",\"target\":[\"https:\/\/www.nettali.com\/2023\/05\/30\/attaque-a-mermoz-sacre-coeur-pastef-dement-barthelemy-dias\/\"]}]},{\"@type\":\"BreadcrumbList\",\"@id\":\"https:\/\/www.nettali.com\/2023\/05\/30\/attaque-a-mermoz-sacre-coeur-pastef-dement-barthelemy-dias\/#breadcrumb\",\"itemListElement\":[{\"@type\":\"ListItem\",\"position\":1,\"name\":\"Accueil\",\"item\":\"https:\/\/www.nettali.com\/\"},{\"@type\":\"ListItem\",\"position\":2,\"name\":\"ATTAQUE A MERMOZ-SACRE C\\u0152UR - Pastef d\\u00e9ment Barth\\u00e9lemy Dias\"}]},{\"@type\":\"Person\",\"@id\":\"https:\/\/www.nettali.com\/#\/schema\/person\/7962a12a6e0267f88f0ffa544c36469a\",\"name\":\"Moustapha\",\"image\":{\"@type\":\"ImageObject\",\"@id\":\"https:\/\/www.nettali.com\/#personlogo\",\"inLanguage\":\"fr-FR\",\"url\":\"https:\/\/secure.gravatar.com\/avatar\/10fdf6a071cccdcf374e3dbe45159590?s=96&d=mm&r=g\",\"contentUrl\":\"https:\/\/secure.gravatar.com\/avatar\/10fdf6a071cccdcf374e3dbe45159590?s=96&d=mm&r=g\",\"caption\":\"Moustapha\"},\"sameAs\":[\"https:\/\/www.nettali.com\"]}]}<\/script>\n<!-- \/ Yoast SEO Premium plugin. -->","yoast_head_json":{"title":"ATTAQUE A MERMOZ-SACRE C\u0152UR - Pastef d\u00e9ment Barth\u00e9lemy Dias | Nettali.com","robots":{"index":"index","follow":"follow","max-snippet":"max-snippet:-1","max-image-preview":"max-image-preview:large","max-video-preview":"max-video-preview:-1"},"canonical":"https:\/\/www.nettali.com\/2023\/05\/30\/attaque-a-mermoz-sacre-coeur-pastef-dement-barthelemy-dias\/","og_locale":"fr_FR","og_type":"article","og_title":"ATTAQUE A MERMOZ-SACRE C\u0152UR - Pastef d\u00e9ment Barth\u00e9lemy Dias","og_description":"NETTALI.COM - De jeunes gens ont \u00e9t\u00e9 interpell\u00e9s ce mardi au domicile du maire de Dakar. Pass\u00e9s \u00e0 tabac par la garde rapproch\u00e9e du maire de Dakar, ils auraient avou\u00e9 \u00eatre venus mettre le feu \u00e0 la villa des Dias. Ce que d\u00e9ment la section Pastef de Mermoz-Sacr\u00e9 c\u0153ur.\u00a0 Les images ont fait le tour [&hellip;]","og_url":"https:\/\/www.nettali.com\/2023\/05\/30\/attaque-a-mermoz-sacre-coeur-pastef-dement-barthelemy-dias\/","og_site_name":"Nettali.com","article_publisher":"https:\/\/www.facebook.com\/nettalicom","article_published_time":"2023-05-30T23:32:52+00:00","og_image":[{"width":720,"height":846,"url":"https:\/\/www.nettali.com\/wp-content\/uploads\/2023\/05\/1685489528300.jpg","type":"image\/jpeg"}],"twitter_card":"summary_large_image","twitter_misc":{"\u00c9crit par":"Moustapha","Dur\u00e9e de lecture estim\u00e9e":"2 minutes"},"schema":{"@context":"https:\/\/schema.org","@graph":[{"@type":"WebSite","@id":"https:\/\/www.nettali.com\/#website","url":"https:\/\/www.nettali.com\/","name":"Nettali.com","description":"Le rendez-vous critique du Net","potentialAction":[{"@type":"SearchAction","target":{"@type":"EntryPoint","urlTemplate":"https:\/\/www.nettali.com\/?s={search_term_string}"},"query-input":"required name=search_term_string"}],"inLanguage":"fr-FR"},{"@type":"ImageObject","@id":"https:\/\/www.nettali.com\/2023\/05\/30\/attaque-a-mermoz-sacre-coeur-pastef-dement-barthelemy-dias\/#primaryimage","inLanguage":"fr-FR","url":"https:\/\/www.nettali.com\/wp-content\/uploads\/2023\/05\/1685489528300.jpg","contentUrl":"https:\/\/www.nettali.com\/wp-content\/uploads\/2023\/05\/1685489528300.jpg","width":720,"height":846},{"@type":"WebPage","@id":"https:\/\/www.nettali.com\/2023\/05\/30\/attaque-a-mermoz-sacre-coeur-pastef-dement-barthelemy-dias\/#webpage","url":"https:\/\/www.nettali.com\/2023\/05\/30\/attaque-a-mermoz-sacre-coeur-pastef-dement-barthelemy-dias\/","name":"ATTAQUE A MERMOZ-SACRE C\u0152UR - Pastef d\u00e9ment Barth\u00e9lemy Dias | Nettali.com","isPartOf":{"@id":"https:\/\/www.nettali.com\/#website"},"primaryImageOfPage":{"@id":"https:\/\/www.nettali.com\/2023\/05\/30\/attaque-a-mermoz-sacre-coeur-pastef-dement-barthelemy-dias\/#primaryimage"},"datePublished":"2023-05-30T23:32:52+00:00","dateModified":"2023-05-30T23:32:52+00:00","author":{"@id":"https:\/\/www.nettali.com\/#\/schema\/person\/7962a12a6e0267f88f0ffa544c36469a"},"breadcrumb":{"@id":"https:\/\/www.nettali.com\/2023\/05\/30\/attaque-a-mermoz-sacre-coeur-pastef-dement-barthelemy-dias\/#breadcrumb"},"inLanguage":"fr-FR","potentialAction":[{"@type":"ReadAction","target":["https:\/\/www.nettali.com\/2023\/05\/30\/attaque-a-mermoz-sacre-coeur-pastef-dement-barthelemy-dias\/"]}]},{"@type":"BreadcrumbList","@id":"https:\/\/www.nettali.com\/2023\/05\/30\/attaque-a-mermoz-sacre-coeur-pastef-dement-barthelemy-dias\/#breadcrumb","itemListElement":[{"@type":"ListItem","position":1,"name":"Accueil","item":"https:\/\/www.nettali.com\/"},{"@type":"ListItem","position":2,"name":"ATTAQUE A MERMOZ-SACRE C\u0152UR - Pastef d\u00e9ment Barth\u00e9lemy Dias"}]},{"@type":"Person","@id":"https:\/\/www.nettali.com\/#\/schema\/person\/7962a12a6e0267f88f0ffa544c36469a","name":"Moustapha","image":{"@type":"ImageObject","@id":"https:\/\/www.nettali.com\/#personlogo","inLanguage":"fr-FR","url":"https:\/\/secure.gravatar.com\/avatar\/10fdf6a071cccdcf374e3dbe45159590?s=96&d=mm&r=g","contentUrl":"https:\/\/secure.gravatar.com\/avatar\/10fdf6a071cccdcf374e3dbe45159590?s=96&d=mm&r=g","caption":"Moustapha"},"sameAs":["https:\/\/www.nettali.com"]}]}},"_links":{"self":[{"href":"https:\/\/www.nettali.com\/rest\/wp\/v2\/posts\/111034"}],"collection":[{"href":"https:\/\/www.nettali.com\/rest\/wp\/v2\/posts"}],"about":[{"href":"https:\/\/www.nettali.com\/rest\/wp\/v2\/types\/post"}],"author":[{"embeddable":true,"href":"https:\/\/www.nettali.com\/rest\/wp\/v2\/users\/3"}],"replies":[{"embeddable":true,"href":"https:\/\/www.nettali.com\/rest\/wp\/v2\/comments?post=111034"}],"version-history":[{"count":1,"href":"https:\/\/www.nettali.com\/rest\/wp\/v2\/posts\/111034\/revisions"}],"predecessor-version":[{"id":111037,"href":"https:\/\/www.nettali.com\/rest\/wp\/v2\/posts\/111034\/revisions\/111037"}],"wp:featuredmedia":[{"embeddable":true,"href":"https:\/\/www.nettali.com\/rest\/wp\/v2\/media\/111036"}],"wp:attachment":[{"href":"https:\/\/www.nettali.com\/rest\/wp\/v2\/media?parent=111034"}],"wp:term":[{"taxonomy":"category","embeddable":true,"href":"https:\/\/www.nettali.com\/rest\/wp\/v2\/categories?post=111034"},{"taxonomy":"post_tag","embeddable":true,"href":"https:\/\/www.nettali.com\/rest\/wp\/v2\/tags?post=111034"}],"curies":[{"name":"wp","href":"https:\/\/api.w.org\/{rel}","templated":true}]}}