{"id":111026,"date":"2023-05-30T22:19:13","date_gmt":"2023-05-30T22:19:13","guid":{"rendered":"https:\/\/www.nettali.com\/?p=111026"},"modified":"2023-05-30T22:19:13","modified_gmt":"2023-05-30T22:19:13","slug":"place-de-la-nation-benno-organise-un-grand-rassemblement-le-3-juin","status":"publish","type":"post","link":"https:\/\/www.nettali.com\/2023\/05\/30\/place-de-la-nation-benno-organise-un-grand-rassemblement-le-3-juin\/","title":{"rendered":"PLACE DE LA NATION - Benno organise un grand rassemblement le 3 juin"},"content":{"rendered":"<p><strong>NETTALI.COM - La coalition Bennoo Bokk Yaakar (BBY, majorit\u00e9) va organiser un vaste rassemblement le 3 juin prochain \u00e0 la Place de la Nation, \u00e0 Dakar,\u00a0 \"pour c\u00e9l\u00e9brer les principes de la R\u00e9publique \u00bb, a annonc\u00e9, mardi, le porte-parole de l\u2019Alliance pour la R\u00e9publique (APR), Seydou Gu\u00e8ye.<\/strong><\/p>\n<p><em>\u00ab\u00a0Notre coalition a d\u00e9cid\u00e9 d\u2019organiser un vaste rassemblement pour la R\u00e9publique le 3 juin 2023 sur la Place de la Nation. Nous allons ainsi c\u00e9l\u00e9brer les principes de la R\u00e9publique et porter encore plus haut la grandeur de la Nation s\u00e9n\u00e9galaise, une et indivisible\u00a0<\/em>\u00bb, a-t-il dit au cours d\u2019un point de presse en pr\u00e9sence de plusieurs responsables politiques de la mouvance pr\u00e9sidentielle, dont le Premier ministre, Amadou Ba.<\/p>\n<p>Selon M. Gu\u00e8ye,\u00a0 <em>\"ce rassemblement est donc celui de la R\u00e9publique, celui de la d\u00e9mocratie, celui du peuple s\u00e9n\u00e9galais imbu des valeurs de solidarit\u00e9 et de paix, celui de la s\u00e9curit\u00e9 et de la stabilit\u00e9 \u00bb<\/em>.<\/p>\n<p>La coalition pr\u00e9sidentielle appelle les forces vives de nations \u00e0 prendre part \u00e0 cette manifestation de BBY. Seydou Gu\u00e8ye a indiqu\u00e9 que sa cr\u00e9ation en 2012, BBY se bat pour la d\u00e9fense de la R\u00e9publique, de l\u2019Etat de droit et la d\u00e9mocratie en vue d\u2019engager le pays \u2018\u2019sur les sentiers de l\u2019\u00e9mergence et du d\u00e9veloppement\u2019\u2019.<\/p>\n<p>Evoquant le dialogue national devant s\u2019ouvrir mercredi, il a d\u00e9clar\u00e9 que la mouvance pr\u00e9sidentielle salue \u00a0\u00bbla d\u00e9marche novatrice\u2019\u2019 du chef de l\u2019Etat, Macky Sall qui a toujours mis en avant les concertations.<\/p>\n<p><em>\u2018\u2019Toutes ces concertations traduisent une option strat\u00e9gique de gouvernance inclusive qui est un aspect essentiel de toute R\u00e9publique d\u00e9mocratique\u2019\u2019<\/em>, a insist\u00e9 Seydou Gu\u00e8ye.<\/p>\n<p>BBY a r\u00e9affirm\u00e9 son attachement sans r\u00e9serve \u00e0 son leader, Macky Sall dont \u2018\u2019l\u2019\u0153uvre colossale \u00e0 la t\u00eate \u00bb du S\u00e9n\u00e9gal\u00a0 <em>\"est salu\u00e9e par notre peuple et \u00e0 travers le monde\u2019\u2019<\/em>, a dit le porte-parole de l\u2019APR.<\/p>\n<div class='share-to-whatsapp-wrapper'><div class='share-on-whsp'>PARTAGER SUR : <\/div><a data-text='PLACE DE LA NATION - Benno organise un grand rassemblement le 3 juin' data-link='https:\/\/www.nettali.com\/2023\/05\/30\/place-de-la-nation-benno-organise-un-grand-rassemblement-le-3-juin\/' class='whatsapp-button whatsapp-share'>WhatsApp<\/a><div class='clear '><\/div><\/div>","protected":false},"excerpt":{"rendered":"<p>NETTALI.COM - La coalition Bennoo Bokk Yaakar (BBY, majorit\u00e9) va organiser un vaste rassemblement le 3 juin prochain \u00e0 la Place de la Nation, \u00e0 Dakar,\u00a0 \"pour c\u00e9l\u00e9brer les principes de la R\u00e9publique \u00bb, a annonc\u00e9, mardi, le porte-parole de l\u2019Alliance pour la R\u00e9publique (APR), Seydou Gu\u00e8ye. \u00ab\u00a0Notre coalition a d\u00e9cid\u00e9 d\u2019organiser un vaste rassemblement [&hellip;]<\/p>\n","protected":false},"author":4,"featured_media":106933,"comment_status":"open","ping_status":"open","sticky":false,"template":"","format":"standard","meta":{"_et_pb_use_builder":"","_et_pb_old_content":""},"categories":[2],"tags":[],"yoast_head":"<!-- This site is optimized with the Yoast SEO Premium plugin v17.8 (Yoast SEO v17.8) - https:\/\/yoast.com\/wordpress\/plugins\/seo\/ -->\n<title>PLACE DE LA NATION - Benno organise un grand rassemblement le 3 juin | Nettali.com<\/title>\n<meta name=\"robots\" content=\"index, follow, max-snippet:-1, max-image-preview:large, max-video-preview:-1\" \/>\n<link rel=\"canonical\" href=\"https:\/\/www.nettali.com\/2023\/05\/30\/place-de-la-nation-benno-organise-un-grand-rassemblement-le-3-juin\/\" \/>\n<meta property=\"og:locale\" content=\"fr_FR\" \/>\n<meta property=\"og:type\" content=\"article\" \/>\n<meta property=\"og:title\" content=\"PLACE DE LA NATION - Benno organise un grand rassemblement le 3 juin\" \/>\n<meta property=\"og:description\" content=\"NETTALI.COM - La coalition Bennoo Bokk Yaakar (BBY, majorit\u00e9) va organiser un vaste rassemblement le 3 juin prochain \u00e0 la Place de la Nation, \u00e0 Dakar,\u00a0 &quot;pour c\u00e9l\u00e9brer les principes de la R\u00e9publique \u00bb, a annonc\u00e9, mardi, le porte-parole de l\u2019Alliance pour la R\u00e9publique (APR), Seydou Gu\u00e8ye. \u00ab\u00a0Notre coalition a d\u00e9cid\u00e9 d\u2019organiser un vaste rassemblement [&hellip;]\" \/>\n<meta property=\"og:url\" content=\"https:\/\/www.nettali.com\/2023\/05\/30\/place-de-la-nation-benno-organise-un-grand-rassemblement-le-3-juin\/\" \/>\n<meta property=\"og:site_name\" content=\"Nettali.com\" \/>\n<meta property=\"article:publisher\" content=\"https:\/\/www.facebook.com\/nettalicom\" \/>\n<meta property=\"article:published_time\" content=\"2023-05-30T22:19:13+00:00\" \/>\n<meta property=\"og:image\" content=\"https:\/\/www.nettali.com\/wp-content\/uploads\/2023\/03\/Seydou-Gueye.jpeg\" \/>\n\t<meta property=\"og:image:width\" content=\"598\" \/>\n\t<meta property=\"og:image:height\" content=\"327\" \/>\n<meta name=\"twitter:card\" content=\"summary_large_image\" \/>\n<meta name=\"twitter:label1\" content=\"\u00c9crit par\" \/>\n\t<meta name=\"twitter:data1\" content=\"Daouda\" \/>\n\t<meta name=\"twitter:label2\" content=\"Dur\u00e9e de lecture estim\u00e9e\" \/>\n\t<meta name=\"twitter:data2\" content=\"2 minutes\" \/>\n<script type=\"application\/ld+json\" class=\"yoast-schema-graph\">{\"@context\":\"https:\/\/schema.org\",\"@graph\":[{\"@type\":\"WebSite\",\"@id\":\"https:\/\/www.nettali.com\/#website\",\"url\":\"https:\/\/www.nettali.com\/\",\"name\":\"Nettali.com\",\"description\":\"Le rendez-vous critique du Net\",\"potentialAction\":[{\"@type\":\"SearchAction\",\"target\":{\"@type\":\"EntryPoint\",\"urlTemplate\":\"https:\/\/www.nettali.com\/?s={search_term_string}\"},\"query-input\":\"required name=search_term_string\"}],\"inLanguage\":\"fr-FR\"},{\"@type\":\"ImageObject\",\"@id\":\"https:\/\/www.nettali.com\/2023\/05\/30\/place-de-la-nation-benno-organise-un-grand-rassemblement-le-3-juin\/#primaryimage\",\"inLanguage\":\"fr-FR\",\"url\":\"https:\/\/www.nettali.com\/wp-content\/uploads\/2023\/03\/Seydou-Gueye.jpeg\",\"contentUrl\":\"https:\/\/www.nettali.com\/wp-content\/uploads\/2023\/03\/Seydou-Gueye.jpeg\",\"width\":598,\"height\":327},{\"@type\":\"WebPage\",\"@id\":\"https:\/\/www.nettali.com\/2023\/05\/30\/place-de-la-nation-benno-organise-un-grand-rassemblement-le-3-juin\/#webpage\",\"url\":\"https:\/\/www.nettali.com\/2023\/05\/30\/place-de-la-nation-benno-organise-un-grand-rassemblement-le-3-juin\/\",\"name\":\"PLACE DE LA NATION - Benno organise un grand rassemblement le 3 juin | Nettali.com\",\"isPartOf\":{\"@id\":\"https:\/\/www.nettali.com\/#website\"},\"primaryImageOfPage\":{\"@id\":\"https:\/\/www.nettali.com\/2023\/05\/30\/place-de-la-nation-benno-organise-un-grand-rassemblement-le-3-juin\/#primaryimage\"},\"datePublished\":\"2023-05-30T22:19:13+00:00\",\"dateModified\":\"2023-05-30T22:19:13+00:00\",\"author\":{\"@id\":\"https:\/\/www.nettali.com\/#\/schema\/person\/3317e0bb3aa1da309fbf7b2780901bf4\"},\"breadcrumb\":{\"@id\":\"https:\/\/www.nettali.com\/2023\/05\/30\/place-de-la-nation-benno-organise-un-grand-rassemblement-le-3-juin\/#breadcrumb\"},\"inLanguage\":\"fr-FR\",\"potentialAction\":[{\"@type\":\"ReadAction\",\"target\":[\"https:\/\/www.nettali.com\/2023\/05\/30\/place-de-la-nation-benno-organise-un-grand-rassemblement-le-3-juin\/\"]}]},{\"@type\":\"BreadcrumbList\",\"@id\":\"https:\/\/www.nettali.com\/2023\/05\/30\/place-de-la-nation-benno-organise-un-grand-rassemblement-le-3-juin\/#breadcrumb\",\"itemListElement\":[{\"@type\":\"ListItem\",\"position\":1,\"name\":\"Accueil\",\"item\":\"https:\/\/www.nettali.com\/\"},{\"@type\":\"ListItem\",\"position\":2,\"name\":\"PLACE DE LA NATION - Benno organise un grand rassemblement le 3 juin\"}]},{\"@type\":\"Person\",\"@id\":\"https:\/\/www.nettali.com\/#\/schema\/person\/3317e0bb3aa1da309fbf7b2780901bf4\",\"name\":\"Daouda\",\"image\":{\"@type\":\"ImageObject\",\"@id\":\"https:\/\/www.nettali.com\/#personlogo\",\"inLanguage\":\"fr-FR\",\"url\":\"https:\/\/secure.gravatar.com\/avatar\/8d143b5a49345098ddcfee1c49c2f47c?s=96&d=mm&r=g\",\"contentUrl\":\"https:\/\/secure.gravatar.com\/avatar\/8d143b5a49345098ddcfee1c49c2f47c?s=96&d=mm&r=g\",\"caption\":\"Daouda\"},\"sameAs\":[\"https:\/\/www.nettali.com\"]}]}<\/script>\n<!-- \/ Yoast SEO Premium plugin. -->","yoast_head_json":{"title":"PLACE DE LA NATION - Benno organise un grand rassemblement le 3 juin | Nettali.com","robots":{"index":"index","follow":"follow","max-snippet":"max-snippet:-1","max-image-preview":"max-image-preview:large","max-video-preview":"max-video-preview:-1"},"canonical":"https:\/\/www.nettali.com\/2023\/05\/30\/place-de-la-nation-benno-organise-un-grand-rassemblement-le-3-juin\/","og_locale":"fr_FR","og_type":"article","og_title":"PLACE DE LA NATION - Benno organise un grand rassemblement le 3 juin","og_description":"NETTALI.COM - La coalition Bennoo Bokk Yaakar (BBY, majorit\u00e9) va organiser un vaste rassemblement le 3 juin prochain \u00e0 la Place de la Nation, \u00e0 Dakar,\u00a0 \"pour c\u00e9l\u00e9brer les principes de la R\u00e9publique \u00bb, a annonc\u00e9, mardi, le porte-parole de l\u2019Alliance pour la R\u00e9publique (APR), Seydou Gu\u00e8ye. \u00ab\u00a0Notre coalition a d\u00e9cid\u00e9 d\u2019organiser un vaste rassemblement [&hellip;]","og_url":"https:\/\/www.nettali.com\/2023\/05\/30\/place-de-la-nation-benno-organise-un-grand-rassemblement-le-3-juin\/","og_site_name":"Nettali.com","article_publisher":"https:\/\/www.facebook.com\/nettalicom","article_published_time":"2023-05-30T22:19:13+00:00","og_image":[{"width":598,"height":327,"url":"https:\/\/www.nettali.com\/wp-content\/uploads\/2023\/03\/Seydou-Gueye.jpeg","type":"image\/jpeg"}],"twitter_card":"summary_large_image","twitter_misc":{"\u00c9crit par":"Daouda","Dur\u00e9e de lecture estim\u00e9e":"2 minutes"},"schema":{"@context":"https:\/\/schema.org","@graph":[{"@type":"WebSite","@id":"https:\/\/www.nettali.com\/#website","url":"https:\/\/www.nettali.com\/","name":"Nettali.com","description":"Le rendez-vous critique du Net","potentialAction":[{"@type":"SearchAction","target":{"@type":"EntryPoint","urlTemplate":"https:\/\/www.nettali.com\/?s={search_term_string}"},"query-input":"required name=search_term_string"}],"inLanguage":"fr-FR"},{"@type":"ImageObject","@id":"https:\/\/www.nettali.com\/2023\/05\/30\/place-de-la-nation-benno-organise-un-grand-rassemblement-le-3-juin\/#primaryimage","inLanguage":"fr-FR","url":"https:\/\/www.nettali.com\/wp-content\/uploads\/2023\/03\/Seydou-Gueye.jpeg","contentUrl":"https:\/\/www.nettali.com\/wp-content\/uploads\/2023\/03\/Seydou-Gueye.jpeg","width":598,"height":327},{"@type":"WebPage","@id":"https:\/\/www.nettali.com\/2023\/05\/30\/place-de-la-nation-benno-organise-un-grand-rassemblement-le-3-juin\/#webpage","url":"https:\/\/www.nettali.com\/2023\/05\/30\/place-de-la-nation-benno-organise-un-grand-rassemblement-le-3-juin\/","name":"PLACE DE LA NATION - Benno organise un grand rassemblement le 3 juin | Nettali.com","isPartOf":{"@id":"https:\/\/www.nettali.com\/#website"},"primaryImageOfPage":{"@id":"https:\/\/www.nettali.com\/2023\/05\/30\/place-de-la-nation-benno-organise-un-grand-rassemblement-le-3-juin\/#primaryimage"},"datePublished":"2023-05-30T22:19:13+00:00","dateModified":"2023-05-30T22:19:13+00:00","author":{"@id":"https:\/\/www.nettali.com\/#\/schema\/person\/3317e0bb3aa1da309fbf7b2780901bf4"},"breadcrumb":{"@id":"https:\/\/www.nettali.com\/2023\/05\/30\/place-de-la-nation-benno-organise-un-grand-rassemblement-le-3-juin\/#breadcrumb"},"inLanguage":"fr-FR","potentialAction":[{"@type":"ReadAction","target":["https:\/\/www.nettali.com\/2023\/05\/30\/place-de-la-nation-benno-organise-un-grand-rassemblement-le-3-juin\/"]}]},{"@type":"BreadcrumbList","@id":"https:\/\/www.nettali.com\/2023\/05\/30\/place-de-la-nation-benno-organise-un-grand-rassemblement-le-3-juin\/#breadcrumb","itemListElement":[{"@type":"ListItem","position":1,"name":"Accueil","item":"https:\/\/www.nettali.com\/"},{"@type":"ListItem","position":2,"name":"PLACE DE LA NATION - Benno organise un grand rassemblement le 3 juin"}]},{"@type":"Person","@id":"https:\/\/www.nettali.com\/#\/schema\/person\/3317e0bb3aa1da309fbf7b2780901bf4","name":"Daouda","image":{"@type":"ImageObject","@id":"https:\/\/www.nettali.com\/#personlogo","inLanguage":"fr-FR","url":"https:\/\/secure.gravatar.com\/avatar\/8d143b5a49345098ddcfee1c49c2f47c?s=96&d=mm&r=g","contentUrl":"https:\/\/secure.gravatar.com\/avatar\/8d143b5a49345098ddcfee1c49c2f47c?s=96&d=mm&r=g","caption":"Daouda"},"sameAs":["https:\/\/www.nettali.com"]}]}},"_links":{"self":[{"href":"https:\/\/www.nettali.com\/rest\/wp\/v2\/posts\/111026"}],"collection":[{"href":"https:\/\/www.nettali.com\/rest\/wp\/v2\/posts"}],"about":[{"href":"https:\/\/www.nettali.com\/rest\/wp\/v2\/types\/post"}],"author":[{"embeddable":true,"href":"https:\/\/www.nettali.com\/rest\/wp\/v2\/users\/4"}],"replies":[{"embeddable":true,"href":"https:\/\/www.nettali.com\/rest\/wp\/v2\/comments?post=111026"}],"version-history":[{"count":1,"href":"https:\/\/www.nettali.com\/rest\/wp\/v2\/posts\/111026\/revisions"}],"predecessor-version":[{"id":111027,"href":"https:\/\/www.nettali.com\/rest\/wp\/v2\/posts\/111026\/revisions\/111027"}],"wp:featuredmedia":[{"embeddable":true,"href":"https:\/\/www.nettali.com\/rest\/wp\/v2\/media\/106933"}],"wp:attachment":[{"href":"https:\/\/www.nettali.com\/rest\/wp\/v2\/media?parent=111026"}],"wp:term":[{"taxonomy":"category","embeddable":true,"href":"https:\/\/www.nettali.com\/rest\/wp\/v2\/categories?post=111026"},{"taxonomy":"post_tag","embeddable":true,"href":"https:\/\/www.nettali.com\/rest\/wp\/v2\/tags?post=111026"}],"curies":[{"name":"wp","href":"https:\/\/api.w.org\/{rel}","templated":true}]}}