{"id":110991,"date":"2023-05-30T09:46:54","date_gmt":"2023-05-30T09:46:54","guid":{"rendered":"https:\/\/www.nettali.com\/?p=110991"},"modified":"2023-05-31T19:03:30","modified_gmt":"2023-05-31T19:03:30","slug":"ousmane-sonko-la-verite-sur-les-objets-trouves-dans-ma-voiture","status":"publish","type":"post","link":"https:\/\/www.nettali.com\/2023\/05\/30\/ousmane-sonko-la-verite-sur-les-objets-trouves-dans-ma-voiture\/","title":{"rendered":"OUSMANE SONKO \u2013 \"La v\u00e9rit\u00e9 sur les objets trouv\u00e9s dans ma voiture\""},"content":{"rendered":"<p><strong>NETTALI.COM - Ousmane Sonko soutient que, contrairement \u00e0 ce qu\u2019a avanc\u00e9 le ministre de l\u2019Int\u00e9rieur, Antoine Diome, seule une arme a \u00e9t\u00e9 trouv\u00e9e dans sa voiture et c\u2019est la sienne. Elle dispose d\u2019une autorisation administrative, dit-il. Il d\u00e9plore la confiscation de ses t\u00e9l\u00e9phones et de son ordinateur portables.<\/strong><\/p>\n<p>Interpell\u00e9 dimanche par la gendarmerie \u00e0 Kaffrine lors de sa \u00ab caravane de la libert\u00e9\u00bb, Ousmane Sonko a \u00e9t\u00e9 trouv\u00e9 porteur, selon le ministre de l\u2019Int\u00e9rieur, de deux pistolets automatiques et des munitions trouv\u00e9s dans le v\u00e9hicule (de type 4X4). De m\u00eame, tous les t\u00e9l\u00e9phones portables de Ousmane Sonko et Cie (il a \u00e9t\u00e9 arr\u00eat\u00e9 avec son chauffeur, son garde du corps et le coordonnateur de Pastef V\u00e9lingara) ont \u00e9t\u00e9 saisis. Des informations confirm\u00e9es par le ministre de l\u2019int\u00e9rieur, Antoine F\u00e9lix Diome qui a ajout\u00e9, lors de son passage au journal t\u00e9l\u00e9vis\u00e9 de la Rts, que <em>\u00ab\u00a0des lance-pierres et des billes ont \u00e9galement \u00e9t\u00e9 retrouv\u00e9s dans le v\u00e9hicule \u00bb<\/em>. Pr\u00e9cisant que l\u2019une des deux armes \u00e0 feu appartenant au leader de Pastef b\u00e9n\u00e9ficie d\u2019un permis en cours de validit\u00e9, le ministre signale, en revanche, que l\u2019autre pistolet ne dispose pas d'une autorisation administrative.<br \/>\nA l\u2019occasion d\u2019une sortie ce lundi, le leader de Pastef d\u00e9nonce son arrestation \u00abarbitraire \u00bb et pr\u00e9cise qu\u2019une seule arme a \u00e9t\u00e9 trouv\u00e9e dans son sac de voyage et c\u2019est la sienne.<\/p>\n<p><em>\u00ab La fouille s\u2019est d\u00e9roul\u00e9e devant moi. Une seule arme a \u00e9t\u00e9 trouv\u00e9e dans mon v\u00e9hicule et c\u2019est la mienne qui se trouvait dans mon sac de voyage. Je dispose d\u2019une autorisation administrative de port d'armes. Apr\u00e8s avoir proc\u00e9d\u00e9 \u00e0 la fouille, ils nous ont tous embarqu\u00e9s dans leurs blind\u00e9s et un gendarme a conduit mon v\u00e9hicule. Arriv\u00e9s \u00e0 la brigade de Kaolack, ils nous signalent qu'une autre arme a \u00e9t\u00e9 trouv\u00e9e dans le v\u00e9hicule. Ce qui est totalement faux. Cette arme (la deuxi\u00e8me), ils l\u2019ont mis dans le v\u00e9hicule dans l\u2019unique but de nous qualifier de terroriste \u00bb,<\/em> soutient Sonko.<\/p>\n<p><em>\u00ab Ils ont pris mes t\u00e9l\u00e9phones portables et mon ordinateur portable. Je d\u00e9gage toutes mes responsabilit\u00e9s. Ils ont saisi de mani\u00e8re ill\u00e9gale mes affaires puisqu\u2019ils ne disposaient d\u2019aucun mandat d\u2019arr\u00eat \u00bb,<\/em> ajoute-t-il.<\/p>\n<p>Ousmane Sonko fustige sa \u00abr\u00e9sidence surveill\u00e9e\u00bb et sa \u00ab s\u00e9questration \u00bb chez lui et d\u00e9plore la situation qu\u2019il vit avec sa famille et ses voisins \u00e0 la cit\u00e9 Keur Gorgui. <em>\u00ab Le quartier est quadrill\u00e9 et aucune entr\u00e9e n\u2019est permise. C\u2019est cette situation injuste qui est la source des violences \u00bb,<\/em> l\u00e2che-t-il.<\/p>\n<p>&nbsp;<\/p>\n<div class='share-to-whatsapp-wrapper'><div class='share-on-whsp'>PARTAGER SUR : <\/div><a data-text='OUSMANE SONKO \u2013 \"La v\u00e9rit\u00e9 sur les objets trouv\u00e9s dans ma voiture\"' data-link='https:\/\/www.nettali.com\/2023\/05\/30\/ousmane-sonko-la-verite-sur-les-objets-trouves-dans-ma-voiture\/' class='whatsapp-button whatsapp-share'>WhatsApp<\/a><div class='clear '><\/div><\/div>","protected":false},"excerpt":{"rendered":"<p>NETTALI.COM - Ousmane Sonko soutient que, contrairement \u00e0 ce qu\u2019a avanc\u00e9 le ministre de l\u2019Int\u00e9rieur, Antoine Diome, seule une arme a \u00e9t\u00e9 trouv\u00e9e dans sa voiture et c\u2019est la sienne. Elle dispose d\u2019une autorisation administrative, dit-il. Il d\u00e9plore la confiscation de ses t\u00e9l\u00e9phones et de son ordinateur portables. Interpell\u00e9 dimanche par la gendarmerie \u00e0 Kaffrine [&hellip;]<\/p>\n","protected":false},"author":4,"featured_media":110946,"comment_status":"open","ping_status":"open","sticky":false,"template":"","format":"standard","meta":{"_et_pb_use_builder":"","_et_pb_old_content":""},"categories":[3],"tags":[],"yoast_head":"<!-- This site is optimized with the Yoast SEO Premium plugin v17.8 (Yoast SEO v17.8) - https:\/\/yoast.com\/wordpress\/plugins\/seo\/ -->\n<title>OUSMANE SONKO \u2013 &quot;La v\u00e9rit\u00e9 sur les objets trouv\u00e9s dans ma voiture&quot; | Nettali.com<\/title>\n<meta name=\"robots\" content=\"index, follow, max-snippet:-1, max-image-preview:large, max-video-preview:-1\" \/>\n<link rel=\"canonical\" href=\"https:\/\/www.nettali.com\/2023\/05\/30\/ousmane-sonko-la-verite-sur-les-objets-trouves-dans-ma-voiture\/\" \/>\n<meta property=\"og:locale\" content=\"fr_FR\" \/>\n<meta property=\"og:type\" content=\"article\" \/>\n<meta property=\"og:title\" content=\"OUSMANE SONKO \u2013 &quot;La v\u00e9rit\u00e9 sur les objets trouv\u00e9s dans ma voiture&quot;\" \/>\n<meta property=\"og:description\" content=\"NETTALI.COM - Ousmane Sonko soutient que, contrairement \u00e0 ce qu\u2019a avanc\u00e9 le ministre de l\u2019Int\u00e9rieur, Antoine Diome, seule une arme a \u00e9t\u00e9 trouv\u00e9e dans sa voiture et c\u2019est la sienne. Elle dispose d\u2019une autorisation administrative, dit-il. Il d\u00e9plore la confiscation de ses t\u00e9l\u00e9phones et de son ordinateur portables. Interpell\u00e9 dimanche par la gendarmerie \u00e0 Kaffrine [&hellip;]\" \/>\n<meta property=\"og:url\" content=\"https:\/\/www.nettali.com\/2023\/05\/30\/ousmane-sonko-la-verite-sur-les-objets-trouves-dans-ma-voiture\/\" \/>\n<meta property=\"og:site_name\" content=\"Nettali.com\" \/>\n<meta property=\"article:publisher\" content=\"https:\/\/www.facebook.com\/nettalicom\" \/>\n<meta property=\"article:published_time\" content=\"2023-05-30T09:46:54+00:00\" \/>\n<meta property=\"article:modified_time\" content=\"2023-05-31T19:03:30+00:00\" \/>\n<meta property=\"og:image\" content=\"https:\/\/www.nettali.com\/wp-content\/uploads\/2023\/05\/Sonko-Gign-e1685440003886.jpeg\" \/>\n\t<meta property=\"og:image:width\" content=\"624\" \/>\n\t<meta property=\"og:image:height\" content=\"541\" \/>\n<meta name=\"twitter:card\" content=\"summary_large_image\" \/>\n<meta name=\"twitter:label1\" content=\"\u00c9crit par\" \/>\n\t<meta name=\"twitter:data1\" content=\"Daouda\" \/>\n\t<meta name=\"twitter:label2\" content=\"Dur\u00e9e de lecture estim\u00e9e\" \/>\n\t<meta name=\"twitter:data2\" content=\"3 minutes\" \/>\n<script type=\"application\/ld+json\" class=\"yoast-schema-graph\">{\"@context\":\"https:\/\/schema.org\",\"@graph\":[{\"@type\":\"WebSite\",\"@id\":\"https:\/\/www.nettali.com\/#website\",\"url\":\"https:\/\/www.nettali.com\/\",\"name\":\"Nettali.com\",\"description\":\"Le rendez-vous critique du Net\",\"potentialAction\":[{\"@type\":\"SearchAction\",\"target\":{\"@type\":\"EntryPoint\",\"urlTemplate\":\"https:\/\/www.nettali.com\/?s={search_term_string}\"},\"query-input\":\"required name=search_term_string\"}],\"inLanguage\":\"fr-FR\"},{\"@type\":\"ImageObject\",\"@id\":\"https:\/\/www.nettali.com\/2023\/05\/30\/ousmane-sonko-la-verite-sur-les-objets-trouves-dans-ma-voiture\/#primaryimage\",\"inLanguage\":\"fr-FR\",\"url\":\"https:\/\/www.nettali.com\/wp-content\/uploads\/2023\/05\/Sonko-Gign-e1686646873407.jpeg\",\"contentUrl\":\"https:\/\/www.nettali.com\/wp-content\/uploads\/2023\/05\/Sonko-Gign-e1686646873407.jpeg\",\"width\":622,\"height\":505},{\"@type\":\"WebPage\",\"@id\":\"https:\/\/www.nettali.com\/2023\/05\/30\/ousmane-sonko-la-verite-sur-les-objets-trouves-dans-ma-voiture\/#webpage\",\"url\":\"https:\/\/www.nettali.com\/2023\/05\/30\/ousmane-sonko-la-verite-sur-les-objets-trouves-dans-ma-voiture\/\",\"name\":\"OUSMANE SONKO \\u2013 \\\"La v\\u00e9rit\\u00e9 sur les objets trouv\\u00e9s dans ma voiture\\\" | Nettali.com\",\"isPartOf\":{\"@id\":\"https:\/\/www.nettali.com\/#website\"},\"primaryImageOfPage\":{\"@id\":\"https:\/\/www.nettali.com\/2023\/05\/30\/ousmane-sonko-la-verite-sur-les-objets-trouves-dans-ma-voiture\/#primaryimage\"},\"datePublished\":\"2023-05-30T09:46:54+00:00\",\"dateModified\":\"2023-05-31T19:03:30+00:00\",\"author\":{\"@id\":\"https:\/\/www.nettali.com\/#\/schema\/person\/3317e0bb3aa1da309fbf7b2780901bf4\"},\"breadcrumb\":{\"@id\":\"https:\/\/www.nettali.com\/2023\/05\/30\/ousmane-sonko-la-verite-sur-les-objets-trouves-dans-ma-voiture\/#breadcrumb\"},\"inLanguage\":\"fr-FR\",\"potentialAction\":[{\"@type\":\"ReadAction\",\"target\":[\"https:\/\/www.nettali.com\/2023\/05\/30\/ousmane-sonko-la-verite-sur-les-objets-trouves-dans-ma-voiture\/\"]}]},{\"@type\":\"BreadcrumbList\",\"@id\":\"https:\/\/www.nettali.com\/2023\/05\/30\/ousmane-sonko-la-verite-sur-les-objets-trouves-dans-ma-voiture\/#breadcrumb\",\"itemListElement\":[{\"@type\":\"ListItem\",\"position\":1,\"name\":\"Accueil\",\"item\":\"https:\/\/www.nettali.com\/\"},{\"@type\":\"ListItem\",\"position\":2,\"name\":\"OUSMANE SONKO \\u2013 \\\"La v\\u00e9rit\\u00e9 sur les objets trouv\\u00e9s dans ma voiture\\\"\"}]},{\"@type\":\"Person\",\"@id\":\"https:\/\/www.nettali.com\/#\/schema\/person\/3317e0bb3aa1da309fbf7b2780901bf4\",\"name\":\"Daouda\",\"image\":{\"@type\":\"ImageObject\",\"@id\":\"https:\/\/www.nettali.com\/#personlogo\",\"inLanguage\":\"fr-FR\",\"url\":\"https:\/\/secure.gravatar.com\/avatar\/8d143b5a49345098ddcfee1c49c2f47c?s=96&d=mm&r=g\",\"contentUrl\":\"https:\/\/secure.gravatar.com\/avatar\/8d143b5a49345098ddcfee1c49c2f47c?s=96&d=mm&r=g\",\"caption\":\"Daouda\"},\"sameAs\":[\"https:\/\/www.nettali.com\"]}]}<\/script>\n<!-- \/ Yoast SEO Premium plugin. -->","yoast_head_json":{"title":"OUSMANE SONKO \u2013 \"La v\u00e9rit\u00e9 sur les objets trouv\u00e9s dans ma voiture\" | Nettali.com","robots":{"index":"index","follow":"follow","max-snippet":"max-snippet:-1","max-image-preview":"max-image-preview:large","max-video-preview":"max-video-preview:-1"},"canonical":"https:\/\/www.nettali.com\/2023\/05\/30\/ousmane-sonko-la-verite-sur-les-objets-trouves-dans-ma-voiture\/","og_locale":"fr_FR","og_type":"article","og_title":"OUSMANE SONKO \u2013 \"La v\u00e9rit\u00e9 sur les objets trouv\u00e9s dans ma voiture\"","og_description":"NETTALI.COM - Ousmane Sonko soutient que, contrairement \u00e0 ce qu\u2019a avanc\u00e9 le ministre de l\u2019Int\u00e9rieur, Antoine Diome, seule une arme a \u00e9t\u00e9 trouv\u00e9e dans sa voiture et c\u2019est la sienne. Elle dispose d\u2019une autorisation administrative, dit-il. Il d\u00e9plore la confiscation de ses t\u00e9l\u00e9phones et de son ordinateur portables. Interpell\u00e9 dimanche par la gendarmerie \u00e0 Kaffrine [&hellip;]","og_url":"https:\/\/www.nettali.com\/2023\/05\/30\/ousmane-sonko-la-verite-sur-les-objets-trouves-dans-ma-voiture\/","og_site_name":"Nettali.com","article_publisher":"https:\/\/www.facebook.com\/nettalicom","article_published_time":"2023-05-30T09:46:54+00:00","article_modified_time":"2023-05-31T19:03:30+00:00","og_image":[{"width":624,"height":541,"url":"https:\/\/www.nettali.com\/wp-content\/uploads\/2023\/05\/Sonko-Gign-e1685440003886.jpeg","type":"image\/jpeg"}],"twitter_card":"summary_large_image","twitter_misc":{"\u00c9crit par":"Daouda","Dur\u00e9e de lecture estim\u00e9e":"3 minutes"},"schema":{"@context":"https:\/\/schema.org","@graph":[{"@type":"WebSite","@id":"https:\/\/www.nettali.com\/#website","url":"https:\/\/www.nettali.com\/","name":"Nettali.com","description":"Le rendez-vous critique du Net","potentialAction":[{"@type":"SearchAction","target":{"@type":"EntryPoint","urlTemplate":"https:\/\/www.nettali.com\/?s={search_term_string}"},"query-input":"required name=search_term_string"}],"inLanguage":"fr-FR"},{"@type":"ImageObject","@id":"https:\/\/www.nettali.com\/2023\/05\/30\/ousmane-sonko-la-verite-sur-les-objets-trouves-dans-ma-voiture\/#primaryimage","inLanguage":"fr-FR","url":"https:\/\/www.nettali.com\/wp-content\/uploads\/2023\/05\/Sonko-Gign-e1686646873407.jpeg","contentUrl":"https:\/\/www.nettali.com\/wp-content\/uploads\/2023\/05\/Sonko-Gign-e1686646873407.jpeg","width":622,"height":505},{"@type":"WebPage","@id":"https:\/\/www.nettali.com\/2023\/05\/30\/ousmane-sonko-la-verite-sur-les-objets-trouves-dans-ma-voiture\/#webpage","url":"https:\/\/www.nettali.com\/2023\/05\/30\/ousmane-sonko-la-verite-sur-les-objets-trouves-dans-ma-voiture\/","name":"OUSMANE SONKO \u2013 \"La v\u00e9rit\u00e9 sur les objets trouv\u00e9s dans ma voiture\" | Nettali.com","isPartOf":{"@id":"https:\/\/www.nettali.com\/#website"},"primaryImageOfPage":{"@id":"https:\/\/www.nettali.com\/2023\/05\/30\/ousmane-sonko-la-verite-sur-les-objets-trouves-dans-ma-voiture\/#primaryimage"},"datePublished":"2023-05-30T09:46:54+00:00","dateModified":"2023-05-31T19:03:30+00:00","author":{"@id":"https:\/\/www.nettali.com\/#\/schema\/person\/3317e0bb3aa1da309fbf7b2780901bf4"},"breadcrumb":{"@id":"https:\/\/www.nettali.com\/2023\/05\/30\/ousmane-sonko-la-verite-sur-les-objets-trouves-dans-ma-voiture\/#breadcrumb"},"inLanguage":"fr-FR","potentialAction":[{"@type":"ReadAction","target":["https:\/\/www.nettali.com\/2023\/05\/30\/ousmane-sonko-la-verite-sur-les-objets-trouves-dans-ma-voiture\/"]}]},{"@type":"BreadcrumbList","@id":"https:\/\/www.nettali.com\/2023\/05\/30\/ousmane-sonko-la-verite-sur-les-objets-trouves-dans-ma-voiture\/#breadcrumb","itemListElement":[{"@type":"ListItem","position":1,"name":"Accueil","item":"https:\/\/www.nettali.com\/"},{"@type":"ListItem","position":2,"name":"OUSMANE SONKO \u2013 \"La v\u00e9rit\u00e9 sur les objets trouv\u00e9s dans ma voiture\""}]},{"@type":"Person","@id":"https:\/\/www.nettali.com\/#\/schema\/person\/3317e0bb3aa1da309fbf7b2780901bf4","name":"Daouda","image":{"@type":"ImageObject","@id":"https:\/\/www.nettali.com\/#personlogo","inLanguage":"fr-FR","url":"https:\/\/secure.gravatar.com\/avatar\/8d143b5a49345098ddcfee1c49c2f47c?s=96&d=mm&r=g","contentUrl":"https:\/\/secure.gravatar.com\/avatar\/8d143b5a49345098ddcfee1c49c2f47c?s=96&d=mm&r=g","caption":"Daouda"},"sameAs":["https:\/\/www.nettali.com"]}]}},"_links":{"self":[{"href":"https:\/\/www.nettali.com\/rest\/wp\/v2\/posts\/110991"}],"collection":[{"href":"https:\/\/www.nettali.com\/rest\/wp\/v2\/posts"}],"about":[{"href":"https:\/\/www.nettali.com\/rest\/wp\/v2\/types\/post"}],"author":[{"embeddable":true,"href":"https:\/\/www.nettali.com\/rest\/wp\/v2\/users\/4"}],"replies":[{"embeddable":true,"href":"https:\/\/www.nettali.com\/rest\/wp\/v2\/comments?post=110991"}],"version-history":[{"count":2,"href":"https:\/\/www.nettali.com\/rest\/wp\/v2\/posts\/110991\/revisions"}],"predecessor-version":[{"id":111033,"href":"https:\/\/www.nettali.com\/rest\/wp\/v2\/posts\/110991\/revisions\/111033"}],"wp:featuredmedia":[{"embeddable":true,"href":"https:\/\/www.nettali.com\/rest\/wp\/v2\/media\/110946"}],"wp:attachment":[{"href":"https:\/\/www.nettali.com\/rest\/wp\/v2\/media?parent=110991"}],"wp:term":[{"taxonomy":"category","embeddable":true,"href":"https:\/\/www.nettali.com\/rest\/wp\/v2\/categories?post=110991"},{"taxonomy":"post_tag","embeddable":true,"href":"https:\/\/www.nettali.com\/rest\/wp\/v2\/tags?post=110991"}],"curies":[{"name":"wp","href":"https:\/\/api.w.org\/{rel}","templated":true}]}}