{"id":110792,"date":"2023-05-27T10:28:51","date_gmt":"2023-05-27T10:28:51","guid":{"rendered":"https:\/\/www.nettali.com\/?p=110792"},"modified":"2023-05-27T10:28:51","modified_gmt":"2023-05-27T10:28:51","slug":"en-coulisses-ousmane-sonko-bloque-a-kolda","status":"publish","type":"post","link":"https:\/\/www.nettali.com\/2023\/05\/27\/en-coulisses-ousmane-sonko-bloque-a-kolda\/","title":{"rendered":"EN COULISSES - Ousmane Sonko, bloqu\u00e9 \u00e0 Kolda"},"content":{"rendered":"<p><strong>NETTALI.COM -<\/strong> Comme l'avait annonc\u00e9 le leader de Pastef depuis Ziguinchor, la \"<em>Caravane de la libert\u00e9<\/em>\" a pris le d\u00e9part vendredi 26 mai autour de 14 h, \u00e0 Ziguinchor, avant de faire une escale \u00e0 Niaguiss pour la pri\u00e8re du vendredi et rallier Goudomp, un des d\u00e9partements de la r\u00e9gion de Ziguinchor o\u00f9 Ousmane Sonko s\u2019est arr\u00eat\u00e9 pour parler \u00e0 une foule immense.<\/p>\n<p>\"<em>Jeunesse de Goudomp, vous m\u2019avez caus\u00e9 \u00e9norm\u00e9ment de probl\u00e8mes \u00e0 l\u2019instant. Parce que cette mobilisation spontan\u00e9e que vous avez faite va les (\u00c9tat) pousser \u00e0 sortir leurs forces de l\u2019ordre pour nous barrer la route dans les prochaines \u00e9tapes<\/em>\", a lanc\u00e9 le leader du parti Pastef\/Les patriotes devant une foule surexcit\u00e9e. Avant d\u2019ajouter : \"<em>Dans neuf mois, c\u2019est nous qui allons prendre le r\u00e9gime et changer ce pays d\u00e9finitivement.<\/em>\"<\/p>\n<p>Apr\u00e8s Goudomp, cap sur Kolda. Et sur place, m\u00eame ambiance, la \"<em>Caravane de la libert\u00e9<\/em>\" a \u00e9t\u00e9 accueillie dans la capitale du Fouladou par une foule immense mais aussi par des tirs de grenades lacrymog\u00e8nes des forces de l\u2019ordre. Cons\u00e9quence, le cort\u00e8ge de Sonko a \u00e9t\u00e9 bloqu\u00e9 \u00e0 une centaine de m\u00e8tres des blind\u00e9s des<br \/>\nforces de d\u00e9fense et de s\u00e9curit\u00e9 qui ont fait barrage.<\/p>\n<p>Toutefois, a-t-on appris, Ousmane Sonko a pu se rendre dans un h\u00f4tel de la place o\u00f9 il a pass\u00e9 la nuit.<\/p>\n<div class='share-to-whatsapp-wrapper'><div class='share-on-whsp'>PARTAGER SUR : <\/div><a data-text='EN COULISSES - Ousmane Sonko, bloqu\u00e9 \u00e0 Kolda' data-link='https:\/\/www.nettali.com\/2023\/05\/27\/en-coulisses-ousmane-sonko-bloque-a-kolda\/' class='whatsapp-button whatsapp-share'>WhatsApp<\/a><div class='clear '><\/div><\/div>","protected":false},"excerpt":{"rendered":"<p>NETTALI.COM - Comme l'avait annonc\u00e9 le leader de Pastef depuis Ziguinchor, la \"Caravane de la libert\u00e9\" a pris le d\u00e9part vendredi 26 mai autour de 14 h, \u00e0 Ziguinchor, avant de faire une escale \u00e0 Niaguiss pour la pri\u00e8re du vendredi et rallier Goudomp, un des d\u00e9partements de la r\u00e9gion de Ziguinchor o\u00f9 Ousmane Sonko [&hellip;]<\/p>\n","protected":false},"author":2,"featured_media":110620,"comment_status":"open","ping_status":"open","sticky":false,"template":"","format":"standard","meta":{"_et_pb_use_builder":"","_et_pb_old_content":""},"categories":[34945],"tags":[],"yoast_head":"<!-- This site is optimized with the Yoast SEO Premium plugin v17.8 (Yoast SEO v17.8) - https:\/\/yoast.com\/wordpress\/plugins\/seo\/ -->\n<title>EN COULISSES - Ousmane Sonko, bloqu\u00e9 \u00e0 Kolda | Nettali.com<\/title>\n<meta name=\"robots\" content=\"index, follow, max-snippet:-1, max-image-preview:large, max-video-preview:-1\" \/>\n<link rel=\"canonical\" href=\"https:\/\/www.nettali.com\/2023\/05\/27\/en-coulisses-ousmane-sonko-bloque-a-kolda\/\" \/>\n<meta property=\"og:locale\" content=\"fr_FR\" \/>\n<meta property=\"og:type\" content=\"article\" \/>\n<meta property=\"og:title\" content=\"EN COULISSES - Ousmane Sonko, bloqu\u00e9 \u00e0 Kolda\" \/>\n<meta property=\"og:description\" content=\"NETTALI.COM - Comme l&#039;avait annonc\u00e9 le leader de Pastef depuis Ziguinchor, la &quot;Caravane de la libert\u00e9&quot; a pris le d\u00e9part vendredi 26 mai autour de 14 h, \u00e0 Ziguinchor, avant de faire une escale \u00e0 Niaguiss pour la pri\u00e8re du vendredi et rallier Goudomp, un des d\u00e9partements de la r\u00e9gion de Ziguinchor o\u00f9 Ousmane Sonko [&hellip;]\" \/>\n<meta property=\"og:url\" content=\"https:\/\/www.nettali.com\/2023\/05\/27\/en-coulisses-ousmane-sonko-bloque-a-kolda\/\" \/>\n<meta property=\"og:site_name\" content=\"Nettali.com\" \/>\n<meta property=\"article:publisher\" content=\"https:\/\/www.facebook.com\/nettalicom\" \/>\n<meta property=\"article:published_time\" content=\"2023-05-27T10:28:51+00:00\" \/>\n<meta property=\"og:image\" content=\"https:\/\/www.nettali.com\/wp-content\/uploads\/2023\/05\/Sonko-2.jpeg\" \/>\n\t<meta property=\"og:image:width\" content=\"660\" \/>\n\t<meta property=\"og:image:height\" content=\"287\" \/>\n<meta name=\"twitter:card\" content=\"summary_large_image\" \/>\n<meta name=\"twitter:label1\" content=\"\u00c9crit par\" \/>\n\t<meta name=\"twitter:data1\" content=\"CK\" \/>\n\t<meta name=\"twitter:label2\" content=\"Dur\u00e9e de lecture estim\u00e9e\" \/>\n\t<meta name=\"twitter:data2\" content=\"2 minutes\" \/>\n<script type=\"application\/ld+json\" class=\"yoast-schema-graph\">{\"@context\":\"https:\/\/schema.org\",\"@graph\":[{\"@type\":\"WebSite\",\"@id\":\"https:\/\/www.nettali.com\/#website\",\"url\":\"https:\/\/www.nettali.com\/\",\"name\":\"Nettali.com\",\"description\":\"Le rendez-vous critique du Net\",\"potentialAction\":[{\"@type\":\"SearchAction\",\"target\":{\"@type\":\"EntryPoint\",\"urlTemplate\":\"https:\/\/www.nettali.com\/?s={search_term_string}\"},\"query-input\":\"required name=search_term_string\"}],\"inLanguage\":\"fr-FR\"},{\"@type\":\"ImageObject\",\"@id\":\"https:\/\/www.nettali.com\/2023\/05\/27\/en-coulisses-ousmane-sonko-bloque-a-kolda\/#primaryimage\",\"inLanguage\":\"fr-FR\",\"url\":\"https:\/\/www.nettali.com\/wp-content\/uploads\/2023\/05\/Sonko-2.jpeg\",\"contentUrl\":\"https:\/\/www.nettali.com\/wp-content\/uploads\/2023\/05\/Sonko-2.jpeg\",\"width\":660,\"height\":287},{\"@type\":\"WebPage\",\"@id\":\"https:\/\/www.nettali.com\/2023\/05\/27\/en-coulisses-ousmane-sonko-bloque-a-kolda\/#webpage\",\"url\":\"https:\/\/www.nettali.com\/2023\/05\/27\/en-coulisses-ousmane-sonko-bloque-a-kolda\/\",\"name\":\"EN COULISSES - Ousmane Sonko, bloqu\\u00e9 \\u00e0 Kolda | Nettali.com\",\"isPartOf\":{\"@id\":\"https:\/\/www.nettali.com\/#website\"},\"primaryImageOfPage\":{\"@id\":\"https:\/\/www.nettali.com\/2023\/05\/27\/en-coulisses-ousmane-sonko-bloque-a-kolda\/#primaryimage\"},\"datePublished\":\"2023-05-27T10:28:51+00:00\",\"dateModified\":\"2023-05-27T10:28:51+00:00\",\"author\":{\"@id\":\"https:\/\/www.nettali.com\/#\/schema\/person\/d8ac7b7e27ddad43f1c0d2ef090d7f71\"},\"breadcrumb\":{\"@id\":\"https:\/\/www.nettali.com\/2023\/05\/27\/en-coulisses-ousmane-sonko-bloque-a-kolda\/#breadcrumb\"},\"inLanguage\":\"fr-FR\",\"potentialAction\":[{\"@type\":\"ReadAction\",\"target\":[\"https:\/\/www.nettali.com\/2023\/05\/27\/en-coulisses-ousmane-sonko-bloque-a-kolda\/\"]}]},{\"@type\":\"BreadcrumbList\",\"@id\":\"https:\/\/www.nettali.com\/2023\/05\/27\/en-coulisses-ousmane-sonko-bloque-a-kolda\/#breadcrumb\",\"itemListElement\":[{\"@type\":\"ListItem\",\"position\":1,\"name\":\"Accueil\",\"item\":\"https:\/\/www.nettali.com\/\"},{\"@type\":\"ListItem\",\"position\":2,\"name\":\"EN COULISSES - Ousmane Sonko, bloqu\\u00e9 \\u00e0 Kolda\"}]},{\"@type\":\"Person\",\"@id\":\"https:\/\/www.nettali.com\/#\/schema\/person\/d8ac7b7e27ddad43f1c0d2ef090d7f71\",\"name\":\"CK\",\"image\":{\"@type\":\"ImageObject\",\"@id\":\"https:\/\/www.nettali.com\/#personlogo\",\"inLanguage\":\"fr-FR\",\"url\":\"https:\/\/secure.gravatar.com\/avatar\/1d8d5118b9327d94da7cd4ce7f17fec2?s=96&d=mm&r=g\",\"contentUrl\":\"https:\/\/secure.gravatar.com\/avatar\/1d8d5118b9327d94da7cd4ce7f17fec2?s=96&d=mm&r=g\",\"caption\":\"CK\"},\"sameAs\":[\"https:\/\/www.nettali.com\"]}]}<\/script>\n<!-- \/ Yoast SEO Premium plugin. -->","yoast_head_json":{"title":"EN COULISSES - Ousmane Sonko, bloqu\u00e9 \u00e0 Kolda | Nettali.com","robots":{"index":"index","follow":"follow","max-snippet":"max-snippet:-1","max-image-preview":"max-image-preview:large","max-video-preview":"max-video-preview:-1"},"canonical":"https:\/\/www.nettali.com\/2023\/05\/27\/en-coulisses-ousmane-sonko-bloque-a-kolda\/","og_locale":"fr_FR","og_type":"article","og_title":"EN COULISSES - Ousmane Sonko, bloqu\u00e9 \u00e0 Kolda","og_description":"NETTALI.COM - Comme l'avait annonc\u00e9 le leader de Pastef depuis Ziguinchor, la \"Caravane de la libert\u00e9\" a pris le d\u00e9part vendredi 26 mai autour de 14 h, \u00e0 Ziguinchor, avant de faire une escale \u00e0 Niaguiss pour la pri\u00e8re du vendredi et rallier Goudomp, un des d\u00e9partements de la r\u00e9gion de Ziguinchor o\u00f9 Ousmane Sonko [&hellip;]","og_url":"https:\/\/www.nettali.com\/2023\/05\/27\/en-coulisses-ousmane-sonko-bloque-a-kolda\/","og_site_name":"Nettali.com","article_publisher":"https:\/\/www.facebook.com\/nettalicom","article_published_time":"2023-05-27T10:28:51+00:00","og_image":[{"width":660,"height":287,"url":"https:\/\/www.nettali.com\/wp-content\/uploads\/2023\/05\/Sonko-2.jpeg","type":"image\/jpeg"}],"twitter_card":"summary_large_image","twitter_misc":{"\u00c9crit par":"CK","Dur\u00e9e de lecture estim\u00e9e":"2 minutes"},"schema":{"@context":"https:\/\/schema.org","@graph":[{"@type":"WebSite","@id":"https:\/\/www.nettali.com\/#website","url":"https:\/\/www.nettali.com\/","name":"Nettali.com","description":"Le rendez-vous critique du Net","potentialAction":[{"@type":"SearchAction","target":{"@type":"EntryPoint","urlTemplate":"https:\/\/www.nettali.com\/?s={search_term_string}"},"query-input":"required name=search_term_string"}],"inLanguage":"fr-FR"},{"@type":"ImageObject","@id":"https:\/\/www.nettali.com\/2023\/05\/27\/en-coulisses-ousmane-sonko-bloque-a-kolda\/#primaryimage","inLanguage":"fr-FR","url":"https:\/\/www.nettali.com\/wp-content\/uploads\/2023\/05\/Sonko-2.jpeg","contentUrl":"https:\/\/www.nettali.com\/wp-content\/uploads\/2023\/05\/Sonko-2.jpeg","width":660,"height":287},{"@type":"WebPage","@id":"https:\/\/www.nettali.com\/2023\/05\/27\/en-coulisses-ousmane-sonko-bloque-a-kolda\/#webpage","url":"https:\/\/www.nettali.com\/2023\/05\/27\/en-coulisses-ousmane-sonko-bloque-a-kolda\/","name":"EN COULISSES - Ousmane Sonko, bloqu\u00e9 \u00e0 Kolda | Nettali.com","isPartOf":{"@id":"https:\/\/www.nettali.com\/#website"},"primaryImageOfPage":{"@id":"https:\/\/www.nettali.com\/2023\/05\/27\/en-coulisses-ousmane-sonko-bloque-a-kolda\/#primaryimage"},"datePublished":"2023-05-27T10:28:51+00:00","dateModified":"2023-05-27T10:28:51+00:00","author":{"@id":"https:\/\/www.nettali.com\/#\/schema\/person\/d8ac7b7e27ddad43f1c0d2ef090d7f71"},"breadcrumb":{"@id":"https:\/\/www.nettali.com\/2023\/05\/27\/en-coulisses-ousmane-sonko-bloque-a-kolda\/#breadcrumb"},"inLanguage":"fr-FR","potentialAction":[{"@type":"ReadAction","target":["https:\/\/www.nettali.com\/2023\/05\/27\/en-coulisses-ousmane-sonko-bloque-a-kolda\/"]}]},{"@type":"BreadcrumbList","@id":"https:\/\/www.nettali.com\/2023\/05\/27\/en-coulisses-ousmane-sonko-bloque-a-kolda\/#breadcrumb","itemListElement":[{"@type":"ListItem","position":1,"name":"Accueil","item":"https:\/\/www.nettali.com\/"},{"@type":"ListItem","position":2,"name":"EN COULISSES - Ousmane Sonko, bloqu\u00e9 \u00e0 Kolda"}]},{"@type":"Person","@id":"https:\/\/www.nettali.com\/#\/schema\/person\/d8ac7b7e27ddad43f1c0d2ef090d7f71","name":"CK","image":{"@type":"ImageObject","@id":"https:\/\/www.nettali.com\/#personlogo","inLanguage":"fr-FR","url":"https:\/\/secure.gravatar.com\/avatar\/1d8d5118b9327d94da7cd4ce7f17fec2?s=96&d=mm&r=g","contentUrl":"https:\/\/secure.gravatar.com\/avatar\/1d8d5118b9327d94da7cd4ce7f17fec2?s=96&d=mm&r=g","caption":"CK"},"sameAs":["https:\/\/www.nettali.com"]}]}},"_links":{"self":[{"href":"https:\/\/www.nettali.com\/rest\/wp\/v2\/posts\/110792"}],"collection":[{"href":"https:\/\/www.nettali.com\/rest\/wp\/v2\/posts"}],"about":[{"href":"https:\/\/www.nettali.com\/rest\/wp\/v2\/types\/post"}],"author":[{"embeddable":true,"href":"https:\/\/www.nettali.com\/rest\/wp\/v2\/users\/2"}],"replies":[{"embeddable":true,"href":"https:\/\/www.nettali.com\/rest\/wp\/v2\/comments?post=110792"}],"version-history":[{"count":1,"href":"https:\/\/www.nettali.com\/rest\/wp\/v2\/posts\/110792\/revisions"}],"predecessor-version":[{"id":110793,"href":"https:\/\/www.nettali.com\/rest\/wp\/v2\/posts\/110792\/revisions\/110793"}],"wp:featuredmedia":[{"embeddable":true,"href":"https:\/\/www.nettali.com\/rest\/wp\/v2\/media\/110620"}],"wp:attachment":[{"href":"https:\/\/www.nettali.com\/rest\/wp\/v2\/media?parent=110792"}],"wp:term":[{"taxonomy":"category","embeddable":true,"href":"https:\/\/www.nettali.com\/rest\/wp\/v2\/categories?post=110792"},{"taxonomy":"post_tag","embeddable":true,"href":"https:\/\/www.nettali.com\/rest\/wp\/v2\/tags?post=110792"}],"curies":[{"name":"wp","href":"https:\/\/api.w.org\/{rel}","templated":true}]}}