{"id":110764,"date":"2023-05-27T09:05:03","date_gmt":"2023-05-27T09:05:03","guid":{"rendered":"https:\/\/www.nettali.com\/?p=110764"},"modified":"2023-05-28T15:36:58","modified_gmt":"2023-05-28T15:36:58","slug":"attaque-contre-adji-sarr-des-feministes-fustigent-les-propos-immondes-et-intolerables-dousmane-sonko","status":"publish","type":"post","link":"https:\/\/www.nettali.com\/2023\/05\/27\/attaque-contre-adji-sarr-des-feministes-fustigent-les-propos-immondes-et-intolerables-dousmane-sonko\/","title":{"rendered":"ATTAQUE CONTRE ADJI SARR - Des f\u00e9ministes fustigent les  propos \"immondes et intol\u00e9rables\" d'Ousmane Sonko"},"content":{"rendered":"<p><strong>NETTALI.COM - Le Collectif des f\u00e9ministes du S\u00e9n\u00e9gal est tr\u00e8s en col\u00e8re contre Ousmane Sonko, suite \u00e0 sa sortie pour qualifier Adja Sarr de \"guenon atteinte d'AVC\". Le collectif condamne fermement les propos qu'il juge\u00a0 \"immondes et intol\u00e9rables\".<\/strong><\/p>\n<p>Au lendemain de son proc\u00e8s, Ousmane Sonko a fait une sortie pour s'attaquer \u00e0 Adji Sarr qui l'accuse de viols et de menace de mort. Le leader de Pastef, dans sa volont\u00e9 de se disculper, s'est attaqu\u00e9 au physique de la jeune masseuse en la qualifiant de \"guenon atteinte d'AVC\"<\/p>\n<p>Pour le collectif des f\u00e9ministes du S\u00e9n\u00e9gal, \"<em>ces propos renforcent la culture du viol au S\u00e9n\u00e9gal et sont indignes d\u2019un homme qui aspire \u00e0 la plus haute fonction dans notre pays.<\/em>\"<\/p>\n<p>\"<em>Comme tout justiciable, Sonko aurait d\u00fb se rendre au tribunal pour faire face \u00e0 son accusatrice Adji Sarr, comme il l\u2019avait annonc\u00e9 urbi et orbi. Nous rappelons que le viol est end\u00e9mique au S\u00e9n\u00e9gal et que les survivantes font d\u00e9j\u00e0 face \u00e0 beaucoup d\u2019obstacles. De tels propos encouragent et promeuvent la banalisation d\u2019un crime injustifiable<\/em>\", \u00e9crivent les f\u00e9ministes dans un communiqu\u00e9.<\/p>\n<p>Par ailleurs, les signataires du communiqu\u00e9, \"Dafadoy\", R\u00e9seau des f\u00e9ministes du S\u00e9n\u00e9gal (RFS), Association des juristes s\u00e9n\u00e9galaises, ONU Femmes, Siggil Jigeen se f\u00e9licitent de la tenue du proc\u00e8s et saluent le courage et la r\u00e9silience de leur s\u0153ur Adji Sarr.<\/p>\n<p>\"<em>Malgr\u00e9 l\u2019ostracisme, la diabolisation et les menaces de mort, elle a tenu bon. Rien ne justifie le viol et nul ne peut se pr\u00e9valoir de sa propre turpitude. Nous appelons toutes les organisations de d\u00e9fense des droits des femmes et les leaders d\u2019opinion \u00e0 condamner ces propos d\u00e9shumanisants envers les femmes<\/em>\", d\u00e9clare le collectif.<\/p>\n<div class='share-to-whatsapp-wrapper'><div class='share-on-whsp'>PARTAGER SUR : <\/div><a data-text='ATTAQUE CONTRE ADJI SARR - Des f\u00e9ministes fustigent les  propos \"immondes et intol\u00e9rables\" d'Ousmane Sonko' data-link='https:\/\/www.nettali.com\/2023\/05\/27\/attaque-contre-adji-sarr-des-feministes-fustigent-les-propos-immondes-et-intolerables-dousmane-sonko\/' class='whatsapp-button whatsapp-share'>WhatsApp<\/a><div class='clear '><\/div><\/div>","protected":false},"excerpt":{"rendered":"<p>NETTALI.COM - Le Collectif des f\u00e9ministes du S\u00e9n\u00e9gal est tr\u00e8s en col\u00e8re contre Ousmane Sonko, suite \u00e0 sa sortie pour qualifier Adja Sarr de \"guenon atteinte d'AVC\". Le collectif condamne fermement les propos qu'il juge\u00a0 \"immondes et intol\u00e9rables\". Au lendemain de son proc\u00e8s, Ousmane Sonko a fait une sortie pour s'attaquer \u00e0 Adji Sarr qui [&hellip;]<\/p>\n","protected":false},"author":6,"featured_media":109954,"comment_status":"open","ping_status":"open","sticky":false,"template":"","format":"standard","meta":{"_et_pb_use_builder":"","_et_pb_old_content":""},"categories":[3],"tags":[],"yoast_head":"<!-- This site is optimized with the Yoast SEO Premium plugin v17.8 (Yoast SEO v17.8) - https:\/\/yoast.com\/wordpress\/plugins\/seo\/ -->\n<title>ATTAQUE CONTRE ADJI SARR - Des f\u00e9ministes fustigent les propos &quot;immondes et intol\u00e9rables&quot; d&#039;Ousmane Sonko | Nettali.com<\/title>\n<meta name=\"robots\" content=\"index, follow, max-snippet:-1, max-image-preview:large, max-video-preview:-1\" \/>\n<link rel=\"canonical\" href=\"https:\/\/www.nettali.com\/2023\/05\/27\/attaque-contre-adji-sarr-des-feministes-fustigent-les-propos-immondes-et-intolerables-dousmane-sonko\/\" \/>\n<meta property=\"og:locale\" content=\"fr_FR\" \/>\n<meta property=\"og:type\" content=\"article\" \/>\n<meta property=\"og:title\" content=\"ATTAQUE CONTRE ADJI SARR - Des f\u00e9ministes fustigent les propos &quot;immondes et intol\u00e9rables&quot; d&#039;Ousmane Sonko\" \/>\n<meta property=\"og:description\" content=\"NETTALI.COM - Le Collectif des f\u00e9ministes du S\u00e9n\u00e9gal est tr\u00e8s en col\u00e8re contre Ousmane Sonko, suite \u00e0 sa sortie pour qualifier Adja Sarr de &quot;guenon atteinte d&#039;AVC&quot;. Le collectif condamne fermement les propos qu&#039;il juge\u00a0 &quot;immondes et intol\u00e9rables&quot;. Au lendemain de son proc\u00e8s, Ousmane Sonko a fait une sortie pour s&#039;attaquer \u00e0 Adji Sarr qui [&hellip;]\" \/>\n<meta property=\"og:url\" content=\"https:\/\/www.nettali.com\/2023\/05\/27\/attaque-contre-adji-sarr-des-feministes-fustigent-les-propos-immondes-et-intolerables-dousmane-sonko\/\" \/>\n<meta property=\"og:site_name\" content=\"Nettali.com\" \/>\n<meta property=\"article:publisher\" content=\"https:\/\/www.facebook.com\/nettalicom\" \/>\n<meta property=\"article:published_time\" content=\"2023-05-27T09:05:03+00:00\" \/>\n<meta property=\"article:modified_time\" content=\"2023-05-28T15:36:58+00:00\" \/>\n<meta property=\"og:image\" content=\"https:\/\/www.nettali.com\/wp-content\/uploads\/2023\/05\/telechargement-5.jpg\" \/>\n\t<meta property=\"og:image:width\" content=\"274\" \/>\n\t<meta property=\"og:image:height\" content=\"184\" \/>\n<meta name=\"twitter:card\" content=\"summary_large_image\" \/>\n<meta name=\"twitter:label1\" content=\"\u00c9crit par\" \/>\n\t<meta name=\"twitter:data1\" content=\"Fatou\" \/>\n\t<meta name=\"twitter:label2\" content=\"Dur\u00e9e de lecture estim\u00e9e\" \/>\n\t<meta name=\"twitter:data2\" content=\"2 minutes\" \/>\n<script type=\"application\/ld+json\" class=\"yoast-schema-graph\">{\"@context\":\"https:\/\/schema.org\",\"@graph\":[{\"@type\":\"WebSite\",\"@id\":\"https:\/\/www.nettali.com\/#website\",\"url\":\"https:\/\/www.nettali.com\/\",\"name\":\"Nettali.com\",\"description\":\"Le rendez-vous critique du Net\",\"potentialAction\":[{\"@type\":\"SearchAction\",\"target\":{\"@type\":\"EntryPoint\",\"urlTemplate\":\"https:\/\/www.nettali.com\/?s={search_term_string}\"},\"query-input\":\"required name=search_term_string\"}],\"inLanguage\":\"fr-FR\"},{\"@type\":\"ImageObject\",\"@id\":\"https:\/\/www.nettali.com\/2023\/05\/27\/attaque-contre-adji-sarr-des-feministes-fustigent-les-propos-immondes-et-intolerables-dousmane-sonko\/#primaryimage\",\"inLanguage\":\"fr-FR\",\"url\":\"https:\/\/www.nettali.com\/wp-content\/uploads\/2023\/05\/telechargement-5.jpg\",\"contentUrl\":\"https:\/\/www.nettali.com\/wp-content\/uploads\/2023\/05\/telechargement-5.jpg\",\"width\":274,\"height\":184},{\"@type\":\"WebPage\",\"@id\":\"https:\/\/www.nettali.com\/2023\/05\/27\/attaque-contre-adji-sarr-des-feministes-fustigent-les-propos-immondes-et-intolerables-dousmane-sonko\/#webpage\",\"url\":\"https:\/\/www.nettali.com\/2023\/05\/27\/attaque-contre-adji-sarr-des-feministes-fustigent-les-propos-immondes-et-intolerables-dousmane-sonko\/\",\"name\":\"ATTAQUE CONTRE ADJI SARR - Des f\\u00e9ministes fustigent les propos \\\"immondes et intol\\u00e9rables\\\" d'Ousmane Sonko | Nettali.com\",\"isPartOf\":{\"@id\":\"https:\/\/www.nettali.com\/#website\"},\"primaryImageOfPage\":{\"@id\":\"https:\/\/www.nettali.com\/2023\/05\/27\/attaque-contre-adji-sarr-des-feministes-fustigent-les-propos-immondes-et-intolerables-dousmane-sonko\/#primaryimage\"},\"datePublished\":\"2023-05-27T09:05:03+00:00\",\"dateModified\":\"2023-05-28T15:36:58+00:00\",\"author\":{\"@id\":\"https:\/\/www.nettali.com\/#\/schema\/person\/418274a86bdf87caff7a3ef476bd0bbf\"},\"breadcrumb\":{\"@id\":\"https:\/\/www.nettali.com\/2023\/05\/27\/attaque-contre-adji-sarr-des-feministes-fustigent-les-propos-immondes-et-intolerables-dousmane-sonko\/#breadcrumb\"},\"inLanguage\":\"fr-FR\",\"potentialAction\":[{\"@type\":\"ReadAction\",\"target\":[\"https:\/\/www.nettali.com\/2023\/05\/27\/attaque-contre-adji-sarr-des-feministes-fustigent-les-propos-immondes-et-intolerables-dousmane-sonko\/\"]}]},{\"@type\":\"BreadcrumbList\",\"@id\":\"https:\/\/www.nettali.com\/2023\/05\/27\/attaque-contre-adji-sarr-des-feministes-fustigent-les-propos-immondes-et-intolerables-dousmane-sonko\/#breadcrumb\",\"itemListElement\":[{\"@type\":\"ListItem\",\"position\":1,\"name\":\"Accueil\",\"item\":\"https:\/\/www.nettali.com\/\"},{\"@type\":\"ListItem\",\"position\":2,\"name\":\"ATTAQUE CONTRE ADJI SARR - Des f\\u00e9ministes fustigent les propos \\\"immondes et intol\\u00e9rables\\\" d'Ousmane Sonko\"}]},{\"@type\":\"Person\",\"@id\":\"https:\/\/www.nettali.com\/#\/schema\/person\/418274a86bdf87caff7a3ef476bd0bbf\",\"name\":\"Fatou\",\"image\":{\"@type\":\"ImageObject\",\"@id\":\"https:\/\/www.nettali.com\/#personlogo\",\"inLanguage\":\"fr-FR\",\"url\":\"https:\/\/secure.gravatar.com\/avatar\/5a9442a2bee7b4dcf167cab035858e9a?s=96&d=mm&r=g\",\"contentUrl\":\"https:\/\/secure.gravatar.com\/avatar\/5a9442a2bee7b4dcf167cab035858e9a?s=96&d=mm&r=g\",\"caption\":\"Fatou\"},\"sameAs\":[\"https:\/\/www.nettali.com\"]}]}<\/script>\n<!-- \/ Yoast SEO Premium plugin. -->","yoast_head_json":{"title":"ATTAQUE CONTRE ADJI SARR - Des f\u00e9ministes fustigent les propos \"immondes et intol\u00e9rables\" d'Ousmane Sonko | Nettali.com","robots":{"index":"index","follow":"follow","max-snippet":"max-snippet:-1","max-image-preview":"max-image-preview:large","max-video-preview":"max-video-preview:-1"},"canonical":"https:\/\/www.nettali.com\/2023\/05\/27\/attaque-contre-adji-sarr-des-feministes-fustigent-les-propos-immondes-et-intolerables-dousmane-sonko\/","og_locale":"fr_FR","og_type":"article","og_title":"ATTAQUE CONTRE ADJI SARR - Des f\u00e9ministes fustigent les propos \"immondes et intol\u00e9rables\" d'Ousmane Sonko","og_description":"NETTALI.COM - Le Collectif des f\u00e9ministes du S\u00e9n\u00e9gal est tr\u00e8s en col\u00e8re contre Ousmane Sonko, suite \u00e0 sa sortie pour qualifier Adja Sarr de \"guenon atteinte d'AVC\". Le collectif condamne fermement les propos qu'il juge\u00a0 \"immondes et intol\u00e9rables\". Au lendemain de son proc\u00e8s, Ousmane Sonko a fait une sortie pour s'attaquer \u00e0 Adji Sarr qui [&hellip;]","og_url":"https:\/\/www.nettali.com\/2023\/05\/27\/attaque-contre-adji-sarr-des-feministes-fustigent-les-propos-immondes-et-intolerables-dousmane-sonko\/","og_site_name":"Nettali.com","article_publisher":"https:\/\/www.facebook.com\/nettalicom","article_published_time":"2023-05-27T09:05:03+00:00","article_modified_time":"2023-05-28T15:36:58+00:00","og_image":[{"width":274,"height":184,"url":"https:\/\/www.nettali.com\/wp-content\/uploads\/2023\/05\/telechargement-5.jpg","type":"image\/jpeg"}],"twitter_card":"summary_large_image","twitter_misc":{"\u00c9crit par":"Fatou","Dur\u00e9e de lecture estim\u00e9e":"2 minutes"},"schema":{"@context":"https:\/\/schema.org","@graph":[{"@type":"WebSite","@id":"https:\/\/www.nettali.com\/#website","url":"https:\/\/www.nettali.com\/","name":"Nettali.com","description":"Le rendez-vous critique du Net","potentialAction":[{"@type":"SearchAction","target":{"@type":"EntryPoint","urlTemplate":"https:\/\/www.nettali.com\/?s={search_term_string}"},"query-input":"required name=search_term_string"}],"inLanguage":"fr-FR"},{"@type":"ImageObject","@id":"https:\/\/www.nettali.com\/2023\/05\/27\/attaque-contre-adji-sarr-des-feministes-fustigent-les-propos-immondes-et-intolerables-dousmane-sonko\/#primaryimage","inLanguage":"fr-FR","url":"https:\/\/www.nettali.com\/wp-content\/uploads\/2023\/05\/telechargement-5.jpg","contentUrl":"https:\/\/www.nettali.com\/wp-content\/uploads\/2023\/05\/telechargement-5.jpg","width":274,"height":184},{"@type":"WebPage","@id":"https:\/\/www.nettali.com\/2023\/05\/27\/attaque-contre-adji-sarr-des-feministes-fustigent-les-propos-immondes-et-intolerables-dousmane-sonko\/#webpage","url":"https:\/\/www.nettali.com\/2023\/05\/27\/attaque-contre-adji-sarr-des-feministes-fustigent-les-propos-immondes-et-intolerables-dousmane-sonko\/","name":"ATTAQUE CONTRE ADJI SARR - Des f\u00e9ministes fustigent les propos \"immondes et intol\u00e9rables\" d'Ousmane Sonko | Nettali.com","isPartOf":{"@id":"https:\/\/www.nettali.com\/#website"},"primaryImageOfPage":{"@id":"https:\/\/www.nettali.com\/2023\/05\/27\/attaque-contre-adji-sarr-des-feministes-fustigent-les-propos-immondes-et-intolerables-dousmane-sonko\/#primaryimage"},"datePublished":"2023-05-27T09:05:03+00:00","dateModified":"2023-05-28T15:36:58+00:00","author":{"@id":"https:\/\/www.nettali.com\/#\/schema\/person\/418274a86bdf87caff7a3ef476bd0bbf"},"breadcrumb":{"@id":"https:\/\/www.nettali.com\/2023\/05\/27\/attaque-contre-adji-sarr-des-feministes-fustigent-les-propos-immondes-et-intolerables-dousmane-sonko\/#breadcrumb"},"inLanguage":"fr-FR","potentialAction":[{"@type":"ReadAction","target":["https:\/\/www.nettali.com\/2023\/05\/27\/attaque-contre-adji-sarr-des-feministes-fustigent-les-propos-immondes-et-intolerables-dousmane-sonko\/"]}]},{"@type":"BreadcrumbList","@id":"https:\/\/www.nettali.com\/2023\/05\/27\/attaque-contre-adji-sarr-des-feministes-fustigent-les-propos-immondes-et-intolerables-dousmane-sonko\/#breadcrumb","itemListElement":[{"@type":"ListItem","position":1,"name":"Accueil","item":"https:\/\/www.nettali.com\/"},{"@type":"ListItem","position":2,"name":"ATTAQUE CONTRE ADJI SARR - Des f\u00e9ministes fustigent les propos \"immondes et intol\u00e9rables\" d'Ousmane Sonko"}]},{"@type":"Person","@id":"https:\/\/www.nettali.com\/#\/schema\/person\/418274a86bdf87caff7a3ef476bd0bbf","name":"Fatou","image":{"@type":"ImageObject","@id":"https:\/\/www.nettali.com\/#personlogo","inLanguage":"fr-FR","url":"https:\/\/secure.gravatar.com\/avatar\/5a9442a2bee7b4dcf167cab035858e9a?s=96&d=mm&r=g","contentUrl":"https:\/\/secure.gravatar.com\/avatar\/5a9442a2bee7b4dcf167cab035858e9a?s=96&d=mm&r=g","caption":"Fatou"},"sameAs":["https:\/\/www.nettali.com"]}]}},"_links":{"self":[{"href":"https:\/\/www.nettali.com\/rest\/wp\/v2\/posts\/110764"}],"collection":[{"href":"https:\/\/www.nettali.com\/rest\/wp\/v2\/posts"}],"about":[{"href":"https:\/\/www.nettali.com\/rest\/wp\/v2\/types\/post"}],"author":[{"embeddable":true,"href":"https:\/\/www.nettali.com\/rest\/wp\/v2\/users\/6"}],"replies":[{"embeddable":true,"href":"https:\/\/www.nettali.com\/rest\/wp\/v2\/comments?post=110764"}],"version-history":[{"count":3,"href":"https:\/\/www.nettali.com\/rest\/wp\/v2\/posts\/110764\/revisions"}],"predecessor-version":[{"id":110773,"href":"https:\/\/www.nettali.com\/rest\/wp\/v2\/posts\/110764\/revisions\/110773"}],"wp:featuredmedia":[{"embeddable":true,"href":"https:\/\/www.nettali.com\/rest\/wp\/v2\/media\/109954"}],"wp:attachment":[{"href":"https:\/\/www.nettali.com\/rest\/wp\/v2\/media?parent=110764"}],"wp:term":[{"taxonomy":"category","embeddable":true,"href":"https:\/\/www.nettali.com\/rest\/wp\/v2\/categories?post=110764"},{"taxonomy":"post_tag","embeddable":true,"href":"https:\/\/www.nettali.com\/rest\/wp\/v2\/tags?post=110764"}],"curies":[{"name":"wp","href":"https:\/\/api.w.org\/{rel}","templated":true}]}}