{"id":110705,"date":"2023-05-26T16:36:49","date_gmt":"2023-05-26T16:36:49","guid":{"rendered":"https:\/\/www.nettali.com\/?p=110705"},"modified":"2023-05-27T04:25:24","modified_gmt":"2023-05-27T04:25:24","slug":"hopital-principal-les-cinq-priorites-du-medecin-general-de-brigade-fatou-fallla-nouvelle-directrice","status":"publish","type":"post","link":"https:\/\/www.nettali.com\/2023\/05\/26\/hopital-principal-les-cinq-priorites-du-medecin-general-de-brigade-fatou-fallla-nouvelle-directrice\/","title":{"rendered":"H\u00d4PITAL PRINCIPAL - Les cinq priorit\u00e9s de la nouvelle directrice"},"content":{"rendered":"<p><strong>NETTALI.COM-La nouvelle directrice g\u00e9n\u00e9rale de l'h\u00f4pital Principal de Dakar a \u00e9t\u00e9 install\u00e9e ce jeudi 25 mai 2023 dans ses nouvelles fonctions. Une occasion pour le m\u00e9decin-g\u00e9n\u00e9ral de brigade Fatou Fall de d\u00e9voiler ses cinq objectifs<\/strong><\/p>\n<p>Apr\u00e8s 42 mois \u00e0 la t\u00eate de l'h\u00f4pital Principal de Dakar, le m\u00e9decin-g\u00e9n\u00e9ral de brigade Mame Thierno Dieng a \u00e9t\u00e9 remplac\u00e9 par le m\u00e9decin-g\u00e9n\u00e9ral de brigade Fatou Fall. Lors de la c\u00e9r\u00e9monie d'installation, cette derni\u00e8re a d\u00e9clin\u00e9 sa feuille de route ax\u00e9e autour de cinq points. Il s\u2019agira pour elle d\u2019am\u00e9liorer la qualit\u00e9 d\u2019accueil des patients de l\u2019h\u00f4pital, de r\u00e9duire les temps d\u2019attente en caisse et les services ambulatoires, de la digitalisation, du d\u00e9ploiement d\u2019un syst\u00e8me de gestion hospitali\u00e8re et du paiement mobile pour d\u00e9sengorger les caisses. \u00ab\u00a0<em>Avec la digitalisation, nous comptons transformer les services de l\u2019h\u00f4pital par le lancement d\u2019une plateforme externe pour faciliter l\u2019acc\u00e8s \u00e0 l\u2019information des services hospitaliers. Le d\u00e9ploiement d\u2019un syst\u00e8me de gestion hospitali\u00e8re pour autonomiser les proc\u00e9dures administratives, notamment la planification de rendez-vous et la d\u00e9livrance des r\u00e9sultats d\u2019analyse. Il sera aussi question de d\u00e9velopper des solutions de paiement alternatives, notamment mobiles pour lut[1]ter efficacement contre le d\u00e9sengorgement au niveau des caisses de soins externes\u00a0<\/em>\u00bb, \u00e9num\u00e8re la toute nouvelle directrice de cet \u00e9tablissement sanitaire dans les colonnes du journal EnQu\u00eate.<\/p>\n<p><strong>Me Sidiki Kaba fait les \u00e9loges du directeur sortant<\/strong><\/p>\n<p>Venu pr\u00e9sider la c\u00e9r\u00e9monie marquant \u00e0 la fois les adieux aux armes du m\u00e9decin-g\u00e9n\u00e9ral de brigade Mame Thierno Dieng et l\u2019installation de son successeur, Madame le m\u00e9decin-g\u00e9n\u00e9ral de brigade Fatou Fall, le ministre des Forces arm\u00e9es a fait les \u00e9loges du premier nomm\u00e9.<\/p>\n<p>Maitre Sidiki Kaba souligne que le m\u00e9decin-g\u00e9n\u00e9ral Dieng a marqu\u00e9 son magist\u00e8re par de nombreuses r\u00e9alisations en \u00e9quipements, infrastructures, mais surtout en innovations. Entre autres, les pavillons Gor\u00e9e et Teranga, les services de rhumatologie et de dermatologie-v\u00e9n\u00e9r\u00e9ologie, l\u2019unit\u00e9 de n\u00e9phrologie-h\u00e9modialyse ont vu le jour. L\u2019apoth\u00e9ose de sa carri\u00e8re de m\u00e9decin est, dit-il, sa contribution \u00e0 la construction de la polyclinique internationale - un des projets phares du pr\u00e9sident de la R\u00e9publique - qui sera livr\u00e9e dans les prochains mois. Ainsi, il va int\u00e9grer d\u00e9sormais la 2e section des g\u00e9n\u00e9raux.<\/p>\n<p>S\u2019agissant du m\u00e9decin-g\u00e9n\u00e9ral de brigade Fatou Fall, le ministre a rappel\u00e9 qu'en la nommant au grade de g\u00e9n\u00e9ral de brigade, le chef supr\u00eame des arm\u00e9es, ayant seul la pr\u00e9rogative de nommer \u00e0 tous les emplois militaires, en vertu de l\u2019article 45 alin\u00e9a 2 de la Constitution, a \u00e9crit une nouvelle page de l\u2019histoire du S\u00e9n\u00e9gal en faisant d\u2019elle la premi\u00e8re femme \u00e9lev\u00e9e au grade de g\u00e9n\u00e9ral des arm\u00e9es du pays.<\/p>\n<p>Selon lui, son int\u00e9gration de l\u2019\u00c9cole militaire de sant\u00e9, le 2 septembre 1985, et sa nomination de m\u00e9decin-lieutenant en 1992 auguraient d\u00e9j\u00e0 une carri\u00e8re tr\u00e8s prometteuse. \u00ab\u00a0<em>Vous avez connu un parcours fait d\u2019abn\u00e9gation, de t\u00e9nacit\u00e9 et de pers\u00e9v\u00e9rance, qui a forg\u00e9 votre personnalit\u00e9 dans les corps de troupe \u00e0 l\u2019h\u00f4pital de Ouakam, au Centre m\u00e9dical de garnison du groupement de soutien de l\u2019arm\u00e9e de l\u2019air, mais surtout \u00e0 l\u2019occasion de votre d\u00e9ploiement comme m\u00e9decin-chef de l\u2019h\u00f4pital de niveau 2 \u00e0 Harper, au Liberia. L\u2019h\u00f4pital Principal que vous connaissez bien, pour l\u2019avoir int\u00e9gr\u00e9 en 2003, apr\u00e8s plusieurs stages, vous aura permis d\u2019int\u00e9grer le cercle restreint des professeurs agr\u00e9g\u00e9s du Val-de-Gr\u00e2ce en gastroent\u00e9rologie. Au demeurant, avec les qualit\u00e9s qui sont les v\u00f4tres, nul doute que l\u2019h\u00f4pital Principal fera encore un saut quantitatif et qualitatif dans la prise en compte de la sant\u00e9 de nos concitoyens et des h\u00f4tes et amis \u00e9trangers vivant parmi nous<\/em>\u00a0\u00bb, a soutenu le ministre \u00e0 l'endroit de la nouvelle patronne de l'h\u00f4pital Principal de Dakar<\/p>\n<div class='share-to-whatsapp-wrapper'><div class='share-on-whsp'>PARTAGER SUR : <\/div><a data-text='H\u00d4PITAL PRINCIPAL - Les cinq priorit\u00e9s de la nouvelle directrice' data-link='https:\/\/www.nettali.com\/2023\/05\/26\/hopital-principal-les-cinq-priorites-du-medecin-general-de-brigade-fatou-fallla-nouvelle-directrice\/' class='whatsapp-button whatsapp-share'>WhatsApp<\/a><div class='clear '><\/div><\/div>","protected":false},"excerpt":{"rendered":"<p>NETTALI.COM-La nouvelle directrice g\u00e9n\u00e9rale de l'h\u00f4pital Principal de Dakar a \u00e9t\u00e9 install\u00e9e ce jeudi 25 mai 2023 dans ses nouvelles fonctions. Une occasion pour le m\u00e9decin-g\u00e9n\u00e9ral de brigade Fatou Fall de d\u00e9voiler ses cinq objectifs Apr\u00e8s 42 mois \u00e0 la t\u00eate de l'h\u00f4pital Principal de Dakar, le m\u00e9decin-g\u00e9n\u00e9ral de brigade Mame Thierno Dieng a \u00e9t\u00e9 [&hellip;]<\/p>\n","protected":false},"author":6,"featured_media":110709,"comment_status":"open","ping_status":"open","sticky":false,"template":"","format":"standard","meta":{"_et_pb_use_builder":"","_et_pb_old_content":""},"categories":[22],"tags":[],"yoast_head":"<!-- This site is optimized with the Yoast SEO Premium plugin v17.8 (Yoast SEO v17.8) - https:\/\/yoast.com\/wordpress\/plugins\/seo\/ -->\n<title>H\u00d4PITAL PRINCIPAL - Les cinq priorit\u00e9s de la nouvelle directrice | Nettali.com<\/title>\n<meta name=\"robots\" content=\"index, follow, max-snippet:-1, max-image-preview:large, max-video-preview:-1\" \/>\n<link rel=\"canonical\" href=\"https:\/\/www.nettali.com\/2023\/05\/26\/hopital-principal-les-cinq-priorites-du-medecin-general-de-brigade-fatou-fallla-nouvelle-directrice\/\" \/>\n<meta property=\"og:locale\" content=\"fr_FR\" \/>\n<meta property=\"og:type\" content=\"article\" \/>\n<meta property=\"og:title\" content=\"H\u00d4PITAL PRINCIPAL - Les cinq priorit\u00e9s de la nouvelle directrice\" \/>\n<meta property=\"og:description\" content=\"NETTALI.COM-La nouvelle directrice g\u00e9n\u00e9rale de l&#039;h\u00f4pital Principal de Dakar a \u00e9t\u00e9 install\u00e9e ce jeudi 25 mai 2023 dans ses nouvelles fonctions. Une occasion pour le m\u00e9decin-g\u00e9n\u00e9ral de brigade Fatou Fall de d\u00e9voiler ses cinq objectifs Apr\u00e8s 42 mois \u00e0 la t\u00eate de l&#039;h\u00f4pital Principal de Dakar, le m\u00e9decin-g\u00e9n\u00e9ral de brigade Mame Thierno Dieng a \u00e9t\u00e9 [&hellip;]\" \/>\n<meta property=\"og:url\" content=\"https:\/\/www.nettali.com\/2023\/05\/26\/hopital-principal-les-cinq-priorites-du-medecin-general-de-brigade-fatou-fallla-nouvelle-directrice\/\" \/>\n<meta property=\"og:site_name\" content=\"Nettali.com\" \/>\n<meta property=\"article:publisher\" content=\"https:\/\/www.facebook.com\/nettalicom\" \/>\n<meta property=\"article:published_time\" content=\"2023-05-26T16:36:49+00:00\" \/>\n<meta property=\"article:modified_time\" content=\"2023-05-27T04:25:24+00:00\" \/>\n<meta property=\"og:image\" content=\"https:\/\/www.nettali.com\/wp-content\/uploads\/2023\/05\/gf.jpg\" \/>\n\t<meta property=\"og:image:width\" content=\"300\" \/>\n\t<meta property=\"og:image:height\" content=\"168\" \/>\n<meta name=\"twitter:card\" content=\"summary_large_image\" \/>\n<meta name=\"twitter:label1\" content=\"\u00c9crit par\" \/>\n\t<meta name=\"twitter:data1\" content=\"Fatou\" \/>\n\t<meta name=\"twitter:label2\" content=\"Dur\u00e9e de lecture estim\u00e9e\" \/>\n\t<meta name=\"twitter:data2\" content=\"4 minutes\" \/>\n<script type=\"application\/ld+json\" class=\"yoast-schema-graph\">{\"@context\":\"https:\/\/schema.org\",\"@graph\":[{\"@type\":\"WebSite\",\"@id\":\"https:\/\/www.nettali.com\/#website\",\"url\":\"https:\/\/www.nettali.com\/\",\"name\":\"Nettali.com\",\"description\":\"Le rendez-vous critique du Net\",\"potentialAction\":[{\"@type\":\"SearchAction\",\"target\":{\"@type\":\"EntryPoint\",\"urlTemplate\":\"https:\/\/www.nettali.com\/?s={search_term_string}\"},\"query-input\":\"required name=search_term_string\"}],\"inLanguage\":\"fr-FR\"},{\"@type\":\"ImageObject\",\"@id\":\"https:\/\/www.nettali.com\/2023\/05\/26\/hopital-principal-les-cinq-priorites-du-medecin-general-de-brigade-fatou-fallla-nouvelle-directrice\/#primaryimage\",\"inLanguage\":\"fr-FR\",\"url\":\"https:\/\/www.nettali.com\/wp-content\/uploads\/2023\/05\/gf.jpg\",\"contentUrl\":\"https:\/\/www.nettali.com\/wp-content\/uploads\/2023\/05\/gf.jpg\",\"width\":300,\"height\":168},{\"@type\":\"WebPage\",\"@id\":\"https:\/\/www.nettali.com\/2023\/05\/26\/hopital-principal-les-cinq-priorites-du-medecin-general-de-brigade-fatou-fallla-nouvelle-directrice\/#webpage\",\"url\":\"https:\/\/www.nettali.com\/2023\/05\/26\/hopital-principal-les-cinq-priorites-du-medecin-general-de-brigade-fatou-fallla-nouvelle-directrice\/\",\"name\":\"H\\u00d4PITAL PRINCIPAL - Les cinq priorit\\u00e9s de la nouvelle directrice | Nettali.com\",\"isPartOf\":{\"@id\":\"https:\/\/www.nettali.com\/#website\"},\"primaryImageOfPage\":{\"@id\":\"https:\/\/www.nettali.com\/2023\/05\/26\/hopital-principal-les-cinq-priorites-du-medecin-general-de-brigade-fatou-fallla-nouvelle-directrice\/#primaryimage\"},\"datePublished\":\"2023-05-26T16:36:49+00:00\",\"dateModified\":\"2023-05-27T04:25:24+00:00\",\"author\":{\"@id\":\"https:\/\/www.nettali.com\/#\/schema\/person\/418274a86bdf87caff7a3ef476bd0bbf\"},\"breadcrumb\":{\"@id\":\"https:\/\/www.nettali.com\/2023\/05\/26\/hopital-principal-les-cinq-priorites-du-medecin-general-de-brigade-fatou-fallla-nouvelle-directrice\/#breadcrumb\"},\"inLanguage\":\"fr-FR\",\"potentialAction\":[{\"@type\":\"ReadAction\",\"target\":[\"https:\/\/www.nettali.com\/2023\/05\/26\/hopital-principal-les-cinq-priorites-du-medecin-general-de-brigade-fatou-fallla-nouvelle-directrice\/\"]}]},{\"@type\":\"BreadcrumbList\",\"@id\":\"https:\/\/www.nettali.com\/2023\/05\/26\/hopital-principal-les-cinq-priorites-du-medecin-general-de-brigade-fatou-fallla-nouvelle-directrice\/#breadcrumb\",\"itemListElement\":[{\"@type\":\"ListItem\",\"position\":1,\"name\":\"Accueil\",\"item\":\"https:\/\/www.nettali.com\/\"},{\"@type\":\"ListItem\",\"position\":2,\"name\":\"H\\u00d4PITAL PRINCIPAL - Les cinq priorit\\u00e9s de la nouvelle directrice\"}]},{\"@type\":\"Person\",\"@id\":\"https:\/\/www.nettali.com\/#\/schema\/person\/418274a86bdf87caff7a3ef476bd0bbf\",\"name\":\"Fatou\",\"image\":{\"@type\":\"ImageObject\",\"@id\":\"https:\/\/www.nettali.com\/#personlogo\",\"inLanguage\":\"fr-FR\",\"url\":\"https:\/\/secure.gravatar.com\/avatar\/5a9442a2bee7b4dcf167cab035858e9a?s=96&d=mm&r=g\",\"contentUrl\":\"https:\/\/secure.gravatar.com\/avatar\/5a9442a2bee7b4dcf167cab035858e9a?s=96&d=mm&r=g\",\"caption\":\"Fatou\"},\"sameAs\":[\"https:\/\/www.nettali.com\"]}]}<\/script>\n<!-- \/ Yoast SEO Premium plugin. -->","yoast_head_json":{"title":"H\u00d4PITAL PRINCIPAL - Les cinq priorit\u00e9s de la nouvelle directrice | Nettali.com","robots":{"index":"index","follow":"follow","max-snippet":"max-snippet:-1","max-image-preview":"max-image-preview:large","max-video-preview":"max-video-preview:-1"},"canonical":"https:\/\/www.nettali.com\/2023\/05\/26\/hopital-principal-les-cinq-priorites-du-medecin-general-de-brigade-fatou-fallla-nouvelle-directrice\/","og_locale":"fr_FR","og_type":"article","og_title":"H\u00d4PITAL PRINCIPAL - Les cinq priorit\u00e9s de la nouvelle directrice","og_description":"NETTALI.COM-La nouvelle directrice g\u00e9n\u00e9rale de l'h\u00f4pital Principal de Dakar a \u00e9t\u00e9 install\u00e9e ce jeudi 25 mai 2023 dans ses nouvelles fonctions. Une occasion pour le m\u00e9decin-g\u00e9n\u00e9ral de brigade Fatou Fall de d\u00e9voiler ses cinq objectifs Apr\u00e8s 42 mois \u00e0 la t\u00eate de l'h\u00f4pital Principal de Dakar, le m\u00e9decin-g\u00e9n\u00e9ral de brigade Mame Thierno Dieng a \u00e9t\u00e9 [&hellip;]","og_url":"https:\/\/www.nettali.com\/2023\/05\/26\/hopital-principal-les-cinq-priorites-du-medecin-general-de-brigade-fatou-fallla-nouvelle-directrice\/","og_site_name":"Nettali.com","article_publisher":"https:\/\/www.facebook.com\/nettalicom","article_published_time":"2023-05-26T16:36:49+00:00","article_modified_time":"2023-05-27T04:25:24+00:00","og_image":[{"width":300,"height":168,"url":"https:\/\/www.nettali.com\/wp-content\/uploads\/2023\/05\/gf.jpg","type":"image\/jpeg"}],"twitter_card":"summary_large_image","twitter_misc":{"\u00c9crit par":"Fatou","Dur\u00e9e de lecture estim\u00e9e":"4 minutes"},"schema":{"@context":"https:\/\/schema.org","@graph":[{"@type":"WebSite","@id":"https:\/\/www.nettali.com\/#website","url":"https:\/\/www.nettali.com\/","name":"Nettali.com","description":"Le rendez-vous critique du Net","potentialAction":[{"@type":"SearchAction","target":{"@type":"EntryPoint","urlTemplate":"https:\/\/www.nettali.com\/?s={search_term_string}"},"query-input":"required name=search_term_string"}],"inLanguage":"fr-FR"},{"@type":"ImageObject","@id":"https:\/\/www.nettali.com\/2023\/05\/26\/hopital-principal-les-cinq-priorites-du-medecin-general-de-brigade-fatou-fallla-nouvelle-directrice\/#primaryimage","inLanguage":"fr-FR","url":"https:\/\/www.nettali.com\/wp-content\/uploads\/2023\/05\/gf.jpg","contentUrl":"https:\/\/www.nettali.com\/wp-content\/uploads\/2023\/05\/gf.jpg","width":300,"height":168},{"@type":"WebPage","@id":"https:\/\/www.nettali.com\/2023\/05\/26\/hopital-principal-les-cinq-priorites-du-medecin-general-de-brigade-fatou-fallla-nouvelle-directrice\/#webpage","url":"https:\/\/www.nettali.com\/2023\/05\/26\/hopital-principal-les-cinq-priorites-du-medecin-general-de-brigade-fatou-fallla-nouvelle-directrice\/","name":"H\u00d4PITAL PRINCIPAL - Les cinq priorit\u00e9s de la nouvelle directrice | Nettali.com","isPartOf":{"@id":"https:\/\/www.nettali.com\/#website"},"primaryImageOfPage":{"@id":"https:\/\/www.nettali.com\/2023\/05\/26\/hopital-principal-les-cinq-priorites-du-medecin-general-de-brigade-fatou-fallla-nouvelle-directrice\/#primaryimage"},"datePublished":"2023-05-26T16:36:49+00:00","dateModified":"2023-05-27T04:25:24+00:00","author":{"@id":"https:\/\/www.nettali.com\/#\/schema\/person\/418274a86bdf87caff7a3ef476bd0bbf"},"breadcrumb":{"@id":"https:\/\/www.nettali.com\/2023\/05\/26\/hopital-principal-les-cinq-priorites-du-medecin-general-de-brigade-fatou-fallla-nouvelle-directrice\/#breadcrumb"},"inLanguage":"fr-FR","potentialAction":[{"@type":"ReadAction","target":["https:\/\/www.nettali.com\/2023\/05\/26\/hopital-principal-les-cinq-priorites-du-medecin-general-de-brigade-fatou-fallla-nouvelle-directrice\/"]}]},{"@type":"BreadcrumbList","@id":"https:\/\/www.nettali.com\/2023\/05\/26\/hopital-principal-les-cinq-priorites-du-medecin-general-de-brigade-fatou-fallla-nouvelle-directrice\/#breadcrumb","itemListElement":[{"@type":"ListItem","position":1,"name":"Accueil","item":"https:\/\/www.nettali.com\/"},{"@type":"ListItem","position":2,"name":"H\u00d4PITAL PRINCIPAL - Les cinq priorit\u00e9s de la nouvelle directrice"}]},{"@type":"Person","@id":"https:\/\/www.nettali.com\/#\/schema\/person\/418274a86bdf87caff7a3ef476bd0bbf","name":"Fatou","image":{"@type":"ImageObject","@id":"https:\/\/www.nettali.com\/#personlogo","inLanguage":"fr-FR","url":"https:\/\/secure.gravatar.com\/avatar\/5a9442a2bee7b4dcf167cab035858e9a?s=96&d=mm&r=g","contentUrl":"https:\/\/secure.gravatar.com\/avatar\/5a9442a2bee7b4dcf167cab035858e9a?s=96&d=mm&r=g","caption":"Fatou"},"sameAs":["https:\/\/www.nettali.com"]}]}},"_links":{"self":[{"href":"https:\/\/www.nettali.com\/rest\/wp\/v2\/posts\/110705"}],"collection":[{"href":"https:\/\/www.nettali.com\/rest\/wp\/v2\/posts"}],"about":[{"href":"https:\/\/www.nettali.com\/rest\/wp\/v2\/types\/post"}],"author":[{"embeddable":true,"href":"https:\/\/www.nettali.com\/rest\/wp\/v2\/users\/6"}],"replies":[{"embeddable":true,"href":"https:\/\/www.nettali.com\/rest\/wp\/v2\/comments?post=110705"}],"version-history":[{"count":4,"href":"https:\/\/www.nettali.com\/rest\/wp\/v2\/posts\/110705\/revisions"}],"predecessor-version":[{"id":110759,"href":"https:\/\/www.nettali.com\/rest\/wp\/v2\/posts\/110705\/revisions\/110759"}],"wp:featuredmedia":[{"embeddable":true,"href":"https:\/\/www.nettali.com\/rest\/wp\/v2\/media\/110709"}],"wp:attachment":[{"href":"https:\/\/www.nettali.com\/rest\/wp\/v2\/media?parent=110705"}],"wp:term":[{"taxonomy":"category","embeddable":true,"href":"https:\/\/www.nettali.com\/rest\/wp\/v2\/categories?post=110705"},{"taxonomy":"post_tag","embeddable":true,"href":"https:\/\/www.nettali.com\/rest\/wp\/v2\/tags?post=110705"}],"curies":[{"name":"wp","href":"https:\/\/api.w.org\/{rel}","templated":true}]}}