{"id":110625,"date":"2023-05-25T07:44:37","date_gmt":"2023-05-25T07:44:37","guid":{"rendered":"https:\/\/www.nettali.com\/?p=110625"},"modified":"2023-05-25T07:44:37","modified_gmt":"2023-05-25T07:44:37","slug":"en-coulisses-la-f-24-denonce-des-abus-bis","status":"publish","type":"post","link":"https:\/\/www.nettali.com\/2023\/05\/25\/en-coulisses-la-f-24-denonce-des-abus-bis\/","title":{"rendered":"EN COULISSES - La F 24 d\u00e9nonce des abus (bis)"},"content":{"rendered":"<p><strong>NETTALI.COM -<\/strong> Pour rester sur le communiqu\u00e9 de la F 24, notons qu'elle \u201cd\u00e9nonce les perquisitions de domiciles, sans mandat et regrette la banalisation<br \/>\net le caract\u00e8re liberticide des arrestations attest\u00e9s par des chefs d\u2019accusation identiques pour plusieurs personnes vis\u00e9es.\"<\/p>\n<p>\"<em>La F24 rappelle aux autorit\u00e9s que leur responsabilit\u00e9 sera pleinement engag\u00e9e pour les arrestations arbitraires, pour tous les actes prohib\u00e9s par la loi et qui <\/em><em>violent les droits des citoyens<\/em>\u201d.<\/p>\n<p>Face \u00e0 ces d\u00e9rives qui \"<em>menacent la s\u00e9curit\u00e9 des citoyens, la F24 condamne les arrestations et d\u00e9tentions arbitraires de responsables de la soci\u00e9t\u00e9 civile et de l\u2019opposition ; exige la lib\u00e9ration imm\u00e9diate des responsables de la soci\u00e9t\u00e9 civile et des militants politiques arr\u00eat\u00e9s le 22 mai 2023 au-del\u00e0 de 23 h et dont la garde \u00e0 vue n\u2019a pas \u00e9t\u00e9 notifi\u00e9e<\/em>\".<\/p>\n<p>Elle \"<em>demande la lib\u00e9ration des d\u00e9tenus politiques qui n\u2019ont commis d\u2019autres torts que d\u2019exprimer une opinion contraire \u00e0 celle de l\u2019autorit\u00e9 ou de r\u00e9clamer des droits \u00e9l\u00e9mentaires de manifestation et demande \u00e0 l\u2019\u00c9tat de respecter scrupuleusement ses obligations internationales en mati\u00e8re de s\u00e9curit\u00e9 juridique des personnes et de respect des droits humains<\/em>\u201d.<\/p>\n<p>Par ailleurs, elle \"<em>recommande aux autorit\u00e9s administratives et judiciaires d\u2019inscrire leurs actions dans le cadre de l\u2019\u00c9tat de droit<\/em>\"<\/p>\n<div class='share-to-whatsapp-wrapper'><div class='share-on-whsp'>PARTAGER SUR : <\/div><a data-text='EN COULISSES - La F 24 d\u00e9nonce des abus (bis)' data-link='https:\/\/www.nettali.com\/2023\/05\/25\/en-coulisses-la-f-24-denonce-des-abus-bis\/' class='whatsapp-button whatsapp-share'>WhatsApp<\/a><div class='clear '><\/div><\/div>","protected":false},"excerpt":{"rendered":"<p>NETTALI.COM - Pour rester sur le communiqu\u00e9 de la F 24, notons qu'elle \u201cd\u00e9nonce les perquisitions de domiciles, sans mandat et regrette la banalisation et le caract\u00e8re liberticide des arrestations attest\u00e9s par des chefs d\u2019accusation identiques pour plusieurs personnes vis\u00e9es.\" \"La F24 rappelle aux autorit\u00e9s que leur responsabilit\u00e9 sera pleinement engag\u00e9e pour les arrestations arbitraires, [&hellip;]<\/p>\n","protected":false},"author":2,"featured_media":109241,"comment_status":"open","ping_status":"open","sticky":false,"template":"","format":"standard","meta":{"_et_pb_use_builder":"","_et_pb_old_content":""},"categories":[34945],"tags":[],"yoast_head":"<!-- This site is optimized with the Yoast SEO Premium plugin v17.8 (Yoast SEO v17.8) - https:\/\/yoast.com\/wordpress\/plugins\/seo\/ -->\n<title>EN COULISSES - La F 24 d\u00e9nonce des abus (bis) | Nettali.com<\/title>\n<meta name=\"robots\" content=\"index, follow, max-snippet:-1, max-image-preview:large, max-video-preview:-1\" \/>\n<link rel=\"canonical\" href=\"https:\/\/www.nettali.com\/2023\/05\/25\/en-coulisses-la-f-24-denonce-des-abus-bis\/\" \/>\n<meta property=\"og:locale\" content=\"fr_FR\" \/>\n<meta property=\"og:type\" content=\"article\" \/>\n<meta property=\"og:title\" content=\"EN COULISSES - La F 24 d\u00e9nonce des abus (bis)\" \/>\n<meta property=\"og:description\" content=\"NETTALI.COM - Pour rester sur le communiqu\u00e9 de la F 24, notons qu&#039;elle \u201cd\u00e9nonce les perquisitions de domiciles, sans mandat et regrette la banalisation et le caract\u00e8re liberticide des arrestations attest\u00e9s par des chefs d\u2019accusation identiques pour plusieurs personnes vis\u00e9es.&quot; &quot;La F24 rappelle aux autorit\u00e9s que leur responsabilit\u00e9 sera pleinement engag\u00e9e pour les arrestations arbitraires, [&hellip;]\" \/>\n<meta property=\"og:url\" content=\"https:\/\/www.nettali.com\/2023\/05\/25\/en-coulisses-la-f-24-denonce-des-abus-bis\/\" \/>\n<meta property=\"og:site_name\" content=\"Nettali.com\" \/>\n<meta property=\"article:publisher\" content=\"https:\/\/www.facebook.com\/nettalicom\" \/>\n<meta property=\"article:published_time\" content=\"2023-05-25T07:44:37+00:00\" \/>\n<meta property=\"og:image\" content=\"https:\/\/www.nettali.com\/wp-content\/uploads\/2023\/05\/maxresdefault-960x540-1.jpg\" \/>\n\t<meta property=\"og:image:width\" content=\"960\" \/>\n\t<meta property=\"og:image:height\" content=\"540\" \/>\n<meta name=\"twitter:card\" content=\"summary_large_image\" \/>\n<meta name=\"twitter:label1\" content=\"\u00c9crit par\" \/>\n\t<meta name=\"twitter:data1\" content=\"CK\" \/>\n\t<meta name=\"twitter:label2\" content=\"Dur\u00e9e de lecture estim\u00e9e\" \/>\n\t<meta name=\"twitter:data2\" content=\"2 minutes\" \/>\n<script type=\"application\/ld+json\" class=\"yoast-schema-graph\">{\"@context\":\"https:\/\/schema.org\",\"@graph\":[{\"@type\":\"WebSite\",\"@id\":\"https:\/\/www.nettali.com\/#website\",\"url\":\"https:\/\/www.nettali.com\/\",\"name\":\"Nettali.com\",\"description\":\"Le rendez-vous critique du Net\",\"potentialAction\":[{\"@type\":\"SearchAction\",\"target\":{\"@type\":\"EntryPoint\",\"urlTemplate\":\"https:\/\/www.nettali.com\/?s={search_term_string}\"},\"query-input\":\"required name=search_term_string\"}],\"inLanguage\":\"fr-FR\"},{\"@type\":\"ImageObject\",\"@id\":\"https:\/\/www.nettali.com\/2023\/05\/25\/en-coulisses-la-f-24-denonce-des-abus-bis\/#primaryimage\",\"inLanguage\":\"fr-FR\",\"url\":\"https:\/\/www.nettali.com\/wp-content\/uploads\/2023\/05\/maxresdefault-960x540-1.jpg\",\"contentUrl\":\"https:\/\/www.nettali.com\/wp-content\/uploads\/2023\/05\/maxresdefault-960x540-1.jpg\",\"width\":960,\"height\":540},{\"@type\":\"WebPage\",\"@id\":\"https:\/\/www.nettali.com\/2023\/05\/25\/en-coulisses-la-f-24-denonce-des-abus-bis\/#webpage\",\"url\":\"https:\/\/www.nettali.com\/2023\/05\/25\/en-coulisses-la-f-24-denonce-des-abus-bis\/\",\"name\":\"EN COULISSES - La F 24 d\\u00e9nonce des abus (bis) | Nettali.com\",\"isPartOf\":{\"@id\":\"https:\/\/www.nettali.com\/#website\"},\"primaryImageOfPage\":{\"@id\":\"https:\/\/www.nettali.com\/2023\/05\/25\/en-coulisses-la-f-24-denonce-des-abus-bis\/#primaryimage\"},\"datePublished\":\"2023-05-25T07:44:37+00:00\",\"dateModified\":\"2023-05-25T07:44:37+00:00\",\"author\":{\"@id\":\"https:\/\/www.nettali.com\/#\/schema\/person\/d8ac7b7e27ddad43f1c0d2ef090d7f71\"},\"breadcrumb\":{\"@id\":\"https:\/\/www.nettali.com\/2023\/05\/25\/en-coulisses-la-f-24-denonce-des-abus-bis\/#breadcrumb\"},\"inLanguage\":\"fr-FR\",\"potentialAction\":[{\"@type\":\"ReadAction\",\"target\":[\"https:\/\/www.nettali.com\/2023\/05\/25\/en-coulisses-la-f-24-denonce-des-abus-bis\/\"]}]},{\"@type\":\"BreadcrumbList\",\"@id\":\"https:\/\/www.nettali.com\/2023\/05\/25\/en-coulisses-la-f-24-denonce-des-abus-bis\/#breadcrumb\",\"itemListElement\":[{\"@type\":\"ListItem\",\"position\":1,\"name\":\"Accueil\",\"item\":\"https:\/\/www.nettali.com\/\"},{\"@type\":\"ListItem\",\"position\":2,\"name\":\"EN COULISSES - La F 24 d\\u00e9nonce des abus (bis)\"}]},{\"@type\":\"Person\",\"@id\":\"https:\/\/www.nettali.com\/#\/schema\/person\/d8ac7b7e27ddad43f1c0d2ef090d7f71\",\"name\":\"CK\",\"image\":{\"@type\":\"ImageObject\",\"@id\":\"https:\/\/www.nettali.com\/#personlogo\",\"inLanguage\":\"fr-FR\",\"url\":\"https:\/\/secure.gravatar.com\/avatar\/1d8d5118b9327d94da7cd4ce7f17fec2?s=96&d=mm&r=g\",\"contentUrl\":\"https:\/\/secure.gravatar.com\/avatar\/1d8d5118b9327d94da7cd4ce7f17fec2?s=96&d=mm&r=g\",\"caption\":\"CK\"},\"sameAs\":[\"https:\/\/www.nettali.com\"]}]}<\/script>\n<!-- \/ Yoast SEO Premium plugin. -->","yoast_head_json":{"title":"EN COULISSES - La F 24 d\u00e9nonce des abus (bis) | Nettali.com","robots":{"index":"index","follow":"follow","max-snippet":"max-snippet:-1","max-image-preview":"max-image-preview:large","max-video-preview":"max-video-preview:-1"},"canonical":"https:\/\/www.nettali.com\/2023\/05\/25\/en-coulisses-la-f-24-denonce-des-abus-bis\/","og_locale":"fr_FR","og_type":"article","og_title":"EN COULISSES - La F 24 d\u00e9nonce des abus (bis)","og_description":"NETTALI.COM - Pour rester sur le communiqu\u00e9 de la F 24, notons qu'elle \u201cd\u00e9nonce les perquisitions de domiciles, sans mandat et regrette la banalisation et le caract\u00e8re liberticide des arrestations attest\u00e9s par des chefs d\u2019accusation identiques pour plusieurs personnes vis\u00e9es.\" \"La F24 rappelle aux autorit\u00e9s que leur responsabilit\u00e9 sera pleinement engag\u00e9e pour les arrestations arbitraires, [&hellip;]","og_url":"https:\/\/www.nettali.com\/2023\/05\/25\/en-coulisses-la-f-24-denonce-des-abus-bis\/","og_site_name":"Nettali.com","article_publisher":"https:\/\/www.facebook.com\/nettalicom","article_published_time":"2023-05-25T07:44:37+00:00","og_image":[{"width":960,"height":540,"url":"https:\/\/www.nettali.com\/wp-content\/uploads\/2023\/05\/maxresdefault-960x540-1.jpg","type":"image\/jpeg"}],"twitter_card":"summary_large_image","twitter_misc":{"\u00c9crit par":"CK","Dur\u00e9e de lecture estim\u00e9e":"2 minutes"},"schema":{"@context":"https:\/\/schema.org","@graph":[{"@type":"WebSite","@id":"https:\/\/www.nettali.com\/#website","url":"https:\/\/www.nettali.com\/","name":"Nettali.com","description":"Le rendez-vous critique du Net","potentialAction":[{"@type":"SearchAction","target":{"@type":"EntryPoint","urlTemplate":"https:\/\/www.nettali.com\/?s={search_term_string}"},"query-input":"required name=search_term_string"}],"inLanguage":"fr-FR"},{"@type":"ImageObject","@id":"https:\/\/www.nettali.com\/2023\/05\/25\/en-coulisses-la-f-24-denonce-des-abus-bis\/#primaryimage","inLanguage":"fr-FR","url":"https:\/\/www.nettali.com\/wp-content\/uploads\/2023\/05\/maxresdefault-960x540-1.jpg","contentUrl":"https:\/\/www.nettali.com\/wp-content\/uploads\/2023\/05\/maxresdefault-960x540-1.jpg","width":960,"height":540},{"@type":"WebPage","@id":"https:\/\/www.nettali.com\/2023\/05\/25\/en-coulisses-la-f-24-denonce-des-abus-bis\/#webpage","url":"https:\/\/www.nettali.com\/2023\/05\/25\/en-coulisses-la-f-24-denonce-des-abus-bis\/","name":"EN COULISSES - La F 24 d\u00e9nonce des abus (bis) | Nettali.com","isPartOf":{"@id":"https:\/\/www.nettali.com\/#website"},"primaryImageOfPage":{"@id":"https:\/\/www.nettali.com\/2023\/05\/25\/en-coulisses-la-f-24-denonce-des-abus-bis\/#primaryimage"},"datePublished":"2023-05-25T07:44:37+00:00","dateModified":"2023-05-25T07:44:37+00:00","author":{"@id":"https:\/\/www.nettali.com\/#\/schema\/person\/d8ac7b7e27ddad43f1c0d2ef090d7f71"},"breadcrumb":{"@id":"https:\/\/www.nettali.com\/2023\/05\/25\/en-coulisses-la-f-24-denonce-des-abus-bis\/#breadcrumb"},"inLanguage":"fr-FR","potentialAction":[{"@type":"ReadAction","target":["https:\/\/www.nettali.com\/2023\/05\/25\/en-coulisses-la-f-24-denonce-des-abus-bis\/"]}]},{"@type":"BreadcrumbList","@id":"https:\/\/www.nettali.com\/2023\/05\/25\/en-coulisses-la-f-24-denonce-des-abus-bis\/#breadcrumb","itemListElement":[{"@type":"ListItem","position":1,"name":"Accueil","item":"https:\/\/www.nettali.com\/"},{"@type":"ListItem","position":2,"name":"EN COULISSES - La F 24 d\u00e9nonce des abus (bis)"}]},{"@type":"Person","@id":"https:\/\/www.nettali.com\/#\/schema\/person\/d8ac7b7e27ddad43f1c0d2ef090d7f71","name":"CK","image":{"@type":"ImageObject","@id":"https:\/\/www.nettali.com\/#personlogo","inLanguage":"fr-FR","url":"https:\/\/secure.gravatar.com\/avatar\/1d8d5118b9327d94da7cd4ce7f17fec2?s=96&d=mm&r=g","contentUrl":"https:\/\/secure.gravatar.com\/avatar\/1d8d5118b9327d94da7cd4ce7f17fec2?s=96&d=mm&r=g","caption":"CK"},"sameAs":["https:\/\/www.nettali.com"]}]}},"_links":{"self":[{"href":"https:\/\/www.nettali.com\/rest\/wp\/v2\/posts\/110625"}],"collection":[{"href":"https:\/\/www.nettali.com\/rest\/wp\/v2\/posts"}],"about":[{"href":"https:\/\/www.nettali.com\/rest\/wp\/v2\/types\/post"}],"author":[{"embeddable":true,"href":"https:\/\/www.nettali.com\/rest\/wp\/v2\/users\/2"}],"replies":[{"embeddable":true,"href":"https:\/\/www.nettali.com\/rest\/wp\/v2\/comments?post=110625"}],"version-history":[{"count":1,"href":"https:\/\/www.nettali.com\/rest\/wp\/v2\/posts\/110625\/revisions"}],"predecessor-version":[{"id":110626,"href":"https:\/\/www.nettali.com\/rest\/wp\/v2\/posts\/110625\/revisions\/110626"}],"wp:featuredmedia":[{"embeddable":true,"href":"https:\/\/www.nettali.com\/rest\/wp\/v2\/media\/109241"}],"wp:attachment":[{"href":"https:\/\/www.nettali.com\/rest\/wp\/v2\/media?parent=110625"}],"wp:term":[{"taxonomy":"category","embeddable":true,"href":"https:\/\/www.nettali.com\/rest\/wp\/v2\/categories?post=110625"},{"taxonomy":"post_tag","embeddable":true,"href":"https:\/\/www.nettali.com\/rest\/wp\/v2\/tags?post=110625"}],"curies":[{"name":"wp","href":"https:\/\/api.w.org\/{rel}","templated":true}]}}