{"id":110619,"date":"2023-05-24T22:34:54","date_gmt":"2023-05-24T22:34:54","guid":{"rendered":"https:\/\/www.nettali.com\/?p=110619"},"modified":"2023-05-25T07:59:43","modified_gmt":"2023-05-25T07:59:43","slug":"ziguinchor-ousmane-sonko-annonce-son-retour-a-dakar-pour-poursuivre-le-combat","status":"publish","type":"post","link":"https:\/\/www.nettali.com\/2023\/05\/24\/ziguinchor-ousmane-sonko-annonce-son-retour-a-dakar-pour-poursuivre-le-combat\/","title":{"rendered":"ZIGUINCHOR - Ousmane Sonko annonce \u00ab l'ultime combat \u00bb de Dakar"},"content":{"rendered":"<p><strong>NETTALI.COM - L\u2019opposant Ousmane Sonko qui s\u00e9journe \u00e0 Ziguinchor (sud), ville dont il est maire, depuis le 2 mai, a annonc\u00e9 mercredi 24 mai, son retour \u00e0 Dakar dans le but de mener \u00ab l\u2019ultime combat \u00bb.<\/strong><\/p>\n<p>Il en a fait l\u2019annonce en pr\u00e9sence d\u2019un public nombreux et acquis \u00e0 sa cause, rassembl\u00e9 devant son domicile au quartier N\u00e9ma Kadior. Le leader de Pastef (opposition), poursuivi pour viol pr\u00e9sum\u00e9 par Adji Sarr, une employ\u00e9e d\u2019un salon de massage dakarois, est revenu sur son \u00ab\u00a0repli strat\u00e9gique\u00a0\u00bb dans la ville dont il est le maire.<\/p>\n<p><em>\u00ab Nous avons marqu\u00e9 un point important. Nous avons gagn\u00e9 une bataille importante. Si j\u2019\u00e9tais rest\u00e9 \u00e0 Dakar, on n\u2019aurait pas eu cette victoire. On a d\u00e9jou\u00e9 leurs plans. Maintenant, nous allons \u00e0 Dakar pour l\u2019ultime combat \u00bb<\/em>, a lanc\u00e9 Ousmane Sonko devant des militants qui l\u2019ont acclam\u00e9.<\/p>\n<p><em>\u00ab\u00a0Je vais quitter Ziguinchor pour aller terminer le combat \u00e0 Dakar\u00a0\u00bb<\/em>, a lanc\u00e9 le pr\u00e9sident du Pastef.<\/p>\n<p>Il a par ailleurs remerci\u00e9 les jeunes qui se sont \u00e9rig\u00e9s en bouclier humain depuis plusieurs jours devant son domicile pour \u00ab le prot\u00e9ger \u00bb.<\/p>\n<p><em>\u00ab Je vais rentrer \u00e0 Dakar. Je vais partir par la route en faisant un N\u00e9m\u00e9kou tour que je vais nommer +Caravane de la Libert\u00e9+. Je vais partir en sillonnant toutes les villes sur mon passage et je reviendrai ici sans aucune \u00e9gratignure \u00bb<\/em>, a-t-il promis \u00e0 ses militants.<\/p>\n<p>La chambre criminelle du tribunal de Dakar a mis en d\u00e9lib\u00e9r\u00e9 le verdict de son proc\u00e8s pour viol pr\u00e9sum\u00e9 au 1<sup>er<\/sup> juin prochain. Le parquet a requis dix ans de r\u00e9clusion criminelle \u00e0 son encontre lors d\u2019une audience sp\u00e9ciale, qui s\u2019est tenue au tribunal de Dakar. Cette audience sp\u00e9ciale s\u2019est ouverte mardi matin en l\u2019absence du maire de Ziguinchor (sud), qui est accus\u00e9 de viol et de menaces de mort par l\u2019ex-masseuse Adji Sarr. M. Sonko, apr\u00e8s avoir d\u00e9clar\u00e9 qu\u2019il ne coop\u00e9rerait plus avec la justice s\u00e9n\u00e9galaise dans cette affaire, s\u2019est retir\u00e9 depuis plusieurs jours \u00e0 Ziguinchor.<\/p>\n<p>L\u2019audience marathon s\u2019est poursuivie jusqu\u2019\u00e0 mercredi \u00e0 l\u2019aube (vers 3 h 20),\u00a0 dans la salle 4 du palais de justice de Dakar. A la suite des d\u00e9bats qui ont dur\u00e9 pr\u00e8s de dix-huit heures, le procureur a requis dix ans de r\u00e9clusion criminelle contre l\u2019accus\u00e9 Ousmane Sonko pour les faits de viol.<\/p>\n<p>Dans ses r\u00e9quisitions, il a demand\u00e9 que M. Sonko soit condamn\u00e9 \u00e0 cinq ans d\u2019emprisonnement ferme pour corruption de la jeunesse, \u00e0 titre subsidiaire, autrement dit, si les faits de viol ne sont pas retenus contre lui. Le procureur a demand\u00e9 une autre ann\u00e9e d\u2019emprisonnement ferme pour des faits de menaces de mort et a r\u00e9clam\u00e9 que deux millions de francs CFA soient vers\u00e9s par le principal accus\u00e9 en guise d\u2019amende.<\/p>\n<p>A l\u2019encontre de Nd\u00e8ye Khady Ndiaye, la propri\u00e9taire du salon de massage \u2018\u2019Sweet Beaut\u00e9\u2019\u2019 o\u00f9 se seraient pass\u00e9s les faits de viol, le procureur a requis cinq ann\u00e9es d\u2019emprisonnement pour complicit\u00e9 de viol et un an d\u2019emprisonnement ferme pour diffusion d\u2019images obsc\u00e8nes et incitation \u00e0 la d\u00e9bauche.<\/p>\n<p>Le parquet a \u00e9galement r\u00e9clam\u00e9 le versement par Mme Ndiaye de 100.000 francs CFA en guise d\u2019amende. Elle avait \u00e9t\u00e9 inculp\u00e9e d\u2019incitation \u00e0 la d\u00e9bauche dans cette affaire. Les avocats de la partie civile ont r\u00e9clam\u00e9 1,5 milliard de francs CFA pour les dommages et int\u00e9r\u00eats de leur cliente. <em>\u2018\u2019L\u2019accus\u00e9, qui a fui les d\u00e9bats, est un grand manipulateur\u2019\u2019,<\/em> a soutenu le procureur en parlant d\u2019Ousmane Sonko.<\/p>\n<p><strong>\u2018\u2019Contrev\u00e9rit\u00e9s\u2019\u2019<\/strong><\/p>\n<p>L\u2019audience s\u2019est d\u00e9roul\u00e9e sans la pr\u00e9sence de ce dernier, dont les avocats, comme ceux de Nd\u00e8ye Khady Ndiaye, ont boud\u00e9 la salle d\u2019audience apr\u00e8s avoir demand\u00e9 vainement le renvoi du proc\u00e8s. Le minist\u00e8re public d\u00e9clare \u00eatre persuad\u00e9 que les faits racont\u00e9s par la plaignante sont \u2018\u2019constants\u2019\u2019. Les avocats de la partie civile ont insist\u00e9 sur les d\u00e9lits constitu\u00e9s de viol et d\u2019incitation \u00e0 la d\u00e9bauche. Me El Hadji Diouf, l\u2019un d\u2019entre eux, estime que <em>\u2018\u2019c\u2019est un proc\u00e8s qu\u2019on a voulu politiser, alors qu\u2019il s\u2019agit d\u2019une simple infraction de viol\u2019\u2019.<\/em><\/p>\n<p>Me Ousmane Thiam soutient que <em>\u2018\u2019le d\u00e9lit de complicit\u00e9 de viol est largement constitu\u00e9\u2019\u2019<\/em>. Des t\u00e9moignages \u00e0 charge et \u00e0 d\u00e9charge envers les deux pr\u00e9venus \u2013 Nd\u00e8ye Khady Ndiaye et Ousmane Sonko \u2013 ont \u00e9t\u00e9 faits devant la chambre criminelle.<\/p>\n<p>Seynabou Ngom, par exemple, a rapport\u00e9 des faits qui donnent du cr\u00e9dit \u00e0 la th\u00e8se soutenue par Adji Sarr, selon laquelle il y a eu des actes de d\u00e9bauche dans le salon \u2018\u2019Sweet Beaut\u00e9\u2019\u2019.<\/p>\n<p>Nd\u00e8ye Khady Ndiaye a r\u00e9cus\u00e9 ce t\u00e9moin, en estimant que c\u2019est au tribunal qu\u2019elle la rencontre pour la premi\u00e8re fois. L\u2019\u00e9poux de la propri\u00e9taire du salon de massage, comparaissant comme t\u00e9moin, a soutenu le propos de son conjoint. Nd\u00e8ye Fatou S\u00e8ne, qui a employ\u00e9 Adji Sarr dans sa boutique, d\u00e9clare avoir pris la d\u00e9cision de se s\u00e9parer d\u2019elle en raison des \u2018\u2019contrev\u00e9rit\u00e9s\u2019\u2019 relatives \u00e0 la grossesse dont la plaignante lui a fait part \u00e0 la suite de l\u2019accusation de viol. Adji Sarr l\u2019a d\u00e9mentie et a soutenu que Mme S\u00e8ne a fait un t\u00e9moignage \u00e0 d\u00e9charge envers les accus\u00e9s en raison de suppos\u00e9s liens de parent\u00e9 entre elle et Ousmane Sonko.<\/p>\n<p><strong>Une \u2018\u2019faute contre l\u2019honneur\u2019\u2019<\/strong><\/p>\n<p>L\u2019officier de gendarmerie Seydina Oumar Tour\u00e9, le premier \u00e0 avoir auditionn\u00e9 Adji Sarr \u00e0 la suite de sa plainte, a fait un t\u00e9moignage qui disculpe M. Sonko. M. Tour\u00e9, arr\u00eat\u00e9 pendant plusieurs semaines avant d\u2019\u00eatre radi\u00e9 de la gendarmerie pour \u2018\u2019faute contre l\u2019honneur, la probit\u00e9 et les devoirs g\u00e9n\u00e9raux du militaire\u2019\u2019, en lien avec l\u2019enqu\u00eate qu\u2019il a men\u00e9e dans cette affaire, a \u00e9cart\u00e9 la possibilit\u00e9 d\u2019un viol dans les lieux qu\u2019il a visit\u00e9s \u2013 le salon \u2018\u2019Sweet Beaut\u00e9\u2019\u2019 \u2013 en tant qu\u2019enqu\u00eateur. L\u2019affaire judiciaire Ousmane Sonko-Nd\u00e8ye Khady Ndiaye contre Adji Sarr tient en haleine le S\u00e9n\u00e9gal depuis mars 2021. M. Sonko est inculp\u00e9 de viol et plac\u00e9 sous contr\u00f4le judiciaire depuis lors.<\/p>\n<p>Des manifestations survenues \u00e0 la suite de son interpellation dans cette affaire ont engendr\u00e9 la mort d\u2019une quinzaine de personnes et d\u2019importants d\u00e9g\u00e2ts mat\u00e9riels en 2021. Deux personnes ont trouv\u00e9 la mort dans des violences survenues la semaine derni\u00e8re \u00e0 Ziguinchor, en marge de son proc\u00e8s pour viol. Dans une autre affaire judiciaire, Ousmane Sonko a \u00e9t\u00e9 condamn\u00e9, lundi 8 mai, \u00e0 six mois de prison avec sursis par la cour d\u2019appel de Dakar pour diffamation et injure publique \u00e0 l\u2019encontre du ministre du Tourisme et des Loisirs, Mame Mbaye Niang.<\/p>\n<p>La cour d\u2019appel a confirm\u00e9 sa condamnation en premi\u00e8re instance \u00e0 verser des dommages et int\u00e9r\u00eats de 200 millions de francs CFA au plaignant. Si la d\u00e9cision de la cour d\u2019appel est confirm\u00e9e en cassation, le chef de l\u2019opposition deviendra in\u00e9ligible et ne pourra donc pas se pr\u00e9senter \u00e0 l\u2019\u00e9lection pr\u00e9sidentielle du 25 f\u00e9vrier 2024 pour laquelle il s\u2019est d\u00e9clar\u00e9 candidat.<\/p>\n<p>Selon plusieurs m\u00e9dias, il s\u2019est pourvu en cassation en esp\u00e9rant obtenir l\u2019invalidation de la d\u00e9cision de la cour d\u2019appel de Dakar.<\/p>\n<div class='share-to-whatsapp-wrapper'><div class='share-on-whsp'>PARTAGER SUR : <\/div><a data-text='ZIGUINCHOR - Ousmane Sonko annonce \u00ab l'ultime combat \u00bb de Dakar' data-link='https:\/\/www.nettali.com\/2023\/05\/24\/ziguinchor-ousmane-sonko-annonce-son-retour-a-dakar-pour-poursuivre-le-combat\/' class='whatsapp-button whatsapp-share'>WhatsApp<\/a><div class='clear '><\/div><\/div>","protected":false},"excerpt":{"rendered":"<p>NETTALI.COM - L\u2019opposant Ousmane Sonko qui s\u00e9journe \u00e0 Ziguinchor (sud), ville dont il est maire, depuis le 2 mai, a annonc\u00e9 mercredi 24 mai, son retour \u00e0 Dakar dans le but de mener \u00ab l\u2019ultime combat \u00bb. Il en a fait l\u2019annonce en pr\u00e9sence d\u2019un public nombreux et acquis \u00e0 sa cause, rassembl\u00e9 devant son [&hellip;]<\/p>\n","protected":false},"author":4,"featured_media":110620,"comment_status":"open","ping_status":"open","sticky":false,"template":"","format":"standard","meta":{"_et_pb_use_builder":"","_et_pb_old_content":""},"categories":[3],"tags":[],"yoast_head":"<!-- This site is optimized with the Yoast SEO Premium plugin v17.8 (Yoast SEO v17.8) - https:\/\/yoast.com\/wordpress\/plugins\/seo\/ -->\n<title>ZIGUINCHOR - Ousmane Sonko annonce \u00ab l&#039;ultime combat \u00bb de Dakar | Nettali.com<\/title>\n<meta name=\"robots\" content=\"index, follow, max-snippet:-1, max-image-preview:large, max-video-preview:-1\" \/>\n<link rel=\"canonical\" href=\"https:\/\/www.nettali.com\/2023\/05\/24\/ziguinchor-ousmane-sonko-annonce-son-retour-a-dakar-pour-poursuivre-le-combat\/\" \/>\n<meta property=\"og:locale\" content=\"fr_FR\" \/>\n<meta property=\"og:type\" content=\"article\" \/>\n<meta property=\"og:title\" content=\"ZIGUINCHOR - Ousmane Sonko annonce \u00ab l&#039;ultime combat \u00bb de Dakar\" \/>\n<meta property=\"og:description\" content=\"NETTALI.COM - L\u2019opposant Ousmane Sonko qui s\u00e9journe \u00e0 Ziguinchor (sud), ville dont il est maire, depuis le 2 mai, a annonc\u00e9 mercredi 24 mai, son retour \u00e0 Dakar dans le but de mener \u00ab l\u2019ultime combat \u00bb. Il en a fait l\u2019annonce en pr\u00e9sence d\u2019un public nombreux et acquis \u00e0 sa cause, rassembl\u00e9 devant son [&hellip;]\" \/>\n<meta property=\"og:url\" content=\"https:\/\/www.nettali.com\/2023\/05\/24\/ziguinchor-ousmane-sonko-annonce-son-retour-a-dakar-pour-poursuivre-le-combat\/\" \/>\n<meta property=\"og:site_name\" content=\"Nettali.com\" \/>\n<meta property=\"article:publisher\" content=\"https:\/\/www.facebook.com\/nettalicom\" \/>\n<meta property=\"article:published_time\" content=\"2023-05-24T22:34:54+00:00\" \/>\n<meta property=\"article:modified_time\" content=\"2023-05-25T07:59:43+00:00\" \/>\n<meta property=\"og:image\" content=\"https:\/\/www.nettali.com\/wp-content\/uploads\/2023\/05\/Sonko-2.jpeg\" \/>\n\t<meta property=\"og:image:width\" content=\"660\" \/>\n\t<meta property=\"og:image:height\" content=\"287\" \/>\n<meta name=\"twitter:card\" content=\"summary_large_image\" \/>\n<meta name=\"twitter:label1\" content=\"\u00c9crit par\" \/>\n\t<meta name=\"twitter:data1\" content=\"Daouda\" \/>\n\t<meta name=\"twitter:label2\" content=\"Dur\u00e9e de lecture estim\u00e9e\" \/>\n\t<meta name=\"twitter:data2\" content=\"6 minutes\" \/>\n<script type=\"application\/ld+json\" class=\"yoast-schema-graph\">{\"@context\":\"https:\/\/schema.org\",\"@graph\":[{\"@type\":\"WebSite\",\"@id\":\"https:\/\/www.nettali.com\/#website\",\"url\":\"https:\/\/www.nettali.com\/\",\"name\":\"Nettali.com\",\"description\":\"Le rendez-vous critique du Net\",\"potentialAction\":[{\"@type\":\"SearchAction\",\"target\":{\"@type\":\"EntryPoint\",\"urlTemplate\":\"https:\/\/www.nettali.com\/?s={search_term_string}\"},\"query-input\":\"required name=search_term_string\"}],\"inLanguage\":\"fr-FR\"},{\"@type\":\"ImageObject\",\"@id\":\"https:\/\/www.nettali.com\/2023\/05\/24\/ziguinchor-ousmane-sonko-annonce-son-retour-a-dakar-pour-poursuivre-le-combat\/#primaryimage\",\"inLanguage\":\"fr-FR\",\"url\":\"https:\/\/www.nettali.com\/wp-content\/uploads\/2023\/05\/Sonko-2.jpeg\",\"contentUrl\":\"https:\/\/www.nettali.com\/wp-content\/uploads\/2023\/05\/Sonko-2.jpeg\",\"width\":660,\"height\":287},{\"@type\":\"WebPage\",\"@id\":\"https:\/\/www.nettali.com\/2023\/05\/24\/ziguinchor-ousmane-sonko-annonce-son-retour-a-dakar-pour-poursuivre-le-combat\/#webpage\",\"url\":\"https:\/\/www.nettali.com\/2023\/05\/24\/ziguinchor-ousmane-sonko-annonce-son-retour-a-dakar-pour-poursuivre-le-combat\/\",\"name\":\"ZIGUINCHOR - Ousmane Sonko annonce \\u00ab l'ultime combat \\u00bb de Dakar | Nettali.com\",\"isPartOf\":{\"@id\":\"https:\/\/www.nettali.com\/#website\"},\"primaryImageOfPage\":{\"@id\":\"https:\/\/www.nettali.com\/2023\/05\/24\/ziguinchor-ousmane-sonko-annonce-son-retour-a-dakar-pour-poursuivre-le-combat\/#primaryimage\"},\"datePublished\":\"2023-05-24T22:34:54+00:00\",\"dateModified\":\"2023-05-25T07:59:43+00:00\",\"author\":{\"@id\":\"https:\/\/www.nettali.com\/#\/schema\/person\/3317e0bb3aa1da309fbf7b2780901bf4\"},\"breadcrumb\":{\"@id\":\"https:\/\/www.nettali.com\/2023\/05\/24\/ziguinchor-ousmane-sonko-annonce-son-retour-a-dakar-pour-poursuivre-le-combat\/#breadcrumb\"},\"inLanguage\":\"fr-FR\",\"potentialAction\":[{\"@type\":\"ReadAction\",\"target\":[\"https:\/\/www.nettali.com\/2023\/05\/24\/ziguinchor-ousmane-sonko-annonce-son-retour-a-dakar-pour-poursuivre-le-combat\/\"]}]},{\"@type\":\"BreadcrumbList\",\"@id\":\"https:\/\/www.nettali.com\/2023\/05\/24\/ziguinchor-ousmane-sonko-annonce-son-retour-a-dakar-pour-poursuivre-le-combat\/#breadcrumb\",\"itemListElement\":[{\"@type\":\"ListItem\",\"position\":1,\"name\":\"Accueil\",\"item\":\"https:\/\/www.nettali.com\/\"},{\"@type\":\"ListItem\",\"position\":2,\"name\":\"ZIGUINCHOR - Ousmane Sonko annonce \\u00ab l'ultime combat \\u00bb de Dakar\"}]},{\"@type\":\"Person\",\"@id\":\"https:\/\/www.nettali.com\/#\/schema\/person\/3317e0bb3aa1da309fbf7b2780901bf4\",\"name\":\"Daouda\",\"image\":{\"@type\":\"ImageObject\",\"@id\":\"https:\/\/www.nettali.com\/#personlogo\",\"inLanguage\":\"fr-FR\",\"url\":\"https:\/\/secure.gravatar.com\/avatar\/8d143b5a49345098ddcfee1c49c2f47c?s=96&d=mm&r=g\",\"contentUrl\":\"https:\/\/secure.gravatar.com\/avatar\/8d143b5a49345098ddcfee1c49c2f47c?s=96&d=mm&r=g\",\"caption\":\"Daouda\"},\"sameAs\":[\"https:\/\/www.nettali.com\"]}]}<\/script>\n<!-- \/ Yoast SEO Premium plugin. -->","yoast_head_json":{"title":"ZIGUINCHOR - Ousmane Sonko annonce \u00ab l'ultime combat \u00bb de Dakar | Nettali.com","robots":{"index":"index","follow":"follow","max-snippet":"max-snippet:-1","max-image-preview":"max-image-preview:large","max-video-preview":"max-video-preview:-1"},"canonical":"https:\/\/www.nettali.com\/2023\/05\/24\/ziguinchor-ousmane-sonko-annonce-son-retour-a-dakar-pour-poursuivre-le-combat\/","og_locale":"fr_FR","og_type":"article","og_title":"ZIGUINCHOR - Ousmane Sonko annonce \u00ab l'ultime combat \u00bb de Dakar","og_description":"NETTALI.COM - L\u2019opposant Ousmane Sonko qui s\u00e9journe \u00e0 Ziguinchor (sud), ville dont il est maire, depuis le 2 mai, a annonc\u00e9 mercredi 24 mai, son retour \u00e0 Dakar dans le but de mener \u00ab l\u2019ultime combat \u00bb. Il en a fait l\u2019annonce en pr\u00e9sence d\u2019un public nombreux et acquis \u00e0 sa cause, rassembl\u00e9 devant son [&hellip;]","og_url":"https:\/\/www.nettali.com\/2023\/05\/24\/ziguinchor-ousmane-sonko-annonce-son-retour-a-dakar-pour-poursuivre-le-combat\/","og_site_name":"Nettali.com","article_publisher":"https:\/\/www.facebook.com\/nettalicom","article_published_time":"2023-05-24T22:34:54+00:00","article_modified_time":"2023-05-25T07:59:43+00:00","og_image":[{"width":660,"height":287,"url":"https:\/\/www.nettali.com\/wp-content\/uploads\/2023\/05\/Sonko-2.jpeg","type":"image\/jpeg"}],"twitter_card":"summary_large_image","twitter_misc":{"\u00c9crit par":"Daouda","Dur\u00e9e de lecture estim\u00e9e":"6 minutes"},"schema":{"@context":"https:\/\/schema.org","@graph":[{"@type":"WebSite","@id":"https:\/\/www.nettali.com\/#website","url":"https:\/\/www.nettali.com\/","name":"Nettali.com","description":"Le rendez-vous critique du Net","potentialAction":[{"@type":"SearchAction","target":{"@type":"EntryPoint","urlTemplate":"https:\/\/www.nettali.com\/?s={search_term_string}"},"query-input":"required name=search_term_string"}],"inLanguage":"fr-FR"},{"@type":"ImageObject","@id":"https:\/\/www.nettali.com\/2023\/05\/24\/ziguinchor-ousmane-sonko-annonce-son-retour-a-dakar-pour-poursuivre-le-combat\/#primaryimage","inLanguage":"fr-FR","url":"https:\/\/www.nettali.com\/wp-content\/uploads\/2023\/05\/Sonko-2.jpeg","contentUrl":"https:\/\/www.nettali.com\/wp-content\/uploads\/2023\/05\/Sonko-2.jpeg","width":660,"height":287},{"@type":"WebPage","@id":"https:\/\/www.nettali.com\/2023\/05\/24\/ziguinchor-ousmane-sonko-annonce-son-retour-a-dakar-pour-poursuivre-le-combat\/#webpage","url":"https:\/\/www.nettali.com\/2023\/05\/24\/ziguinchor-ousmane-sonko-annonce-son-retour-a-dakar-pour-poursuivre-le-combat\/","name":"ZIGUINCHOR - Ousmane Sonko annonce \u00ab l'ultime combat \u00bb de Dakar | Nettali.com","isPartOf":{"@id":"https:\/\/www.nettali.com\/#website"},"primaryImageOfPage":{"@id":"https:\/\/www.nettali.com\/2023\/05\/24\/ziguinchor-ousmane-sonko-annonce-son-retour-a-dakar-pour-poursuivre-le-combat\/#primaryimage"},"datePublished":"2023-05-24T22:34:54+00:00","dateModified":"2023-05-25T07:59:43+00:00","author":{"@id":"https:\/\/www.nettali.com\/#\/schema\/person\/3317e0bb3aa1da309fbf7b2780901bf4"},"breadcrumb":{"@id":"https:\/\/www.nettali.com\/2023\/05\/24\/ziguinchor-ousmane-sonko-annonce-son-retour-a-dakar-pour-poursuivre-le-combat\/#breadcrumb"},"inLanguage":"fr-FR","potentialAction":[{"@type":"ReadAction","target":["https:\/\/www.nettali.com\/2023\/05\/24\/ziguinchor-ousmane-sonko-annonce-son-retour-a-dakar-pour-poursuivre-le-combat\/"]}]},{"@type":"BreadcrumbList","@id":"https:\/\/www.nettali.com\/2023\/05\/24\/ziguinchor-ousmane-sonko-annonce-son-retour-a-dakar-pour-poursuivre-le-combat\/#breadcrumb","itemListElement":[{"@type":"ListItem","position":1,"name":"Accueil","item":"https:\/\/www.nettali.com\/"},{"@type":"ListItem","position":2,"name":"ZIGUINCHOR - Ousmane Sonko annonce \u00ab l'ultime combat \u00bb de Dakar"}]},{"@type":"Person","@id":"https:\/\/www.nettali.com\/#\/schema\/person\/3317e0bb3aa1da309fbf7b2780901bf4","name":"Daouda","image":{"@type":"ImageObject","@id":"https:\/\/www.nettali.com\/#personlogo","inLanguage":"fr-FR","url":"https:\/\/secure.gravatar.com\/avatar\/8d143b5a49345098ddcfee1c49c2f47c?s=96&d=mm&r=g","contentUrl":"https:\/\/secure.gravatar.com\/avatar\/8d143b5a49345098ddcfee1c49c2f47c?s=96&d=mm&r=g","caption":"Daouda"},"sameAs":["https:\/\/www.nettali.com"]}]}},"_links":{"self":[{"href":"https:\/\/www.nettali.com\/rest\/wp\/v2\/posts\/110619"}],"collection":[{"href":"https:\/\/www.nettali.com\/rest\/wp\/v2\/posts"}],"about":[{"href":"https:\/\/www.nettali.com\/rest\/wp\/v2\/types\/post"}],"author":[{"embeddable":true,"href":"https:\/\/www.nettali.com\/rest\/wp\/v2\/users\/4"}],"replies":[{"embeddable":true,"href":"https:\/\/www.nettali.com\/rest\/wp\/v2\/comments?post=110619"}],"version-history":[{"count":4,"href":"https:\/\/www.nettali.com\/rest\/wp\/v2\/posts\/110619\/revisions"}],"predecessor-version":[{"id":110629,"href":"https:\/\/www.nettali.com\/rest\/wp\/v2\/posts\/110619\/revisions\/110629"}],"wp:featuredmedia":[{"embeddable":true,"href":"https:\/\/www.nettali.com\/rest\/wp\/v2\/media\/110620"}],"wp:attachment":[{"href":"https:\/\/www.nettali.com\/rest\/wp\/v2\/media?parent=110619"}],"wp:term":[{"taxonomy":"category","embeddable":true,"href":"https:\/\/www.nettali.com\/rest\/wp\/v2\/categories?post=110619"},{"taxonomy":"post_tag","embeddable":true,"href":"https:\/\/www.nettali.com\/rest\/wp\/v2\/tags?post=110619"}],"curies":[{"name":"wp","href":"https:\/\/api.w.org\/{rel}","templated":true}]}}