{"id":110593,"date":"2023-05-24T18:52:41","date_gmt":"2023-05-24T18:52:41","guid":{"rendered":"https:\/\/www.nettali.com\/?p=110593"},"modified":"2023-05-24T18:54:03","modified_gmt":"2023-05-24T18:54:03","slug":"en-coulisses-serigne-saliou-gueye-place-en-garde-a-vue","status":"publish","type":"post","link":"https:\/\/www.nettali.com\/2023\/05\/24\/en-coulisses-serigne-saliou-gueye-place-en-garde-a-vue\/","title":{"rendered":"EN COULISSES - Serigne Saliou Gu\u00e8ye plac\u00e9 en garde \u00e0 vue"},"content":{"rendered":"<p><strong>NETTALI.COM - Le journaliste Serigne Saliou Gueye, qui faisait face aux enqu\u00eateurs de la S\u00fbret\u00e9 urbaine ce mardi 24 mai, a fini par \u00eatre plac\u00e9 en position de garde \u00e0 vue.<\/strong><\/p>\n<p>Les charges retenus contre le Directeur de publication de Yorr-Yorr sont : l'usurpation de fonction de journaliste (ils estiment qu\u2019il n\u2019a pas encore sa carte nationale de presse donc n\u2019est pas journaliste) et outrage \u00e0 magistrat.<\/p>\n<p>Rappelons que Serigne Saliou Gu\u00e8ye est le quatri\u00e8me journaliste qui se retrouve actuellement en d\u00e9tention apr\u00e8s Pape Ndiaye de Walfadjri, Maty Niang de Kewoulo et Modou Ndiaye de Bambey TV.<\/p>\n<div class='share-to-whatsapp-wrapper'><div class='share-on-whsp'>PARTAGER SUR : <\/div><a data-text='EN COULISSES - Serigne Saliou Gu\u00e8ye plac\u00e9 en garde \u00e0 vue' data-link='https:\/\/www.nettali.com\/2023\/05\/24\/en-coulisses-serigne-saliou-gueye-place-en-garde-a-vue\/' class='whatsapp-button whatsapp-share'>WhatsApp<\/a><div class='clear '><\/div><\/div>","protected":false},"excerpt":{"rendered":"<p>NETTALI.COM - Le journaliste Serigne Saliou Gueye, qui faisait face aux enqu\u00eateurs de la S\u00fbret\u00e9 urbaine ce mardi 24 mai, a fini par \u00eatre plac\u00e9 en position de garde \u00e0 vue. Les charges retenus contre le Directeur de publication de Yorr-Yorr sont : l'usurpation de fonction de journaliste (ils estiment qu\u2019il n\u2019a pas encore sa [&hellip;]<\/p>\n","protected":false},"author":5,"featured_media":110594,"comment_status":"open","ping_status":"open","sticky":false,"template":"","format":"standard","meta":{"_et_pb_use_builder":"","_et_pb_old_content":""},"categories":[34945],"tags":[],"yoast_head":"<!-- This site is optimized with the Yoast SEO Premium plugin v17.8 (Yoast SEO v17.8) - https:\/\/yoast.com\/wordpress\/plugins\/seo\/ -->\n<title>EN COULISSES - Serigne Saliou Gu\u00e8ye plac\u00e9 en garde \u00e0 vue | Nettali.com<\/title>\n<meta name=\"robots\" content=\"index, follow, max-snippet:-1, max-image-preview:large, max-video-preview:-1\" \/>\n<link rel=\"canonical\" href=\"https:\/\/www.nettali.com\/2023\/05\/24\/en-coulisses-serigne-saliou-gueye-place-en-garde-a-vue\/\" \/>\n<meta property=\"og:locale\" content=\"fr_FR\" \/>\n<meta property=\"og:type\" content=\"article\" \/>\n<meta property=\"og:title\" content=\"EN COULISSES - Serigne Saliou Gu\u00e8ye plac\u00e9 en garde \u00e0 vue\" \/>\n<meta property=\"og:description\" content=\"NETTALI.COM - Le journaliste Serigne Saliou Gueye, qui faisait face aux enqu\u00eateurs de la S\u00fbret\u00e9 urbaine ce mardi 24 mai, a fini par \u00eatre plac\u00e9 en position de garde \u00e0 vue. Les charges retenus contre le Directeur de publication de Yorr-Yorr sont : l&#039;usurpation de fonction de journaliste (ils estiment qu\u2019il n\u2019a pas encore sa [&hellip;]\" \/>\n<meta property=\"og:url\" content=\"https:\/\/www.nettali.com\/2023\/05\/24\/en-coulisses-serigne-saliou-gueye-place-en-garde-a-vue\/\" \/>\n<meta property=\"og:site_name\" content=\"Nettali.com\" \/>\n<meta property=\"article:publisher\" content=\"https:\/\/www.facebook.com\/nettalicom\" \/>\n<meta property=\"article:published_time\" content=\"2023-05-24T18:52:41+00:00\" \/>\n<meta property=\"article:modified_time\" content=\"2023-05-24T18:54:03+00:00\" \/>\n<meta property=\"og:image\" content=\"https:\/\/www.nettali.com\/wp-content\/uploads\/2023\/05\/serigne-saliou-gueye-garde-a-vue.jpg\" \/>\n\t<meta property=\"og:image:width\" content=\"600\" \/>\n\t<meta property=\"og:image:height\" content=\"369\" \/>\n<meta name=\"twitter:card\" content=\"summary_large_image\" \/>\n<meta name=\"twitter:label1\" content=\"\u00c9crit par\" \/>\n\t<meta name=\"twitter:data1\" content=\"Ibrahima\" \/>\n\t<meta name=\"twitter:label2\" content=\"Dur\u00e9e de lecture estim\u00e9e\" \/>\n\t<meta name=\"twitter:data2\" content=\"1 minute\" \/>\n<script type=\"application\/ld+json\" class=\"yoast-schema-graph\">{\"@context\":\"https:\/\/schema.org\",\"@graph\":[{\"@type\":\"WebSite\",\"@id\":\"https:\/\/www.nettali.com\/#website\",\"url\":\"https:\/\/www.nettali.com\/\",\"name\":\"Nettali.com\",\"description\":\"Le rendez-vous critique du Net\",\"potentialAction\":[{\"@type\":\"SearchAction\",\"target\":{\"@type\":\"EntryPoint\",\"urlTemplate\":\"https:\/\/www.nettali.com\/?s={search_term_string}\"},\"query-input\":\"required name=search_term_string\"}],\"inLanguage\":\"fr-FR\"},{\"@type\":\"ImageObject\",\"@id\":\"https:\/\/www.nettali.com\/2023\/05\/24\/en-coulisses-serigne-saliou-gueye-place-en-garde-a-vue\/#primaryimage\",\"inLanguage\":\"fr-FR\",\"url\":\"https:\/\/www.nettali.com\/wp-content\/uploads\/2023\/05\/serigne-saliou-gueye-garde-a-vue.jpg\",\"contentUrl\":\"https:\/\/www.nettali.com\/wp-content\/uploads\/2023\/05\/serigne-saliou-gueye-garde-a-vue.jpg\",\"width\":600,\"height\":369},{\"@type\":\"WebPage\",\"@id\":\"https:\/\/www.nettali.com\/2023\/05\/24\/en-coulisses-serigne-saliou-gueye-place-en-garde-a-vue\/#webpage\",\"url\":\"https:\/\/www.nettali.com\/2023\/05\/24\/en-coulisses-serigne-saliou-gueye-place-en-garde-a-vue\/\",\"name\":\"EN COULISSES - Serigne Saliou Gu\\u00e8ye plac\\u00e9 en garde \\u00e0 vue | Nettali.com\",\"isPartOf\":{\"@id\":\"https:\/\/www.nettali.com\/#website\"},\"primaryImageOfPage\":{\"@id\":\"https:\/\/www.nettali.com\/2023\/05\/24\/en-coulisses-serigne-saliou-gueye-place-en-garde-a-vue\/#primaryimage\"},\"datePublished\":\"2023-05-24T18:52:41+00:00\",\"dateModified\":\"2023-05-24T18:54:03+00:00\",\"author\":{\"@id\":\"https:\/\/www.nettali.com\/#\/schema\/person\/bb147657c2986240405a608162b9bb23\"},\"breadcrumb\":{\"@id\":\"https:\/\/www.nettali.com\/2023\/05\/24\/en-coulisses-serigne-saliou-gueye-place-en-garde-a-vue\/#breadcrumb\"},\"inLanguage\":\"fr-FR\",\"potentialAction\":[{\"@type\":\"ReadAction\",\"target\":[\"https:\/\/www.nettali.com\/2023\/05\/24\/en-coulisses-serigne-saliou-gueye-place-en-garde-a-vue\/\"]}]},{\"@type\":\"BreadcrumbList\",\"@id\":\"https:\/\/www.nettali.com\/2023\/05\/24\/en-coulisses-serigne-saliou-gueye-place-en-garde-a-vue\/#breadcrumb\",\"itemListElement\":[{\"@type\":\"ListItem\",\"position\":1,\"name\":\"Accueil\",\"item\":\"https:\/\/www.nettali.com\/\"},{\"@type\":\"ListItem\",\"position\":2,\"name\":\"EN COULISSES - Serigne Saliou Gu\\u00e8ye plac\\u00e9 en garde \\u00e0 vue\"}]},{\"@type\":\"Person\",\"@id\":\"https:\/\/www.nettali.com\/#\/schema\/person\/bb147657c2986240405a608162b9bb23\",\"name\":\"Ibrahima\",\"image\":{\"@type\":\"ImageObject\",\"@id\":\"https:\/\/www.nettali.com\/#personlogo\",\"inLanguage\":\"fr-FR\",\"url\":\"https:\/\/secure.gravatar.com\/avatar\/26a8a81f09f0dd7624c9d5c36c9ba3a2?s=96&d=mm&r=g\",\"contentUrl\":\"https:\/\/secure.gravatar.com\/avatar\/26a8a81f09f0dd7624c9d5c36c9ba3a2?s=96&d=mm&r=g\",\"caption\":\"Ibrahima\"},\"sameAs\":[\"https:\/\/www.nettali.com\"]}]}<\/script>\n<!-- \/ Yoast SEO Premium plugin. -->","yoast_head_json":{"title":"EN COULISSES - Serigne Saliou Gu\u00e8ye plac\u00e9 en garde \u00e0 vue | Nettali.com","robots":{"index":"index","follow":"follow","max-snippet":"max-snippet:-1","max-image-preview":"max-image-preview:large","max-video-preview":"max-video-preview:-1"},"canonical":"https:\/\/www.nettali.com\/2023\/05\/24\/en-coulisses-serigne-saliou-gueye-place-en-garde-a-vue\/","og_locale":"fr_FR","og_type":"article","og_title":"EN COULISSES - Serigne Saliou Gu\u00e8ye plac\u00e9 en garde \u00e0 vue","og_description":"NETTALI.COM - Le journaliste Serigne Saliou Gueye, qui faisait face aux enqu\u00eateurs de la S\u00fbret\u00e9 urbaine ce mardi 24 mai, a fini par \u00eatre plac\u00e9 en position de garde \u00e0 vue. Les charges retenus contre le Directeur de publication de Yorr-Yorr sont : l'usurpation de fonction de journaliste (ils estiment qu\u2019il n\u2019a pas encore sa [&hellip;]","og_url":"https:\/\/www.nettali.com\/2023\/05\/24\/en-coulisses-serigne-saliou-gueye-place-en-garde-a-vue\/","og_site_name":"Nettali.com","article_publisher":"https:\/\/www.facebook.com\/nettalicom","article_published_time":"2023-05-24T18:52:41+00:00","article_modified_time":"2023-05-24T18:54:03+00:00","og_image":[{"width":600,"height":369,"url":"https:\/\/www.nettali.com\/wp-content\/uploads\/2023\/05\/serigne-saliou-gueye-garde-a-vue.jpg","type":"image\/jpeg"}],"twitter_card":"summary_large_image","twitter_misc":{"\u00c9crit par":"Ibrahima","Dur\u00e9e de lecture estim\u00e9e":"1 minute"},"schema":{"@context":"https:\/\/schema.org","@graph":[{"@type":"WebSite","@id":"https:\/\/www.nettali.com\/#website","url":"https:\/\/www.nettali.com\/","name":"Nettali.com","description":"Le rendez-vous critique du Net","potentialAction":[{"@type":"SearchAction","target":{"@type":"EntryPoint","urlTemplate":"https:\/\/www.nettali.com\/?s={search_term_string}"},"query-input":"required name=search_term_string"}],"inLanguage":"fr-FR"},{"@type":"ImageObject","@id":"https:\/\/www.nettali.com\/2023\/05\/24\/en-coulisses-serigne-saliou-gueye-place-en-garde-a-vue\/#primaryimage","inLanguage":"fr-FR","url":"https:\/\/www.nettali.com\/wp-content\/uploads\/2023\/05\/serigne-saliou-gueye-garde-a-vue.jpg","contentUrl":"https:\/\/www.nettali.com\/wp-content\/uploads\/2023\/05\/serigne-saliou-gueye-garde-a-vue.jpg","width":600,"height":369},{"@type":"WebPage","@id":"https:\/\/www.nettali.com\/2023\/05\/24\/en-coulisses-serigne-saliou-gueye-place-en-garde-a-vue\/#webpage","url":"https:\/\/www.nettali.com\/2023\/05\/24\/en-coulisses-serigne-saliou-gueye-place-en-garde-a-vue\/","name":"EN COULISSES - Serigne Saliou Gu\u00e8ye plac\u00e9 en garde \u00e0 vue | Nettali.com","isPartOf":{"@id":"https:\/\/www.nettali.com\/#website"},"primaryImageOfPage":{"@id":"https:\/\/www.nettali.com\/2023\/05\/24\/en-coulisses-serigne-saliou-gueye-place-en-garde-a-vue\/#primaryimage"},"datePublished":"2023-05-24T18:52:41+00:00","dateModified":"2023-05-24T18:54:03+00:00","author":{"@id":"https:\/\/www.nettali.com\/#\/schema\/person\/bb147657c2986240405a608162b9bb23"},"breadcrumb":{"@id":"https:\/\/www.nettali.com\/2023\/05\/24\/en-coulisses-serigne-saliou-gueye-place-en-garde-a-vue\/#breadcrumb"},"inLanguage":"fr-FR","potentialAction":[{"@type":"ReadAction","target":["https:\/\/www.nettali.com\/2023\/05\/24\/en-coulisses-serigne-saliou-gueye-place-en-garde-a-vue\/"]}]},{"@type":"BreadcrumbList","@id":"https:\/\/www.nettali.com\/2023\/05\/24\/en-coulisses-serigne-saliou-gueye-place-en-garde-a-vue\/#breadcrumb","itemListElement":[{"@type":"ListItem","position":1,"name":"Accueil","item":"https:\/\/www.nettali.com\/"},{"@type":"ListItem","position":2,"name":"EN COULISSES - Serigne Saliou Gu\u00e8ye plac\u00e9 en garde \u00e0 vue"}]},{"@type":"Person","@id":"https:\/\/www.nettali.com\/#\/schema\/person\/bb147657c2986240405a608162b9bb23","name":"Ibrahima","image":{"@type":"ImageObject","@id":"https:\/\/www.nettali.com\/#personlogo","inLanguage":"fr-FR","url":"https:\/\/secure.gravatar.com\/avatar\/26a8a81f09f0dd7624c9d5c36c9ba3a2?s=96&d=mm&r=g","contentUrl":"https:\/\/secure.gravatar.com\/avatar\/26a8a81f09f0dd7624c9d5c36c9ba3a2?s=96&d=mm&r=g","caption":"Ibrahima"},"sameAs":["https:\/\/www.nettali.com"]}]}},"_links":{"self":[{"href":"https:\/\/www.nettali.com\/rest\/wp\/v2\/posts\/110593"}],"collection":[{"href":"https:\/\/www.nettali.com\/rest\/wp\/v2\/posts"}],"about":[{"href":"https:\/\/www.nettali.com\/rest\/wp\/v2\/types\/post"}],"author":[{"embeddable":true,"href":"https:\/\/www.nettali.com\/rest\/wp\/v2\/users\/5"}],"replies":[{"embeddable":true,"href":"https:\/\/www.nettali.com\/rest\/wp\/v2\/comments?post=110593"}],"version-history":[{"count":1,"href":"https:\/\/www.nettali.com\/rest\/wp\/v2\/posts\/110593\/revisions"}],"predecessor-version":[{"id":110595,"href":"https:\/\/www.nettali.com\/rest\/wp\/v2\/posts\/110593\/revisions\/110595"}],"wp:featuredmedia":[{"embeddable":true,"href":"https:\/\/www.nettali.com\/rest\/wp\/v2\/media\/110594"}],"wp:attachment":[{"href":"https:\/\/www.nettali.com\/rest\/wp\/v2\/media?parent=110593"}],"wp:term":[{"taxonomy":"category","embeddable":true,"href":"https:\/\/www.nettali.com\/rest\/wp\/v2\/categories?post=110593"},{"taxonomy":"post_tag","embeddable":true,"href":"https:\/\/www.nettali.com\/rest\/wp\/v2\/tags?post=110593"}],"curies":[{"name":"wp","href":"https:\/\/api.w.org\/{rel}","templated":true}]}}