{"id":110511,"date":"2023-05-23T14:43:54","date_gmt":"2023-05-23T14:43:54","guid":{"rendered":"https:\/\/www.nettali.com\/?p=110511"},"modified":"2023-05-23T21:02:23","modified_gmt":"2023-05-23T21:02:23","slug":"en-coulisses-therese-diouf-faye-tacle-cheikh-t-gadio-et-mimi-toure","status":"publish","type":"post","link":"https:\/\/www.nettali.com\/2023\/05\/23\/en-coulisses-therese-diouf-faye-tacle-cheikh-t-gadio-et-mimi-toure\/","title":{"rendered":"EN COULISSES - Th\u00e9r\u00e8se Diouf Faye allume Cheikh T. Gadio et Mimi Tour\u00e9"},"content":{"rendered":"<p style=\"text-align: left;\"><strong>NETTALI.COM - <\/strong>En conf\u00e9rence de presse ce lundi 22 mai au si\u00e8ge de l'APR, Th\u00e9r\u00e8se Diouf Faye n'a pas \u00e9t\u00e9 tendre avec Cheikh Tidiane Gadio et Aminata Tour\u00e9. Pour la patronne du FONGIP, ces deux ex alli\u00e9s du pr\u00e9sident Macky Sall ne sont pas aptes \u00e0 invalider une troisi\u00e8me candidature du leader de l'APR.<\/p>\n<p style=\"text-align: left;\">\"<em>Cheikh Tidiane Gadio est tr\u00e8s mal plac\u00e9 pour donner des le\u00e7ons \u00e0 Macky Sall<\/em>\", a-t-elle laiss\u00e9 entendre en r\u00e9ponse \u00e0 la sortie de l\u2019ancien ministre des Affaires \u00e9trang\u00e8res sous Wade, au \"<em>Jury du dimanche<\/em>\" de iRadio.<\/p>\n<p>\"<em>Je souhaite au pr\u00e9sident Macky Sall qu\u2019il refuse de toutes ses forces de c\u00e9der aux sir\u00e8nes, aux vocif\u00e9rations des gens qui sont autour de lui. Je l\u2019invite \u00e0 se ressaisir parce qu\u2019il n\u2019a plus rien \u00e0 prouver \u00e0 qui que ce soit. L\u2019honneur du S\u00e9n\u00e9gal, c\u2019est d\u2019aider son pr\u00e9sident \u00e0 sortir en marchant sur le tapis rouge qu\u2019on lui d\u00e9roule. Dans mon esprit, c\u2019\u00e9tait que le Pr\u00e9sident Macky Sall allait conclure son 2e et dernier mandat en 2024 et qu\u2019il allait avoir la plus belle des sorties de tous les chefs d\u2019Etat s\u00e9n\u00e9galais. La grande porte de l\u2019histoire pour lui, c\u2019est de dire non \u00e0 ses partisans<\/em>\", avait d\u00e9clar\u00e9 M. Gadio.<\/p>\n<p>Pour Th\u00e9r\u00e8se Diouf Faye, le pr\u00e9sident Macky Sall sera candidat \u00e0 la pr\u00e9sidentielle de f\u00e9vrier 2024 et seul le conseil constitutionnel peut l'invalider. Il va en plus sortir par la grande porte, mais ce sera en 2029.<\/p>\n<p>L\u2019ex premier ministre Aminata Tour\u00e9 en a \u00e9galement pris pour son grade, pour avoir, ce lundi, d\u00e9mont\u00e9 Macky Sall qui a fait recours \u00e0 un juriste fran\u00e7ais.<br \/>\n\"<em>Mimi est un sans-abri politique. Elle devient path\u00e9tique. Elle a clairement recul\u00e9. Elle est devenue incontr\u00f4lable. Elle invente n\u2019importe quoi sur les r\u00e9seaux sociaux. Les S\u00e9n\u00e9galais ont reconnu le manque de fiabilit\u00e9 de la personne<\/em>\", a martel\u00e9 l'administrateur g\u00e9n\u00e9ral du FONGIP.<\/p>\n<p>&nbsp;<\/p>\n<div class='share-to-whatsapp-wrapper'><div class='share-on-whsp'>PARTAGER SUR : <\/div><a data-text='EN COULISSES - Th\u00e9r\u00e8se Diouf Faye allume Cheikh T. Gadio et Mimi Tour\u00e9' data-link='https:\/\/www.nettali.com\/2023\/05\/23\/en-coulisses-therese-diouf-faye-tacle-cheikh-t-gadio-et-mimi-toure\/' class='whatsapp-button whatsapp-share'>WhatsApp<\/a><div class='clear '><\/div><\/div>","protected":false},"excerpt":{"rendered":"<p>NETTALI.COM - En conf\u00e9rence de presse ce lundi 22 mai au si\u00e8ge de l'APR, Th\u00e9r\u00e8se Diouf Faye n'a pas \u00e9t\u00e9 tendre avec Cheikh Tidiane Gadio et Aminata Tour\u00e9. Pour la patronne du FONGIP, ces deux ex alli\u00e9s du pr\u00e9sident Macky Sall ne sont pas aptes \u00e0 invalider une troisi\u00e8me candidature du leader de l'APR. \"Cheikh [&hellip;]<\/p>\n","protected":false},"author":5,"featured_media":110512,"comment_status":"open","ping_status":"open","sticky":false,"template":"","format":"standard","meta":{"_et_pb_use_builder":"","_et_pb_old_content":""},"categories":[34945],"tags":[],"yoast_head":"<!-- This site is optimized with the Yoast SEO Premium plugin v17.8 (Yoast SEO v17.8) - https:\/\/yoast.com\/wordpress\/plugins\/seo\/ -->\n<title>EN COULISSES - Th\u00e9r\u00e8se Diouf Faye allume Cheikh T. Gadio et Mimi Tour\u00e9 | Nettali.com<\/title>\n<meta name=\"robots\" content=\"index, follow, max-snippet:-1, max-image-preview:large, max-video-preview:-1\" \/>\n<link rel=\"canonical\" href=\"https:\/\/www.nettali.com\/2023\/05\/23\/en-coulisses-therese-diouf-faye-tacle-cheikh-t-gadio-et-mimi-toure\/\" \/>\n<meta property=\"og:locale\" content=\"fr_FR\" \/>\n<meta property=\"og:type\" content=\"article\" \/>\n<meta property=\"og:title\" content=\"EN COULISSES - Th\u00e9r\u00e8se Diouf Faye allume Cheikh T. Gadio et Mimi Tour\u00e9\" \/>\n<meta property=\"og:description\" content=\"NETTALI.COM - En conf\u00e9rence de presse ce lundi 22 mai au si\u00e8ge de l&#039;APR, Th\u00e9r\u00e8se Diouf Faye n&#039;a pas \u00e9t\u00e9 tendre avec Cheikh Tidiane Gadio et Aminata Tour\u00e9. Pour la patronne du FONGIP, ces deux ex alli\u00e9s du pr\u00e9sident Macky Sall ne sont pas aptes \u00e0 invalider une troisi\u00e8me candidature du leader de l&#039;APR. &quot;Cheikh [&hellip;]\" \/>\n<meta property=\"og:url\" content=\"https:\/\/www.nettali.com\/2023\/05\/23\/en-coulisses-therese-diouf-faye-tacle-cheikh-t-gadio-et-mimi-toure\/\" \/>\n<meta property=\"og:site_name\" content=\"Nettali.com\" \/>\n<meta property=\"article:publisher\" content=\"https:\/\/www.facebook.com\/nettalicom\" \/>\n<meta property=\"article:published_time\" content=\"2023-05-23T14:43:54+00:00\" \/>\n<meta property=\"article:modified_time\" content=\"2023-05-23T21:02:23+00:00\" \/>\n<meta property=\"og:image\" content=\"https:\/\/www.nettali.com\/wp-content\/uploads\/2023\/05\/Screenshot_20211116-174933.png\" \/>\n\t<meta property=\"og:image:width\" content=\"711\" \/>\n\t<meta property=\"og:image:height\" content=\"487\" \/>\n<meta name=\"twitter:card\" content=\"summary_large_image\" \/>\n<meta name=\"twitter:label1\" content=\"\u00c9crit par\" \/>\n\t<meta name=\"twitter:data1\" content=\"Ibrahima\" \/>\n\t<meta name=\"twitter:label2\" content=\"Dur\u00e9e de lecture estim\u00e9e\" \/>\n\t<meta name=\"twitter:data2\" content=\"2 minutes\" \/>\n<script type=\"application\/ld+json\" class=\"yoast-schema-graph\">{\"@context\":\"https:\/\/schema.org\",\"@graph\":[{\"@type\":\"WebSite\",\"@id\":\"https:\/\/www.nettali.com\/#website\",\"url\":\"https:\/\/www.nettali.com\/\",\"name\":\"Nettali.com\",\"description\":\"Le rendez-vous critique du Net\",\"potentialAction\":[{\"@type\":\"SearchAction\",\"target\":{\"@type\":\"EntryPoint\",\"urlTemplate\":\"https:\/\/www.nettali.com\/?s={search_term_string}\"},\"query-input\":\"required name=search_term_string\"}],\"inLanguage\":\"fr-FR\"},{\"@type\":\"ImageObject\",\"@id\":\"https:\/\/www.nettali.com\/2023\/05\/23\/en-coulisses-therese-diouf-faye-tacle-cheikh-t-gadio-et-mimi-toure\/#primaryimage\",\"inLanguage\":\"fr-FR\",\"url\":\"https:\/\/www.nettali.com\/wp-content\/uploads\/2023\/05\/Screenshot_20211116-174933.png\",\"contentUrl\":\"https:\/\/www.nettali.com\/wp-content\/uploads\/2023\/05\/Screenshot_20211116-174933.png\",\"width\":711,\"height\":487},{\"@type\":\"WebPage\",\"@id\":\"https:\/\/www.nettali.com\/2023\/05\/23\/en-coulisses-therese-diouf-faye-tacle-cheikh-t-gadio-et-mimi-toure\/#webpage\",\"url\":\"https:\/\/www.nettali.com\/2023\/05\/23\/en-coulisses-therese-diouf-faye-tacle-cheikh-t-gadio-et-mimi-toure\/\",\"name\":\"EN COULISSES - Th\\u00e9r\\u00e8se Diouf Faye allume Cheikh T. Gadio et Mimi Tour\\u00e9 | Nettali.com\",\"isPartOf\":{\"@id\":\"https:\/\/www.nettali.com\/#website\"},\"primaryImageOfPage\":{\"@id\":\"https:\/\/www.nettali.com\/2023\/05\/23\/en-coulisses-therese-diouf-faye-tacle-cheikh-t-gadio-et-mimi-toure\/#primaryimage\"},\"datePublished\":\"2023-05-23T14:43:54+00:00\",\"dateModified\":\"2023-05-23T21:02:23+00:00\",\"author\":{\"@id\":\"https:\/\/www.nettali.com\/#\/schema\/person\/bb147657c2986240405a608162b9bb23\"},\"breadcrumb\":{\"@id\":\"https:\/\/www.nettali.com\/2023\/05\/23\/en-coulisses-therese-diouf-faye-tacle-cheikh-t-gadio-et-mimi-toure\/#breadcrumb\"},\"inLanguage\":\"fr-FR\",\"potentialAction\":[{\"@type\":\"ReadAction\",\"target\":[\"https:\/\/www.nettali.com\/2023\/05\/23\/en-coulisses-therese-diouf-faye-tacle-cheikh-t-gadio-et-mimi-toure\/\"]}]},{\"@type\":\"BreadcrumbList\",\"@id\":\"https:\/\/www.nettali.com\/2023\/05\/23\/en-coulisses-therese-diouf-faye-tacle-cheikh-t-gadio-et-mimi-toure\/#breadcrumb\",\"itemListElement\":[{\"@type\":\"ListItem\",\"position\":1,\"name\":\"Accueil\",\"item\":\"https:\/\/www.nettali.com\/\"},{\"@type\":\"ListItem\",\"position\":2,\"name\":\"EN COULISSES - Th\\u00e9r\\u00e8se Diouf Faye allume Cheikh T. Gadio et Mimi Tour\\u00e9\"}]},{\"@type\":\"Person\",\"@id\":\"https:\/\/www.nettali.com\/#\/schema\/person\/bb147657c2986240405a608162b9bb23\",\"name\":\"Ibrahima\",\"image\":{\"@type\":\"ImageObject\",\"@id\":\"https:\/\/www.nettali.com\/#personlogo\",\"inLanguage\":\"fr-FR\",\"url\":\"https:\/\/secure.gravatar.com\/avatar\/26a8a81f09f0dd7624c9d5c36c9ba3a2?s=96&d=mm&r=g\",\"contentUrl\":\"https:\/\/secure.gravatar.com\/avatar\/26a8a81f09f0dd7624c9d5c36c9ba3a2?s=96&d=mm&r=g\",\"caption\":\"Ibrahima\"},\"sameAs\":[\"https:\/\/www.nettali.com\"]}]}<\/script>\n<!-- \/ Yoast SEO Premium plugin. -->","yoast_head_json":{"title":"EN COULISSES - Th\u00e9r\u00e8se Diouf Faye allume Cheikh T. Gadio et Mimi Tour\u00e9 | Nettali.com","robots":{"index":"index","follow":"follow","max-snippet":"max-snippet:-1","max-image-preview":"max-image-preview:large","max-video-preview":"max-video-preview:-1"},"canonical":"https:\/\/www.nettali.com\/2023\/05\/23\/en-coulisses-therese-diouf-faye-tacle-cheikh-t-gadio-et-mimi-toure\/","og_locale":"fr_FR","og_type":"article","og_title":"EN COULISSES - Th\u00e9r\u00e8se Diouf Faye allume Cheikh T. Gadio et Mimi Tour\u00e9","og_description":"NETTALI.COM - En conf\u00e9rence de presse ce lundi 22 mai au si\u00e8ge de l'APR, Th\u00e9r\u00e8se Diouf Faye n'a pas \u00e9t\u00e9 tendre avec Cheikh Tidiane Gadio et Aminata Tour\u00e9. Pour la patronne du FONGIP, ces deux ex alli\u00e9s du pr\u00e9sident Macky Sall ne sont pas aptes \u00e0 invalider une troisi\u00e8me candidature du leader de l'APR. \"Cheikh [&hellip;]","og_url":"https:\/\/www.nettali.com\/2023\/05\/23\/en-coulisses-therese-diouf-faye-tacle-cheikh-t-gadio-et-mimi-toure\/","og_site_name":"Nettali.com","article_publisher":"https:\/\/www.facebook.com\/nettalicom","article_published_time":"2023-05-23T14:43:54+00:00","article_modified_time":"2023-05-23T21:02:23+00:00","og_image":[{"width":711,"height":487,"url":"https:\/\/www.nettali.com\/wp-content\/uploads\/2023\/05\/Screenshot_20211116-174933.png","type":"image\/png"}],"twitter_card":"summary_large_image","twitter_misc":{"\u00c9crit par":"Ibrahima","Dur\u00e9e de lecture estim\u00e9e":"2 minutes"},"schema":{"@context":"https:\/\/schema.org","@graph":[{"@type":"WebSite","@id":"https:\/\/www.nettali.com\/#website","url":"https:\/\/www.nettali.com\/","name":"Nettali.com","description":"Le rendez-vous critique du Net","potentialAction":[{"@type":"SearchAction","target":{"@type":"EntryPoint","urlTemplate":"https:\/\/www.nettali.com\/?s={search_term_string}"},"query-input":"required name=search_term_string"}],"inLanguage":"fr-FR"},{"@type":"ImageObject","@id":"https:\/\/www.nettali.com\/2023\/05\/23\/en-coulisses-therese-diouf-faye-tacle-cheikh-t-gadio-et-mimi-toure\/#primaryimage","inLanguage":"fr-FR","url":"https:\/\/www.nettali.com\/wp-content\/uploads\/2023\/05\/Screenshot_20211116-174933.png","contentUrl":"https:\/\/www.nettali.com\/wp-content\/uploads\/2023\/05\/Screenshot_20211116-174933.png","width":711,"height":487},{"@type":"WebPage","@id":"https:\/\/www.nettali.com\/2023\/05\/23\/en-coulisses-therese-diouf-faye-tacle-cheikh-t-gadio-et-mimi-toure\/#webpage","url":"https:\/\/www.nettali.com\/2023\/05\/23\/en-coulisses-therese-diouf-faye-tacle-cheikh-t-gadio-et-mimi-toure\/","name":"EN COULISSES - Th\u00e9r\u00e8se Diouf Faye allume Cheikh T. Gadio et Mimi Tour\u00e9 | Nettali.com","isPartOf":{"@id":"https:\/\/www.nettali.com\/#website"},"primaryImageOfPage":{"@id":"https:\/\/www.nettali.com\/2023\/05\/23\/en-coulisses-therese-diouf-faye-tacle-cheikh-t-gadio-et-mimi-toure\/#primaryimage"},"datePublished":"2023-05-23T14:43:54+00:00","dateModified":"2023-05-23T21:02:23+00:00","author":{"@id":"https:\/\/www.nettali.com\/#\/schema\/person\/bb147657c2986240405a608162b9bb23"},"breadcrumb":{"@id":"https:\/\/www.nettali.com\/2023\/05\/23\/en-coulisses-therese-diouf-faye-tacle-cheikh-t-gadio-et-mimi-toure\/#breadcrumb"},"inLanguage":"fr-FR","potentialAction":[{"@type":"ReadAction","target":["https:\/\/www.nettali.com\/2023\/05\/23\/en-coulisses-therese-diouf-faye-tacle-cheikh-t-gadio-et-mimi-toure\/"]}]},{"@type":"BreadcrumbList","@id":"https:\/\/www.nettali.com\/2023\/05\/23\/en-coulisses-therese-diouf-faye-tacle-cheikh-t-gadio-et-mimi-toure\/#breadcrumb","itemListElement":[{"@type":"ListItem","position":1,"name":"Accueil","item":"https:\/\/www.nettali.com\/"},{"@type":"ListItem","position":2,"name":"EN COULISSES - Th\u00e9r\u00e8se Diouf Faye allume Cheikh T. Gadio et Mimi Tour\u00e9"}]},{"@type":"Person","@id":"https:\/\/www.nettali.com\/#\/schema\/person\/bb147657c2986240405a608162b9bb23","name":"Ibrahima","image":{"@type":"ImageObject","@id":"https:\/\/www.nettali.com\/#personlogo","inLanguage":"fr-FR","url":"https:\/\/secure.gravatar.com\/avatar\/26a8a81f09f0dd7624c9d5c36c9ba3a2?s=96&d=mm&r=g","contentUrl":"https:\/\/secure.gravatar.com\/avatar\/26a8a81f09f0dd7624c9d5c36c9ba3a2?s=96&d=mm&r=g","caption":"Ibrahima"},"sameAs":["https:\/\/www.nettali.com"]}]}},"_links":{"self":[{"href":"https:\/\/www.nettali.com\/rest\/wp\/v2\/posts\/110511"}],"collection":[{"href":"https:\/\/www.nettali.com\/rest\/wp\/v2\/posts"}],"about":[{"href":"https:\/\/www.nettali.com\/rest\/wp\/v2\/types\/post"}],"author":[{"embeddable":true,"href":"https:\/\/www.nettali.com\/rest\/wp\/v2\/users\/5"}],"replies":[{"embeddable":true,"href":"https:\/\/www.nettali.com\/rest\/wp\/v2\/comments?post=110511"}],"version-history":[{"count":4,"href":"https:\/\/www.nettali.com\/rest\/wp\/v2\/posts\/110511\/revisions"}],"predecessor-version":[{"id":110543,"href":"https:\/\/www.nettali.com\/rest\/wp\/v2\/posts\/110511\/revisions\/110543"}],"wp:featuredmedia":[{"embeddable":true,"href":"https:\/\/www.nettali.com\/rest\/wp\/v2\/media\/110512"}],"wp:attachment":[{"href":"https:\/\/www.nettali.com\/rest\/wp\/v2\/media?parent=110511"}],"wp:term":[{"taxonomy":"category","embeddable":true,"href":"https:\/\/www.nettali.com\/rest\/wp\/v2\/categories?post=110511"},{"taxonomy":"post_tag","embeddable":true,"href":"https:\/\/www.nettali.com\/rest\/wp\/v2\/tags?post=110511"}],"curies":[{"name":"wp","href":"https:\/\/api.w.org\/{rel}","templated":true}]}}