{"id":110495,"date":"2023-05-23T12:02:44","date_gmt":"2023-05-23T12:02:44","guid":{"rendered":"https:\/\/www.nettali.com\/?p=110495"},"modified":"2023-05-23T18:33:48","modified_gmt":"2023-05-23T18:33:48","slug":"proces-adji-sarr-ousmane-sonko-la-chambre-criminelle-rejette-la-demande-de-renvoi-et-retient-le-dossier-sans-ousmane-sonko","status":"publish","type":"post","link":"https:\/\/www.nettali.com\/2023\/05\/23\/proces-adji-sarr-ousmane-sonko-la-chambre-criminelle-rejette-la-demande-de-renvoi-et-retient-le-dossier-sans-ousmane-sonko\/","title":{"rendered":"PROCES SONKO-ADJI SARR\u00a0- La Chambre criminelle rejette la demande de renvoi et retient le dossier"},"content":{"rendered":"<p><strong>NETTALI.COM - Le proc\u00e8s pour viol et menace de mort opposant Adji Raby Sarr \u00e0 Ousmane Sonko s\u2019est ouvert ce mardi 23 mai 2023 devant la chambre criminelle de Dakar. Celle-ci a rejet\u00e9 la demande de renvoi des avocats de la d\u00e9fense et a d\u00e9cid\u00e9 de retenir le dossier qui sera jug\u00e9 sans le leader de Pastef qui, selon ses avocats, n\u2019a pas re\u00e7u de convocation. <\/strong><\/p>\n<p>A moins qu\u2019il ne se pr\u00e9sente au tribunal en cours d\u2019audience, Ousmane Sonko sera jug\u00e9 par contumace. Car, le maire de Ziguichor n'a pas comparu. Seules Adji Sarr et Nd\u00e8ye Khady Ndiaye, toute les deux v\u00eatues de rouge, sont venues. Et n\u2019en d\u00e9plaise\u00a0 aux avocats du leader de Pastef et de ceux de sa co-accus\u00e9e, Nd\u00e8ye Khady Ndiaye, le dossier a \u00e9t\u00e9 retenu par le pr\u00e9sident Moustapha Fall. Celui-ci s\u2019est oppos\u00e9 \u00e0 la demande de renvoi des avocats de la d\u00e9fense.<\/p>\n<p>En fait, d\u00e8s que le dossier a \u00e9t\u00e9 appel\u00e9 \u00e0 9h48 mn, le pr\u00e9sident a fait savoir que l\u2019affaire est en \u00e9tat et que la chambre criminelle va la retenir. A-t-il fini que Me Mountarou Bald\u00e9 qui fait partie des six avocats de Nd\u00e8ye Khady, a demand\u00e9 le renvoi.\u00a0 \"<em>Nous sollicitons le renvoi de cette affaire. Nous voulons obtenir les audios et les vid\u00e9os qui ont \u00e9t\u00e9 vers\u00e9s dans le dossier\", <\/em>soutient l'avocat. Et Me Moussa Sarr de rench\u00e9rir que le premier\u00a0 renvoi a \u00e9t\u00e9 d\u00e9cid\u00e9 d\u2019office par le tribunal sans que le dossier ne soit en \u00e9tat. Pour lui, l\u2019affaire vient pour la premi\u00e8re fois. \"<em>Nous sollicitons une date pour organiser notre d\u00e9fense et cela ne peut pas \u00eatre refus\u00e9 en droit. Il faut qu\u2019on organise notre d\u00e9fense dans le cadre de ce dossier. Plusieurs fois, des affaires criminelles ont \u00e9t\u00e9 \u00e9voqu\u00e9es et renvoy\u00e9es pour permettre \u00e0 la d\u00e9fense de se pr\u00e9parer<\/em>\", argue Me Sarr.<\/p>\n<p>Me Ibrahima Mbengue ajoute : \"<em>El<\/em><em>le veut \u00eatre d\u00e9fendue convenablement. Les droits de la d\u00e9fense \u00e9tant sacr\u00e9s comme nous le rappelle la Constitution et les conventions internationales.\u00a0 Nous n\u2019avons encore rien vu. Nous allons visionner en m\u00eame temps que tout le monde alors que nous sommes de la d\u00e9fense. Une date raisonnable pour nous permettre de regarder les vid\u00e9os afin de bien d\u00e9fendre la dame ne ferait pas mal<\/em>.\"<\/p>\n<p>Me El El Hadji Diouf s\u2019est oppos\u00e9 \u00e0 tout renvoi \"<em>pour la bonne et simple raison que les arguments ne sont pas op\u00e9rants<\/em>\". \"<em>Ils sont constitu\u00e9s depuis le d\u00e9but de cette affaire. Ils ont assist\u00e9 leur cliente aussi bien \u00e0 l\u2019enqu\u00eate pr\u00e9liminaire et ont particip\u00e9 \u00e0 toutes les auditions, toutes les confrontations. Le dossier a \u00e9t\u00e9 mis \u00e0 leur disposition pour examen. Ils ont \u00e9t\u00e9 plac\u00e9s sous le m\u00eame pi\u00e9destal. Je m\u2019\u00e9tonne que les avocats des accus\u00e9s viennent vous dire qu\u2019ils ne sont pas en \u00e9tat, qu\u2019ils n\u2019ont pas pu exploiter le dossier\"<\/em>, dit-il.<\/p>\n<p>Me Abdou Dialy Kane a abond\u00e9 dans le m\u00eame sens que le parquetier en plaidant pour la retenue de l\u2019affaire. \"<em>Nous ne sommes pas devant une juridiction correctionnelle, mais devant la chambre criminelle. Et nous savons tous comment \u00e7a se passe. Ils ont dit qu\u2019ils n\u2019avaient pas les vid\u00e9os, je n\u2019ai vu ni vid\u00e9os ni audio. Devant une juridiction p\u00e9nale, tous les \u00e9l\u00e9ments de preuves sont discut\u00e9s \u00e0 la barre. Et aucune preuve n\u2019ayant pas fait l\u2019objet d\u2019une discussion \u00e0 la barre n\u2019est\u00a0 recevable ? Ils ont tous connaissance du contenu de ce dossier depuis l\u2019ouverture de l\u2019information !. Ils avaient suffisamment les moyens de prendre connaissance. Compte tenu de la particularit\u00e9 de cette affaire, la meilleure d\u00e9cision serait de la retenir et de la juger une bonne fois<\/em>\", dit-il. Et de lancer : \"<em>C\u2019est du dilatoire. Il <\/em>(Sonko)<em> a pr\u00e9f\u00e9r\u00e9 d\u00e9fier la justice et a pr\u00e9f\u00e9r\u00e9 la d\u00e9sob\u00e9issance civique. Il a pr\u00e9f\u00e9r\u00e9 ignorer la justice de son pays et ils sont l\u00e0 pour le d\u00e9fendre. Cette demande de renvoi par procuration ne peut prosp\u00e9rer\u2026 C\u2019est le moment de la confrontation, la v\u00e9rit\u00e9 va jaillir. Le combat aura lieu. On ne veut pas que ce proc\u00e8s se d\u00e9roule. On cr\u00e9e des incidents. Il a peur du proc\u00e8s, le poltron<\/em>.\"<\/p>\n<p>Le procureur de la R\u00e9publique Abdou Karim Diop s\u2019est aussi oppos\u00e9 au renvoi. \"<em>Le dossier est en \u00e9tat et toutes les parties y compris le parquet ont eu plus d\u2019un an pour se mettre \u00e0 l\u2019\u00e9tat. C\u2019est une audience sp\u00e9ciale, cela veut dire qu\u2019on a pris toutes les dispositions pour que l\u2019affaire soit retenue ce jour. Au regard de tout ce qui a \u00e9t\u00e9 fait pour la mise \u00e0 disposition du dossier pour la d\u00e9fense et pour la partie civile qui ont eu largement le temps de l\u2019\u00e9tudier, il n\u2019y a pas un \u00e9l\u00e9ment l\u00e9gal ou des \u00e9l\u00e9ments pouvant militer en faveur d\u2019un renvoi<\/em>\", fait-il observer avant de demander que la demande soit rejet\u00e9e.<\/p>\n<p>Pour les avocats de Ousmane Sonko, il y a bel et bien un motif de renvoi puisque leur client n\u2019a pas re\u00e7u de citation \u00e0 compara\u00eetre. \"<em>Notre client n\u2019a pas \u00e9t\u00e9 appel\u00e9. Il est partie au proc\u00e8s. Les conditions pour sa comparution n\u2019ont pas \u00e9t\u00e9 respect\u00e9es. A ce jour, il n\u2019a re\u00e7u une quelconque citation. Si dans le dossier il y a une pi\u00e8ce qui sous-tend que Ousmane Sonko Sonko a \u00e9t\u00e9 convoqu\u00e9, cette pi\u00e8ce ne peut nous lier parce que c\u2019est un faux. Les conditions de sa comparution n\u2019ont pas \u00e9t\u00e9 respect\u00e9es de m\u00eame que la r\u00e9gularisation de sa comparution\"<\/em>, soutient Me Ousseynou NGom. Me Bamba Ciss\u00e9 dit \u00e9galement n\u2019avoir pas vu la citation de leur client. \"<em>Je d\u00e9fie quiconque de me sortir une pi\u00e8ce dans laquelle Ousmane Sonko a d\u00e9charg\u00e9 avoir re\u00e7u une convocation. Une affaire qui vient pour la premi\u00e8re fois, des avocats qui se constituent, ils demandent le renvoi et on le leur refuse. Je veux que mon client comparaisse si vous voulez que la v\u00e9rit\u00e9 \u00e9clate. Je vais m\u2019organiser. Si vous n\u2019avez peur de rien, laissez le tribunal renvoyer et il sera l\u00e0, si vous voulez un d\u00e9bat contradictoire ?\".<\/em><\/p>\n<p>L'affaire a finalement \u00e9t\u00e9 retenue pour \u00eatre jug\u00e9e ce mardi. Au moment o\u00f9 ces lignes sont \u00e9crites, une pause de 15 minutes est observ\u00e9e avant la reprise des d\u00e9bats.<\/p>\n<div class='share-to-whatsapp-wrapper'><div class='share-on-whsp'>PARTAGER SUR : <\/div><a data-text='PROCES SONKO-ADJI SARR\u00a0- La Chambre criminelle rejette la demande de renvoi et retient le dossier' data-link='https:\/\/www.nettali.com\/2023\/05\/23\/proces-adji-sarr-ousmane-sonko-la-chambre-criminelle-rejette-la-demande-de-renvoi-et-retient-le-dossier-sans-ousmane-sonko\/' class='whatsapp-button whatsapp-share'>WhatsApp<\/a><div class='clear '><\/div><\/div>","protected":false},"excerpt":{"rendered":"<p>NETTALI.COM - Le proc\u00e8s pour viol et menace de mort opposant Adji Raby Sarr \u00e0 Ousmane Sonko s\u2019est ouvert ce mardi 23 mai 2023 devant la chambre criminelle de Dakar. Celle-ci a rejet\u00e9 la demande de renvoi des avocats de la d\u00e9fense et a d\u00e9cid\u00e9 de retenir le dossier qui sera jug\u00e9 sans le leader [&hellip;]<\/p>\n","protected":false},"author":6,"featured_media":110204,"comment_status":"open","ping_status":"open","sticky":false,"template":"","format":"standard","meta":{"_et_pb_use_builder":"","_et_pb_old_content":""},"categories":[3],"tags":[],"yoast_head":"<!-- This site is optimized with the Yoast SEO Premium plugin v17.8 (Yoast SEO v17.8) - https:\/\/yoast.com\/wordpress\/plugins\/seo\/ -->\n<title>PROCES SONKO-ADJI SARR\u00a0- La Chambre criminelle rejette la demande de renvoi et retient le dossier | Nettali.com<\/title>\n<meta name=\"robots\" content=\"index, follow, max-snippet:-1, max-image-preview:large, max-video-preview:-1\" \/>\n<link rel=\"canonical\" href=\"https:\/\/www.nettali.com\/2023\/05\/23\/proces-adji-sarr-ousmane-sonko-la-chambre-criminelle-rejette-la-demande-de-renvoi-et-retient-le-dossier-sans-ousmane-sonko\/\" \/>\n<meta property=\"og:locale\" content=\"fr_FR\" \/>\n<meta property=\"og:type\" content=\"article\" \/>\n<meta property=\"og:title\" content=\"PROCES SONKO-ADJI SARR\u00a0- La Chambre criminelle rejette la demande de renvoi et retient le dossier\" \/>\n<meta property=\"og:description\" content=\"NETTALI.COM - Le proc\u00e8s pour viol et menace de mort opposant Adji Raby Sarr \u00e0 Ousmane Sonko s\u2019est ouvert ce mardi 23 mai 2023 devant la chambre criminelle de Dakar. Celle-ci a rejet\u00e9 la demande de renvoi des avocats de la d\u00e9fense et a d\u00e9cid\u00e9 de retenir le dossier qui sera jug\u00e9 sans le leader [&hellip;]\" \/>\n<meta property=\"og:url\" content=\"https:\/\/www.nettali.com\/2023\/05\/23\/proces-adji-sarr-ousmane-sonko-la-chambre-criminelle-rejette-la-demande-de-renvoi-et-retient-le-dossier-sans-ousmane-sonko\/\" \/>\n<meta property=\"og:site_name\" content=\"Nettali.com\" \/>\n<meta property=\"article:publisher\" content=\"https:\/\/www.facebook.com\/nettalicom\" \/>\n<meta property=\"article:published_time\" content=\"2023-05-23T12:02:44+00:00\" \/>\n<meta property=\"article:modified_time\" content=\"2023-05-23T18:33:48+00:00\" \/>\n<meta property=\"og:image\" content=\"https:\/\/www.nettali.com\/wp-content\/uploads\/2023\/05\/sonko-vs-sarr.jpg\" \/>\n\t<meta property=\"og:image:width\" content=\"1280\" \/>\n\t<meta property=\"og:image:height\" content=\"600\" \/>\n<meta name=\"twitter:card\" content=\"summary_large_image\" \/>\n<meta name=\"twitter:label1\" content=\"\u00c9crit par\" \/>\n\t<meta name=\"twitter:data1\" content=\"Fatou\" \/>\n\t<meta name=\"twitter:label2\" content=\"Dur\u00e9e de lecture estim\u00e9e\" \/>\n\t<meta name=\"twitter:data2\" content=\"6 minutes\" \/>\n<script type=\"application\/ld+json\" class=\"yoast-schema-graph\">{\"@context\":\"https:\/\/schema.org\",\"@graph\":[{\"@type\":\"WebSite\",\"@id\":\"https:\/\/www.nettali.com\/#website\",\"url\":\"https:\/\/www.nettali.com\/\",\"name\":\"Nettali.com\",\"description\":\"Le rendez-vous critique du Net\",\"potentialAction\":[{\"@type\":\"SearchAction\",\"target\":{\"@type\":\"EntryPoint\",\"urlTemplate\":\"https:\/\/www.nettali.com\/?s={search_term_string}\"},\"query-input\":\"required name=search_term_string\"}],\"inLanguage\":\"fr-FR\"},{\"@type\":\"ImageObject\",\"@id\":\"https:\/\/www.nettali.com\/2023\/05\/23\/proces-adji-sarr-ousmane-sonko-la-chambre-criminelle-rejette-la-demande-de-renvoi-et-retient-le-dossier-sans-ousmane-sonko\/#primaryimage\",\"inLanguage\":\"fr-FR\",\"url\":\"https:\/\/www.nettali.com\/wp-content\/uploads\/2023\/05\/sonko-vs-sarr.jpg\",\"contentUrl\":\"https:\/\/www.nettali.com\/wp-content\/uploads\/2023\/05\/sonko-vs-sarr.jpg\",\"width\":1280,\"height\":600},{\"@type\":\"WebPage\",\"@id\":\"https:\/\/www.nettali.com\/2023\/05\/23\/proces-adji-sarr-ousmane-sonko-la-chambre-criminelle-rejette-la-demande-de-renvoi-et-retient-le-dossier-sans-ousmane-sonko\/#webpage\",\"url\":\"https:\/\/www.nettali.com\/2023\/05\/23\/proces-adji-sarr-ousmane-sonko-la-chambre-criminelle-rejette-la-demande-de-renvoi-et-retient-le-dossier-sans-ousmane-sonko\/\",\"name\":\"PROCES SONKO-ADJI SARR\\u00a0- La Chambre criminelle rejette la demande de renvoi et retient le dossier | Nettali.com\",\"isPartOf\":{\"@id\":\"https:\/\/www.nettali.com\/#website\"},\"primaryImageOfPage\":{\"@id\":\"https:\/\/www.nettali.com\/2023\/05\/23\/proces-adji-sarr-ousmane-sonko-la-chambre-criminelle-rejette-la-demande-de-renvoi-et-retient-le-dossier-sans-ousmane-sonko\/#primaryimage\"},\"datePublished\":\"2023-05-23T12:02:44+00:00\",\"dateModified\":\"2023-05-23T18:33:48+00:00\",\"author\":{\"@id\":\"https:\/\/www.nettali.com\/#\/schema\/person\/418274a86bdf87caff7a3ef476bd0bbf\"},\"breadcrumb\":{\"@id\":\"https:\/\/www.nettali.com\/2023\/05\/23\/proces-adji-sarr-ousmane-sonko-la-chambre-criminelle-rejette-la-demande-de-renvoi-et-retient-le-dossier-sans-ousmane-sonko\/#breadcrumb\"},\"inLanguage\":\"fr-FR\",\"potentialAction\":[{\"@type\":\"ReadAction\",\"target\":[\"https:\/\/www.nettali.com\/2023\/05\/23\/proces-adji-sarr-ousmane-sonko-la-chambre-criminelle-rejette-la-demande-de-renvoi-et-retient-le-dossier-sans-ousmane-sonko\/\"]}]},{\"@type\":\"BreadcrumbList\",\"@id\":\"https:\/\/www.nettali.com\/2023\/05\/23\/proces-adji-sarr-ousmane-sonko-la-chambre-criminelle-rejette-la-demande-de-renvoi-et-retient-le-dossier-sans-ousmane-sonko\/#breadcrumb\",\"itemListElement\":[{\"@type\":\"ListItem\",\"position\":1,\"name\":\"Accueil\",\"item\":\"https:\/\/www.nettali.com\/\"},{\"@type\":\"ListItem\",\"position\":2,\"name\":\"PROCES SONKO-ADJI SARR\\u00a0- La Chambre criminelle rejette la demande de renvoi et retient le dossier\"}]},{\"@type\":\"Person\",\"@id\":\"https:\/\/www.nettali.com\/#\/schema\/person\/418274a86bdf87caff7a3ef476bd0bbf\",\"name\":\"Fatou\",\"image\":{\"@type\":\"ImageObject\",\"@id\":\"https:\/\/www.nettali.com\/#personlogo\",\"inLanguage\":\"fr-FR\",\"url\":\"https:\/\/secure.gravatar.com\/avatar\/5a9442a2bee7b4dcf167cab035858e9a?s=96&d=mm&r=g\",\"contentUrl\":\"https:\/\/secure.gravatar.com\/avatar\/5a9442a2bee7b4dcf167cab035858e9a?s=96&d=mm&r=g\",\"caption\":\"Fatou\"},\"sameAs\":[\"https:\/\/www.nettali.com\"]}]}<\/script>\n<!-- \/ Yoast SEO Premium plugin. -->","yoast_head_json":{"title":"PROCES SONKO-ADJI SARR\u00a0- La Chambre criminelle rejette la demande de renvoi et retient le dossier | Nettali.com","robots":{"index":"index","follow":"follow","max-snippet":"max-snippet:-1","max-image-preview":"max-image-preview:large","max-video-preview":"max-video-preview:-1"},"canonical":"https:\/\/www.nettali.com\/2023\/05\/23\/proces-adji-sarr-ousmane-sonko-la-chambre-criminelle-rejette-la-demande-de-renvoi-et-retient-le-dossier-sans-ousmane-sonko\/","og_locale":"fr_FR","og_type":"article","og_title":"PROCES SONKO-ADJI SARR\u00a0- La Chambre criminelle rejette la demande de renvoi et retient le dossier","og_description":"NETTALI.COM - Le proc\u00e8s pour viol et menace de mort opposant Adji Raby Sarr \u00e0 Ousmane Sonko s\u2019est ouvert ce mardi 23 mai 2023 devant la chambre criminelle de Dakar. Celle-ci a rejet\u00e9 la demande de renvoi des avocats de la d\u00e9fense et a d\u00e9cid\u00e9 de retenir le dossier qui sera jug\u00e9 sans le leader [&hellip;]","og_url":"https:\/\/www.nettali.com\/2023\/05\/23\/proces-adji-sarr-ousmane-sonko-la-chambre-criminelle-rejette-la-demande-de-renvoi-et-retient-le-dossier-sans-ousmane-sonko\/","og_site_name":"Nettali.com","article_publisher":"https:\/\/www.facebook.com\/nettalicom","article_published_time":"2023-05-23T12:02:44+00:00","article_modified_time":"2023-05-23T18:33:48+00:00","og_image":[{"width":1280,"height":600,"url":"https:\/\/www.nettali.com\/wp-content\/uploads\/2023\/05\/sonko-vs-sarr.jpg","type":"image\/jpeg"}],"twitter_card":"summary_large_image","twitter_misc":{"\u00c9crit par":"Fatou","Dur\u00e9e de lecture estim\u00e9e":"6 minutes"},"schema":{"@context":"https:\/\/schema.org","@graph":[{"@type":"WebSite","@id":"https:\/\/www.nettali.com\/#website","url":"https:\/\/www.nettali.com\/","name":"Nettali.com","description":"Le rendez-vous critique du Net","potentialAction":[{"@type":"SearchAction","target":{"@type":"EntryPoint","urlTemplate":"https:\/\/www.nettali.com\/?s={search_term_string}"},"query-input":"required name=search_term_string"}],"inLanguage":"fr-FR"},{"@type":"ImageObject","@id":"https:\/\/www.nettali.com\/2023\/05\/23\/proces-adji-sarr-ousmane-sonko-la-chambre-criminelle-rejette-la-demande-de-renvoi-et-retient-le-dossier-sans-ousmane-sonko\/#primaryimage","inLanguage":"fr-FR","url":"https:\/\/www.nettali.com\/wp-content\/uploads\/2023\/05\/sonko-vs-sarr.jpg","contentUrl":"https:\/\/www.nettali.com\/wp-content\/uploads\/2023\/05\/sonko-vs-sarr.jpg","width":1280,"height":600},{"@type":"WebPage","@id":"https:\/\/www.nettali.com\/2023\/05\/23\/proces-adji-sarr-ousmane-sonko-la-chambre-criminelle-rejette-la-demande-de-renvoi-et-retient-le-dossier-sans-ousmane-sonko\/#webpage","url":"https:\/\/www.nettali.com\/2023\/05\/23\/proces-adji-sarr-ousmane-sonko-la-chambre-criminelle-rejette-la-demande-de-renvoi-et-retient-le-dossier-sans-ousmane-sonko\/","name":"PROCES SONKO-ADJI SARR\u00a0- La Chambre criminelle rejette la demande de renvoi et retient le dossier | Nettali.com","isPartOf":{"@id":"https:\/\/www.nettali.com\/#website"},"primaryImageOfPage":{"@id":"https:\/\/www.nettali.com\/2023\/05\/23\/proces-adji-sarr-ousmane-sonko-la-chambre-criminelle-rejette-la-demande-de-renvoi-et-retient-le-dossier-sans-ousmane-sonko\/#primaryimage"},"datePublished":"2023-05-23T12:02:44+00:00","dateModified":"2023-05-23T18:33:48+00:00","author":{"@id":"https:\/\/www.nettali.com\/#\/schema\/person\/418274a86bdf87caff7a3ef476bd0bbf"},"breadcrumb":{"@id":"https:\/\/www.nettali.com\/2023\/05\/23\/proces-adji-sarr-ousmane-sonko-la-chambre-criminelle-rejette-la-demande-de-renvoi-et-retient-le-dossier-sans-ousmane-sonko\/#breadcrumb"},"inLanguage":"fr-FR","potentialAction":[{"@type":"ReadAction","target":["https:\/\/www.nettali.com\/2023\/05\/23\/proces-adji-sarr-ousmane-sonko-la-chambre-criminelle-rejette-la-demande-de-renvoi-et-retient-le-dossier-sans-ousmane-sonko\/"]}]},{"@type":"BreadcrumbList","@id":"https:\/\/www.nettali.com\/2023\/05\/23\/proces-adji-sarr-ousmane-sonko-la-chambre-criminelle-rejette-la-demande-de-renvoi-et-retient-le-dossier-sans-ousmane-sonko\/#breadcrumb","itemListElement":[{"@type":"ListItem","position":1,"name":"Accueil","item":"https:\/\/www.nettali.com\/"},{"@type":"ListItem","position":2,"name":"PROCES SONKO-ADJI SARR\u00a0- La Chambre criminelle rejette la demande de renvoi et retient le dossier"}]},{"@type":"Person","@id":"https:\/\/www.nettali.com\/#\/schema\/person\/418274a86bdf87caff7a3ef476bd0bbf","name":"Fatou","image":{"@type":"ImageObject","@id":"https:\/\/www.nettali.com\/#personlogo","inLanguage":"fr-FR","url":"https:\/\/secure.gravatar.com\/avatar\/5a9442a2bee7b4dcf167cab035858e9a?s=96&d=mm&r=g","contentUrl":"https:\/\/secure.gravatar.com\/avatar\/5a9442a2bee7b4dcf167cab035858e9a?s=96&d=mm&r=g","caption":"Fatou"},"sameAs":["https:\/\/www.nettali.com"]}]}},"_links":{"self":[{"href":"https:\/\/www.nettali.com\/rest\/wp\/v2\/posts\/110495"}],"collection":[{"href":"https:\/\/www.nettali.com\/rest\/wp\/v2\/posts"}],"about":[{"href":"https:\/\/www.nettali.com\/rest\/wp\/v2\/types\/post"}],"author":[{"embeddable":true,"href":"https:\/\/www.nettali.com\/rest\/wp\/v2\/users\/6"}],"replies":[{"embeddable":true,"href":"https:\/\/www.nettali.com\/rest\/wp\/v2\/comments?post=110495"}],"version-history":[{"count":6,"href":"https:\/\/www.nettali.com\/rest\/wp\/v2\/posts\/110495\/revisions"}],"predecessor-version":[{"id":110510,"href":"https:\/\/www.nettali.com\/rest\/wp\/v2\/posts\/110495\/revisions\/110510"}],"wp:featuredmedia":[{"embeddable":true,"href":"https:\/\/www.nettali.com\/rest\/wp\/v2\/media\/110204"}],"wp:attachment":[{"href":"https:\/\/www.nettali.com\/rest\/wp\/v2\/media?parent=110495"}],"wp:term":[{"taxonomy":"category","embeddable":true,"href":"https:\/\/www.nettali.com\/rest\/wp\/v2\/categories?post=110495"},{"taxonomy":"post_tag","embeddable":true,"href":"https:\/\/www.nettali.com\/rest\/wp\/v2\/tags?post=110495"}],"curies":[{"name":"wp","href":"https:\/\/api.w.org\/{rel}","templated":true}]}}