{"id":110477,"date":"2023-05-23T08:29:00","date_gmt":"2023-05-23T08:29:00","guid":{"rendered":"https:\/\/www.nettali.com\/?p=110477"},"modified":"2023-05-23T08:29:00","modified_gmt":"2023-05-23T08:29:00","slug":"en-coulisses-videos-et-audios-de-tous-les-fantasmes","status":"publish","type":"post","link":"https:\/\/www.nettali.com\/2023\/05\/23\/en-coulisses-videos-et-audios-de-tous-les-fantasmes\/","title":{"rendered":"EN COULISSES - Vid\u00e9os et audios de tous les fantasmes !"},"content":{"rendered":"<p><strong>NETTALI.COM -<\/strong> Dans ce proc\u00e8s o\u00f9 la pr\u00e9sence d'Ousmane demeure pour l'heure une incertitude, le contenu des audios et vid\u00e9os vers\u00e9s dans le dossier suscitent curiosit\u00e9 et fantasmes. Alors que des rumeurs persistantes insistent sur le caract\u00e8re compromettant de ces \u00e9l\u00e9ments pour Sonko, lui et ses<br \/>\nd\u00e9fenseurs ont toujours bott\u00e9 en touche.<\/p>\n<p>\"L<em>e dossier de la Chambre criminelle, disait-il, est dans la rue entre les mains de tous les citoyens et il n\u2019existe aucune vid\u00e9o vers\u00e9e par Adji Sarr ou par ses<\/em><br \/>\n<em>conseils dans la proc\u00e9dure. Cette derni\u00e8re ne contient pas d\u2019\u00e9l\u00e9ments de preuves audiovisuelles et de documents apport\u00e9s par la d\u00e9fense ou des t\u00e9moins \u00e0 d\u00e9charge, ainsi que des variations d\u2019Adji Sarr et des empreintes ind\u00e9l\u00e9biles de comploteurs de la R\u00e9publique qui donnent toutes les raisons de croire \u00e0 une<\/em><br \/>\n<em>conspiration d\u2019\u00c9tat pour fausser les jeux d\u00e9mocratiques et \u00e9carter de la comp\u00e9tition \u00e9lectorale majeure un opposant politique dont tout \u00e9tablit qu\u2019il gagnerait au 1er tour au suffrage universel direct pour une 3e alternance d\u00e9mocratique<\/em>\".<\/p>\n<p>Sacr\u00e9s s\u00e9n\u00e9galais, experts en tout. Ils ont en tout cas fini de juger le dossier dans la rue et sur les r\u00e9seaux sociaux, alors qu'un dossier judiciaire se juge dans son ensemble et non par des bouts ou ou\u00efe dire.<\/p>\n<p>En effet devant une juridiction de jugement, suivant les dispositions du code de proc\u00e9dure p\u00e9nale, le juge ne peut fonder sa conviction que sur les preuves rapport\u00e9es et discut\u00e9es devant lui. Ce qui a pu \u00eatre dit ou discut\u00e9 dans la rue ou dans les m\u00e9dias, ne saurait nullement l\u2019int\u00e9resser. S\u2019il y a, ne serait-ce qu\u2019une once de doute quant \u00e0 la culpabilit\u00e9 de l\u2019accus\u00e9, en l\u2019occurrence Ousmane Sonko,\u00a0 celui-ci devrait lui profiter. C\u2019est ce que dit la loi.<\/p>\n<div class='share-to-whatsapp-wrapper'><div class='share-on-whsp'>PARTAGER SUR : <\/div><a data-text='EN COULISSES - Vid\u00e9os et audios de tous les fantasmes !' data-link='https:\/\/www.nettali.com\/2023\/05\/23\/en-coulisses-videos-et-audios-de-tous-les-fantasmes\/' class='whatsapp-button whatsapp-share'>WhatsApp<\/a><div class='clear '><\/div><\/div>","protected":false},"excerpt":{"rendered":"<p>NETTALI.COM - Dans ce proc\u00e8s o\u00f9 la pr\u00e9sence d'Ousmane demeure pour l'heure une incertitude, le contenu des audios et vid\u00e9os vers\u00e9s dans le dossier suscitent curiosit\u00e9 et fantasmes. Alors que des rumeurs persistantes insistent sur le caract\u00e8re compromettant de ces \u00e9l\u00e9ments pour Sonko, lui et ses d\u00e9fenseurs ont toujours bott\u00e9 en touche. \"Le dossier de [&hellip;]<\/p>\n","protected":false},"author":2,"featured_media":110063,"comment_status":"open","ping_status":"open","sticky":false,"template":"","format":"standard","meta":{"_et_pb_use_builder":"","_et_pb_old_content":""},"categories":[34945],"tags":[],"yoast_head":"<!-- This site is optimized with the Yoast SEO Premium plugin v17.8 (Yoast SEO v17.8) - https:\/\/yoast.com\/wordpress\/plugins\/seo\/ -->\n<title>EN COULISSES - Vid\u00e9os et audios de tous les fantasmes ! | Nettali.com<\/title>\n<meta name=\"robots\" content=\"index, follow, max-snippet:-1, max-image-preview:large, max-video-preview:-1\" \/>\n<link rel=\"canonical\" href=\"https:\/\/www.nettali.com\/2023\/05\/23\/en-coulisses-videos-et-audios-de-tous-les-fantasmes\/\" \/>\n<meta property=\"og:locale\" content=\"fr_FR\" \/>\n<meta property=\"og:type\" content=\"article\" \/>\n<meta property=\"og:title\" content=\"EN COULISSES - Vid\u00e9os et audios de tous les fantasmes !\" \/>\n<meta property=\"og:description\" content=\"NETTALI.COM - Dans ce proc\u00e8s o\u00f9 la pr\u00e9sence d&#039;Ousmane demeure pour l&#039;heure une incertitude, le contenu des audios et vid\u00e9os vers\u00e9s dans le dossier suscitent curiosit\u00e9 et fantasmes. Alors que des rumeurs persistantes insistent sur le caract\u00e8re compromettant de ces \u00e9l\u00e9ments pour Sonko, lui et ses d\u00e9fenseurs ont toujours bott\u00e9 en touche. &quot;Le dossier de [&hellip;]\" \/>\n<meta property=\"og:url\" content=\"https:\/\/www.nettali.com\/2023\/05\/23\/en-coulisses-videos-et-audios-de-tous-les-fantasmes\/\" \/>\n<meta property=\"og:site_name\" content=\"Nettali.com\" \/>\n<meta property=\"article:publisher\" content=\"https:\/\/www.facebook.com\/nettalicom\" \/>\n<meta property=\"article:published_time\" content=\"2023-05-23T08:29:00+00:00\" \/>\n<meta property=\"og:image\" content=\"https:\/\/www.nettali.com\/wp-content\/uploads\/2023\/05\/Affaire-Adji-Sarr-Ousmane-Sonko-Le-Proces-au-Senegal-de-lopposant-Politique.jpeg\" \/>\n\t<meta property=\"og:image:width\" content=\"1164\" \/>\n\t<meta property=\"og:image:height\" content=\"703\" \/>\n<meta name=\"twitter:card\" content=\"summary_large_image\" \/>\n<meta name=\"twitter:label1\" content=\"\u00c9crit par\" \/>\n\t<meta name=\"twitter:data1\" content=\"CK\" \/>\n\t<meta name=\"twitter:label2\" content=\"Dur\u00e9e de lecture estim\u00e9e\" \/>\n\t<meta name=\"twitter:data2\" content=\"2 minutes\" \/>\n<script type=\"application\/ld+json\" class=\"yoast-schema-graph\">{\"@context\":\"https:\/\/schema.org\",\"@graph\":[{\"@type\":\"WebSite\",\"@id\":\"https:\/\/www.nettali.com\/#website\",\"url\":\"https:\/\/www.nettali.com\/\",\"name\":\"Nettali.com\",\"description\":\"Le rendez-vous critique du Net\",\"potentialAction\":[{\"@type\":\"SearchAction\",\"target\":{\"@type\":\"EntryPoint\",\"urlTemplate\":\"https:\/\/www.nettali.com\/?s={search_term_string}\"},\"query-input\":\"required name=search_term_string\"}],\"inLanguage\":\"fr-FR\"},{\"@type\":\"ImageObject\",\"@id\":\"https:\/\/www.nettali.com\/2023\/05\/23\/en-coulisses-videos-et-audios-de-tous-les-fantasmes\/#primaryimage\",\"inLanguage\":\"fr-FR\",\"url\":\"https:\/\/www.nettali.com\/wp-content\/uploads\/2023\/05\/Affaire-Adji-Sarr-Ousmane-Sonko-Le-Proces-au-Senegal-de-lopposant-Politique.jpeg\",\"contentUrl\":\"https:\/\/www.nettali.com\/wp-content\/uploads\/2023\/05\/Affaire-Adji-Sarr-Ousmane-Sonko-Le-Proces-au-Senegal-de-lopposant-Politique.jpeg\",\"width\":1164,\"height\":703},{\"@type\":\"WebPage\",\"@id\":\"https:\/\/www.nettali.com\/2023\/05\/23\/en-coulisses-videos-et-audios-de-tous-les-fantasmes\/#webpage\",\"url\":\"https:\/\/www.nettali.com\/2023\/05\/23\/en-coulisses-videos-et-audios-de-tous-les-fantasmes\/\",\"name\":\"EN COULISSES - Vid\\u00e9os et audios de tous les fantasmes ! | Nettali.com\",\"isPartOf\":{\"@id\":\"https:\/\/www.nettali.com\/#website\"},\"primaryImageOfPage\":{\"@id\":\"https:\/\/www.nettali.com\/2023\/05\/23\/en-coulisses-videos-et-audios-de-tous-les-fantasmes\/#primaryimage\"},\"datePublished\":\"2023-05-23T08:29:00+00:00\",\"dateModified\":\"2023-05-23T08:29:00+00:00\",\"author\":{\"@id\":\"https:\/\/www.nettali.com\/#\/schema\/person\/d8ac7b7e27ddad43f1c0d2ef090d7f71\"},\"breadcrumb\":{\"@id\":\"https:\/\/www.nettali.com\/2023\/05\/23\/en-coulisses-videos-et-audios-de-tous-les-fantasmes\/#breadcrumb\"},\"inLanguage\":\"fr-FR\",\"potentialAction\":[{\"@type\":\"ReadAction\",\"target\":[\"https:\/\/www.nettali.com\/2023\/05\/23\/en-coulisses-videos-et-audios-de-tous-les-fantasmes\/\"]}]},{\"@type\":\"BreadcrumbList\",\"@id\":\"https:\/\/www.nettali.com\/2023\/05\/23\/en-coulisses-videos-et-audios-de-tous-les-fantasmes\/#breadcrumb\",\"itemListElement\":[{\"@type\":\"ListItem\",\"position\":1,\"name\":\"Accueil\",\"item\":\"https:\/\/www.nettali.com\/\"},{\"@type\":\"ListItem\",\"position\":2,\"name\":\"EN COULISSES - Vid\\u00e9os et audios de tous les fantasmes !\"}]},{\"@type\":\"Person\",\"@id\":\"https:\/\/www.nettali.com\/#\/schema\/person\/d8ac7b7e27ddad43f1c0d2ef090d7f71\",\"name\":\"CK\",\"image\":{\"@type\":\"ImageObject\",\"@id\":\"https:\/\/www.nettali.com\/#personlogo\",\"inLanguage\":\"fr-FR\",\"url\":\"https:\/\/secure.gravatar.com\/avatar\/1d8d5118b9327d94da7cd4ce7f17fec2?s=96&d=mm&r=g\",\"contentUrl\":\"https:\/\/secure.gravatar.com\/avatar\/1d8d5118b9327d94da7cd4ce7f17fec2?s=96&d=mm&r=g\",\"caption\":\"CK\"},\"sameAs\":[\"https:\/\/www.nettali.com\"]}]}<\/script>\n<!-- \/ Yoast SEO Premium plugin. -->","yoast_head_json":{"title":"EN COULISSES - Vid\u00e9os et audios de tous les fantasmes ! | Nettali.com","robots":{"index":"index","follow":"follow","max-snippet":"max-snippet:-1","max-image-preview":"max-image-preview:large","max-video-preview":"max-video-preview:-1"},"canonical":"https:\/\/www.nettali.com\/2023\/05\/23\/en-coulisses-videos-et-audios-de-tous-les-fantasmes\/","og_locale":"fr_FR","og_type":"article","og_title":"EN COULISSES - Vid\u00e9os et audios de tous les fantasmes !","og_description":"NETTALI.COM - Dans ce proc\u00e8s o\u00f9 la pr\u00e9sence d'Ousmane demeure pour l'heure une incertitude, le contenu des audios et vid\u00e9os vers\u00e9s dans le dossier suscitent curiosit\u00e9 et fantasmes. Alors que des rumeurs persistantes insistent sur le caract\u00e8re compromettant de ces \u00e9l\u00e9ments pour Sonko, lui et ses d\u00e9fenseurs ont toujours bott\u00e9 en touche. \"Le dossier de [&hellip;]","og_url":"https:\/\/www.nettali.com\/2023\/05\/23\/en-coulisses-videos-et-audios-de-tous-les-fantasmes\/","og_site_name":"Nettali.com","article_publisher":"https:\/\/www.facebook.com\/nettalicom","article_published_time":"2023-05-23T08:29:00+00:00","og_image":[{"width":1164,"height":703,"url":"https:\/\/www.nettali.com\/wp-content\/uploads\/2023\/05\/Affaire-Adji-Sarr-Ousmane-Sonko-Le-Proces-au-Senegal-de-lopposant-Politique.jpeg","type":"image\/jpeg"}],"twitter_card":"summary_large_image","twitter_misc":{"\u00c9crit par":"CK","Dur\u00e9e de lecture estim\u00e9e":"2 minutes"},"schema":{"@context":"https:\/\/schema.org","@graph":[{"@type":"WebSite","@id":"https:\/\/www.nettali.com\/#website","url":"https:\/\/www.nettali.com\/","name":"Nettali.com","description":"Le rendez-vous critique du Net","potentialAction":[{"@type":"SearchAction","target":{"@type":"EntryPoint","urlTemplate":"https:\/\/www.nettali.com\/?s={search_term_string}"},"query-input":"required name=search_term_string"}],"inLanguage":"fr-FR"},{"@type":"ImageObject","@id":"https:\/\/www.nettali.com\/2023\/05\/23\/en-coulisses-videos-et-audios-de-tous-les-fantasmes\/#primaryimage","inLanguage":"fr-FR","url":"https:\/\/www.nettali.com\/wp-content\/uploads\/2023\/05\/Affaire-Adji-Sarr-Ousmane-Sonko-Le-Proces-au-Senegal-de-lopposant-Politique.jpeg","contentUrl":"https:\/\/www.nettali.com\/wp-content\/uploads\/2023\/05\/Affaire-Adji-Sarr-Ousmane-Sonko-Le-Proces-au-Senegal-de-lopposant-Politique.jpeg","width":1164,"height":703},{"@type":"WebPage","@id":"https:\/\/www.nettali.com\/2023\/05\/23\/en-coulisses-videos-et-audios-de-tous-les-fantasmes\/#webpage","url":"https:\/\/www.nettali.com\/2023\/05\/23\/en-coulisses-videos-et-audios-de-tous-les-fantasmes\/","name":"EN COULISSES - Vid\u00e9os et audios de tous les fantasmes ! | Nettali.com","isPartOf":{"@id":"https:\/\/www.nettali.com\/#website"},"primaryImageOfPage":{"@id":"https:\/\/www.nettali.com\/2023\/05\/23\/en-coulisses-videos-et-audios-de-tous-les-fantasmes\/#primaryimage"},"datePublished":"2023-05-23T08:29:00+00:00","dateModified":"2023-05-23T08:29:00+00:00","author":{"@id":"https:\/\/www.nettali.com\/#\/schema\/person\/d8ac7b7e27ddad43f1c0d2ef090d7f71"},"breadcrumb":{"@id":"https:\/\/www.nettali.com\/2023\/05\/23\/en-coulisses-videos-et-audios-de-tous-les-fantasmes\/#breadcrumb"},"inLanguage":"fr-FR","potentialAction":[{"@type":"ReadAction","target":["https:\/\/www.nettali.com\/2023\/05\/23\/en-coulisses-videos-et-audios-de-tous-les-fantasmes\/"]}]},{"@type":"BreadcrumbList","@id":"https:\/\/www.nettali.com\/2023\/05\/23\/en-coulisses-videos-et-audios-de-tous-les-fantasmes\/#breadcrumb","itemListElement":[{"@type":"ListItem","position":1,"name":"Accueil","item":"https:\/\/www.nettali.com\/"},{"@type":"ListItem","position":2,"name":"EN COULISSES - Vid\u00e9os et audios de tous les fantasmes !"}]},{"@type":"Person","@id":"https:\/\/www.nettali.com\/#\/schema\/person\/d8ac7b7e27ddad43f1c0d2ef090d7f71","name":"CK","image":{"@type":"ImageObject","@id":"https:\/\/www.nettali.com\/#personlogo","inLanguage":"fr-FR","url":"https:\/\/secure.gravatar.com\/avatar\/1d8d5118b9327d94da7cd4ce7f17fec2?s=96&d=mm&r=g","contentUrl":"https:\/\/secure.gravatar.com\/avatar\/1d8d5118b9327d94da7cd4ce7f17fec2?s=96&d=mm&r=g","caption":"CK"},"sameAs":["https:\/\/www.nettali.com"]}]}},"_links":{"self":[{"href":"https:\/\/www.nettali.com\/rest\/wp\/v2\/posts\/110477"}],"collection":[{"href":"https:\/\/www.nettali.com\/rest\/wp\/v2\/posts"}],"about":[{"href":"https:\/\/www.nettali.com\/rest\/wp\/v2\/types\/post"}],"author":[{"embeddable":true,"href":"https:\/\/www.nettali.com\/rest\/wp\/v2\/users\/2"}],"replies":[{"embeddable":true,"href":"https:\/\/www.nettali.com\/rest\/wp\/v2\/comments?post=110477"}],"version-history":[{"count":2,"href":"https:\/\/www.nettali.com\/rest\/wp\/v2\/posts\/110477\/revisions"}],"predecessor-version":[{"id":110481,"href":"https:\/\/www.nettali.com\/rest\/wp\/v2\/posts\/110477\/revisions\/110481"}],"wp:featuredmedia":[{"embeddable":true,"href":"https:\/\/www.nettali.com\/rest\/wp\/v2\/media\/110063"}],"wp:attachment":[{"href":"https:\/\/www.nettali.com\/rest\/wp\/v2\/media?parent=110477"}],"wp:term":[{"taxonomy":"category","embeddable":true,"href":"https:\/\/www.nettali.com\/rest\/wp\/v2\/categories?post=110477"},{"taxonomy":"post_tag","embeddable":true,"href":"https:\/\/www.nettali.com\/rest\/wp\/v2\/tags?post=110477"}],"curies":[{"name":"wp","href":"https:\/\/api.w.org\/{rel}","templated":true}]}}