{"id":110449,"date":"2023-05-22T19:30:16","date_gmt":"2023-05-22T19:30:16","guid":{"rendered":"https:\/\/www.nettali.com\/?p=110449"},"modified":"2023-05-22T19:30:16","modified_gmt":"2023-05-22T19:30:16","slug":"en-coulisses-gianni-infantino-solidaire-avec-vinicius-jr","status":"publish","type":"post","link":"https:\/\/www.nettali.com\/2023\/05\/22\/en-coulisses-gianni-infantino-solidaire-avec-vinicius-jr\/","title":{"rendered":"EN COULISSES - Gianni Infantino solidaire avec Vinicius Jr"},"content":{"rendered":"<p>NETTALI.COM - Le pr\u00e9sident de la FIFA, Gianni Infantino, a apport\u00e9 son soutien \u00e0 la star du Real Madrid, Vinicius Junior, victime de chants racistes lors d'un match opposant les Merengue \u00e0 Valence, dimanche au stade de Mestalla.<\/p>\n<p>Le Real Madrid s'est inclin\u00e9 0-1 face \u00e0 Valence, mais ce sont les remarques racistes des supporters \u00e0 l'encontre de Vinicius Junior qui ont fait les gros titres, le Br\u00e9silien de 22 ans ayant \u00e9t\u00e9 expuls\u00e9 apr\u00e8s une m\u00eal\u00e9e avec certains joueurs de Valence.<\/p>\n<p>\"<em>Solidarit\u00e9 totale avec Vinicius. Le racisme n'a pas sa place dans le football ni dans la soci\u00e9t\u00e9 et la FIFA soutient tous les joueurs qui se sont retrouv\u00e9s dans une telle situation<\/em>\", a fait savoir le pr\u00e9sident de la FIFA, Gianni Infantino dans un communiqu\u00e9 partag\u00e9 sur Instagram.<br \/>\n\"<em>Les \u00e9v\u00e9nements survenus lors du match entre Valence et le Real Madrid montrent que cela doit \u00eatre le cas<\/em>\", poursuit-il.<\/p>\n<p>Le chef de l'instance dirigeante du football a \u00e9galement soulign\u00e9 le protocole \u00e9tabli par la FIFA pour faire face au racisme pendant les matchs.<br \/>\n\"<em>C'est pourquoi la proc\u00e9dure en trois \u00e9tapes existe dans les comp\u00e9titions de la FIFA et est recommand\u00e9e \u00e0 tous les niveaux du football. Premi\u00e8rement, vous arr\u00eatez le match et vous l'annoncez. Deuxi\u00e8mement, les joueurs quittent le terrain et le speaker annonce que si les agressions se poursuivent, le match sera suspendu. Le match reprend et, troisi\u00e8mement, si les attaques se poursuivent, le match s'arr\u00eate et les trois points vont \u00e0 l'adversaire<\/em>\" a-t-il d\u00e9taill\u00e9.<\/p>\n<p>\"<em>Ce sont les r\u00e8gles qui devraient \u00eatre appliqu\u00e9es dans tous les pays et dans toutes les ligues.<\/em><br \/>\n<em>Il est clair que c'est plus facile \u00e0 dire qu'\u00e0 faire, mais nous devons le faire et nous devons le soutenir par l'\u00e9ducation<\/em>\", a pr\u00e9cis\u00e9 Gianni Infantino.<\/p>\n<p>La star du Real Madrid, qui a mentionn\u00e9 sur les m\u00e9dias sociaux qu'il a \u00e9t\u00e9 cibl\u00e9 \u00e0 plusieurs reprises par des chants racistes cette saison, a \u00e9galement re\u00e7u le soutien de son club et de plusieurs stars du football comme Xavi, le coach du FC Barcelone qui a lanc\u00e9 en conf\u00e9rence de presse : \"<em>Il faut arr\u00eater le match et rentrer \u00e0 la maison<\/em>\".<\/p>\n<div class='share-to-whatsapp-wrapper'><div class='share-on-whsp'>PARTAGER SUR : <\/div><a data-text='EN COULISSES - Gianni Infantino solidaire avec Vinicius Jr' data-link='https:\/\/www.nettali.com\/2023\/05\/22\/en-coulisses-gianni-infantino-solidaire-avec-vinicius-jr\/' class='whatsapp-button whatsapp-share'>WhatsApp<\/a><div class='clear '><\/div><\/div>","protected":false},"excerpt":{"rendered":"<p>NETTALI.COM - Le pr\u00e9sident de la FIFA, Gianni Infantino, a apport\u00e9 son soutien \u00e0 la star du Real Madrid, Vinicius Junior, victime de chants racistes lors d'un match opposant les Merengue \u00e0 Valence, dimanche au stade de Mestalla. Le Real Madrid s'est inclin\u00e9 0-1 face \u00e0 Valence, mais ce sont les remarques racistes des supporters [&hellip;]<\/p>\n","protected":false},"author":5,"featured_media":110450,"comment_status":"open","ping_status":"open","sticky":false,"template":"","format":"standard","meta":{"_et_pb_use_builder":"","_et_pb_old_content":""},"categories":[34945],"tags":[],"yoast_head":"<!-- This site is optimized with the Yoast SEO Premium plugin v17.8 (Yoast SEO v17.8) - https:\/\/yoast.com\/wordpress\/plugins\/seo\/ -->\n<title>EN COULISSES - Gianni Infantino solidaire avec Vinicius Jr | Nettali.com<\/title>\n<meta name=\"robots\" content=\"index, follow, max-snippet:-1, max-image-preview:large, max-video-preview:-1\" \/>\n<link rel=\"canonical\" href=\"https:\/\/www.nettali.com\/2023\/05\/22\/en-coulisses-gianni-infantino-solidaire-avec-vinicius-jr\/\" \/>\n<meta property=\"og:locale\" content=\"fr_FR\" \/>\n<meta property=\"og:type\" content=\"article\" \/>\n<meta property=\"og:title\" content=\"EN COULISSES - Gianni Infantino solidaire avec Vinicius Jr\" \/>\n<meta property=\"og:description\" content=\"NETTALI.COM - Le pr\u00e9sident de la FIFA, Gianni Infantino, a apport\u00e9 son soutien \u00e0 la star du Real Madrid, Vinicius Junior, victime de chants racistes lors d&#039;un match opposant les Merengue \u00e0 Valence, dimanche au stade de Mestalla. Le Real Madrid s&#039;est inclin\u00e9 0-1 face \u00e0 Valence, mais ce sont les remarques racistes des supporters [&hellip;]\" \/>\n<meta property=\"og:url\" content=\"https:\/\/www.nettali.com\/2023\/05\/22\/en-coulisses-gianni-infantino-solidaire-avec-vinicius-jr\/\" \/>\n<meta property=\"og:site_name\" content=\"Nettali.com\" \/>\n<meta property=\"article:publisher\" content=\"https:\/\/www.facebook.com\/nettalicom\" \/>\n<meta property=\"article:published_time\" content=\"2023-05-22T19:30:16+00:00\" \/>\n<meta property=\"og:image\" content=\"https:\/\/www.nettali.com\/wp-content\/uploads\/2023\/05\/01h0zr1gpnbb2mkrh5n3.jpg\" \/>\n\t<meta property=\"og:image:width\" content=\"1440\" \/>\n\t<meta property=\"og:image:height\" content=\"810\" \/>\n<meta name=\"twitter:card\" content=\"summary_large_image\" \/>\n<meta name=\"twitter:label1\" content=\"\u00c9crit par\" \/>\n\t<meta name=\"twitter:data1\" content=\"Ibrahima\" \/>\n\t<meta name=\"twitter:label2\" content=\"Dur\u00e9e de lecture estim\u00e9e\" \/>\n\t<meta name=\"twitter:data2\" content=\"2 minutes\" \/>\n<script type=\"application\/ld+json\" class=\"yoast-schema-graph\">{\"@context\":\"https:\/\/schema.org\",\"@graph\":[{\"@type\":\"WebSite\",\"@id\":\"https:\/\/www.nettali.com\/#website\",\"url\":\"https:\/\/www.nettali.com\/\",\"name\":\"Nettali.com\",\"description\":\"Le rendez-vous critique du Net\",\"potentialAction\":[{\"@type\":\"SearchAction\",\"target\":{\"@type\":\"EntryPoint\",\"urlTemplate\":\"https:\/\/www.nettali.com\/?s={search_term_string}\"},\"query-input\":\"required name=search_term_string\"}],\"inLanguage\":\"fr-FR\"},{\"@type\":\"ImageObject\",\"@id\":\"https:\/\/www.nettali.com\/2023\/05\/22\/en-coulisses-gianni-infantino-solidaire-avec-vinicius-jr\/#primaryimage\",\"inLanguage\":\"fr-FR\",\"url\":\"https:\/\/www.nettali.com\/wp-content\/uploads\/2023\/05\/01h0zr1gpnbb2mkrh5n3.jpg\",\"contentUrl\":\"https:\/\/www.nettali.com\/wp-content\/uploads\/2023\/05\/01h0zr1gpnbb2mkrh5n3.jpg\",\"width\":1440,\"height\":810},{\"@type\":\"WebPage\",\"@id\":\"https:\/\/www.nettali.com\/2023\/05\/22\/en-coulisses-gianni-infantino-solidaire-avec-vinicius-jr\/#webpage\",\"url\":\"https:\/\/www.nettali.com\/2023\/05\/22\/en-coulisses-gianni-infantino-solidaire-avec-vinicius-jr\/\",\"name\":\"EN COULISSES - Gianni Infantino solidaire avec Vinicius Jr | Nettali.com\",\"isPartOf\":{\"@id\":\"https:\/\/www.nettali.com\/#website\"},\"primaryImageOfPage\":{\"@id\":\"https:\/\/www.nettali.com\/2023\/05\/22\/en-coulisses-gianni-infantino-solidaire-avec-vinicius-jr\/#primaryimage\"},\"datePublished\":\"2023-05-22T19:30:16+00:00\",\"dateModified\":\"2023-05-22T19:30:16+00:00\",\"author\":{\"@id\":\"https:\/\/www.nettali.com\/#\/schema\/person\/bb147657c2986240405a608162b9bb23\"},\"breadcrumb\":{\"@id\":\"https:\/\/www.nettali.com\/2023\/05\/22\/en-coulisses-gianni-infantino-solidaire-avec-vinicius-jr\/#breadcrumb\"},\"inLanguage\":\"fr-FR\",\"potentialAction\":[{\"@type\":\"ReadAction\",\"target\":[\"https:\/\/www.nettali.com\/2023\/05\/22\/en-coulisses-gianni-infantino-solidaire-avec-vinicius-jr\/\"]}]},{\"@type\":\"BreadcrumbList\",\"@id\":\"https:\/\/www.nettali.com\/2023\/05\/22\/en-coulisses-gianni-infantino-solidaire-avec-vinicius-jr\/#breadcrumb\",\"itemListElement\":[{\"@type\":\"ListItem\",\"position\":1,\"name\":\"Accueil\",\"item\":\"https:\/\/www.nettali.com\/\"},{\"@type\":\"ListItem\",\"position\":2,\"name\":\"EN COULISSES - Gianni Infantino solidaire avec Vinicius Jr\"}]},{\"@type\":\"Person\",\"@id\":\"https:\/\/www.nettali.com\/#\/schema\/person\/bb147657c2986240405a608162b9bb23\",\"name\":\"Ibrahima\",\"image\":{\"@type\":\"ImageObject\",\"@id\":\"https:\/\/www.nettali.com\/#personlogo\",\"inLanguage\":\"fr-FR\",\"url\":\"https:\/\/secure.gravatar.com\/avatar\/26a8a81f09f0dd7624c9d5c36c9ba3a2?s=96&d=mm&r=g\",\"contentUrl\":\"https:\/\/secure.gravatar.com\/avatar\/26a8a81f09f0dd7624c9d5c36c9ba3a2?s=96&d=mm&r=g\",\"caption\":\"Ibrahima\"},\"sameAs\":[\"https:\/\/www.nettali.com\"]}]}<\/script>\n<!-- \/ Yoast SEO Premium plugin. -->","yoast_head_json":{"title":"EN COULISSES - Gianni Infantino solidaire avec Vinicius Jr | Nettali.com","robots":{"index":"index","follow":"follow","max-snippet":"max-snippet:-1","max-image-preview":"max-image-preview:large","max-video-preview":"max-video-preview:-1"},"canonical":"https:\/\/www.nettali.com\/2023\/05\/22\/en-coulisses-gianni-infantino-solidaire-avec-vinicius-jr\/","og_locale":"fr_FR","og_type":"article","og_title":"EN COULISSES - Gianni Infantino solidaire avec Vinicius Jr","og_description":"NETTALI.COM - Le pr\u00e9sident de la FIFA, Gianni Infantino, a apport\u00e9 son soutien \u00e0 la star du Real Madrid, Vinicius Junior, victime de chants racistes lors d'un match opposant les Merengue \u00e0 Valence, dimanche au stade de Mestalla. Le Real Madrid s'est inclin\u00e9 0-1 face \u00e0 Valence, mais ce sont les remarques racistes des supporters [&hellip;]","og_url":"https:\/\/www.nettali.com\/2023\/05\/22\/en-coulisses-gianni-infantino-solidaire-avec-vinicius-jr\/","og_site_name":"Nettali.com","article_publisher":"https:\/\/www.facebook.com\/nettalicom","article_published_time":"2023-05-22T19:30:16+00:00","og_image":[{"width":1440,"height":810,"url":"https:\/\/www.nettali.com\/wp-content\/uploads\/2023\/05\/01h0zr1gpnbb2mkrh5n3.jpg","type":"image\/jpeg"}],"twitter_card":"summary_large_image","twitter_misc":{"\u00c9crit par":"Ibrahima","Dur\u00e9e de lecture estim\u00e9e":"2 minutes"},"schema":{"@context":"https:\/\/schema.org","@graph":[{"@type":"WebSite","@id":"https:\/\/www.nettali.com\/#website","url":"https:\/\/www.nettali.com\/","name":"Nettali.com","description":"Le rendez-vous critique du Net","potentialAction":[{"@type":"SearchAction","target":{"@type":"EntryPoint","urlTemplate":"https:\/\/www.nettali.com\/?s={search_term_string}"},"query-input":"required name=search_term_string"}],"inLanguage":"fr-FR"},{"@type":"ImageObject","@id":"https:\/\/www.nettali.com\/2023\/05\/22\/en-coulisses-gianni-infantino-solidaire-avec-vinicius-jr\/#primaryimage","inLanguage":"fr-FR","url":"https:\/\/www.nettali.com\/wp-content\/uploads\/2023\/05\/01h0zr1gpnbb2mkrh5n3.jpg","contentUrl":"https:\/\/www.nettali.com\/wp-content\/uploads\/2023\/05\/01h0zr1gpnbb2mkrh5n3.jpg","width":1440,"height":810},{"@type":"WebPage","@id":"https:\/\/www.nettali.com\/2023\/05\/22\/en-coulisses-gianni-infantino-solidaire-avec-vinicius-jr\/#webpage","url":"https:\/\/www.nettali.com\/2023\/05\/22\/en-coulisses-gianni-infantino-solidaire-avec-vinicius-jr\/","name":"EN COULISSES - Gianni Infantino solidaire avec Vinicius Jr | Nettali.com","isPartOf":{"@id":"https:\/\/www.nettali.com\/#website"},"primaryImageOfPage":{"@id":"https:\/\/www.nettali.com\/2023\/05\/22\/en-coulisses-gianni-infantino-solidaire-avec-vinicius-jr\/#primaryimage"},"datePublished":"2023-05-22T19:30:16+00:00","dateModified":"2023-05-22T19:30:16+00:00","author":{"@id":"https:\/\/www.nettali.com\/#\/schema\/person\/bb147657c2986240405a608162b9bb23"},"breadcrumb":{"@id":"https:\/\/www.nettali.com\/2023\/05\/22\/en-coulisses-gianni-infantino-solidaire-avec-vinicius-jr\/#breadcrumb"},"inLanguage":"fr-FR","potentialAction":[{"@type":"ReadAction","target":["https:\/\/www.nettali.com\/2023\/05\/22\/en-coulisses-gianni-infantino-solidaire-avec-vinicius-jr\/"]}]},{"@type":"BreadcrumbList","@id":"https:\/\/www.nettali.com\/2023\/05\/22\/en-coulisses-gianni-infantino-solidaire-avec-vinicius-jr\/#breadcrumb","itemListElement":[{"@type":"ListItem","position":1,"name":"Accueil","item":"https:\/\/www.nettali.com\/"},{"@type":"ListItem","position":2,"name":"EN COULISSES - Gianni Infantino solidaire avec Vinicius Jr"}]},{"@type":"Person","@id":"https:\/\/www.nettali.com\/#\/schema\/person\/bb147657c2986240405a608162b9bb23","name":"Ibrahima","image":{"@type":"ImageObject","@id":"https:\/\/www.nettali.com\/#personlogo","inLanguage":"fr-FR","url":"https:\/\/secure.gravatar.com\/avatar\/26a8a81f09f0dd7624c9d5c36c9ba3a2?s=96&d=mm&r=g","contentUrl":"https:\/\/secure.gravatar.com\/avatar\/26a8a81f09f0dd7624c9d5c36c9ba3a2?s=96&d=mm&r=g","caption":"Ibrahima"},"sameAs":["https:\/\/www.nettali.com"]}]}},"_links":{"self":[{"href":"https:\/\/www.nettali.com\/rest\/wp\/v2\/posts\/110449"}],"collection":[{"href":"https:\/\/www.nettali.com\/rest\/wp\/v2\/posts"}],"about":[{"href":"https:\/\/www.nettali.com\/rest\/wp\/v2\/types\/post"}],"author":[{"embeddable":true,"href":"https:\/\/www.nettali.com\/rest\/wp\/v2\/users\/5"}],"replies":[{"embeddable":true,"href":"https:\/\/www.nettali.com\/rest\/wp\/v2\/comments?post=110449"}],"version-history":[{"count":2,"href":"https:\/\/www.nettali.com\/rest\/wp\/v2\/posts\/110449\/revisions"}],"predecessor-version":[{"id":110452,"href":"https:\/\/www.nettali.com\/rest\/wp\/v2\/posts\/110449\/revisions\/110452"}],"wp:featuredmedia":[{"embeddable":true,"href":"https:\/\/www.nettali.com\/rest\/wp\/v2\/media\/110450"}],"wp:attachment":[{"href":"https:\/\/www.nettali.com\/rest\/wp\/v2\/media?parent=110449"}],"wp:term":[{"taxonomy":"category","embeddable":true,"href":"https:\/\/www.nettali.com\/rest\/wp\/v2\/categories?post=110449"},{"taxonomy":"post_tag","embeddable":true,"href":"https:\/\/www.nettali.com\/rest\/wp\/v2\/tags?post=110449"}],"curies":[{"name":"wp","href":"https:\/\/api.w.org\/{rel}","templated":true}]}}