{"id":110279,"date":"2023-05-20T08:55:59","date_gmt":"2023-05-20T08:55:59","guid":{"rendered":"https:\/\/www.nettali.com\/?p=110279"},"modified":"2023-05-20T08:57:07","modified_gmt":"2023-05-20T08:57:07","slug":"en-coulisses-babacar-diop-pas-tendre-avec-yewwi","status":"publish","type":"post","link":"https:\/\/www.nettali.com\/2023\/05\/20\/en-coulisses-babacar-diop-pas-tendre-avec-yewwi\/","title":{"rendered":"EN COULISSES - Babacar Diop, pas tendre avec Yewwi !"},"content":{"rendered":"<p><strong>NETTALI.COM -<\/strong> Pour rester sur l'entretien avec \"Jeune Afrique\", le maire de Thi\u00e8s a aussi \u00e9voqu\u00e9 son avenir dans la coalition Yaw.<\/p>\n<p>\"<em>Yewwi Askan Wi \u00e9tait un grand projet de lib\u00e9ration qui cristallisait les espoirs. J\u2019en suis d\u2019ailleurs l\u2019un des membres fondateurs. Mais depuis quelques mois, cette coalition a abandonn\u00e9 ses principes pour s\u2019engager dans de petits calculs et devenir aujourd\u2019hui un cimeti\u00e8re de promesses trahies. <\/em><em>Lors des investitures des l\u00e9gislatives de juillet 2022, certains leaders ont pens\u00e9 que me laisser m\u2019imposer dans une ville aussi strat\u00e9gique que Thi\u00e8s \u2013 dont je suis d\u00e9j\u00e0 le maire \u2013 serait dangereux. Si j\u2019avais \u00e9t\u00e9 \u00e9lu d\u00e9put\u00e9, cela aurait donn\u00e9 une tr\u00e8s forte visibilit\u00e9 \u00e0 mon parti et aurait menac\u00e9 leur propre leadership. Ils ont donc mis en place une v\u00e9ritable entreprise de liquidation des FDS-Les Guelewars<\/em>\u2019\u2019, a-t-il dit.<\/p>\n<p>Candidat \u00e0 la pr\u00e9sidentielle 2024 comme beaucoup de membres de sa coalition, Diop a expliqu\u00e9 ses motivations. \"<em>Je viens du S\u00e9n\u00e9gal d\u2019en bas, j\u2019ai grandi dans un quartier populaire. J\u2019ai vu la souffrance des jeunes qui sont sans perspectives. Je suis le candidat des pauvres, des sans voix, de ceux qui n\u2019ont personne pour parler en leur nom. Je veux \u00eatre le pr\u00e9sident des couches vuln\u00e9rables. Je veux engager le S\u00e9n\u00e9gal dans une grande entreprise de souverainet\u00e9 politique, \u00e9conomique, alimentaire et<\/em><br \/>\n<em>mon\u00e9taire<\/em>\", a-t-il fait savoir.<\/p>\n<div class='share-to-whatsapp-wrapper'><div class='share-on-whsp'>PARTAGER SUR : <\/div><a data-text='EN COULISSES - Babacar Diop, pas tendre avec Yewwi !' data-link='https:\/\/www.nettali.com\/2023\/05\/20\/en-coulisses-babacar-diop-pas-tendre-avec-yewwi\/' class='whatsapp-button whatsapp-share'>WhatsApp<\/a><div class='clear '><\/div><\/div>","protected":false},"excerpt":{"rendered":"<p>NETTALI.COM - Pour rester sur l'entretien avec \"Jeune Afrique\", le maire de Thi\u00e8s a aussi \u00e9voqu\u00e9 son avenir dans la coalition Yaw. \"Yewwi Askan Wi \u00e9tait un grand projet de lib\u00e9ration qui cristallisait les espoirs. J\u2019en suis d\u2019ailleurs l\u2019un des membres fondateurs. Mais depuis quelques mois, cette coalition a abandonn\u00e9 ses principes pour s\u2019engager dans [&hellip;]<\/p>\n","protected":false},"author":2,"featured_media":110291,"comment_status":"open","ping_status":"open","sticky":false,"template":"","format":"standard","meta":{"_et_pb_use_builder":"","_et_pb_old_content":""},"categories":[34945],"tags":[],"yoast_head":"<!-- This site is optimized with the Yoast SEO Premium plugin v17.8 (Yoast SEO v17.8) - https:\/\/yoast.com\/wordpress\/plugins\/seo\/ -->\n<title>EN COULISSES - Babacar Diop, pas tendre avec Yewwi ! | Nettali.com<\/title>\n<meta name=\"robots\" content=\"index, follow, max-snippet:-1, max-image-preview:large, max-video-preview:-1\" \/>\n<link rel=\"canonical\" href=\"https:\/\/www.nettali.com\/2023\/05\/20\/en-coulisses-babacar-diop-pas-tendre-avec-yewwi\/\" \/>\n<meta property=\"og:locale\" content=\"fr_FR\" \/>\n<meta property=\"og:type\" content=\"article\" \/>\n<meta property=\"og:title\" content=\"EN COULISSES - Babacar Diop, pas tendre avec Yewwi !\" \/>\n<meta property=\"og:description\" content=\"NETTALI.COM - Pour rester sur l&#039;entretien avec &quot;Jeune Afrique&quot;, le maire de Thi\u00e8s a aussi \u00e9voqu\u00e9 son avenir dans la coalition Yaw. &quot;Yewwi Askan Wi \u00e9tait un grand projet de lib\u00e9ration qui cristallisait les espoirs. J\u2019en suis d\u2019ailleurs l\u2019un des membres fondateurs. Mais depuis quelques mois, cette coalition a abandonn\u00e9 ses principes pour s\u2019engager dans [&hellip;]\" \/>\n<meta property=\"og:url\" content=\"https:\/\/www.nettali.com\/2023\/05\/20\/en-coulisses-babacar-diop-pas-tendre-avec-yewwi\/\" \/>\n<meta property=\"og:site_name\" content=\"Nettali.com\" \/>\n<meta property=\"article:publisher\" content=\"https:\/\/www.facebook.com\/nettalicom\" \/>\n<meta property=\"article:published_time\" content=\"2023-05-20T08:55:59+00:00\" \/>\n<meta property=\"article:modified_time\" content=\"2023-05-20T08:57:07+00:00\" \/>\n<meta property=\"og:image\" content=\"https:\/\/www.nettali.com\/wp-content\/uploads\/2023\/05\/telechargement-1-2.jpg\" \/>\n\t<meta property=\"og:image:width\" content=\"318\" \/>\n\t<meta property=\"og:image:height\" content=\"159\" \/>\n<meta name=\"twitter:card\" content=\"summary_large_image\" \/>\n<meta name=\"twitter:label1\" content=\"\u00c9crit par\" \/>\n\t<meta name=\"twitter:data1\" content=\"CK\" \/>\n\t<meta name=\"twitter:label2\" content=\"Dur\u00e9e de lecture estim\u00e9e\" \/>\n\t<meta name=\"twitter:data2\" content=\"2 minutes\" \/>\n<script type=\"application\/ld+json\" class=\"yoast-schema-graph\">{\"@context\":\"https:\/\/schema.org\",\"@graph\":[{\"@type\":\"WebSite\",\"@id\":\"https:\/\/www.nettali.com\/#website\",\"url\":\"https:\/\/www.nettali.com\/\",\"name\":\"Nettali.com\",\"description\":\"Le rendez-vous critique du Net\",\"potentialAction\":[{\"@type\":\"SearchAction\",\"target\":{\"@type\":\"EntryPoint\",\"urlTemplate\":\"https:\/\/www.nettali.com\/?s={search_term_string}\"},\"query-input\":\"required name=search_term_string\"}],\"inLanguage\":\"fr-FR\"},{\"@type\":\"ImageObject\",\"@id\":\"https:\/\/www.nettali.com\/2023\/05\/20\/en-coulisses-babacar-diop-pas-tendre-avec-yewwi\/#primaryimage\",\"inLanguage\":\"fr-FR\",\"url\":\"https:\/\/www.nettali.com\/wp-content\/uploads\/2023\/05\/telechargement-1-2.jpg\",\"contentUrl\":\"https:\/\/www.nettali.com\/wp-content\/uploads\/2023\/05\/telechargement-1-2.jpg\",\"width\":318,\"height\":159},{\"@type\":\"WebPage\",\"@id\":\"https:\/\/www.nettali.com\/2023\/05\/20\/en-coulisses-babacar-diop-pas-tendre-avec-yewwi\/#webpage\",\"url\":\"https:\/\/www.nettali.com\/2023\/05\/20\/en-coulisses-babacar-diop-pas-tendre-avec-yewwi\/\",\"name\":\"EN COULISSES - Babacar Diop, pas tendre avec Yewwi ! | Nettali.com\",\"isPartOf\":{\"@id\":\"https:\/\/www.nettali.com\/#website\"},\"primaryImageOfPage\":{\"@id\":\"https:\/\/www.nettali.com\/2023\/05\/20\/en-coulisses-babacar-diop-pas-tendre-avec-yewwi\/#primaryimage\"},\"datePublished\":\"2023-05-20T08:55:59+00:00\",\"dateModified\":\"2023-05-20T08:57:07+00:00\",\"author\":{\"@id\":\"https:\/\/www.nettali.com\/#\/schema\/person\/d8ac7b7e27ddad43f1c0d2ef090d7f71\"},\"breadcrumb\":{\"@id\":\"https:\/\/www.nettali.com\/2023\/05\/20\/en-coulisses-babacar-diop-pas-tendre-avec-yewwi\/#breadcrumb\"},\"inLanguage\":\"fr-FR\",\"potentialAction\":[{\"@type\":\"ReadAction\",\"target\":[\"https:\/\/www.nettali.com\/2023\/05\/20\/en-coulisses-babacar-diop-pas-tendre-avec-yewwi\/\"]}]},{\"@type\":\"BreadcrumbList\",\"@id\":\"https:\/\/www.nettali.com\/2023\/05\/20\/en-coulisses-babacar-diop-pas-tendre-avec-yewwi\/#breadcrumb\",\"itemListElement\":[{\"@type\":\"ListItem\",\"position\":1,\"name\":\"Accueil\",\"item\":\"https:\/\/www.nettali.com\/\"},{\"@type\":\"ListItem\",\"position\":2,\"name\":\"EN COULISSES - Babacar Diop, pas tendre avec Yewwi !\"}]},{\"@type\":\"Person\",\"@id\":\"https:\/\/www.nettali.com\/#\/schema\/person\/d8ac7b7e27ddad43f1c0d2ef090d7f71\",\"name\":\"CK\",\"image\":{\"@type\":\"ImageObject\",\"@id\":\"https:\/\/www.nettali.com\/#personlogo\",\"inLanguage\":\"fr-FR\",\"url\":\"https:\/\/secure.gravatar.com\/avatar\/1d8d5118b9327d94da7cd4ce7f17fec2?s=96&d=mm&r=g\",\"contentUrl\":\"https:\/\/secure.gravatar.com\/avatar\/1d8d5118b9327d94da7cd4ce7f17fec2?s=96&d=mm&r=g\",\"caption\":\"CK\"},\"sameAs\":[\"https:\/\/www.nettali.com\"]}]}<\/script>\n<!-- \/ Yoast SEO Premium plugin. -->","yoast_head_json":{"title":"EN COULISSES - Babacar Diop, pas tendre avec Yewwi ! | Nettali.com","robots":{"index":"index","follow":"follow","max-snippet":"max-snippet:-1","max-image-preview":"max-image-preview:large","max-video-preview":"max-video-preview:-1"},"canonical":"https:\/\/www.nettali.com\/2023\/05\/20\/en-coulisses-babacar-diop-pas-tendre-avec-yewwi\/","og_locale":"fr_FR","og_type":"article","og_title":"EN COULISSES - Babacar Diop, pas tendre avec Yewwi !","og_description":"NETTALI.COM - Pour rester sur l'entretien avec \"Jeune Afrique\", le maire de Thi\u00e8s a aussi \u00e9voqu\u00e9 son avenir dans la coalition Yaw. \"Yewwi Askan Wi \u00e9tait un grand projet de lib\u00e9ration qui cristallisait les espoirs. J\u2019en suis d\u2019ailleurs l\u2019un des membres fondateurs. Mais depuis quelques mois, cette coalition a abandonn\u00e9 ses principes pour s\u2019engager dans [&hellip;]","og_url":"https:\/\/www.nettali.com\/2023\/05\/20\/en-coulisses-babacar-diop-pas-tendre-avec-yewwi\/","og_site_name":"Nettali.com","article_publisher":"https:\/\/www.facebook.com\/nettalicom","article_published_time":"2023-05-20T08:55:59+00:00","article_modified_time":"2023-05-20T08:57:07+00:00","og_image":[{"width":318,"height":159,"url":"https:\/\/www.nettali.com\/wp-content\/uploads\/2023\/05\/telechargement-1-2.jpg","type":"image\/jpeg"}],"twitter_card":"summary_large_image","twitter_misc":{"\u00c9crit par":"CK","Dur\u00e9e de lecture estim\u00e9e":"2 minutes"},"schema":{"@context":"https:\/\/schema.org","@graph":[{"@type":"WebSite","@id":"https:\/\/www.nettali.com\/#website","url":"https:\/\/www.nettali.com\/","name":"Nettali.com","description":"Le rendez-vous critique du Net","potentialAction":[{"@type":"SearchAction","target":{"@type":"EntryPoint","urlTemplate":"https:\/\/www.nettali.com\/?s={search_term_string}"},"query-input":"required name=search_term_string"}],"inLanguage":"fr-FR"},{"@type":"ImageObject","@id":"https:\/\/www.nettali.com\/2023\/05\/20\/en-coulisses-babacar-diop-pas-tendre-avec-yewwi\/#primaryimage","inLanguage":"fr-FR","url":"https:\/\/www.nettali.com\/wp-content\/uploads\/2023\/05\/telechargement-1-2.jpg","contentUrl":"https:\/\/www.nettali.com\/wp-content\/uploads\/2023\/05\/telechargement-1-2.jpg","width":318,"height":159},{"@type":"WebPage","@id":"https:\/\/www.nettali.com\/2023\/05\/20\/en-coulisses-babacar-diop-pas-tendre-avec-yewwi\/#webpage","url":"https:\/\/www.nettali.com\/2023\/05\/20\/en-coulisses-babacar-diop-pas-tendre-avec-yewwi\/","name":"EN COULISSES - Babacar Diop, pas tendre avec Yewwi ! | Nettali.com","isPartOf":{"@id":"https:\/\/www.nettali.com\/#website"},"primaryImageOfPage":{"@id":"https:\/\/www.nettali.com\/2023\/05\/20\/en-coulisses-babacar-diop-pas-tendre-avec-yewwi\/#primaryimage"},"datePublished":"2023-05-20T08:55:59+00:00","dateModified":"2023-05-20T08:57:07+00:00","author":{"@id":"https:\/\/www.nettali.com\/#\/schema\/person\/d8ac7b7e27ddad43f1c0d2ef090d7f71"},"breadcrumb":{"@id":"https:\/\/www.nettali.com\/2023\/05\/20\/en-coulisses-babacar-diop-pas-tendre-avec-yewwi\/#breadcrumb"},"inLanguage":"fr-FR","potentialAction":[{"@type":"ReadAction","target":["https:\/\/www.nettali.com\/2023\/05\/20\/en-coulisses-babacar-diop-pas-tendre-avec-yewwi\/"]}]},{"@type":"BreadcrumbList","@id":"https:\/\/www.nettali.com\/2023\/05\/20\/en-coulisses-babacar-diop-pas-tendre-avec-yewwi\/#breadcrumb","itemListElement":[{"@type":"ListItem","position":1,"name":"Accueil","item":"https:\/\/www.nettali.com\/"},{"@type":"ListItem","position":2,"name":"EN COULISSES - Babacar Diop, pas tendre avec Yewwi !"}]},{"@type":"Person","@id":"https:\/\/www.nettali.com\/#\/schema\/person\/d8ac7b7e27ddad43f1c0d2ef090d7f71","name":"CK","image":{"@type":"ImageObject","@id":"https:\/\/www.nettali.com\/#personlogo","inLanguage":"fr-FR","url":"https:\/\/secure.gravatar.com\/avatar\/1d8d5118b9327d94da7cd4ce7f17fec2?s=96&d=mm&r=g","contentUrl":"https:\/\/secure.gravatar.com\/avatar\/1d8d5118b9327d94da7cd4ce7f17fec2?s=96&d=mm&r=g","caption":"CK"},"sameAs":["https:\/\/www.nettali.com"]}]}},"_links":{"self":[{"href":"https:\/\/www.nettali.com\/rest\/wp\/v2\/posts\/110279"}],"collection":[{"href":"https:\/\/www.nettali.com\/rest\/wp\/v2\/posts"}],"about":[{"href":"https:\/\/www.nettali.com\/rest\/wp\/v2\/types\/post"}],"author":[{"embeddable":true,"href":"https:\/\/www.nettali.com\/rest\/wp\/v2\/users\/2"}],"replies":[{"embeddable":true,"href":"https:\/\/www.nettali.com\/rest\/wp\/v2\/comments?post=110279"}],"version-history":[{"count":1,"href":"https:\/\/www.nettali.com\/rest\/wp\/v2\/posts\/110279\/revisions"}],"predecessor-version":[{"id":110280,"href":"https:\/\/www.nettali.com\/rest\/wp\/v2\/posts\/110279\/revisions\/110280"}],"wp:featuredmedia":[{"embeddable":true,"href":"https:\/\/www.nettali.com\/rest\/wp\/v2\/media\/110291"}],"wp:attachment":[{"href":"https:\/\/www.nettali.com\/rest\/wp\/v2\/media?parent=110279"}],"wp:term":[{"taxonomy":"category","embeddable":true,"href":"https:\/\/www.nettali.com\/rest\/wp\/v2\/categories?post=110279"},{"taxonomy":"post_tag","embeddable":true,"href":"https:\/\/www.nettali.com\/rest\/wp\/v2\/tags?post=110279"}],"curies":[{"name":"wp","href":"https:\/\/api.w.org\/{rel}","templated":true}]}}