{"id":110267,"date":"2023-05-20T07:56:41","date_gmt":"2023-05-20T07:56:41","guid":{"rendered":"https:\/\/www.nettali.com\/?p=110267"},"modified":"2023-05-20T07:56:41","modified_gmt":"2023-05-20T07:56:41","slug":"en-coulisses-sonko-prend-un-engagement","status":"publish","type":"post","link":"https:\/\/www.nettali.com\/2023\/05\/20\/en-coulisses-sonko-prend-un-engagement\/","title":{"rendered":"EN COULISSES - Sonko prend un engagement"},"content":{"rendered":"<p><strong>NETTALI.COM - L'affaire Sweet beauty sera jug\u00e9e en audience sp\u00e9ciale mardi prochain. Et il n'est pas exclu que le leader de Pastef se pr\u00e9sente au tribunal. Ousmane Sonko pose toutefois ses conditions.\u00a0<\/strong><\/p>\n<p>Retranch\u00e9 \u00e0 Ziguinchor depuis quelques jours, Ousmane Sonko pourrait revenir \u00e0 Dakar et assister \u00e0 son proc\u00e8s devant la chambre criminelle qui doit juger l'affaire Sweet Beaut\u00e9 en audience sp\u00e9ciale mardi prochain. Dans un entretien exclusif accord\u00e9 vendredi \u00e0 l'envoy\u00e9 sp\u00e9cial de la cha\u00eene de t\u00e9l\u00e9vision priv\u00e9e Walf Tv, le leader de Pastef s'est engag\u00e9 \u00e0 r\u00e9pondre \u00e0 l'appel du juge. Mais \u00e7a ne se fera pas sans conditions.<\/p>\n<p>Le maire de Ziguinchor veut notamment le respect de tous ses droits \u00e0 un proc\u00e8s juste et \u00e9quitable. Il r\u00e9clame \u00e9galement des garanties pour sa s\u00e9curit\u00e9 et celle de ses proches. \"<em>Je n'accepte pas qu'on m'a agresse ou qu'on agresse ma famille. Si j'ai la garantie que ce qui s'est pass\u00e9 ne se reproduira plus, j'irai r\u00e9pondre \u00e0 la Justice<\/em>\", a laiss\u00e9 entendre le leader de Pastef. Il pr\u00e9cise \u00e9galement que \"<em>se faire juger par contumace ne signifie pas \u00eatre coupable<\/em>\".<\/p>\n<div class='share-to-whatsapp-wrapper'><div class='share-on-whsp'>PARTAGER SUR : <\/div><a data-text='EN COULISSES - Sonko prend un engagement' data-link='https:\/\/www.nettali.com\/2023\/05\/20\/en-coulisses-sonko-prend-un-engagement\/' class='whatsapp-button whatsapp-share'>WhatsApp<\/a><div class='clear '><\/div><\/div>","protected":false},"excerpt":{"rendered":"<p>NETTALI.COM - L'affaire Sweet beauty sera jug\u00e9e en audience sp\u00e9ciale mardi prochain. Et il n'est pas exclu que le leader de Pastef se pr\u00e9sente au tribunal. Ousmane Sonko pose toutefois ses conditions.\u00a0 Retranch\u00e9 \u00e0 Ziguinchor depuis quelques jours, Ousmane Sonko pourrait revenir \u00e0 Dakar et assister \u00e0 son proc\u00e8s devant la chambre criminelle qui doit [&hellip;]<\/p>\n","protected":false},"author":3,"featured_media":110268,"comment_status":"open","ping_status":"open","sticky":false,"template":"","format":"standard","meta":{"_et_pb_use_builder":"","_et_pb_old_content":""},"categories":[34945],"tags":[],"yoast_head":"<!-- This site is optimized with the Yoast SEO Premium plugin v17.8 (Yoast SEO v17.8) - https:\/\/yoast.com\/wordpress\/plugins\/seo\/ -->\n<title>EN COULISSES - Sonko prend un engagement | Nettali.com<\/title>\n<meta name=\"robots\" content=\"index, follow, max-snippet:-1, max-image-preview:large, max-video-preview:-1\" \/>\n<link rel=\"canonical\" href=\"https:\/\/www.nettali.com\/2023\/05\/20\/en-coulisses-sonko-prend-un-engagement\/\" \/>\n<meta property=\"og:locale\" content=\"fr_FR\" \/>\n<meta property=\"og:type\" content=\"article\" \/>\n<meta property=\"og:title\" content=\"EN COULISSES - Sonko prend un engagement\" \/>\n<meta property=\"og:description\" content=\"NETTALI.COM - L&#039;affaire Sweet beauty sera jug\u00e9e en audience sp\u00e9ciale mardi prochain. Et il n&#039;est pas exclu que le leader de Pastef se pr\u00e9sente au tribunal. Ousmane Sonko pose toutefois ses conditions.\u00a0 Retranch\u00e9 \u00e0 Ziguinchor depuis quelques jours, Ousmane Sonko pourrait revenir \u00e0 Dakar et assister \u00e0 son proc\u00e8s devant la chambre criminelle qui doit [&hellip;]\" \/>\n<meta property=\"og:url\" content=\"https:\/\/www.nettali.com\/2023\/05\/20\/en-coulisses-sonko-prend-un-engagement\/\" \/>\n<meta property=\"og:site_name\" content=\"Nettali.com\" \/>\n<meta property=\"article:publisher\" content=\"https:\/\/www.facebook.com\/nettalicom\" \/>\n<meta property=\"article:published_time\" content=\"2023-05-20T07:56:41+00:00\" \/>\n<meta property=\"og:image\" content=\"https:\/\/www.nettali.com\/wp-content\/uploads\/2023\/05\/1684569353816.jpg\" \/>\n\t<meta property=\"og:image:width\" content=\"720\" \/>\n\t<meta property=\"og:image:height\" content=\"480\" \/>\n<meta name=\"twitter:card\" content=\"summary_large_image\" \/>\n<meta name=\"twitter:label1\" content=\"\u00c9crit par\" \/>\n\t<meta name=\"twitter:data1\" content=\"Moustapha\" \/>\n\t<meta name=\"twitter:label2\" content=\"Dur\u00e9e de lecture estim\u00e9e\" \/>\n\t<meta name=\"twitter:data2\" content=\"1 minute\" \/>\n<script type=\"application\/ld+json\" class=\"yoast-schema-graph\">{\"@context\":\"https:\/\/schema.org\",\"@graph\":[{\"@type\":\"WebSite\",\"@id\":\"https:\/\/www.nettali.com\/#website\",\"url\":\"https:\/\/www.nettali.com\/\",\"name\":\"Nettali.com\",\"description\":\"Le rendez-vous critique du Net\",\"potentialAction\":[{\"@type\":\"SearchAction\",\"target\":{\"@type\":\"EntryPoint\",\"urlTemplate\":\"https:\/\/www.nettali.com\/?s={search_term_string}\"},\"query-input\":\"required name=search_term_string\"}],\"inLanguage\":\"fr-FR\"},{\"@type\":\"ImageObject\",\"@id\":\"https:\/\/www.nettali.com\/2023\/05\/20\/en-coulisses-sonko-prend-un-engagement\/#primaryimage\",\"inLanguage\":\"fr-FR\",\"url\":\"https:\/\/www.nettali.com\/wp-content\/uploads\/2023\/05\/1684569353816.jpg\",\"contentUrl\":\"https:\/\/www.nettali.com\/wp-content\/uploads\/2023\/05\/1684569353816.jpg\",\"width\":720,\"height\":480},{\"@type\":\"WebPage\",\"@id\":\"https:\/\/www.nettali.com\/2023\/05\/20\/en-coulisses-sonko-prend-un-engagement\/#webpage\",\"url\":\"https:\/\/www.nettali.com\/2023\/05\/20\/en-coulisses-sonko-prend-un-engagement\/\",\"name\":\"EN COULISSES - Sonko prend un engagement | Nettali.com\",\"isPartOf\":{\"@id\":\"https:\/\/www.nettali.com\/#website\"},\"primaryImageOfPage\":{\"@id\":\"https:\/\/www.nettali.com\/2023\/05\/20\/en-coulisses-sonko-prend-un-engagement\/#primaryimage\"},\"datePublished\":\"2023-05-20T07:56:41+00:00\",\"dateModified\":\"2023-05-20T07:56:41+00:00\",\"author\":{\"@id\":\"https:\/\/www.nettali.com\/#\/schema\/person\/7962a12a6e0267f88f0ffa544c36469a\"},\"breadcrumb\":{\"@id\":\"https:\/\/www.nettali.com\/2023\/05\/20\/en-coulisses-sonko-prend-un-engagement\/#breadcrumb\"},\"inLanguage\":\"fr-FR\",\"potentialAction\":[{\"@type\":\"ReadAction\",\"target\":[\"https:\/\/www.nettali.com\/2023\/05\/20\/en-coulisses-sonko-prend-un-engagement\/\"]}]},{\"@type\":\"BreadcrumbList\",\"@id\":\"https:\/\/www.nettali.com\/2023\/05\/20\/en-coulisses-sonko-prend-un-engagement\/#breadcrumb\",\"itemListElement\":[{\"@type\":\"ListItem\",\"position\":1,\"name\":\"Accueil\",\"item\":\"https:\/\/www.nettali.com\/\"},{\"@type\":\"ListItem\",\"position\":2,\"name\":\"EN COULISSES - Sonko prend un engagement\"}]},{\"@type\":\"Person\",\"@id\":\"https:\/\/www.nettali.com\/#\/schema\/person\/7962a12a6e0267f88f0ffa544c36469a\",\"name\":\"Moustapha\",\"image\":{\"@type\":\"ImageObject\",\"@id\":\"https:\/\/www.nettali.com\/#personlogo\",\"inLanguage\":\"fr-FR\",\"url\":\"https:\/\/secure.gravatar.com\/avatar\/10fdf6a071cccdcf374e3dbe45159590?s=96&d=mm&r=g\",\"contentUrl\":\"https:\/\/secure.gravatar.com\/avatar\/10fdf6a071cccdcf374e3dbe45159590?s=96&d=mm&r=g\",\"caption\":\"Moustapha\"},\"sameAs\":[\"https:\/\/www.nettali.com\"]}]}<\/script>\n<!-- \/ Yoast SEO Premium plugin. -->","yoast_head_json":{"title":"EN COULISSES - Sonko prend un engagement | Nettali.com","robots":{"index":"index","follow":"follow","max-snippet":"max-snippet:-1","max-image-preview":"max-image-preview:large","max-video-preview":"max-video-preview:-1"},"canonical":"https:\/\/www.nettali.com\/2023\/05\/20\/en-coulisses-sonko-prend-un-engagement\/","og_locale":"fr_FR","og_type":"article","og_title":"EN COULISSES - Sonko prend un engagement","og_description":"NETTALI.COM - L'affaire Sweet beauty sera jug\u00e9e en audience sp\u00e9ciale mardi prochain. Et il n'est pas exclu que le leader de Pastef se pr\u00e9sente au tribunal. Ousmane Sonko pose toutefois ses conditions.\u00a0 Retranch\u00e9 \u00e0 Ziguinchor depuis quelques jours, Ousmane Sonko pourrait revenir \u00e0 Dakar et assister \u00e0 son proc\u00e8s devant la chambre criminelle qui doit [&hellip;]","og_url":"https:\/\/www.nettali.com\/2023\/05\/20\/en-coulisses-sonko-prend-un-engagement\/","og_site_name":"Nettali.com","article_publisher":"https:\/\/www.facebook.com\/nettalicom","article_published_time":"2023-05-20T07:56:41+00:00","og_image":[{"width":720,"height":480,"url":"https:\/\/www.nettali.com\/wp-content\/uploads\/2023\/05\/1684569353816.jpg","type":"image\/jpeg"}],"twitter_card":"summary_large_image","twitter_misc":{"\u00c9crit par":"Moustapha","Dur\u00e9e de lecture estim\u00e9e":"1 minute"},"schema":{"@context":"https:\/\/schema.org","@graph":[{"@type":"WebSite","@id":"https:\/\/www.nettali.com\/#website","url":"https:\/\/www.nettali.com\/","name":"Nettali.com","description":"Le rendez-vous critique du Net","potentialAction":[{"@type":"SearchAction","target":{"@type":"EntryPoint","urlTemplate":"https:\/\/www.nettali.com\/?s={search_term_string}"},"query-input":"required name=search_term_string"}],"inLanguage":"fr-FR"},{"@type":"ImageObject","@id":"https:\/\/www.nettali.com\/2023\/05\/20\/en-coulisses-sonko-prend-un-engagement\/#primaryimage","inLanguage":"fr-FR","url":"https:\/\/www.nettali.com\/wp-content\/uploads\/2023\/05\/1684569353816.jpg","contentUrl":"https:\/\/www.nettali.com\/wp-content\/uploads\/2023\/05\/1684569353816.jpg","width":720,"height":480},{"@type":"WebPage","@id":"https:\/\/www.nettali.com\/2023\/05\/20\/en-coulisses-sonko-prend-un-engagement\/#webpage","url":"https:\/\/www.nettali.com\/2023\/05\/20\/en-coulisses-sonko-prend-un-engagement\/","name":"EN COULISSES - Sonko prend un engagement | Nettali.com","isPartOf":{"@id":"https:\/\/www.nettali.com\/#website"},"primaryImageOfPage":{"@id":"https:\/\/www.nettali.com\/2023\/05\/20\/en-coulisses-sonko-prend-un-engagement\/#primaryimage"},"datePublished":"2023-05-20T07:56:41+00:00","dateModified":"2023-05-20T07:56:41+00:00","author":{"@id":"https:\/\/www.nettali.com\/#\/schema\/person\/7962a12a6e0267f88f0ffa544c36469a"},"breadcrumb":{"@id":"https:\/\/www.nettali.com\/2023\/05\/20\/en-coulisses-sonko-prend-un-engagement\/#breadcrumb"},"inLanguage":"fr-FR","potentialAction":[{"@type":"ReadAction","target":["https:\/\/www.nettali.com\/2023\/05\/20\/en-coulisses-sonko-prend-un-engagement\/"]}]},{"@type":"BreadcrumbList","@id":"https:\/\/www.nettali.com\/2023\/05\/20\/en-coulisses-sonko-prend-un-engagement\/#breadcrumb","itemListElement":[{"@type":"ListItem","position":1,"name":"Accueil","item":"https:\/\/www.nettali.com\/"},{"@type":"ListItem","position":2,"name":"EN COULISSES - Sonko prend un engagement"}]},{"@type":"Person","@id":"https:\/\/www.nettali.com\/#\/schema\/person\/7962a12a6e0267f88f0ffa544c36469a","name":"Moustapha","image":{"@type":"ImageObject","@id":"https:\/\/www.nettali.com\/#personlogo","inLanguage":"fr-FR","url":"https:\/\/secure.gravatar.com\/avatar\/10fdf6a071cccdcf374e3dbe45159590?s=96&d=mm&r=g","contentUrl":"https:\/\/secure.gravatar.com\/avatar\/10fdf6a071cccdcf374e3dbe45159590?s=96&d=mm&r=g","caption":"Moustapha"},"sameAs":["https:\/\/www.nettali.com"]}]}},"_links":{"self":[{"href":"https:\/\/www.nettali.com\/rest\/wp\/v2\/posts\/110267"}],"collection":[{"href":"https:\/\/www.nettali.com\/rest\/wp\/v2\/posts"}],"about":[{"href":"https:\/\/www.nettali.com\/rest\/wp\/v2\/types\/post"}],"author":[{"embeddable":true,"href":"https:\/\/www.nettali.com\/rest\/wp\/v2\/users\/3"}],"replies":[{"embeddable":true,"href":"https:\/\/www.nettali.com\/rest\/wp\/v2\/comments?post=110267"}],"version-history":[{"count":1,"href":"https:\/\/www.nettali.com\/rest\/wp\/v2\/posts\/110267\/revisions"}],"predecessor-version":[{"id":110269,"href":"https:\/\/www.nettali.com\/rest\/wp\/v2\/posts\/110267\/revisions\/110269"}],"wp:featuredmedia":[{"embeddable":true,"href":"https:\/\/www.nettali.com\/rest\/wp\/v2\/media\/110268"}],"wp:attachment":[{"href":"https:\/\/www.nettali.com\/rest\/wp\/v2\/media?parent=110267"}],"wp:term":[{"taxonomy":"category","embeddable":true,"href":"https:\/\/www.nettali.com\/rest\/wp\/v2\/categories?post=110267"},{"taxonomy":"post_tag","embeddable":true,"href":"https:\/\/www.nettali.com\/rest\/wp\/v2\/tags?post=110267"}],"curies":[{"name":"wp","href":"https:\/\/api.w.org\/{rel}","templated":true}]}}