{"id":110193,"date":"2023-05-18T22:03:25","date_gmt":"2023-05-18T22:03:25","guid":{"rendered":"https:\/\/www.nettali.com\/?p=110193"},"modified":"2023-05-20T10:26:54","modified_gmt":"2023-05-20T10:26:54","slug":"mort-dun-manifestant-a-keur-mbaye-fall-lautopsie-parle-dun-deces-par-balle-et-desavoue-antoine-diome","status":"publish","type":"post","link":"https:\/\/www.nettali.com\/2023\/05\/18\/mort-dun-manifestant-a-keur-mbaye-fall-lautopsie-parle-dun-deces-par-balle-et-desavoue-antoine-diome\/","title":{"rendered":"MORT D'UN MANIFESTANT \u00c0 KEUR MBAYE FALL- L'autopsie parle d'un d\u00e9c\u00e8s par balle et d\u00e9savoue Antoine Diome"},"content":{"rendered":"<p><strong>NETTALI.COM - Le certificat de mort d\u00e9livr\u00e9 par l'h\u00f4pital Idrissa Pouye (ex-Cto) apr\u00e8s la mort d'un manifestant \u00e0 Keur Mbaye Fall,\u00a0 le jour du renvoi du proc\u00e8s Ousmane Sonko-Adji Sarr, a d\u00e9savou\u00e9 le ministre de l'Int\u00e9rieur. Alors que, dans un communiqu\u00e9, Antoine F\u00e9lix Diome, soutenait que le jeune homme, Pape Amadou Ke\u00efta, a succomb\u00e9 \u00e0 ses blessures caus\u00e9es par une arme blanche, l'autopsie a r\u00e9v\u00e9l\u00e9 qu'en r\u00e9alit\u00e9 qu'il est mort d'un balle qui a travers\u00e9 son corps.<\/strong><\/p>\n<p>Apr\u00e8s le d\u00e9c\u00e8s de Pape Amadou Keita, le 16 mai dernier \u00e0 Keur Mbaye Fall lors des affrontements entre manifestants et forces de l'ordre, l'examen au service d'Anatomie et Cytologie Pathologique \u00e0 l'h\u00f4pital G\u00e9n\u00e9ral Idrissa Pouye de Grand Yoff a donn\u00e9 ses r\u00e9sultats de l'autopsie.<\/p>\n<p>En effet, la victime avait une plaie transfixante thoracique avec p\u00e9n\u00e9tration ant\u00e9rieure, note le m\u00e9decin l\u00e9giste.<\/p>\n<p>\"<em>Le trajet passe par le corps du <\/em><em>sternum, la base du c\u0153ur, le poumon <\/em><em>gauche avec un orifice de sortie <\/em><em>post\u00e9rieure \u00e0 hauteur de la 7e c\u00f4te <\/em><em>gauche, cons\u00e9cutive \u00e0 une p\u00e9n\u00e9tration <\/em><em>d'un projectile ayant compl\u00e8tement <\/em><em>travers\u00e9<\/em>\", peut-on lire dans le certificat de genre de mort sign\u00e9 ce 17 mai 2023.<\/p>\n<p><img loading=\"lazy\" class=\"alignnone size-full wp-image-110194\" src=\"https:\/\/www.nettali.com\/wp-content\/uploads\/2023\/05\/WhatsApp-Image-2023-05-18-at-17.36.58.jpeg\" alt=\"\" width=\"676\" height=\"960\" srcset=\"https:\/\/www.nettali.com\/wp-content\/uploads\/2023\/05\/WhatsApp-Image-2023-05-18-at-17.36.58.jpeg 676w, https:\/\/www.nettali.com\/wp-content\/uploads\/2023\/05\/WhatsApp-Image-2023-05-18-at-17.36.58-211x300.jpeg 211w\" sizes=\"(max-width: 676px) 100vw, 676px\" \/> <img loading=\"lazy\" class=\"alignnone size-large wp-image-110195\" src=\"https:\/\/www.nettali.com\/wp-content\/uploads\/2023\/05\/WhatsApp-Image-2023-05-18-at-17.37.16-681x1024.jpeg\" alt=\"\" width=\"681\" height=\"1024\" srcset=\"https:\/\/www.nettali.com\/wp-content\/uploads\/2023\/05\/WhatsApp-Image-2023-05-18-at-17.37.16-681x1024.jpeg 681w, https:\/\/www.nettali.com\/wp-content\/uploads\/2023\/05\/WhatsApp-Image-2023-05-18-at-17.37.16-200x300.jpeg 200w, https:\/\/www.nettali.com\/wp-content\/uploads\/2023\/05\/WhatsApp-Image-2023-05-18-at-17.37.16.jpeg 720w\" sizes=\"(max-width: 681px) 100vw, 681px\" \/><\/p>\n<div class='share-to-whatsapp-wrapper'><div class='share-on-whsp'>PARTAGER SUR : <\/div><a data-text='MORT D'UN MANIFESTANT \u00c0 KEUR MBAYE FALL- L'autopsie parle d'un d\u00e9c\u00e8s par balle et d\u00e9savoue Antoine Diome' data-link='https:\/\/www.nettali.com\/2023\/05\/18\/mort-dun-manifestant-a-keur-mbaye-fall-lautopsie-parle-dun-deces-par-balle-et-desavoue-antoine-diome\/' class='whatsapp-button whatsapp-share'>WhatsApp<\/a><div class='clear '><\/div><\/div>","protected":false},"excerpt":{"rendered":"<p>NETTALI.COM - Le certificat de mort d\u00e9livr\u00e9 par l'h\u00f4pital Idrissa Pouye (ex-Cto) apr\u00e8s la mort d'un manifestant \u00e0 Keur Mbaye Fall,\u00a0 le jour du renvoi du proc\u00e8s Ousmane Sonko-Adji Sarr, a d\u00e9savou\u00e9 le ministre de l'Int\u00e9rieur. Alors que, dans un communiqu\u00e9, Antoine F\u00e9lix Diome, soutenait que le jeune homme, Pape Amadou Ke\u00efta, a succomb\u00e9 \u00e0 [&hellip;]<\/p>\n","protected":false},"author":4,"featured_media":98153,"comment_status":"open","ping_status":"open","sticky":false,"template":"","format":"standard","meta":{"_et_pb_use_builder":"","_et_pb_old_content":""},"categories":[3],"tags":[],"yoast_head":"<!-- This site is optimized with the Yoast SEO Premium plugin v17.8 (Yoast SEO v17.8) - https:\/\/yoast.com\/wordpress\/plugins\/seo\/ -->\n<title>MORT D&#039;UN MANIFESTANT \u00c0 KEUR MBAYE FALL- L&#039;autopsie parle d&#039;un d\u00e9c\u00e8s par balle et d\u00e9savoue Antoine Diome | Nettali.com<\/title>\n<meta name=\"robots\" content=\"index, follow, max-snippet:-1, max-image-preview:large, max-video-preview:-1\" \/>\n<link rel=\"canonical\" href=\"https:\/\/www.nettali.com\/2023\/05\/18\/mort-dun-manifestant-a-keur-mbaye-fall-lautopsie-parle-dun-deces-par-balle-et-desavoue-antoine-diome\/\" \/>\n<meta property=\"og:locale\" content=\"fr_FR\" \/>\n<meta property=\"og:type\" content=\"article\" \/>\n<meta property=\"og:title\" content=\"MORT D&#039;UN MANIFESTANT \u00c0 KEUR MBAYE FALL- L&#039;autopsie parle d&#039;un d\u00e9c\u00e8s par balle et d\u00e9savoue Antoine Diome\" \/>\n<meta property=\"og:description\" content=\"NETTALI.COM - Le certificat de mort d\u00e9livr\u00e9 par l&#039;h\u00f4pital Idrissa Pouye (ex-Cto) apr\u00e8s la mort d&#039;un manifestant \u00e0 Keur Mbaye Fall,\u00a0 le jour du renvoi du proc\u00e8s Ousmane Sonko-Adji Sarr, a d\u00e9savou\u00e9 le ministre de l&#039;Int\u00e9rieur. Alors que, dans un communiqu\u00e9, Antoine F\u00e9lix Diome, soutenait que le jeune homme, Pape Amadou Ke\u00efta, a succomb\u00e9 \u00e0 [&hellip;]\" \/>\n<meta property=\"og:url\" content=\"https:\/\/www.nettali.com\/2023\/05\/18\/mort-dun-manifestant-a-keur-mbaye-fall-lautopsie-parle-dun-deces-par-balle-et-desavoue-antoine-diome\/\" \/>\n<meta property=\"og:site_name\" content=\"Nettali.com\" \/>\n<meta property=\"article:publisher\" content=\"https:\/\/www.facebook.com\/nettalicom\" \/>\n<meta property=\"article:published_time\" content=\"2023-05-18T22:03:25+00:00\" \/>\n<meta property=\"article:modified_time\" content=\"2023-05-20T10:26:54+00:00\" \/>\n<meta property=\"og:image\" content=\"https:\/\/www.nettali.com\/wp-content\/uploads\/2022\/11\/antoine.jpeg\" \/>\n\t<meta property=\"og:image:width\" content=\"1080\" \/>\n\t<meta property=\"og:image:height\" content=\"607\" \/>\n<meta name=\"twitter:card\" content=\"summary_large_image\" \/>\n<meta name=\"twitter:label1\" content=\"\u00c9crit par\" \/>\n\t<meta name=\"twitter:data1\" content=\"Daouda\" \/>\n\t<meta name=\"twitter:label2\" content=\"Dur\u00e9e de lecture estim\u00e9e\" \/>\n\t<meta name=\"twitter:data2\" content=\"2 minutes\" \/>\n<script type=\"application\/ld+json\" class=\"yoast-schema-graph\">{\"@context\":\"https:\/\/schema.org\",\"@graph\":[{\"@type\":\"WebSite\",\"@id\":\"https:\/\/www.nettali.com\/#website\",\"url\":\"https:\/\/www.nettali.com\/\",\"name\":\"Nettali.com\",\"description\":\"Le rendez-vous critique du Net\",\"potentialAction\":[{\"@type\":\"SearchAction\",\"target\":{\"@type\":\"EntryPoint\",\"urlTemplate\":\"https:\/\/www.nettali.com\/?s={search_term_string}\"},\"query-input\":\"required name=search_term_string\"}],\"inLanguage\":\"fr-FR\"},{\"@type\":\"ImageObject\",\"@id\":\"https:\/\/www.nettali.com\/2023\/05\/18\/mort-dun-manifestant-a-keur-mbaye-fall-lautopsie-parle-dun-deces-par-balle-et-desavoue-antoine-diome\/#primaryimage\",\"inLanguage\":\"fr-FR\",\"url\":\"https:\/\/www.nettali.com\/wp-content\/uploads\/2022\/11\/antoine.jpeg\",\"contentUrl\":\"https:\/\/www.nettali.com\/wp-content\/uploads\/2022\/11\/antoine.jpeg\",\"width\":1080,\"height\":607},{\"@type\":\"WebPage\",\"@id\":\"https:\/\/www.nettali.com\/2023\/05\/18\/mort-dun-manifestant-a-keur-mbaye-fall-lautopsie-parle-dun-deces-par-balle-et-desavoue-antoine-diome\/#webpage\",\"url\":\"https:\/\/www.nettali.com\/2023\/05\/18\/mort-dun-manifestant-a-keur-mbaye-fall-lautopsie-parle-dun-deces-par-balle-et-desavoue-antoine-diome\/\",\"name\":\"MORT D'UN MANIFESTANT \\u00c0 KEUR MBAYE FALL- L'autopsie parle d'un d\\u00e9c\\u00e8s par balle et d\\u00e9savoue Antoine Diome | Nettali.com\",\"isPartOf\":{\"@id\":\"https:\/\/www.nettali.com\/#website\"},\"primaryImageOfPage\":{\"@id\":\"https:\/\/www.nettali.com\/2023\/05\/18\/mort-dun-manifestant-a-keur-mbaye-fall-lautopsie-parle-dun-deces-par-balle-et-desavoue-antoine-diome\/#primaryimage\"},\"datePublished\":\"2023-05-18T22:03:25+00:00\",\"dateModified\":\"2023-05-20T10:26:54+00:00\",\"author\":{\"@id\":\"https:\/\/www.nettali.com\/#\/schema\/person\/3317e0bb3aa1da309fbf7b2780901bf4\"},\"breadcrumb\":{\"@id\":\"https:\/\/www.nettali.com\/2023\/05\/18\/mort-dun-manifestant-a-keur-mbaye-fall-lautopsie-parle-dun-deces-par-balle-et-desavoue-antoine-diome\/#breadcrumb\"},\"inLanguage\":\"fr-FR\",\"potentialAction\":[{\"@type\":\"ReadAction\",\"target\":[\"https:\/\/www.nettali.com\/2023\/05\/18\/mort-dun-manifestant-a-keur-mbaye-fall-lautopsie-parle-dun-deces-par-balle-et-desavoue-antoine-diome\/\"]}]},{\"@type\":\"BreadcrumbList\",\"@id\":\"https:\/\/www.nettali.com\/2023\/05\/18\/mort-dun-manifestant-a-keur-mbaye-fall-lautopsie-parle-dun-deces-par-balle-et-desavoue-antoine-diome\/#breadcrumb\",\"itemListElement\":[{\"@type\":\"ListItem\",\"position\":1,\"name\":\"Accueil\",\"item\":\"https:\/\/www.nettali.com\/\"},{\"@type\":\"ListItem\",\"position\":2,\"name\":\"MORT D'UN MANIFESTANT \\u00c0 KEUR MBAYE FALL- L'autopsie parle d'un d\\u00e9c\\u00e8s par balle et d\\u00e9savoue Antoine Diome\"}]},{\"@type\":\"Person\",\"@id\":\"https:\/\/www.nettali.com\/#\/schema\/person\/3317e0bb3aa1da309fbf7b2780901bf4\",\"name\":\"Daouda\",\"image\":{\"@type\":\"ImageObject\",\"@id\":\"https:\/\/www.nettali.com\/#personlogo\",\"inLanguage\":\"fr-FR\",\"url\":\"https:\/\/secure.gravatar.com\/avatar\/8d143b5a49345098ddcfee1c49c2f47c?s=96&d=mm&r=g\",\"contentUrl\":\"https:\/\/secure.gravatar.com\/avatar\/8d143b5a49345098ddcfee1c49c2f47c?s=96&d=mm&r=g\",\"caption\":\"Daouda\"},\"sameAs\":[\"https:\/\/www.nettali.com\"]}]}<\/script>\n<!-- \/ Yoast SEO Premium plugin. -->","yoast_head_json":{"title":"MORT D'UN MANIFESTANT \u00c0 KEUR MBAYE FALL- L'autopsie parle d'un d\u00e9c\u00e8s par balle et d\u00e9savoue Antoine Diome | Nettali.com","robots":{"index":"index","follow":"follow","max-snippet":"max-snippet:-1","max-image-preview":"max-image-preview:large","max-video-preview":"max-video-preview:-1"},"canonical":"https:\/\/www.nettali.com\/2023\/05\/18\/mort-dun-manifestant-a-keur-mbaye-fall-lautopsie-parle-dun-deces-par-balle-et-desavoue-antoine-diome\/","og_locale":"fr_FR","og_type":"article","og_title":"MORT D'UN MANIFESTANT \u00c0 KEUR MBAYE FALL- L'autopsie parle d'un d\u00e9c\u00e8s par balle et d\u00e9savoue Antoine Diome","og_description":"NETTALI.COM - Le certificat de mort d\u00e9livr\u00e9 par l'h\u00f4pital Idrissa Pouye (ex-Cto) apr\u00e8s la mort d'un manifestant \u00e0 Keur Mbaye Fall,\u00a0 le jour du renvoi du proc\u00e8s Ousmane Sonko-Adji Sarr, a d\u00e9savou\u00e9 le ministre de l'Int\u00e9rieur. Alors que, dans un communiqu\u00e9, Antoine F\u00e9lix Diome, soutenait que le jeune homme, Pape Amadou Ke\u00efta, a succomb\u00e9 \u00e0 [&hellip;]","og_url":"https:\/\/www.nettali.com\/2023\/05\/18\/mort-dun-manifestant-a-keur-mbaye-fall-lautopsie-parle-dun-deces-par-balle-et-desavoue-antoine-diome\/","og_site_name":"Nettali.com","article_publisher":"https:\/\/www.facebook.com\/nettalicom","article_published_time":"2023-05-18T22:03:25+00:00","article_modified_time":"2023-05-20T10:26:54+00:00","og_image":[{"width":1080,"height":607,"url":"https:\/\/www.nettali.com\/wp-content\/uploads\/2022\/11\/antoine.jpeg","type":"image\/jpeg"}],"twitter_card":"summary_large_image","twitter_misc":{"\u00c9crit par":"Daouda","Dur\u00e9e de lecture estim\u00e9e":"2 minutes"},"schema":{"@context":"https:\/\/schema.org","@graph":[{"@type":"WebSite","@id":"https:\/\/www.nettali.com\/#website","url":"https:\/\/www.nettali.com\/","name":"Nettali.com","description":"Le rendez-vous critique du Net","potentialAction":[{"@type":"SearchAction","target":{"@type":"EntryPoint","urlTemplate":"https:\/\/www.nettali.com\/?s={search_term_string}"},"query-input":"required name=search_term_string"}],"inLanguage":"fr-FR"},{"@type":"ImageObject","@id":"https:\/\/www.nettali.com\/2023\/05\/18\/mort-dun-manifestant-a-keur-mbaye-fall-lautopsie-parle-dun-deces-par-balle-et-desavoue-antoine-diome\/#primaryimage","inLanguage":"fr-FR","url":"https:\/\/www.nettali.com\/wp-content\/uploads\/2022\/11\/antoine.jpeg","contentUrl":"https:\/\/www.nettali.com\/wp-content\/uploads\/2022\/11\/antoine.jpeg","width":1080,"height":607},{"@type":"WebPage","@id":"https:\/\/www.nettali.com\/2023\/05\/18\/mort-dun-manifestant-a-keur-mbaye-fall-lautopsie-parle-dun-deces-par-balle-et-desavoue-antoine-diome\/#webpage","url":"https:\/\/www.nettali.com\/2023\/05\/18\/mort-dun-manifestant-a-keur-mbaye-fall-lautopsie-parle-dun-deces-par-balle-et-desavoue-antoine-diome\/","name":"MORT D'UN MANIFESTANT \u00c0 KEUR MBAYE FALL- L'autopsie parle d'un d\u00e9c\u00e8s par balle et d\u00e9savoue Antoine Diome | Nettali.com","isPartOf":{"@id":"https:\/\/www.nettali.com\/#website"},"primaryImageOfPage":{"@id":"https:\/\/www.nettali.com\/2023\/05\/18\/mort-dun-manifestant-a-keur-mbaye-fall-lautopsie-parle-dun-deces-par-balle-et-desavoue-antoine-diome\/#primaryimage"},"datePublished":"2023-05-18T22:03:25+00:00","dateModified":"2023-05-20T10:26:54+00:00","author":{"@id":"https:\/\/www.nettali.com\/#\/schema\/person\/3317e0bb3aa1da309fbf7b2780901bf4"},"breadcrumb":{"@id":"https:\/\/www.nettali.com\/2023\/05\/18\/mort-dun-manifestant-a-keur-mbaye-fall-lautopsie-parle-dun-deces-par-balle-et-desavoue-antoine-diome\/#breadcrumb"},"inLanguage":"fr-FR","potentialAction":[{"@type":"ReadAction","target":["https:\/\/www.nettali.com\/2023\/05\/18\/mort-dun-manifestant-a-keur-mbaye-fall-lautopsie-parle-dun-deces-par-balle-et-desavoue-antoine-diome\/"]}]},{"@type":"BreadcrumbList","@id":"https:\/\/www.nettali.com\/2023\/05\/18\/mort-dun-manifestant-a-keur-mbaye-fall-lautopsie-parle-dun-deces-par-balle-et-desavoue-antoine-diome\/#breadcrumb","itemListElement":[{"@type":"ListItem","position":1,"name":"Accueil","item":"https:\/\/www.nettali.com\/"},{"@type":"ListItem","position":2,"name":"MORT D'UN MANIFESTANT \u00c0 KEUR MBAYE FALL- L'autopsie parle d'un d\u00e9c\u00e8s par balle et d\u00e9savoue Antoine Diome"}]},{"@type":"Person","@id":"https:\/\/www.nettali.com\/#\/schema\/person\/3317e0bb3aa1da309fbf7b2780901bf4","name":"Daouda","image":{"@type":"ImageObject","@id":"https:\/\/www.nettali.com\/#personlogo","inLanguage":"fr-FR","url":"https:\/\/secure.gravatar.com\/avatar\/8d143b5a49345098ddcfee1c49c2f47c?s=96&d=mm&r=g","contentUrl":"https:\/\/secure.gravatar.com\/avatar\/8d143b5a49345098ddcfee1c49c2f47c?s=96&d=mm&r=g","caption":"Daouda"},"sameAs":["https:\/\/www.nettali.com"]}]}},"_links":{"self":[{"href":"https:\/\/www.nettali.com\/rest\/wp\/v2\/posts\/110193"}],"collection":[{"href":"https:\/\/www.nettali.com\/rest\/wp\/v2\/posts"}],"about":[{"href":"https:\/\/www.nettali.com\/rest\/wp\/v2\/types\/post"}],"author":[{"embeddable":true,"href":"https:\/\/www.nettali.com\/rest\/wp\/v2\/users\/4"}],"replies":[{"embeddable":true,"href":"https:\/\/www.nettali.com\/rest\/wp\/v2\/comments?post=110193"}],"version-history":[{"count":3,"href":"https:\/\/www.nettali.com\/rest\/wp\/v2\/posts\/110193\/revisions"}],"predecessor-version":[{"id":110221,"href":"https:\/\/www.nettali.com\/rest\/wp\/v2\/posts\/110193\/revisions\/110221"}],"wp:featuredmedia":[{"embeddable":true,"href":"https:\/\/www.nettali.com\/rest\/wp\/v2\/media\/98153"}],"wp:attachment":[{"href":"https:\/\/www.nettali.com\/rest\/wp\/v2\/media?parent=110193"}],"wp:term":[{"taxonomy":"category","embeddable":true,"href":"https:\/\/www.nettali.com\/rest\/wp\/v2\/categories?post=110193"},{"taxonomy":"post_tag","embeddable":true,"href":"https:\/\/www.nettali.com\/rest\/wp\/v2\/tags?post=110193"}],"curies":[{"name":"wp","href":"https:\/\/api.w.org\/{rel}","templated":true}]}}