{"id":110114,"date":"2023-05-17T09:08:10","date_gmt":"2023-05-17T09:08:10","guid":{"rendered":"https:\/\/www.nettali.com\/?p=110114"},"modified":"2023-05-17T09:18:23","modified_gmt":"2023-05-17T09:18:23","slug":"en-coulisses-sil-recoit-sa-convocation-nous-lui-conseillerons-de-venir","status":"publish","type":"post","link":"https:\/\/www.nettali.com\/2023\/05\/17\/en-coulisses-sil-recoit-sa-convocation-nous-lui-conseillerons-de-venir\/","title":{"rendered":"EN COULISSES - \"S\u2019il re\u00e7oit sa convocation, nous lui conseillerons de venir\u2026\""},"content":{"rendered":"<p><strong>NETTALI.COM -<\/strong> A la question de savoir s\u2019il va se pr\u00e9senter ou non \u00e0 la prochaine audience, l'avocat d'Ousmane Sonko, Youssoupha Camara de pester : \"<em>Tout d\u00e9pendra de ce qu\u2019il recevra. S\u2019il re\u00e7oit sa convocation, nous ses avocats nous lui conseillerons de venir. Mais c\u2019est lui qui va d\u00e9cider. Il a parl\u00e9 de d\u00e9sob\u00e9issance civile parce qu\u2019il y a une violation manifeste de ses droits. C\u2019est une personne dont les droits sont bafou\u00e9s \u00e0 chaque fois qu\u2019il se d\u00e9place. Voil\u00e0 pourquoi il avait parl\u00e9 de d\u00e9sob\u00e9issance.\"<\/em><\/p>\n<p>De l\u2019avis de Maitre Khoureyssi Ba, il faut surtout voir du c\u00f4t\u00e9 de l\u2019\u00c9tat les raisons de la non-pr\u00e9sence de son client. \"<em>Quiconque aurait \u00e9t\u00e9 dans sa situation, aurait pu r\u00e9agir de la m\u00eame mani\u00e8re, en parlant de r\u00e9sistance et de d\u00e9sob\u00e9issance. Il revient aux dirigeants de ce pays de faire en sorte que les droits de tous les citoyens soient respect\u00e9s et ce n\u2019est pas son cas. Le plus essentiel chez un homme, ce n\u2019est pas de manger, de boire, de se coucher. Mais la libert\u00e9 d\u2019aller et de venir, la libert\u00e9 d\u2019expression et d\u2019opinion, droit \u00e0 un proc\u00e8s \u00e9quitable. Notre client a \u00e9t\u00e9 priv\u00e9 de tout \u00e7a. Tout le monde a vu comment il est trait\u00e9, chaque fois qu\u2019il doit r\u00e9pondre au tribunal. Donc, si Ousmane Sonko n\u2019est pas venu, c\u2019est la faute du gouvernement et des autorit\u00e9s<\/em>.\u201d<\/p>\n<p>\u00c0 l\u2019en croire, s\u2019ils avaient assur\u00e9 les conditions de s\u00e9curit\u00e9, Sonko serait pr\u00e9sent. Il ajoute : \"<em>il est le premier \u00e0 \u00eatre int\u00e9ress\u00e9 par ce proc\u00e8s. Au S\u00e9n\u00e9gal, personne n\u2019est au-dessus de la loi. C\u2019est donc normal qu\u2019Ousmane Sonko soit convoqu\u00e9. Personne ne dit le contraire. Mais il doit venir en citoyen libre<\/em>.\"<\/p>\n<p>&nbsp;<\/p>\n<div class='share-to-whatsapp-wrapper'><div class='share-on-whsp'>PARTAGER SUR : <\/div><a data-text='EN COULISSES - \"S\u2019il re\u00e7oit sa convocation, nous lui conseillerons de venir\u2026\"' data-link='https:\/\/www.nettali.com\/2023\/05\/17\/en-coulisses-sil-recoit-sa-convocation-nous-lui-conseillerons-de-venir\/' class='whatsapp-button whatsapp-share'>WhatsApp<\/a><div class='clear '><\/div><\/div>","protected":false},"excerpt":{"rendered":"<p>NETTALI.COM - A la question de savoir s\u2019il va se pr\u00e9senter ou non \u00e0 la prochaine audience, l'avocat d'Ousmane Sonko, Youssoupha Camara de pester : \"Tout d\u00e9pendra de ce qu\u2019il recevra. S\u2019il re\u00e7oit sa convocation, nous ses avocats nous lui conseillerons de venir. Mais c\u2019est lui qui va d\u00e9cider. Il a parl\u00e9 de d\u00e9sob\u00e9issance civile [&hellip;]<\/p>\n","protected":false},"author":2,"featured_media":110063,"comment_status":"open","ping_status":"open","sticky":false,"template":"","format":"standard","meta":{"_et_pb_use_builder":"","_et_pb_old_content":""},"categories":[34945],"tags":[],"yoast_head":"<!-- This site is optimized with the Yoast SEO Premium plugin v17.8 (Yoast SEO v17.8) - https:\/\/yoast.com\/wordpress\/plugins\/seo\/ -->\n<title>EN COULISSES - &quot;S\u2019il re\u00e7oit sa convocation, nous lui conseillerons de venir\u2026&quot; | Nettali.com<\/title>\n<meta name=\"robots\" content=\"index, follow, max-snippet:-1, max-image-preview:large, max-video-preview:-1\" \/>\n<link rel=\"canonical\" href=\"https:\/\/www.nettali.com\/2023\/05\/17\/en-coulisses-sil-recoit-sa-convocation-nous-lui-conseillerons-de-venir\/\" \/>\n<meta property=\"og:locale\" content=\"fr_FR\" \/>\n<meta property=\"og:type\" content=\"article\" \/>\n<meta property=\"og:title\" content=\"EN COULISSES - &quot;S\u2019il re\u00e7oit sa convocation, nous lui conseillerons de venir\u2026&quot;\" \/>\n<meta property=\"og:description\" content=\"NETTALI.COM - A la question de savoir s\u2019il va se pr\u00e9senter ou non \u00e0 la prochaine audience, l&#039;avocat d&#039;Ousmane Sonko, Youssoupha Camara de pester : &quot;Tout d\u00e9pendra de ce qu\u2019il recevra. S\u2019il re\u00e7oit sa convocation, nous ses avocats nous lui conseillerons de venir. Mais c\u2019est lui qui va d\u00e9cider. Il a parl\u00e9 de d\u00e9sob\u00e9issance civile [&hellip;]\" \/>\n<meta property=\"og:url\" content=\"https:\/\/www.nettali.com\/2023\/05\/17\/en-coulisses-sil-recoit-sa-convocation-nous-lui-conseillerons-de-venir\/\" \/>\n<meta property=\"og:site_name\" content=\"Nettali.com\" \/>\n<meta property=\"article:publisher\" content=\"https:\/\/www.facebook.com\/nettalicom\" \/>\n<meta property=\"article:published_time\" content=\"2023-05-17T09:08:10+00:00\" \/>\n<meta property=\"article:modified_time\" content=\"2023-05-17T09:18:23+00:00\" \/>\n<meta property=\"og:image\" content=\"https:\/\/www.nettali.com\/wp-content\/uploads\/2023\/05\/Affaire-Adji-Sarr-Ousmane-Sonko-Le-Proces-au-Senegal-de-lopposant-Politique.jpeg\" \/>\n\t<meta property=\"og:image:width\" content=\"1164\" \/>\n\t<meta property=\"og:image:height\" content=\"703\" \/>\n<meta name=\"twitter:card\" content=\"summary_large_image\" \/>\n<meta name=\"twitter:label1\" content=\"\u00c9crit par\" \/>\n\t<meta name=\"twitter:data1\" content=\"CK\" \/>\n\t<meta name=\"twitter:label2\" content=\"Dur\u00e9e de lecture estim\u00e9e\" \/>\n\t<meta name=\"twitter:data2\" content=\"2 minutes\" \/>\n<script type=\"application\/ld+json\" class=\"yoast-schema-graph\">{\"@context\":\"https:\/\/schema.org\",\"@graph\":[{\"@type\":\"WebSite\",\"@id\":\"https:\/\/www.nettali.com\/#website\",\"url\":\"https:\/\/www.nettali.com\/\",\"name\":\"Nettali.com\",\"description\":\"Le rendez-vous critique du Net\",\"potentialAction\":[{\"@type\":\"SearchAction\",\"target\":{\"@type\":\"EntryPoint\",\"urlTemplate\":\"https:\/\/www.nettali.com\/?s={search_term_string}\"},\"query-input\":\"required name=search_term_string\"}],\"inLanguage\":\"fr-FR\"},{\"@type\":\"ImageObject\",\"@id\":\"https:\/\/www.nettali.com\/2023\/05\/17\/en-coulisses-sil-recoit-sa-convocation-nous-lui-conseillerons-de-venir\/#primaryimage\",\"inLanguage\":\"fr-FR\",\"url\":\"https:\/\/www.nettali.com\/wp-content\/uploads\/2023\/05\/Affaire-Adji-Sarr-Ousmane-Sonko-Le-Proces-au-Senegal-de-lopposant-Politique.jpeg\",\"contentUrl\":\"https:\/\/www.nettali.com\/wp-content\/uploads\/2023\/05\/Affaire-Adji-Sarr-Ousmane-Sonko-Le-Proces-au-Senegal-de-lopposant-Politique.jpeg\",\"width\":1164,\"height\":703},{\"@type\":\"WebPage\",\"@id\":\"https:\/\/www.nettali.com\/2023\/05\/17\/en-coulisses-sil-recoit-sa-convocation-nous-lui-conseillerons-de-venir\/#webpage\",\"url\":\"https:\/\/www.nettali.com\/2023\/05\/17\/en-coulisses-sil-recoit-sa-convocation-nous-lui-conseillerons-de-venir\/\",\"name\":\"EN COULISSES - \\\"S\\u2019il re\\u00e7oit sa convocation, nous lui conseillerons de venir\\u2026\\\" | Nettali.com\",\"isPartOf\":{\"@id\":\"https:\/\/www.nettali.com\/#website\"},\"primaryImageOfPage\":{\"@id\":\"https:\/\/www.nettali.com\/2023\/05\/17\/en-coulisses-sil-recoit-sa-convocation-nous-lui-conseillerons-de-venir\/#primaryimage\"},\"datePublished\":\"2023-05-17T09:08:10+00:00\",\"dateModified\":\"2023-05-17T09:18:23+00:00\",\"author\":{\"@id\":\"https:\/\/www.nettali.com\/#\/schema\/person\/d8ac7b7e27ddad43f1c0d2ef090d7f71\"},\"breadcrumb\":{\"@id\":\"https:\/\/www.nettali.com\/2023\/05\/17\/en-coulisses-sil-recoit-sa-convocation-nous-lui-conseillerons-de-venir\/#breadcrumb\"},\"inLanguage\":\"fr-FR\",\"potentialAction\":[{\"@type\":\"ReadAction\",\"target\":[\"https:\/\/www.nettali.com\/2023\/05\/17\/en-coulisses-sil-recoit-sa-convocation-nous-lui-conseillerons-de-venir\/\"]}]},{\"@type\":\"BreadcrumbList\",\"@id\":\"https:\/\/www.nettali.com\/2023\/05\/17\/en-coulisses-sil-recoit-sa-convocation-nous-lui-conseillerons-de-venir\/#breadcrumb\",\"itemListElement\":[{\"@type\":\"ListItem\",\"position\":1,\"name\":\"Accueil\",\"item\":\"https:\/\/www.nettali.com\/\"},{\"@type\":\"ListItem\",\"position\":2,\"name\":\"EN COULISSES - \\\"S\\u2019il re\\u00e7oit sa convocation, nous lui conseillerons de venir\\u2026\\\"\"}]},{\"@type\":\"Person\",\"@id\":\"https:\/\/www.nettali.com\/#\/schema\/person\/d8ac7b7e27ddad43f1c0d2ef090d7f71\",\"name\":\"CK\",\"image\":{\"@type\":\"ImageObject\",\"@id\":\"https:\/\/www.nettali.com\/#personlogo\",\"inLanguage\":\"fr-FR\",\"url\":\"https:\/\/secure.gravatar.com\/avatar\/1d8d5118b9327d94da7cd4ce7f17fec2?s=96&d=mm&r=g\",\"contentUrl\":\"https:\/\/secure.gravatar.com\/avatar\/1d8d5118b9327d94da7cd4ce7f17fec2?s=96&d=mm&r=g\",\"caption\":\"CK\"},\"sameAs\":[\"https:\/\/www.nettali.com\"]}]}<\/script>\n<!-- \/ Yoast SEO Premium plugin. -->","yoast_head_json":{"title":"EN COULISSES - \"S\u2019il re\u00e7oit sa convocation, nous lui conseillerons de venir\u2026\" | Nettali.com","robots":{"index":"index","follow":"follow","max-snippet":"max-snippet:-1","max-image-preview":"max-image-preview:large","max-video-preview":"max-video-preview:-1"},"canonical":"https:\/\/www.nettali.com\/2023\/05\/17\/en-coulisses-sil-recoit-sa-convocation-nous-lui-conseillerons-de-venir\/","og_locale":"fr_FR","og_type":"article","og_title":"EN COULISSES - \"S\u2019il re\u00e7oit sa convocation, nous lui conseillerons de venir\u2026\"","og_description":"NETTALI.COM - A la question de savoir s\u2019il va se pr\u00e9senter ou non \u00e0 la prochaine audience, l'avocat d'Ousmane Sonko, Youssoupha Camara de pester : \"Tout d\u00e9pendra de ce qu\u2019il recevra. S\u2019il re\u00e7oit sa convocation, nous ses avocats nous lui conseillerons de venir. Mais c\u2019est lui qui va d\u00e9cider. Il a parl\u00e9 de d\u00e9sob\u00e9issance civile [&hellip;]","og_url":"https:\/\/www.nettali.com\/2023\/05\/17\/en-coulisses-sil-recoit-sa-convocation-nous-lui-conseillerons-de-venir\/","og_site_name":"Nettali.com","article_publisher":"https:\/\/www.facebook.com\/nettalicom","article_published_time":"2023-05-17T09:08:10+00:00","article_modified_time":"2023-05-17T09:18:23+00:00","og_image":[{"width":1164,"height":703,"url":"https:\/\/www.nettali.com\/wp-content\/uploads\/2023\/05\/Affaire-Adji-Sarr-Ousmane-Sonko-Le-Proces-au-Senegal-de-lopposant-Politique.jpeg","type":"image\/jpeg"}],"twitter_card":"summary_large_image","twitter_misc":{"\u00c9crit par":"CK","Dur\u00e9e de lecture estim\u00e9e":"2 minutes"},"schema":{"@context":"https:\/\/schema.org","@graph":[{"@type":"WebSite","@id":"https:\/\/www.nettali.com\/#website","url":"https:\/\/www.nettali.com\/","name":"Nettali.com","description":"Le rendez-vous critique du Net","potentialAction":[{"@type":"SearchAction","target":{"@type":"EntryPoint","urlTemplate":"https:\/\/www.nettali.com\/?s={search_term_string}"},"query-input":"required name=search_term_string"}],"inLanguage":"fr-FR"},{"@type":"ImageObject","@id":"https:\/\/www.nettali.com\/2023\/05\/17\/en-coulisses-sil-recoit-sa-convocation-nous-lui-conseillerons-de-venir\/#primaryimage","inLanguage":"fr-FR","url":"https:\/\/www.nettali.com\/wp-content\/uploads\/2023\/05\/Affaire-Adji-Sarr-Ousmane-Sonko-Le-Proces-au-Senegal-de-lopposant-Politique.jpeg","contentUrl":"https:\/\/www.nettali.com\/wp-content\/uploads\/2023\/05\/Affaire-Adji-Sarr-Ousmane-Sonko-Le-Proces-au-Senegal-de-lopposant-Politique.jpeg","width":1164,"height":703},{"@type":"WebPage","@id":"https:\/\/www.nettali.com\/2023\/05\/17\/en-coulisses-sil-recoit-sa-convocation-nous-lui-conseillerons-de-venir\/#webpage","url":"https:\/\/www.nettali.com\/2023\/05\/17\/en-coulisses-sil-recoit-sa-convocation-nous-lui-conseillerons-de-venir\/","name":"EN COULISSES - \"S\u2019il re\u00e7oit sa convocation, nous lui conseillerons de venir\u2026\" | Nettali.com","isPartOf":{"@id":"https:\/\/www.nettali.com\/#website"},"primaryImageOfPage":{"@id":"https:\/\/www.nettali.com\/2023\/05\/17\/en-coulisses-sil-recoit-sa-convocation-nous-lui-conseillerons-de-venir\/#primaryimage"},"datePublished":"2023-05-17T09:08:10+00:00","dateModified":"2023-05-17T09:18:23+00:00","author":{"@id":"https:\/\/www.nettali.com\/#\/schema\/person\/d8ac7b7e27ddad43f1c0d2ef090d7f71"},"breadcrumb":{"@id":"https:\/\/www.nettali.com\/2023\/05\/17\/en-coulisses-sil-recoit-sa-convocation-nous-lui-conseillerons-de-venir\/#breadcrumb"},"inLanguage":"fr-FR","potentialAction":[{"@type":"ReadAction","target":["https:\/\/www.nettali.com\/2023\/05\/17\/en-coulisses-sil-recoit-sa-convocation-nous-lui-conseillerons-de-venir\/"]}]},{"@type":"BreadcrumbList","@id":"https:\/\/www.nettali.com\/2023\/05\/17\/en-coulisses-sil-recoit-sa-convocation-nous-lui-conseillerons-de-venir\/#breadcrumb","itemListElement":[{"@type":"ListItem","position":1,"name":"Accueil","item":"https:\/\/www.nettali.com\/"},{"@type":"ListItem","position":2,"name":"EN COULISSES - \"S\u2019il re\u00e7oit sa convocation, nous lui conseillerons de venir\u2026\""}]},{"@type":"Person","@id":"https:\/\/www.nettali.com\/#\/schema\/person\/d8ac7b7e27ddad43f1c0d2ef090d7f71","name":"CK","image":{"@type":"ImageObject","@id":"https:\/\/www.nettali.com\/#personlogo","inLanguage":"fr-FR","url":"https:\/\/secure.gravatar.com\/avatar\/1d8d5118b9327d94da7cd4ce7f17fec2?s=96&d=mm&r=g","contentUrl":"https:\/\/secure.gravatar.com\/avatar\/1d8d5118b9327d94da7cd4ce7f17fec2?s=96&d=mm&r=g","caption":"CK"},"sameAs":["https:\/\/www.nettali.com"]}]}},"_links":{"self":[{"href":"https:\/\/www.nettali.com\/rest\/wp\/v2\/posts\/110114"}],"collection":[{"href":"https:\/\/www.nettali.com\/rest\/wp\/v2\/posts"}],"about":[{"href":"https:\/\/www.nettali.com\/rest\/wp\/v2\/types\/post"}],"author":[{"embeddable":true,"href":"https:\/\/www.nettali.com\/rest\/wp\/v2\/users\/2"}],"replies":[{"embeddable":true,"href":"https:\/\/www.nettali.com\/rest\/wp\/v2\/comments?post=110114"}],"version-history":[{"count":1,"href":"https:\/\/www.nettali.com\/rest\/wp\/v2\/posts\/110114\/revisions"}],"predecessor-version":[{"id":110116,"href":"https:\/\/www.nettali.com\/rest\/wp\/v2\/posts\/110114\/revisions\/110116"}],"wp:featuredmedia":[{"embeddable":true,"href":"https:\/\/www.nettali.com\/rest\/wp\/v2\/media\/110063"}],"wp:attachment":[{"href":"https:\/\/www.nettali.com\/rest\/wp\/v2\/media?parent=110114"}],"wp:term":[{"taxonomy":"category","embeddable":true,"href":"https:\/\/www.nettali.com\/rest\/wp\/v2\/categories?post=110114"},{"taxonomy":"post_tag","embeddable":true,"href":"https:\/\/www.nettali.com\/rest\/wp\/v2\/tags?post=110114"}],"curies":[{"name":"wp","href":"https:\/\/api.w.org\/{rel}","templated":true}]}}