{"id":110108,"date":"2023-05-17T08:37:50","date_gmt":"2023-05-17T08:37:50","guid":{"rendered":"https:\/\/www.nettali.com\/?p=110108"},"modified":"2023-05-19T08:10:43","modified_gmt":"2023-05-19T08:10:43","slug":"affaire-adji-sarr-ousmane-sonko-le-juge-qui-a-prononce-le-renvoi-remplace","status":"publish","type":"post","link":"https:\/\/www.nettali.com\/2023\/05\/17\/affaire-adji-sarr-ousmane-sonko-le-juge-qui-a-prononce-le-renvoi-remplace\/","title":{"rendered":"AFFAIRE ADJI SARR-OUSMANE SONKO \u2013 Le juge qui a prononc\u00e9 le renvoi, remplac\u00e9"},"content":{"rendered":"<p><strong>NETTALI.COM - Le proc\u00e8s devant la chambre criminelle de Ousmane Sonko et Adji Sarr a \u00e9t\u00e9 renvoy\u00e9 au mardi 23 mai prochain en audience sp\u00e9ciale. Selon des sources judiciaires, le juge Hippolyte Nd\u00e8ye qui a prononc\u00e9 le renvoi ne pr\u00e9sidera pas la s\u00e9ance. <\/strong><\/p>\n<p>Le proc\u00e8s opposant Adji Sarr et Ousmane Sonko a \u00e9t\u00e9 renvoy\u00e9 au 23 mai en audience sp\u00e9ciale. \u00a0Une d\u00e9cision d\u00e9cid\u00e9e d\u2019office par le pr\u00e9sident de la premi\u00e8re chambre criminelle du tribunal de grande instance de Dakar, le juge Hippolyte Nd\u00e8ye, pour \u00eatre en conformit\u00e9 avec la loi. En effet, l<em>e juge a constat\u00e9 que les prescriptions de l\u2019article 246 du code de proc\u00e9dure p\u00e9nale ne sont pas respect\u00e9es. Ce texte indique que les d\u00e9bats au fond ne peuvent s\u2019ouvrir que trois jours au moins apr\u00e8s l\u2019interrogation (d'identification).<\/em><\/p>\n<p>Selon nos informations, l\u2019audience sp\u00e9ciale de mardi prochain sera pr\u00e9sid\u00e9e par le juge Moustapha Fall. Il est le pr\u00e9sident du Tribunal de grande instance (TGI) hors classe de Dakar.<\/p>\n<p>En r\u00e9alit\u00e9, le juge Fall n\u2019a fait que prendre une pr\u00e9rogative qui lui revient de droit. En effet, l\u2019article 229 du code de proc\u00e9dure p\u00e9nale dispose que <em>\u00abla Chambre criminelle du tribunal de grande instance est pre\u0301side\u0301e par le pre\u0301sident du tribunal de grande instance\u00bb<\/em>. C\u2019est normalement, <em>\u00aben cas d'empe\u0302chement survenu avant l'ouverture de la session\u00a0\u00bb<\/em> que le pre\u0301sident du tribunal de grande instance est remplace\u0301 par un autre juge du tribunal de\u0301signe\u0301 par ordonnance du Premier pre\u0301sident de la Cour d'appel. En cas d'empe\u0302chement survenu au cours de la session, le pre\u0301sident est normalement remplace\u0301 par le membre de la Chambre criminelle du rang le plus e\u0301leve\u0301 (article 230 du code de proc\u00e9dure p\u00e9nale).<\/p>\n<p>Dans les faits, depuis l\u2019institution des chambres criminelles au sein du tribunal de grande instance, ce sont des pr\u00e9sidents de chambre qui \u00e9taient d\u00e9sign\u00e9s pour juger les affaires. Mais du fait que dans l\u2019affaire Ousmane Sonko, la bataille de proc\u00e9dure fait rage, les autorit\u00e9s judiciaires ont voulu s\u00fbrement appliquer \u00e0 la lettre les prescriptions de la loi pour \u00e9viter des recours d\u2019annulation \u00e9ventuels.<\/p>\n<p>On se rappelle que dans le jugement en appel de l\u2019affaire Khalifa Sall \u00e9galement, lorsque l\u2019affaire avait \u00e9t\u00e9 renvoy\u00e9e en audience sp\u00e9ciale, le m\u00eame sc\u00e9nario s\u2019\u00e9tait produit. Malick Lamotte qui avait renvoy\u00e9 le dossier avait \u00e9t\u00e9 remplac\u00e9 le jour de l\u2019audience par le Premier pr\u00e9sident de la Cour d\u2019appel de l\u2019\u00e9poque, Demba Kandji, comme le lui permet le code de proc\u00e9dure p\u00e9nale, histoire de g\u00e9rer au mieux les incidents de proc\u00e9dure qui n\u2019ont pas manqu\u00e9.<\/p>\n<p>Dans l\u2019affaire Mame Mbaye Niang-Ousmane Sonko, aussi, si Amady Diouf, ancien procureur de la R\u00e9publique et actuel Premier pr\u00e9sident de la Cour d\u2019appel, n\u2019avait pas connu du dossier en tant que parquetier en chef, c\u2019est lui qui allait si\u00e9g\u00e9 comme le Procureur G\u00e9n\u00e9ral, Ibrahima Bakhoum, l\u2019a fait en tant que repr\u00e9sentant du minist\u00e8re public, du fait de la personnalit\u00e9 de la personne \u00e0 juger et de la complexit\u00e9 de l\u2019affaire.<\/p>\n<p>Rappelons que Ousmane Sonko est accus\u00e9 de viols r\u00e9p\u00e9t\u00e9s et menaces de mort par Adji Sarr. \u00a0Nd\u00e8ye khady Ndiaye, la coaccus\u00e9e, est poursuivi pour complicit\u00e9 de viol et incitation \u00e0 la d\u00e9bauche.<\/p>\n<p>Si la partie civile a assist\u00e9 \u00e0 l\u2019audience, ce mardi, \u00a0le pr\u00e9sident de Pastef, pour sa part, a brill\u00e9 par son absence.<\/p>\n<p>&nbsp;<\/p>\n<div class='share-to-whatsapp-wrapper'><div class='share-on-whsp'>PARTAGER SUR : <\/div><a data-text='AFFAIRE ADJI SARR-OUSMANE SONKO \u2013 Le juge qui a prononc\u00e9 le renvoi, remplac\u00e9' data-link='https:\/\/www.nettali.com\/2023\/05\/17\/affaire-adji-sarr-ousmane-sonko-le-juge-qui-a-prononce-le-renvoi-remplace\/' class='whatsapp-button whatsapp-share'>WhatsApp<\/a><div class='clear '><\/div><\/div>","protected":false},"excerpt":{"rendered":"<p>NETTALI.COM - Le proc\u00e8s devant la chambre criminelle de Ousmane Sonko et Adji Sarr a \u00e9t\u00e9 renvoy\u00e9 au mardi 23 mai prochain en audience sp\u00e9ciale. Selon des sources judiciaires, le juge Hippolyte Nd\u00e8ye qui a prononc\u00e9 le renvoi ne pr\u00e9sidera pas la s\u00e9ance. Le proc\u00e8s opposant Adji Sarr et Ousmane Sonko a \u00e9t\u00e9 renvoy\u00e9 au [&hellip;]<\/p>\n","protected":false},"author":4,"featured_media":110063,"comment_status":"open","ping_status":"open","sticky":false,"template":"","format":"standard","meta":{"_et_pb_use_builder":"","_et_pb_old_content":""},"categories":[3],"tags":[],"yoast_head":"<!-- This site is optimized with the Yoast SEO Premium plugin v17.8 (Yoast SEO v17.8) - https:\/\/yoast.com\/wordpress\/plugins\/seo\/ -->\n<title>AFFAIRE ADJI SARR-OUSMANE SONKO \u2013 Le juge qui a prononc\u00e9 le renvoi, remplac\u00e9 | Nettali.com<\/title>\n<meta name=\"robots\" content=\"index, follow, max-snippet:-1, max-image-preview:large, max-video-preview:-1\" \/>\n<link rel=\"canonical\" href=\"https:\/\/www.nettali.com\/2023\/05\/17\/affaire-adji-sarr-ousmane-sonko-le-juge-qui-a-prononce-le-renvoi-remplace\/\" \/>\n<meta property=\"og:locale\" content=\"fr_FR\" \/>\n<meta property=\"og:type\" content=\"article\" \/>\n<meta property=\"og:title\" content=\"AFFAIRE ADJI SARR-OUSMANE SONKO \u2013 Le juge qui a prononc\u00e9 le renvoi, remplac\u00e9\" \/>\n<meta property=\"og:description\" content=\"NETTALI.COM - Le proc\u00e8s devant la chambre criminelle de Ousmane Sonko et Adji Sarr a \u00e9t\u00e9 renvoy\u00e9 au mardi 23 mai prochain en audience sp\u00e9ciale. Selon des sources judiciaires, le juge Hippolyte Nd\u00e8ye qui a prononc\u00e9 le renvoi ne pr\u00e9sidera pas la s\u00e9ance. Le proc\u00e8s opposant Adji Sarr et Ousmane Sonko a \u00e9t\u00e9 renvoy\u00e9 au [&hellip;]\" \/>\n<meta property=\"og:url\" content=\"https:\/\/www.nettali.com\/2023\/05\/17\/affaire-adji-sarr-ousmane-sonko-le-juge-qui-a-prononce-le-renvoi-remplace\/\" \/>\n<meta property=\"og:site_name\" content=\"Nettali.com\" \/>\n<meta property=\"article:publisher\" content=\"https:\/\/www.facebook.com\/nettalicom\" \/>\n<meta property=\"article:published_time\" content=\"2023-05-17T08:37:50+00:00\" \/>\n<meta property=\"article:modified_time\" content=\"2023-05-19T08:10:43+00:00\" \/>\n<meta property=\"og:image\" content=\"https:\/\/www.nettali.com\/wp-content\/uploads\/2023\/05\/Affaire-Adji-Sarr-Ousmane-Sonko-Le-Proces-au-Senegal-de-lopposant-Politique.jpeg\" \/>\n\t<meta property=\"og:image:width\" content=\"1164\" \/>\n\t<meta property=\"og:image:height\" content=\"703\" \/>\n<meta name=\"twitter:card\" content=\"summary_large_image\" \/>\n<meta name=\"twitter:label1\" content=\"\u00c9crit par\" \/>\n\t<meta name=\"twitter:data1\" content=\"Daouda\" \/>\n\t<meta name=\"twitter:label2\" content=\"Dur\u00e9e de lecture estim\u00e9e\" \/>\n\t<meta name=\"twitter:data2\" content=\"3 minutes\" \/>\n<script type=\"application\/ld+json\" class=\"yoast-schema-graph\">{\"@context\":\"https:\/\/schema.org\",\"@graph\":[{\"@type\":\"WebSite\",\"@id\":\"https:\/\/www.nettali.com\/#website\",\"url\":\"https:\/\/www.nettali.com\/\",\"name\":\"Nettali.com\",\"description\":\"Le rendez-vous critique du Net\",\"potentialAction\":[{\"@type\":\"SearchAction\",\"target\":{\"@type\":\"EntryPoint\",\"urlTemplate\":\"https:\/\/www.nettali.com\/?s={search_term_string}\"},\"query-input\":\"required name=search_term_string\"}],\"inLanguage\":\"fr-FR\"},{\"@type\":\"ImageObject\",\"@id\":\"https:\/\/www.nettali.com\/2023\/05\/17\/affaire-adji-sarr-ousmane-sonko-le-juge-qui-a-prononce-le-renvoi-remplace\/#primaryimage\",\"inLanguage\":\"fr-FR\",\"url\":\"https:\/\/www.nettali.com\/wp-content\/uploads\/2023\/05\/Affaire-Adji-Sarr-Ousmane-Sonko-Le-Proces-au-Senegal-de-lopposant-Politique.jpeg\",\"contentUrl\":\"https:\/\/www.nettali.com\/wp-content\/uploads\/2023\/05\/Affaire-Adji-Sarr-Ousmane-Sonko-Le-Proces-au-Senegal-de-lopposant-Politique.jpeg\",\"width\":1164,\"height\":703},{\"@type\":\"WebPage\",\"@id\":\"https:\/\/www.nettali.com\/2023\/05\/17\/affaire-adji-sarr-ousmane-sonko-le-juge-qui-a-prononce-le-renvoi-remplace\/#webpage\",\"url\":\"https:\/\/www.nettali.com\/2023\/05\/17\/affaire-adji-sarr-ousmane-sonko-le-juge-qui-a-prononce-le-renvoi-remplace\/\",\"name\":\"AFFAIRE ADJI SARR-OUSMANE SONKO \\u2013 Le juge qui a prononc\\u00e9 le renvoi, remplac\\u00e9 | Nettali.com\",\"isPartOf\":{\"@id\":\"https:\/\/www.nettali.com\/#website\"},\"primaryImageOfPage\":{\"@id\":\"https:\/\/www.nettali.com\/2023\/05\/17\/affaire-adji-sarr-ousmane-sonko-le-juge-qui-a-prononce-le-renvoi-remplace\/#primaryimage\"},\"datePublished\":\"2023-05-17T08:37:50+00:00\",\"dateModified\":\"2023-05-19T08:10:43+00:00\",\"author\":{\"@id\":\"https:\/\/www.nettali.com\/#\/schema\/person\/3317e0bb3aa1da309fbf7b2780901bf4\"},\"breadcrumb\":{\"@id\":\"https:\/\/www.nettali.com\/2023\/05\/17\/affaire-adji-sarr-ousmane-sonko-le-juge-qui-a-prononce-le-renvoi-remplace\/#breadcrumb\"},\"inLanguage\":\"fr-FR\",\"potentialAction\":[{\"@type\":\"ReadAction\",\"target\":[\"https:\/\/www.nettali.com\/2023\/05\/17\/affaire-adji-sarr-ousmane-sonko-le-juge-qui-a-prononce-le-renvoi-remplace\/\"]}]},{\"@type\":\"BreadcrumbList\",\"@id\":\"https:\/\/www.nettali.com\/2023\/05\/17\/affaire-adji-sarr-ousmane-sonko-le-juge-qui-a-prononce-le-renvoi-remplace\/#breadcrumb\",\"itemListElement\":[{\"@type\":\"ListItem\",\"position\":1,\"name\":\"Accueil\",\"item\":\"https:\/\/www.nettali.com\/\"},{\"@type\":\"ListItem\",\"position\":2,\"name\":\"AFFAIRE ADJI SARR-OUSMANE SONKO \\u2013 Le juge qui a prononc\\u00e9 le renvoi, remplac\\u00e9\"}]},{\"@type\":\"Person\",\"@id\":\"https:\/\/www.nettali.com\/#\/schema\/person\/3317e0bb3aa1da309fbf7b2780901bf4\",\"name\":\"Daouda\",\"image\":{\"@type\":\"ImageObject\",\"@id\":\"https:\/\/www.nettali.com\/#personlogo\",\"inLanguage\":\"fr-FR\",\"url\":\"https:\/\/secure.gravatar.com\/avatar\/8d143b5a49345098ddcfee1c49c2f47c?s=96&d=mm&r=g\",\"contentUrl\":\"https:\/\/secure.gravatar.com\/avatar\/8d143b5a49345098ddcfee1c49c2f47c?s=96&d=mm&r=g\",\"caption\":\"Daouda\"},\"sameAs\":[\"https:\/\/www.nettali.com\"]}]}<\/script>\n<!-- \/ Yoast SEO Premium plugin. -->","yoast_head_json":{"title":"AFFAIRE ADJI SARR-OUSMANE SONKO \u2013 Le juge qui a prononc\u00e9 le renvoi, remplac\u00e9 | Nettali.com","robots":{"index":"index","follow":"follow","max-snippet":"max-snippet:-1","max-image-preview":"max-image-preview:large","max-video-preview":"max-video-preview:-1"},"canonical":"https:\/\/www.nettali.com\/2023\/05\/17\/affaire-adji-sarr-ousmane-sonko-le-juge-qui-a-prononce-le-renvoi-remplace\/","og_locale":"fr_FR","og_type":"article","og_title":"AFFAIRE ADJI SARR-OUSMANE SONKO \u2013 Le juge qui a prononc\u00e9 le renvoi, remplac\u00e9","og_description":"NETTALI.COM - Le proc\u00e8s devant la chambre criminelle de Ousmane Sonko et Adji Sarr a \u00e9t\u00e9 renvoy\u00e9 au mardi 23 mai prochain en audience sp\u00e9ciale. Selon des sources judiciaires, le juge Hippolyte Nd\u00e8ye qui a prononc\u00e9 le renvoi ne pr\u00e9sidera pas la s\u00e9ance. Le proc\u00e8s opposant Adji Sarr et Ousmane Sonko a \u00e9t\u00e9 renvoy\u00e9 au [&hellip;]","og_url":"https:\/\/www.nettali.com\/2023\/05\/17\/affaire-adji-sarr-ousmane-sonko-le-juge-qui-a-prononce-le-renvoi-remplace\/","og_site_name":"Nettali.com","article_publisher":"https:\/\/www.facebook.com\/nettalicom","article_published_time":"2023-05-17T08:37:50+00:00","article_modified_time":"2023-05-19T08:10:43+00:00","og_image":[{"width":1164,"height":703,"url":"https:\/\/www.nettali.com\/wp-content\/uploads\/2023\/05\/Affaire-Adji-Sarr-Ousmane-Sonko-Le-Proces-au-Senegal-de-lopposant-Politique.jpeg","type":"image\/jpeg"}],"twitter_card":"summary_large_image","twitter_misc":{"\u00c9crit par":"Daouda","Dur\u00e9e de lecture estim\u00e9e":"3 minutes"},"schema":{"@context":"https:\/\/schema.org","@graph":[{"@type":"WebSite","@id":"https:\/\/www.nettali.com\/#website","url":"https:\/\/www.nettali.com\/","name":"Nettali.com","description":"Le rendez-vous critique du Net","potentialAction":[{"@type":"SearchAction","target":{"@type":"EntryPoint","urlTemplate":"https:\/\/www.nettali.com\/?s={search_term_string}"},"query-input":"required name=search_term_string"}],"inLanguage":"fr-FR"},{"@type":"ImageObject","@id":"https:\/\/www.nettali.com\/2023\/05\/17\/affaire-adji-sarr-ousmane-sonko-le-juge-qui-a-prononce-le-renvoi-remplace\/#primaryimage","inLanguage":"fr-FR","url":"https:\/\/www.nettali.com\/wp-content\/uploads\/2023\/05\/Affaire-Adji-Sarr-Ousmane-Sonko-Le-Proces-au-Senegal-de-lopposant-Politique.jpeg","contentUrl":"https:\/\/www.nettali.com\/wp-content\/uploads\/2023\/05\/Affaire-Adji-Sarr-Ousmane-Sonko-Le-Proces-au-Senegal-de-lopposant-Politique.jpeg","width":1164,"height":703},{"@type":"WebPage","@id":"https:\/\/www.nettali.com\/2023\/05\/17\/affaire-adji-sarr-ousmane-sonko-le-juge-qui-a-prononce-le-renvoi-remplace\/#webpage","url":"https:\/\/www.nettali.com\/2023\/05\/17\/affaire-adji-sarr-ousmane-sonko-le-juge-qui-a-prononce-le-renvoi-remplace\/","name":"AFFAIRE ADJI SARR-OUSMANE SONKO \u2013 Le juge qui a prononc\u00e9 le renvoi, remplac\u00e9 | Nettali.com","isPartOf":{"@id":"https:\/\/www.nettali.com\/#website"},"primaryImageOfPage":{"@id":"https:\/\/www.nettali.com\/2023\/05\/17\/affaire-adji-sarr-ousmane-sonko-le-juge-qui-a-prononce-le-renvoi-remplace\/#primaryimage"},"datePublished":"2023-05-17T08:37:50+00:00","dateModified":"2023-05-19T08:10:43+00:00","author":{"@id":"https:\/\/www.nettali.com\/#\/schema\/person\/3317e0bb3aa1da309fbf7b2780901bf4"},"breadcrumb":{"@id":"https:\/\/www.nettali.com\/2023\/05\/17\/affaire-adji-sarr-ousmane-sonko-le-juge-qui-a-prononce-le-renvoi-remplace\/#breadcrumb"},"inLanguage":"fr-FR","potentialAction":[{"@type":"ReadAction","target":["https:\/\/www.nettali.com\/2023\/05\/17\/affaire-adji-sarr-ousmane-sonko-le-juge-qui-a-prononce-le-renvoi-remplace\/"]}]},{"@type":"BreadcrumbList","@id":"https:\/\/www.nettali.com\/2023\/05\/17\/affaire-adji-sarr-ousmane-sonko-le-juge-qui-a-prononce-le-renvoi-remplace\/#breadcrumb","itemListElement":[{"@type":"ListItem","position":1,"name":"Accueil","item":"https:\/\/www.nettali.com\/"},{"@type":"ListItem","position":2,"name":"AFFAIRE ADJI SARR-OUSMANE SONKO \u2013 Le juge qui a prononc\u00e9 le renvoi, remplac\u00e9"}]},{"@type":"Person","@id":"https:\/\/www.nettali.com\/#\/schema\/person\/3317e0bb3aa1da309fbf7b2780901bf4","name":"Daouda","image":{"@type":"ImageObject","@id":"https:\/\/www.nettali.com\/#personlogo","inLanguage":"fr-FR","url":"https:\/\/secure.gravatar.com\/avatar\/8d143b5a49345098ddcfee1c49c2f47c?s=96&d=mm&r=g","contentUrl":"https:\/\/secure.gravatar.com\/avatar\/8d143b5a49345098ddcfee1c49c2f47c?s=96&d=mm&r=g","caption":"Daouda"},"sameAs":["https:\/\/www.nettali.com"]}]}},"_links":{"self":[{"href":"https:\/\/www.nettali.com\/rest\/wp\/v2\/posts\/110108"}],"collection":[{"href":"https:\/\/www.nettali.com\/rest\/wp\/v2\/posts"}],"about":[{"href":"https:\/\/www.nettali.com\/rest\/wp\/v2\/types\/post"}],"author":[{"embeddable":true,"href":"https:\/\/www.nettali.com\/rest\/wp\/v2\/users\/4"}],"replies":[{"embeddable":true,"href":"https:\/\/www.nettali.com\/rest\/wp\/v2\/comments?post=110108"}],"version-history":[{"count":4,"href":"https:\/\/www.nettali.com\/rest\/wp\/v2\/posts\/110108\/revisions"}],"predecessor-version":[{"id":110131,"href":"https:\/\/www.nettali.com\/rest\/wp\/v2\/posts\/110108\/revisions\/110131"}],"wp:featuredmedia":[{"embeddable":true,"href":"https:\/\/www.nettali.com\/rest\/wp\/v2\/media\/110063"}],"wp:attachment":[{"href":"https:\/\/www.nettali.com\/rest\/wp\/v2\/media?parent=110108"}],"wp:term":[{"taxonomy":"category","embeddable":true,"href":"https:\/\/www.nettali.com\/rest\/wp\/v2\/categories?post=110108"},{"taxonomy":"post_tag","embeddable":true,"href":"https:\/\/www.nettali.com\/rest\/wp\/v2\/tags?post=110108"}],"curies":[{"name":"wp","href":"https:\/\/api.w.org\/{rel}","templated":true}]}}