{"id":110097,"date":"2023-05-17T08:11:59","date_gmt":"2023-05-17T08:11:59","guid":{"rendered":"https:\/\/www.nettali.com\/?p=110097"},"modified":"2023-05-17T08:11:59","modified_gmt":"2023-05-17T08:11:59","slug":"il-est-inacceptable-que-nos-jeunes-civils-et-des-forces-de-defense-et-de-securite-continuent-de-mourir","status":"publish","type":"post","link":"https:\/\/www.nettali.com\/2023\/05\/17\/il-est-inacceptable-que-nos-jeunes-civils-et-des-forces-de-defense-et-de-securite-continuent-de-mourir\/","title":{"rendered":"\"Il est inacceptable que nos jeunes civils et des forces de d\u00e9fense et de s\u00e9curit\u00e9 continuent de mourir\""},"content":{"rendered":"<p>CONTRIBUTION - Il est inacceptable que nos jeunes civils et des forces de d\u00e9fense et de s\u00e9curit\u00e9 continuent de mourir, que les bless\u00e9s recommencent \u00e0 affluer dans les structures sanitaires, que les biens publics et priv\u00e9s soient d\u00e9truits, que la psychose sur la s\u00e9curit\u00e9 imm\u00e9diate des enfants gagne toutes les m\u00e8res de famille, que nous assistons impuissants aux spectacles inadmissibles de villes d\u00e9figur\u00e9es par les incendies, avec des routes calcin\u00e9es par des pneus br\u00fbl\u00e9s, dans une atmosph\u00e8re irrespirable de gaz lacrymog\u00e8ne.<\/p>\n<p>Nous courrons tout droit vers la fin de la paix, notre havre de paix tant vant\u00e9 \u00e0 travers le monde.<\/p>\n<p>La paix n\u2019a pas de prix. Elle est la protectrice de ce petit bout de terre qu\u2019est le S\u00e9n\u00e9gal, du peuple de la teranga, du teddungal, de la convivialit\u00e9.<\/p>\n<p>La paix est le meilleur atout diplomatique, culturel, social et \u00e9conomique que les trois Pr\u00e9sidents de la R\u00e9publique L\u00e9opold S\u00e9dar Senghor, Abdou Diouf, Abdoulaye Wade et leurs oppositions d\u2019alors nous ont l\u00e9gu\u00e9e.<\/p>\n<p>Lorsqu\u2019un pays africain perd la paix, il sacrifie sa stabilit\u00e9 politique, \u00e9conomique et sociale. Il ouvre ses fronti\u00e8res aux infiltrations mortif\u00e8res de tous les fauteurs de troubles et d\u2019instabilit\u00e9.<\/p>\n<p>Rares sont les pays africains qui ont pu sainement se relever apr\u00e8s avoir perdu la paix. Ce sont des pays divis\u00e9s, aux populations d\u00e9chir\u00e9es qui se regardent en chien de fa\u00efence, pr\u00eates \u00e0 s\u2019entretuer \u00e0 la prochaine occasion que nous observons dans notre environnement imm\u00e9diat et \u00e0 travers toute l\u2019Afrique.<\/p>\n<p>C\u2019est pourquoi j\u2019appelle toutes les autorit\u00e9s institutionnelles de l\u2019\u00c9tat, toute la classe politique s\u00e9n\u00e9galaise, toute la soci\u00e9t\u00e9 civile, toutes les autorit\u00e9s religieuses, coutumi\u00e8res et traditionnelles \u00e0 un grand d\u00e9passement pour une introspection salutaire afin de poser imm\u00e9diatement les actes incontournables, indispensables pour qu\u2019un climat propice au dialogue inclusif et sinc\u00e8re s\u2019installe et que la voie vers la paix s\u2019ouvre.<\/p>\n<p>Le S\u00e9n\u00e9gal est plus important que tout S\u00e9n\u00e9galais, qu\u2019il soit le Pr\u00e9sident de la R\u00e9publique, le leader d\u2019un parti politique, un chef religieux, une autorit\u00e9 traditionnelle, etc.<\/p>\n<p>Le S\u00e9n\u00e9gal est le tr\u00e9sor dont la pr\u00e9servation doit valoir tous les sacrifices, tous les renoncements surtout lorsqu\u2019on pr\u00e9tend porter sinc\u00e8rement ce pays adorable dans son c\u0153ur, qu\u2019on dit se battre pour ce peuple \u00e0 nul autre pareil pour sa bont\u00e9 et son \u00e9l\u00e9gance, qu\u2019on affirme urbi et orbi qu\u2019il est la prunelle de ses yeux.<\/p>\n<p>Le temps nous est compt\u00e9.<\/p>\n<p>Avant qu\u2019il ne soit trop tard, que nous n\u2019ayons que nos yeux pour pleurer, j\u2019appelle toutes les parties \u00e0 des d\u00e9cisions urgentes et imm\u00e9diates\u00a0:<\/p>\n<p><img loading=\"lazy\" class=\"puce\" src=\"https:\/\/emedia.sn\/squelettes-dist\/puce.gif\" alt=\"-\" width=\"8\" height=\"11\" \/>\u00a0Monsieur le Pr\u00e9sident de la R\u00e9publique d\u00e9clare publiquement qu\u2019il renonce \u00e0 une troisi\u00e8me candidature,<br \/>\n<img loading=\"lazy\" class=\"puce\" src=\"https:\/\/emedia.sn\/squelettes-dist\/puce.gif\" alt=\"-\" width=\"8\" height=\"11\" \/>\u00a0Monsieur le Pr\u00e9sident de la R\u00e9publique et les autorit\u00e9s judiciaires lib\u00e8rent tous les d\u00e9tenus dans les affaires politico-judiciaires en cours,<br \/>\n<img loading=\"lazy\" class=\"puce\" src=\"https:\/\/emedia.sn\/squelettes-dist\/puce.gif\" alt=\"-\" width=\"8\" height=\"11\" \/>\u00a0Les autorit\u00e9 judiciaires renvoient \u00e0 une date ult\u00e9rieure tous les proc\u00e8s aux relents politiques,<br \/>\n<img loading=\"lazy\" class=\"puce\" src=\"https:\/\/emedia.sn\/squelettes-dist\/puce.gif\" alt=\"-\" width=\"8\" height=\"11\" \/>\u00a0Le Pr\u00e9sident du PASTEF et le PASTEF fassent un appel \u00e0 la paix et mettent fin \u00e0 toutes les manifestations et actes de d\u00e9sob\u00e9issance civile.<\/p>\n<p>J\u2019appelle \u00e0 l\u2019issue de ces d\u00e9cisions courageuses au choix consensuel par le Pr\u00e9sident de la R\u00e9publique de deux autorit\u00e9s religieuses reconnues et respect\u00e9es, une musulmane et l\u2019autre chr\u00e9tienne, en vue de pr\u00e9sider \u00e0 l\u2019organisation au mois d\u2019ao\u00fbt de la Conf\u00e9rence nationale souveraine pour la paix et la stabilit\u00e9 du S\u00e9n\u00e9gal.<\/p>\n<p>La Conf\u00e9rence nationale souveraine pour la paix et la stabilit\u00e9 devra trouver des solutions consensuelles\u00a0:<br \/>\n<img loading=\"lazy\" class=\"puce\" src=\"https:\/\/emedia.sn\/squelettes-dist\/puce.gif\" alt=\"-\" width=\"8\" height=\"11\" \/>\u00a0\u00e0 toutes les affaires politico-judiciaires\u00a0;<br \/>\n<img loading=\"lazy\" class=\"puce\" src=\"https:\/\/emedia.sn\/squelettes-dist\/puce.gif\" alt=\"-\" width=\"8\" height=\"11\" \/>\u00a0\u00e0 la participation aux diff\u00e9rentes \u00e9lections\u00a0;<br \/>\n<img loading=\"lazy\" class=\"puce\" src=\"https:\/\/emedia.sn\/squelettes-dist\/puce.gif\" alt=\"-\" width=\"8\" height=\"11\" \/>\u00a0aux modalit\u00e9s de candidatures aux diff\u00e9rentes \u00e9lections\u00a0;<br \/>\n<img loading=\"lazy\" class=\"puce\" src=\"https:\/\/emedia.sn\/squelettes-dist\/puce.gif\" alt=\"-\" width=\"8\" height=\"11\" \/>\u00a0\u00e0 l\u2019organisation et au contr\u00f4le des \u00e9lections\u00a0;<br \/>\n<img loading=\"lazy\" class=\"puce\" src=\"https:\/\/emedia.sn\/squelettes-dist\/puce.gif\" alt=\"-\" width=\"8\" height=\"11\" \/>\u00a0\u00e0 la s\u00e9curisation du Pr\u00e9sident de la R\u00e9publique actuel apr\u00e8s son d\u00e9part du pouvoir\u00a0;<br \/>\n<img loading=\"lazy\" class=\"puce\" src=\"https:\/\/emedia.sn\/squelettes-dist\/puce.gif\" alt=\"-\" width=\"8\" height=\"11\" \/>\u00a0au respect des d\u00e9cisions consensuelles par toutes les parties prenantes.<\/p>\n<p>Que chacun d\u2019entre nous accepte de payer le prix fort pour le r\u00e9tablissement de la paix et la sauvegarde de la stabilit\u00e9 de notre cher S\u00e9n\u00e9gal.<\/p>\n<p>Je pr\u00e9sente mes sinc\u00e8res condol\u00e9ances aux Forces de D\u00e9fense et de S\u00e9curit\u00e9 et aux familles des victimes.<\/p>\n<p><strong>Prof Mary Teuw NIANE<\/strong><\/p>\n<div class='share-to-whatsapp-wrapper'><div class='share-on-whsp'>PARTAGER SUR : <\/div><a data-text='\"Il est inacceptable que nos jeunes civils et des forces de d\u00e9fense et de s\u00e9curit\u00e9 continuent de mourir\"' data-link='https:\/\/www.nettali.com\/2023\/05\/17\/il-est-inacceptable-que-nos-jeunes-civils-et-des-forces-de-defense-et-de-securite-continuent-de-mourir\/' class='whatsapp-button whatsapp-share'>WhatsApp<\/a><div class='clear '><\/div><\/div>","protected":false},"excerpt":{"rendered":"<p>CONTRIBUTION - Il est inacceptable que nos jeunes civils et des forces de d\u00e9fense et de s\u00e9curit\u00e9 continuent de mourir, que les bless\u00e9s recommencent \u00e0 affluer dans les structures sanitaires, que les biens publics et priv\u00e9s soient d\u00e9truits, que la psychose sur la s\u00e9curit\u00e9 imm\u00e9diate des enfants gagne toutes les m\u00e8res de famille, que nous [&hellip;]<\/p>\n","protected":false},"author":4,"featured_media":5595,"comment_status":"open","ping_status":"open","sticky":false,"template":"","format":"standard","meta":{"_et_pb_use_builder":"","_et_pb_old_content":""},"categories":[34933],"tags":[],"yoast_head":"<!-- This site is optimized with the Yoast SEO Premium plugin v17.8 (Yoast SEO v17.8) - https:\/\/yoast.com\/wordpress\/plugins\/seo\/ -->\n<title>&quot;Il est inacceptable que nos jeunes civils et des forces de d\u00e9fense et de s\u00e9curit\u00e9 continuent de mourir&quot; | Nettali.com<\/title>\n<meta name=\"robots\" content=\"index, follow, max-snippet:-1, max-image-preview:large, max-video-preview:-1\" \/>\n<link rel=\"canonical\" href=\"https:\/\/www.nettali.com\/2023\/05\/17\/il-est-inacceptable-que-nos-jeunes-civils-et-des-forces-de-defense-et-de-securite-continuent-de-mourir\/\" \/>\n<meta property=\"og:locale\" content=\"fr_FR\" \/>\n<meta property=\"og:type\" content=\"article\" \/>\n<meta property=\"og:title\" content=\"&quot;Il est inacceptable que nos jeunes civils et des forces de d\u00e9fense et de s\u00e9curit\u00e9 continuent de mourir&quot;\" \/>\n<meta property=\"og:description\" content=\"CONTRIBUTION - Il est inacceptable que nos jeunes civils et des forces de d\u00e9fense et de s\u00e9curit\u00e9 continuent de mourir, que les bless\u00e9s recommencent \u00e0 affluer dans les structures sanitaires, que les biens publics et priv\u00e9s soient d\u00e9truits, que la psychose sur la s\u00e9curit\u00e9 imm\u00e9diate des enfants gagne toutes les m\u00e8res de famille, que nous [&hellip;]\" \/>\n<meta property=\"og:url\" content=\"https:\/\/www.nettali.com\/2023\/05\/17\/il-est-inacceptable-que-nos-jeunes-civils-et-des-forces-de-defense-et-de-securite-continuent-de-mourir\/\" \/>\n<meta property=\"og:site_name\" content=\"Nettali.com\" \/>\n<meta property=\"article:publisher\" content=\"https:\/\/www.facebook.com\/nettalicom\" \/>\n<meta property=\"article:published_time\" content=\"2023-05-17T08:11:59+00:00\" \/>\n<meta property=\"og:image\" content=\"https:\/\/www.nettali.com\/wp-content\/uploads\/2019\/04\/mary-teuw.jpg\" \/>\n\t<meta property=\"og:image:width\" content=\"621\" \/>\n\t<meta property=\"og:image:height\" content=\"400\" \/>\n<meta name=\"twitter:card\" content=\"summary_large_image\" \/>\n<meta name=\"twitter:label1\" content=\"\u00c9crit par\" \/>\n\t<meta name=\"twitter:data1\" content=\"Daouda\" \/>\n\t<meta name=\"twitter:label2\" content=\"Dur\u00e9e de lecture estim\u00e9e\" \/>\n\t<meta name=\"twitter:data2\" content=\"6 minutes\" \/>\n<script type=\"application\/ld+json\" class=\"yoast-schema-graph\">{\"@context\":\"https:\/\/schema.org\",\"@graph\":[{\"@type\":\"WebSite\",\"@id\":\"https:\/\/www.nettali.com\/#website\",\"url\":\"https:\/\/www.nettali.com\/\",\"name\":\"Nettali.com\",\"description\":\"Le rendez-vous critique du Net\",\"potentialAction\":[{\"@type\":\"SearchAction\",\"target\":{\"@type\":\"EntryPoint\",\"urlTemplate\":\"https:\/\/www.nettali.com\/?s={search_term_string}\"},\"query-input\":\"required name=search_term_string\"}],\"inLanguage\":\"fr-FR\"},{\"@type\":\"ImageObject\",\"@id\":\"https:\/\/www.nettali.com\/2023\/05\/17\/il-est-inacceptable-que-nos-jeunes-civils-et-des-forces-de-defense-et-de-securite-continuent-de-mourir\/#primaryimage\",\"inLanguage\":\"fr-FR\",\"url\":\"https:\/\/www.nettali.com\/wp-content\/uploads\/2019\/04\/mary-teuw.jpg\",\"contentUrl\":\"https:\/\/www.nettali.com\/wp-content\/uploads\/2019\/04\/mary-teuw.jpg\",\"width\":621,\"height\":400},{\"@type\":\"WebPage\",\"@id\":\"https:\/\/www.nettali.com\/2023\/05\/17\/il-est-inacceptable-que-nos-jeunes-civils-et-des-forces-de-defense-et-de-securite-continuent-de-mourir\/#webpage\",\"url\":\"https:\/\/www.nettali.com\/2023\/05\/17\/il-est-inacceptable-que-nos-jeunes-civils-et-des-forces-de-defense-et-de-securite-continuent-de-mourir\/\",\"name\":\"\\\"Il est inacceptable que nos jeunes civils et des forces de d\\u00e9fense et de s\\u00e9curit\\u00e9 continuent de mourir\\\" | Nettali.com\",\"isPartOf\":{\"@id\":\"https:\/\/www.nettali.com\/#website\"},\"primaryImageOfPage\":{\"@id\":\"https:\/\/www.nettali.com\/2023\/05\/17\/il-est-inacceptable-que-nos-jeunes-civils-et-des-forces-de-defense-et-de-securite-continuent-de-mourir\/#primaryimage\"},\"datePublished\":\"2023-05-17T08:11:59+00:00\",\"dateModified\":\"2023-05-17T08:11:59+00:00\",\"author\":{\"@id\":\"https:\/\/www.nettali.com\/#\/schema\/person\/3317e0bb3aa1da309fbf7b2780901bf4\"},\"breadcrumb\":{\"@id\":\"https:\/\/www.nettali.com\/2023\/05\/17\/il-est-inacceptable-que-nos-jeunes-civils-et-des-forces-de-defense-et-de-securite-continuent-de-mourir\/#breadcrumb\"},\"inLanguage\":\"fr-FR\",\"potentialAction\":[{\"@type\":\"ReadAction\",\"target\":[\"https:\/\/www.nettali.com\/2023\/05\/17\/il-est-inacceptable-que-nos-jeunes-civils-et-des-forces-de-defense-et-de-securite-continuent-de-mourir\/\"]}]},{\"@type\":\"BreadcrumbList\",\"@id\":\"https:\/\/www.nettali.com\/2023\/05\/17\/il-est-inacceptable-que-nos-jeunes-civils-et-des-forces-de-defense-et-de-securite-continuent-de-mourir\/#breadcrumb\",\"itemListElement\":[{\"@type\":\"ListItem\",\"position\":1,\"name\":\"Accueil\",\"item\":\"https:\/\/www.nettali.com\/\"},{\"@type\":\"ListItem\",\"position\":2,\"name\":\"\\\"Il est inacceptable que nos jeunes civils et des forces de d\\u00e9fense et de s\\u00e9curit\\u00e9 continuent de mourir\\\"\"}]},{\"@type\":\"Person\",\"@id\":\"https:\/\/www.nettali.com\/#\/schema\/person\/3317e0bb3aa1da309fbf7b2780901bf4\",\"name\":\"Daouda\",\"image\":{\"@type\":\"ImageObject\",\"@id\":\"https:\/\/www.nettali.com\/#personlogo\",\"inLanguage\":\"fr-FR\",\"url\":\"https:\/\/secure.gravatar.com\/avatar\/8d143b5a49345098ddcfee1c49c2f47c?s=96&d=mm&r=g\",\"contentUrl\":\"https:\/\/secure.gravatar.com\/avatar\/8d143b5a49345098ddcfee1c49c2f47c?s=96&d=mm&r=g\",\"caption\":\"Daouda\"},\"sameAs\":[\"https:\/\/www.nettali.com\"]}]}<\/script>\n<!-- \/ Yoast SEO Premium plugin. -->","yoast_head_json":{"title":"\"Il est inacceptable que nos jeunes civils et des forces de d\u00e9fense et de s\u00e9curit\u00e9 continuent de mourir\" | Nettali.com","robots":{"index":"index","follow":"follow","max-snippet":"max-snippet:-1","max-image-preview":"max-image-preview:large","max-video-preview":"max-video-preview:-1"},"canonical":"https:\/\/www.nettali.com\/2023\/05\/17\/il-est-inacceptable-que-nos-jeunes-civils-et-des-forces-de-defense-et-de-securite-continuent-de-mourir\/","og_locale":"fr_FR","og_type":"article","og_title":"\"Il est inacceptable que nos jeunes civils et des forces de d\u00e9fense et de s\u00e9curit\u00e9 continuent de mourir\"","og_description":"CONTRIBUTION - Il est inacceptable que nos jeunes civils et des forces de d\u00e9fense et de s\u00e9curit\u00e9 continuent de mourir, que les bless\u00e9s recommencent \u00e0 affluer dans les structures sanitaires, que les biens publics et priv\u00e9s soient d\u00e9truits, que la psychose sur la s\u00e9curit\u00e9 imm\u00e9diate des enfants gagne toutes les m\u00e8res de famille, que nous [&hellip;]","og_url":"https:\/\/www.nettali.com\/2023\/05\/17\/il-est-inacceptable-que-nos-jeunes-civils-et-des-forces-de-defense-et-de-securite-continuent-de-mourir\/","og_site_name":"Nettali.com","article_publisher":"https:\/\/www.facebook.com\/nettalicom","article_published_time":"2023-05-17T08:11:59+00:00","og_image":[{"width":621,"height":400,"url":"https:\/\/www.nettali.com\/wp-content\/uploads\/2019\/04\/mary-teuw.jpg","type":"image\/jpeg"}],"twitter_card":"summary_large_image","twitter_misc":{"\u00c9crit par":"Daouda","Dur\u00e9e de lecture estim\u00e9e":"6 minutes"},"schema":{"@context":"https:\/\/schema.org","@graph":[{"@type":"WebSite","@id":"https:\/\/www.nettali.com\/#website","url":"https:\/\/www.nettali.com\/","name":"Nettali.com","description":"Le rendez-vous critique du Net","potentialAction":[{"@type":"SearchAction","target":{"@type":"EntryPoint","urlTemplate":"https:\/\/www.nettali.com\/?s={search_term_string}"},"query-input":"required name=search_term_string"}],"inLanguage":"fr-FR"},{"@type":"ImageObject","@id":"https:\/\/www.nettali.com\/2023\/05\/17\/il-est-inacceptable-que-nos-jeunes-civils-et-des-forces-de-defense-et-de-securite-continuent-de-mourir\/#primaryimage","inLanguage":"fr-FR","url":"https:\/\/www.nettali.com\/wp-content\/uploads\/2019\/04\/mary-teuw.jpg","contentUrl":"https:\/\/www.nettali.com\/wp-content\/uploads\/2019\/04\/mary-teuw.jpg","width":621,"height":400},{"@type":"WebPage","@id":"https:\/\/www.nettali.com\/2023\/05\/17\/il-est-inacceptable-que-nos-jeunes-civils-et-des-forces-de-defense-et-de-securite-continuent-de-mourir\/#webpage","url":"https:\/\/www.nettali.com\/2023\/05\/17\/il-est-inacceptable-que-nos-jeunes-civils-et-des-forces-de-defense-et-de-securite-continuent-de-mourir\/","name":"\"Il est inacceptable que nos jeunes civils et des forces de d\u00e9fense et de s\u00e9curit\u00e9 continuent de mourir\" | Nettali.com","isPartOf":{"@id":"https:\/\/www.nettali.com\/#website"},"primaryImageOfPage":{"@id":"https:\/\/www.nettali.com\/2023\/05\/17\/il-est-inacceptable-que-nos-jeunes-civils-et-des-forces-de-defense-et-de-securite-continuent-de-mourir\/#primaryimage"},"datePublished":"2023-05-17T08:11:59+00:00","dateModified":"2023-05-17T08:11:59+00:00","author":{"@id":"https:\/\/www.nettali.com\/#\/schema\/person\/3317e0bb3aa1da309fbf7b2780901bf4"},"breadcrumb":{"@id":"https:\/\/www.nettali.com\/2023\/05\/17\/il-est-inacceptable-que-nos-jeunes-civils-et-des-forces-de-defense-et-de-securite-continuent-de-mourir\/#breadcrumb"},"inLanguage":"fr-FR","potentialAction":[{"@type":"ReadAction","target":["https:\/\/www.nettali.com\/2023\/05\/17\/il-est-inacceptable-que-nos-jeunes-civils-et-des-forces-de-defense-et-de-securite-continuent-de-mourir\/"]}]},{"@type":"BreadcrumbList","@id":"https:\/\/www.nettali.com\/2023\/05\/17\/il-est-inacceptable-que-nos-jeunes-civils-et-des-forces-de-defense-et-de-securite-continuent-de-mourir\/#breadcrumb","itemListElement":[{"@type":"ListItem","position":1,"name":"Accueil","item":"https:\/\/www.nettali.com\/"},{"@type":"ListItem","position":2,"name":"\"Il est inacceptable que nos jeunes civils et des forces de d\u00e9fense et de s\u00e9curit\u00e9 continuent de mourir\""}]},{"@type":"Person","@id":"https:\/\/www.nettali.com\/#\/schema\/person\/3317e0bb3aa1da309fbf7b2780901bf4","name":"Daouda","image":{"@type":"ImageObject","@id":"https:\/\/www.nettali.com\/#personlogo","inLanguage":"fr-FR","url":"https:\/\/secure.gravatar.com\/avatar\/8d143b5a49345098ddcfee1c49c2f47c?s=96&d=mm&r=g","contentUrl":"https:\/\/secure.gravatar.com\/avatar\/8d143b5a49345098ddcfee1c49c2f47c?s=96&d=mm&r=g","caption":"Daouda"},"sameAs":["https:\/\/www.nettali.com"]}]}},"_links":{"self":[{"href":"https:\/\/www.nettali.com\/rest\/wp\/v2\/posts\/110097"}],"collection":[{"href":"https:\/\/www.nettali.com\/rest\/wp\/v2\/posts"}],"about":[{"href":"https:\/\/www.nettali.com\/rest\/wp\/v2\/types\/post"}],"author":[{"embeddable":true,"href":"https:\/\/www.nettali.com\/rest\/wp\/v2\/users\/4"}],"replies":[{"embeddable":true,"href":"https:\/\/www.nettali.com\/rest\/wp\/v2\/comments?post=110097"}],"version-history":[{"count":1,"href":"https:\/\/www.nettali.com\/rest\/wp\/v2\/posts\/110097\/revisions"}],"predecessor-version":[{"id":110100,"href":"https:\/\/www.nettali.com\/rest\/wp\/v2\/posts\/110097\/revisions\/110100"}],"wp:featuredmedia":[{"embeddable":true,"href":"https:\/\/www.nettali.com\/rest\/wp\/v2\/media\/5595"}],"wp:attachment":[{"href":"https:\/\/www.nettali.com\/rest\/wp\/v2\/media?parent=110097"}],"wp:term":[{"taxonomy":"category","embeddable":true,"href":"https:\/\/www.nettali.com\/rest\/wp\/v2\/categories?post=110097"},{"taxonomy":"post_tag","embeddable":true,"href":"https:\/\/www.nettali.com\/rest\/wp\/v2\/tags?post=110097"}],"curies":[{"name":"wp","href":"https:\/\/api.w.org\/{rel}","templated":true}]}}