{"id":110021,"date":"2023-05-16T08:12:05","date_gmt":"2023-05-16T08:12:05","guid":{"rendered":"https:\/\/www.nettali.com\/?p=110021"},"modified":"2023-05-16T23:51:00","modified_gmt":"2023-05-16T23:51:00","slug":"proces-ousmane-sonko-adji-sarr-15-temoins-convoques","status":"publish","type":"post","link":"https:\/\/www.nettali.com\/2023\/05\/16\/proces-ousmane-sonko-adji-sarr-15-temoins-convoques\/","title":{"rendered":"EN COULISSES \u2013 \u00a015 t\u00e9moins convoqu\u00e9s"},"content":{"rendered":"<p><strong>NETTALI.COM - <\/strong>Le proc\u00e8s de l\u2019affaire Sweet Beauty sera tenu ce mardi devant la premi\u00e8re chambre criminelle du tribunal de grande instance de Dakar de Dakar. Ousmane Sonko, le leader de Pastef accus\u00e9 par la masseuse de viol, risque de ne pas se pr\u00e9senter et sera ainsi jug\u00e9 par contumace. D\u00e9j\u00e0, 15 t\u00e9moins ont \u00e9t\u00e9 convoqu\u00e9s.<\/p>\n<p>Nd\u00e8ye Khady Ndiaye, propri\u00e9taire de l\u2019institut Sweet Beauty o\u00f9 se seraient d\u00e9roul\u00e9s les faits pr\u00e9sum\u00e9s de viol, \u00a0et Ousmane Sonko, seront jug\u00e9s ce mardi 16 mars devant la chambre criminelle. Si le leader de Pastef risque de ne pas se pr\u00e9senter \u00e0 la barre, Adji Sarr et Nd\u00e8ye Khady Ndiaye, elles, seront \u00e0 la barre.<\/p>\n<p>Cette derni\u00e8re est poursuivie pour incitation \u00e0 la d\u00e9bauche, diffusion d\u2019images contraires aux bonnes m\u0153urs et complicit\u00e9 de viol.<\/p>\n<p>D\u00e9j\u00e0, Nettali a appris qu\u2019une quinzaine de t\u00e9moins ont \u00e9t\u00e9 convoqu\u00e9s. \u00a0Il s\u2019agit de Sidy Ahmed Mbaye (postier), Alfousseyni Gaye (m\u00e9decin), A\u00efssata Ba (commer\u00e7ante), Salla Wade (femme de m\u00e9nage), Mamadou Mamour Diallo (Inspecteur des Imp\u00f4ts et Domaines, DG de l\u2019Onas), Aminata Ba (sans profession), Elisabeth Delphina Gomis (profession non pr\u00e9cis\u00e9e), Mamadou Fall (restaurateur), Oumar Traor\u00e9 (attach\u00e9 d\u2019administration), Ababacar (MC) Niass (chef religieux), Nd\u00e8ye Fatou S\u00e8ne (agent \u00e0 l\u2019Asecna), Ibrahima Coulibaly (chauffeur), Nd\u00e8ye Rokhaya Fall (coiffeuse), Faty K\u00e9b\u00e9 (\u00e9tudiante) et Seynabou Ngom (masseuse).<\/p>\n<div class='share-to-whatsapp-wrapper'><div class='share-on-whsp'>PARTAGER SUR : <\/div><a data-text='EN COULISSES \u2013 \u00a015 t\u00e9moins convoqu\u00e9s' data-link='https:\/\/www.nettali.com\/2023\/05\/16\/proces-ousmane-sonko-adji-sarr-15-temoins-convoques\/' class='whatsapp-button whatsapp-share'>WhatsApp<\/a><div class='clear '><\/div><\/div>","protected":false},"excerpt":{"rendered":"<p>NETTALI.COM - Le proc\u00e8s de l\u2019affaire Sweet Beauty sera tenu ce mardi devant la premi\u00e8re chambre criminelle du tribunal de grande instance de Dakar de Dakar. Ousmane Sonko, le leader de Pastef accus\u00e9 par la masseuse de viol, risque de ne pas se pr\u00e9senter et sera ainsi jug\u00e9 par contumace. D\u00e9j\u00e0, 15 t\u00e9moins ont \u00e9t\u00e9 [&hellip;]<\/p>\n","protected":false},"author":4,"featured_media":99209,"comment_status":"open","ping_status":"open","sticky":false,"template":"","format":"standard","meta":{"_et_pb_use_builder":"","_et_pb_old_content":""},"categories":[34945],"tags":[],"yoast_head":"<!-- This site is optimized with the Yoast SEO Premium plugin v17.8 (Yoast SEO v17.8) - https:\/\/yoast.com\/wordpress\/plugins\/seo\/ -->\n<title>EN COULISSES \u2013 \u00a015 t\u00e9moins convoqu\u00e9s | Nettali.com<\/title>\n<meta name=\"robots\" content=\"index, follow, max-snippet:-1, max-image-preview:large, max-video-preview:-1\" \/>\n<link rel=\"canonical\" href=\"https:\/\/www.nettali.com\/2023\/05\/16\/proces-ousmane-sonko-adji-sarr-15-temoins-convoques\/\" \/>\n<meta property=\"og:locale\" content=\"fr_FR\" \/>\n<meta property=\"og:type\" content=\"article\" \/>\n<meta property=\"og:title\" content=\"EN COULISSES \u2013 \u00a015 t\u00e9moins convoqu\u00e9s\" \/>\n<meta property=\"og:description\" content=\"NETTALI.COM - Le proc\u00e8s de l\u2019affaire Sweet Beauty sera tenu ce mardi devant la premi\u00e8re chambre criminelle du tribunal de grande instance de Dakar de Dakar. Ousmane Sonko, le leader de Pastef accus\u00e9 par la masseuse de viol, risque de ne pas se pr\u00e9senter et sera ainsi jug\u00e9 par contumace. D\u00e9j\u00e0, 15 t\u00e9moins ont \u00e9t\u00e9 [&hellip;]\" \/>\n<meta property=\"og:url\" content=\"https:\/\/www.nettali.com\/2023\/05\/16\/proces-ousmane-sonko-adji-sarr-15-temoins-convoques\/\" \/>\n<meta property=\"og:site_name\" content=\"Nettali.com\" \/>\n<meta property=\"article:publisher\" content=\"https:\/\/www.facebook.com\/nettalicom\" \/>\n<meta property=\"article:published_time\" content=\"2023-05-16T08:12:05+00:00\" \/>\n<meta property=\"article:modified_time\" content=\"2023-05-16T23:51:00+00:00\" \/>\n<meta property=\"og:image\" content=\"https:\/\/www.nettali.com\/wp-content\/uploads\/2022\/12\/ousmane-sonko-et-adji-sarr-.jpg\" \/>\n\t<meta property=\"og:image:width\" content=\"1022\" \/>\n\t<meta property=\"og:image:height\" content=\"657\" \/>\n<meta name=\"twitter:card\" content=\"summary_large_image\" \/>\n<meta name=\"twitter:label1\" content=\"\u00c9crit par\" \/>\n\t<meta name=\"twitter:data1\" content=\"Daouda\" \/>\n\t<meta name=\"twitter:label2\" content=\"Dur\u00e9e de lecture estim\u00e9e\" \/>\n\t<meta name=\"twitter:data2\" content=\"2 minutes\" \/>\n<script type=\"application\/ld+json\" class=\"yoast-schema-graph\">{\"@context\":\"https:\/\/schema.org\",\"@graph\":[{\"@type\":\"WebSite\",\"@id\":\"https:\/\/www.nettali.com\/#website\",\"url\":\"https:\/\/www.nettali.com\/\",\"name\":\"Nettali.com\",\"description\":\"Le rendez-vous critique du Net\",\"potentialAction\":[{\"@type\":\"SearchAction\",\"target\":{\"@type\":\"EntryPoint\",\"urlTemplate\":\"https:\/\/www.nettali.com\/?s={search_term_string}\"},\"query-input\":\"required name=search_term_string\"}],\"inLanguage\":\"fr-FR\"},{\"@type\":\"ImageObject\",\"@id\":\"https:\/\/www.nettali.com\/2023\/05\/16\/proces-ousmane-sonko-adji-sarr-15-temoins-convoques\/#primaryimage\",\"inLanguage\":\"fr-FR\",\"url\":\"https:\/\/www.nettali.com\/wp-content\/uploads\/2022\/12\/ousmane-sonko-et-adji-sarr-.jpg\",\"contentUrl\":\"https:\/\/www.nettali.com\/wp-content\/uploads\/2022\/12\/ousmane-sonko-et-adji-sarr-.jpg\",\"width\":1022,\"height\":657},{\"@type\":\"WebPage\",\"@id\":\"https:\/\/www.nettali.com\/2023\/05\/16\/proces-ousmane-sonko-adji-sarr-15-temoins-convoques\/#webpage\",\"url\":\"https:\/\/www.nettali.com\/2023\/05\/16\/proces-ousmane-sonko-adji-sarr-15-temoins-convoques\/\",\"name\":\"EN COULISSES \\u2013 \\u00a015 t\\u00e9moins convoqu\\u00e9s | Nettali.com\",\"isPartOf\":{\"@id\":\"https:\/\/www.nettali.com\/#website\"},\"primaryImageOfPage\":{\"@id\":\"https:\/\/www.nettali.com\/2023\/05\/16\/proces-ousmane-sonko-adji-sarr-15-temoins-convoques\/#primaryimage\"},\"datePublished\":\"2023-05-16T08:12:05+00:00\",\"dateModified\":\"2023-05-16T23:51:00+00:00\",\"author\":{\"@id\":\"https:\/\/www.nettali.com\/#\/schema\/person\/3317e0bb3aa1da309fbf7b2780901bf4\"},\"breadcrumb\":{\"@id\":\"https:\/\/www.nettali.com\/2023\/05\/16\/proces-ousmane-sonko-adji-sarr-15-temoins-convoques\/#breadcrumb\"},\"inLanguage\":\"fr-FR\",\"potentialAction\":[{\"@type\":\"ReadAction\",\"target\":[\"https:\/\/www.nettali.com\/2023\/05\/16\/proces-ousmane-sonko-adji-sarr-15-temoins-convoques\/\"]}]},{\"@type\":\"BreadcrumbList\",\"@id\":\"https:\/\/www.nettali.com\/2023\/05\/16\/proces-ousmane-sonko-adji-sarr-15-temoins-convoques\/#breadcrumb\",\"itemListElement\":[{\"@type\":\"ListItem\",\"position\":1,\"name\":\"Accueil\",\"item\":\"https:\/\/www.nettali.com\/\"},{\"@type\":\"ListItem\",\"position\":2,\"name\":\"EN COULISSES \\u2013 \\u00a015 t\\u00e9moins convoqu\\u00e9s\"}]},{\"@type\":\"Person\",\"@id\":\"https:\/\/www.nettali.com\/#\/schema\/person\/3317e0bb3aa1da309fbf7b2780901bf4\",\"name\":\"Daouda\",\"image\":{\"@type\":\"ImageObject\",\"@id\":\"https:\/\/www.nettali.com\/#personlogo\",\"inLanguage\":\"fr-FR\",\"url\":\"https:\/\/secure.gravatar.com\/avatar\/8d143b5a49345098ddcfee1c49c2f47c?s=96&d=mm&r=g\",\"contentUrl\":\"https:\/\/secure.gravatar.com\/avatar\/8d143b5a49345098ddcfee1c49c2f47c?s=96&d=mm&r=g\",\"caption\":\"Daouda\"},\"sameAs\":[\"https:\/\/www.nettali.com\"]}]}<\/script>\n<!-- \/ Yoast SEO Premium plugin. -->","yoast_head_json":{"title":"EN COULISSES \u2013 \u00a015 t\u00e9moins convoqu\u00e9s | Nettali.com","robots":{"index":"index","follow":"follow","max-snippet":"max-snippet:-1","max-image-preview":"max-image-preview:large","max-video-preview":"max-video-preview:-1"},"canonical":"https:\/\/www.nettali.com\/2023\/05\/16\/proces-ousmane-sonko-adji-sarr-15-temoins-convoques\/","og_locale":"fr_FR","og_type":"article","og_title":"EN COULISSES \u2013 \u00a015 t\u00e9moins convoqu\u00e9s","og_description":"NETTALI.COM - Le proc\u00e8s de l\u2019affaire Sweet Beauty sera tenu ce mardi devant la premi\u00e8re chambre criminelle du tribunal de grande instance de Dakar de Dakar. Ousmane Sonko, le leader de Pastef accus\u00e9 par la masseuse de viol, risque de ne pas se pr\u00e9senter et sera ainsi jug\u00e9 par contumace. D\u00e9j\u00e0, 15 t\u00e9moins ont \u00e9t\u00e9 [&hellip;]","og_url":"https:\/\/www.nettali.com\/2023\/05\/16\/proces-ousmane-sonko-adji-sarr-15-temoins-convoques\/","og_site_name":"Nettali.com","article_publisher":"https:\/\/www.facebook.com\/nettalicom","article_published_time":"2023-05-16T08:12:05+00:00","article_modified_time":"2023-05-16T23:51:00+00:00","og_image":[{"width":1022,"height":657,"url":"https:\/\/www.nettali.com\/wp-content\/uploads\/2022\/12\/ousmane-sonko-et-adji-sarr-.jpg","type":"image\/jpeg"}],"twitter_card":"summary_large_image","twitter_misc":{"\u00c9crit par":"Daouda","Dur\u00e9e de lecture estim\u00e9e":"2 minutes"},"schema":{"@context":"https:\/\/schema.org","@graph":[{"@type":"WebSite","@id":"https:\/\/www.nettali.com\/#website","url":"https:\/\/www.nettali.com\/","name":"Nettali.com","description":"Le rendez-vous critique du Net","potentialAction":[{"@type":"SearchAction","target":{"@type":"EntryPoint","urlTemplate":"https:\/\/www.nettali.com\/?s={search_term_string}"},"query-input":"required name=search_term_string"}],"inLanguage":"fr-FR"},{"@type":"ImageObject","@id":"https:\/\/www.nettali.com\/2023\/05\/16\/proces-ousmane-sonko-adji-sarr-15-temoins-convoques\/#primaryimage","inLanguage":"fr-FR","url":"https:\/\/www.nettali.com\/wp-content\/uploads\/2022\/12\/ousmane-sonko-et-adji-sarr-.jpg","contentUrl":"https:\/\/www.nettali.com\/wp-content\/uploads\/2022\/12\/ousmane-sonko-et-adji-sarr-.jpg","width":1022,"height":657},{"@type":"WebPage","@id":"https:\/\/www.nettali.com\/2023\/05\/16\/proces-ousmane-sonko-adji-sarr-15-temoins-convoques\/#webpage","url":"https:\/\/www.nettali.com\/2023\/05\/16\/proces-ousmane-sonko-adji-sarr-15-temoins-convoques\/","name":"EN COULISSES \u2013 \u00a015 t\u00e9moins convoqu\u00e9s | Nettali.com","isPartOf":{"@id":"https:\/\/www.nettali.com\/#website"},"primaryImageOfPage":{"@id":"https:\/\/www.nettali.com\/2023\/05\/16\/proces-ousmane-sonko-adji-sarr-15-temoins-convoques\/#primaryimage"},"datePublished":"2023-05-16T08:12:05+00:00","dateModified":"2023-05-16T23:51:00+00:00","author":{"@id":"https:\/\/www.nettali.com\/#\/schema\/person\/3317e0bb3aa1da309fbf7b2780901bf4"},"breadcrumb":{"@id":"https:\/\/www.nettali.com\/2023\/05\/16\/proces-ousmane-sonko-adji-sarr-15-temoins-convoques\/#breadcrumb"},"inLanguage":"fr-FR","potentialAction":[{"@type":"ReadAction","target":["https:\/\/www.nettali.com\/2023\/05\/16\/proces-ousmane-sonko-adji-sarr-15-temoins-convoques\/"]}]},{"@type":"BreadcrumbList","@id":"https:\/\/www.nettali.com\/2023\/05\/16\/proces-ousmane-sonko-adji-sarr-15-temoins-convoques\/#breadcrumb","itemListElement":[{"@type":"ListItem","position":1,"name":"Accueil","item":"https:\/\/www.nettali.com\/"},{"@type":"ListItem","position":2,"name":"EN COULISSES \u2013 \u00a015 t\u00e9moins convoqu\u00e9s"}]},{"@type":"Person","@id":"https:\/\/www.nettali.com\/#\/schema\/person\/3317e0bb3aa1da309fbf7b2780901bf4","name":"Daouda","image":{"@type":"ImageObject","@id":"https:\/\/www.nettali.com\/#personlogo","inLanguage":"fr-FR","url":"https:\/\/secure.gravatar.com\/avatar\/8d143b5a49345098ddcfee1c49c2f47c?s=96&d=mm&r=g","contentUrl":"https:\/\/secure.gravatar.com\/avatar\/8d143b5a49345098ddcfee1c49c2f47c?s=96&d=mm&r=g","caption":"Daouda"},"sameAs":["https:\/\/www.nettali.com"]}]}},"_links":{"self":[{"href":"https:\/\/www.nettali.com\/rest\/wp\/v2\/posts\/110021"}],"collection":[{"href":"https:\/\/www.nettali.com\/rest\/wp\/v2\/posts"}],"about":[{"href":"https:\/\/www.nettali.com\/rest\/wp\/v2\/types\/post"}],"author":[{"embeddable":true,"href":"https:\/\/www.nettali.com\/rest\/wp\/v2\/users\/4"}],"replies":[{"embeddable":true,"href":"https:\/\/www.nettali.com\/rest\/wp\/v2\/comments?post=110021"}],"version-history":[{"count":3,"href":"https:\/\/www.nettali.com\/rest\/wp\/v2\/posts\/110021\/revisions"}],"predecessor-version":[{"id":110087,"href":"https:\/\/www.nettali.com\/rest\/wp\/v2\/posts\/110021\/revisions\/110087"}],"wp:featuredmedia":[{"embeddable":true,"href":"https:\/\/www.nettali.com\/rest\/wp\/v2\/media\/99209"}],"wp:attachment":[{"href":"https:\/\/www.nettali.com\/rest\/wp\/v2\/media?parent=110021"}],"wp:term":[{"taxonomy":"category","embeddable":true,"href":"https:\/\/www.nettali.com\/rest\/wp\/v2\/categories?post=110021"},{"taxonomy":"post_tag","embeddable":true,"href":"https:\/\/www.nettali.com\/rest\/wp\/v2\/tags?post=110021"}],"curies":[{"name":"wp","href":"https:\/\/api.w.org\/{rel}","templated":true}]}}