{"id":110017,"date":"2023-05-16T08:07:55","date_gmt":"2023-05-16T08:07:55","guid":{"rendered":"https:\/\/www.nettali.com\/?p=110017"},"modified":"2023-05-18T02:17:46","modified_gmt":"2023-05-18T02:17:46","slug":"ndiassane-deces-du-khalife-general-de-ndiassane","status":"publish","type":"post","link":"https:\/\/www.nettali.com\/2023\/05\/16\/ndiassane-deces-du-khalife-general-de-ndiassane\/","title":{"rendered":"NDIASSANE - D\u00e9c\u00e8s du Khalife G\u00e9n\u00e9ral Serigne Cheikh B\u00e9caye Kounta"},"content":{"rendered":"<p><strong>NETTALI.COM - Nettali vient d\u2019apprendre le rappel \u00e0 Dieu de Serigne Cheikh B\u00e9caye Kounta. Il \u00e9tait le septi\u00e8me Khalife de la famille Kountiyou de Ndiassane.<\/strong><\/p>\n<p>Cheikh B\u00e9caye Kounta est n\u00e9 en 1929, date de la disparition de son p\u00e8re. Il a fait ses \u00e9tudes en Mauritanie, avant de rejoindre la r\u00e9gion de Kaolack o\u00f9 il a re\u00e7u une formation pointue aupr\u00e8s de Baye Niass.<\/p>\n<p>Le d\u00e9funt \u00e9tait un homme courtois et \u00e9loign\u00e9 des mondanit\u00e9s, selon plusieurs t\u00e9moignages de ses proches et disciples.<\/p>\n<div class='share-to-whatsapp-wrapper'><div class='share-on-whsp'>PARTAGER SUR : <\/div><a data-text='NDIASSANE - D\u00e9c\u00e8s du Khalife G\u00e9n\u00e9ral Serigne Cheikh B\u00e9caye Kounta' data-link='https:\/\/www.nettali.com\/2023\/05\/16\/ndiassane-deces-du-khalife-general-de-ndiassane\/' class='whatsapp-button whatsapp-share'>WhatsApp<\/a><div class='clear '><\/div><\/div>","protected":false},"excerpt":{"rendered":"<p>NETTALI.COM - Nettali vient d\u2019apprendre le rappel \u00e0 Dieu de Serigne Cheikh B\u00e9caye Kounta. Il \u00e9tait le septi\u00e8me Khalife de la famille Kountiyou de Ndiassane. Cheikh B\u00e9caye Kounta est n\u00e9 en 1929, date de la disparition de son p\u00e8re. Il a fait ses \u00e9tudes en Mauritanie, avant de rejoindre la r\u00e9gion de Kaolack o\u00f9 il [&hellip;]<\/p>\n","protected":false},"author":4,"featured_media":110019,"comment_status":"open","ping_status":"open","sticky":false,"template":"","format":"standard","meta":{"_et_pb_use_builder":"","_et_pb_old_content":""},"categories":[3],"tags":[],"yoast_head":"<!-- This site is optimized with the Yoast SEO Premium plugin v17.8 (Yoast SEO v17.8) - https:\/\/yoast.com\/wordpress\/plugins\/seo\/ -->\n<title>NDIASSANE - D\u00e9c\u00e8s du Khalife G\u00e9n\u00e9ral Serigne Cheikh B\u00e9caye Kounta | Nettali.com<\/title>\n<meta name=\"robots\" content=\"index, follow, max-snippet:-1, max-image-preview:large, max-video-preview:-1\" \/>\n<link rel=\"canonical\" href=\"https:\/\/www.nettali.com\/2023\/05\/16\/ndiassane-deces-du-khalife-general-de-ndiassane\/\" \/>\n<meta property=\"og:locale\" content=\"fr_FR\" \/>\n<meta property=\"og:type\" content=\"article\" \/>\n<meta property=\"og:title\" content=\"NDIASSANE - D\u00e9c\u00e8s du Khalife G\u00e9n\u00e9ral Serigne Cheikh B\u00e9caye Kounta\" \/>\n<meta property=\"og:description\" content=\"NETTALI.COM - Nettali vient d\u2019apprendre le rappel \u00e0 Dieu de Serigne Cheikh B\u00e9caye Kounta. Il \u00e9tait le septi\u00e8me Khalife de la famille Kountiyou de Ndiassane. Cheikh B\u00e9caye Kounta est n\u00e9 en 1929, date de la disparition de son p\u00e8re. Il a fait ses \u00e9tudes en Mauritanie, avant de rejoindre la r\u00e9gion de Kaolack o\u00f9 il [&hellip;]\" \/>\n<meta property=\"og:url\" content=\"https:\/\/www.nettali.com\/2023\/05\/16\/ndiassane-deces-du-khalife-general-de-ndiassane\/\" \/>\n<meta property=\"og:site_name\" content=\"Nettali.com\" \/>\n<meta property=\"article:publisher\" content=\"https:\/\/www.facebook.com\/nettalicom\" \/>\n<meta property=\"article:published_time\" content=\"2023-05-16T08:07:55+00:00\" \/>\n<meta property=\"article:modified_time\" content=\"2023-05-18T02:17:46+00:00\" \/>\n<meta property=\"og:image\" content=\"https:\/\/www.nettali.com\/wp-content\/uploads\/2023\/05\/khalife-Cheikh-Becaye-Al-Becaye-Kounta.jpeg\" \/>\n\t<meta property=\"og:image:width\" content=\"600\" \/>\n\t<meta property=\"og:image:height\" content=\"350\" \/>\n<meta name=\"twitter:card\" content=\"summary_large_image\" \/>\n<meta name=\"twitter:label1\" content=\"\u00c9crit par\" \/>\n\t<meta name=\"twitter:data1\" content=\"Daouda\" \/>\n\t<meta name=\"twitter:label2\" content=\"Dur\u00e9e de lecture estim\u00e9e\" \/>\n\t<meta name=\"twitter:data2\" content=\"1 minute\" \/>\n<script type=\"application\/ld+json\" class=\"yoast-schema-graph\">{\"@context\":\"https:\/\/schema.org\",\"@graph\":[{\"@type\":\"WebSite\",\"@id\":\"https:\/\/www.nettali.com\/#website\",\"url\":\"https:\/\/www.nettali.com\/\",\"name\":\"Nettali.com\",\"description\":\"Le rendez-vous critique du Net\",\"potentialAction\":[{\"@type\":\"SearchAction\",\"target\":{\"@type\":\"EntryPoint\",\"urlTemplate\":\"https:\/\/www.nettali.com\/?s={search_term_string}\"},\"query-input\":\"required name=search_term_string\"}],\"inLanguage\":\"fr-FR\"},{\"@type\":\"ImageObject\",\"@id\":\"https:\/\/www.nettali.com\/2023\/05\/16\/ndiassane-deces-du-khalife-general-de-ndiassane\/#primaryimage\",\"inLanguage\":\"fr-FR\",\"url\":\"https:\/\/www.nettali.com\/wp-content\/uploads\/2023\/05\/khalife-Cheikh-Becaye-Al-Becaye-Kounta.jpeg\",\"contentUrl\":\"https:\/\/www.nettali.com\/wp-content\/uploads\/2023\/05\/khalife-Cheikh-Becaye-Al-Becaye-Kounta.jpeg\",\"width\":600,\"height\":350},{\"@type\":\"WebPage\",\"@id\":\"https:\/\/www.nettali.com\/2023\/05\/16\/ndiassane-deces-du-khalife-general-de-ndiassane\/#webpage\",\"url\":\"https:\/\/www.nettali.com\/2023\/05\/16\/ndiassane-deces-du-khalife-general-de-ndiassane\/\",\"name\":\"NDIASSANE - D\\u00e9c\\u00e8s du Khalife G\\u00e9n\\u00e9ral Serigne Cheikh B\\u00e9caye Kounta | Nettali.com\",\"isPartOf\":{\"@id\":\"https:\/\/www.nettali.com\/#website\"},\"primaryImageOfPage\":{\"@id\":\"https:\/\/www.nettali.com\/2023\/05\/16\/ndiassane-deces-du-khalife-general-de-ndiassane\/#primaryimage\"},\"datePublished\":\"2023-05-16T08:07:55+00:00\",\"dateModified\":\"2023-05-18T02:17:46+00:00\",\"author\":{\"@id\":\"https:\/\/www.nettali.com\/#\/schema\/person\/3317e0bb3aa1da309fbf7b2780901bf4\"},\"breadcrumb\":{\"@id\":\"https:\/\/www.nettali.com\/2023\/05\/16\/ndiassane-deces-du-khalife-general-de-ndiassane\/#breadcrumb\"},\"inLanguage\":\"fr-FR\",\"potentialAction\":[{\"@type\":\"ReadAction\",\"target\":[\"https:\/\/www.nettali.com\/2023\/05\/16\/ndiassane-deces-du-khalife-general-de-ndiassane\/\"]}]},{\"@type\":\"BreadcrumbList\",\"@id\":\"https:\/\/www.nettali.com\/2023\/05\/16\/ndiassane-deces-du-khalife-general-de-ndiassane\/#breadcrumb\",\"itemListElement\":[{\"@type\":\"ListItem\",\"position\":1,\"name\":\"Accueil\",\"item\":\"https:\/\/www.nettali.com\/\"},{\"@type\":\"ListItem\",\"position\":2,\"name\":\"NDIASSANE - D\\u00e9c\\u00e8s du Khalife G\\u00e9n\\u00e9ral Serigne Cheikh B\\u00e9caye Kounta\"}]},{\"@type\":\"Person\",\"@id\":\"https:\/\/www.nettali.com\/#\/schema\/person\/3317e0bb3aa1da309fbf7b2780901bf4\",\"name\":\"Daouda\",\"image\":{\"@type\":\"ImageObject\",\"@id\":\"https:\/\/www.nettali.com\/#personlogo\",\"inLanguage\":\"fr-FR\",\"url\":\"https:\/\/secure.gravatar.com\/avatar\/8d143b5a49345098ddcfee1c49c2f47c?s=96&d=mm&r=g\",\"contentUrl\":\"https:\/\/secure.gravatar.com\/avatar\/8d143b5a49345098ddcfee1c49c2f47c?s=96&d=mm&r=g\",\"caption\":\"Daouda\"},\"sameAs\":[\"https:\/\/www.nettali.com\"]}]}<\/script>\n<!-- \/ Yoast SEO Premium plugin. -->","yoast_head_json":{"title":"NDIASSANE - D\u00e9c\u00e8s du Khalife G\u00e9n\u00e9ral Serigne Cheikh B\u00e9caye Kounta | Nettali.com","robots":{"index":"index","follow":"follow","max-snippet":"max-snippet:-1","max-image-preview":"max-image-preview:large","max-video-preview":"max-video-preview:-1"},"canonical":"https:\/\/www.nettali.com\/2023\/05\/16\/ndiassane-deces-du-khalife-general-de-ndiassane\/","og_locale":"fr_FR","og_type":"article","og_title":"NDIASSANE - D\u00e9c\u00e8s du Khalife G\u00e9n\u00e9ral Serigne Cheikh B\u00e9caye Kounta","og_description":"NETTALI.COM - Nettali vient d\u2019apprendre le rappel \u00e0 Dieu de Serigne Cheikh B\u00e9caye Kounta. Il \u00e9tait le septi\u00e8me Khalife de la famille Kountiyou de Ndiassane. Cheikh B\u00e9caye Kounta est n\u00e9 en 1929, date de la disparition de son p\u00e8re. Il a fait ses \u00e9tudes en Mauritanie, avant de rejoindre la r\u00e9gion de Kaolack o\u00f9 il [&hellip;]","og_url":"https:\/\/www.nettali.com\/2023\/05\/16\/ndiassane-deces-du-khalife-general-de-ndiassane\/","og_site_name":"Nettali.com","article_publisher":"https:\/\/www.facebook.com\/nettalicom","article_published_time":"2023-05-16T08:07:55+00:00","article_modified_time":"2023-05-18T02:17:46+00:00","og_image":[{"width":600,"height":350,"url":"https:\/\/www.nettali.com\/wp-content\/uploads\/2023\/05\/khalife-Cheikh-Becaye-Al-Becaye-Kounta.jpeg","type":"image\/jpeg"}],"twitter_card":"summary_large_image","twitter_misc":{"\u00c9crit par":"Daouda","Dur\u00e9e de lecture estim\u00e9e":"1 minute"},"schema":{"@context":"https:\/\/schema.org","@graph":[{"@type":"WebSite","@id":"https:\/\/www.nettali.com\/#website","url":"https:\/\/www.nettali.com\/","name":"Nettali.com","description":"Le rendez-vous critique du Net","potentialAction":[{"@type":"SearchAction","target":{"@type":"EntryPoint","urlTemplate":"https:\/\/www.nettali.com\/?s={search_term_string}"},"query-input":"required name=search_term_string"}],"inLanguage":"fr-FR"},{"@type":"ImageObject","@id":"https:\/\/www.nettali.com\/2023\/05\/16\/ndiassane-deces-du-khalife-general-de-ndiassane\/#primaryimage","inLanguage":"fr-FR","url":"https:\/\/www.nettali.com\/wp-content\/uploads\/2023\/05\/khalife-Cheikh-Becaye-Al-Becaye-Kounta.jpeg","contentUrl":"https:\/\/www.nettali.com\/wp-content\/uploads\/2023\/05\/khalife-Cheikh-Becaye-Al-Becaye-Kounta.jpeg","width":600,"height":350},{"@type":"WebPage","@id":"https:\/\/www.nettali.com\/2023\/05\/16\/ndiassane-deces-du-khalife-general-de-ndiassane\/#webpage","url":"https:\/\/www.nettali.com\/2023\/05\/16\/ndiassane-deces-du-khalife-general-de-ndiassane\/","name":"NDIASSANE - D\u00e9c\u00e8s du Khalife G\u00e9n\u00e9ral Serigne Cheikh B\u00e9caye Kounta | Nettali.com","isPartOf":{"@id":"https:\/\/www.nettali.com\/#website"},"primaryImageOfPage":{"@id":"https:\/\/www.nettali.com\/2023\/05\/16\/ndiassane-deces-du-khalife-general-de-ndiassane\/#primaryimage"},"datePublished":"2023-05-16T08:07:55+00:00","dateModified":"2023-05-18T02:17:46+00:00","author":{"@id":"https:\/\/www.nettali.com\/#\/schema\/person\/3317e0bb3aa1da309fbf7b2780901bf4"},"breadcrumb":{"@id":"https:\/\/www.nettali.com\/2023\/05\/16\/ndiassane-deces-du-khalife-general-de-ndiassane\/#breadcrumb"},"inLanguage":"fr-FR","potentialAction":[{"@type":"ReadAction","target":["https:\/\/www.nettali.com\/2023\/05\/16\/ndiassane-deces-du-khalife-general-de-ndiassane\/"]}]},{"@type":"BreadcrumbList","@id":"https:\/\/www.nettali.com\/2023\/05\/16\/ndiassane-deces-du-khalife-general-de-ndiassane\/#breadcrumb","itemListElement":[{"@type":"ListItem","position":1,"name":"Accueil","item":"https:\/\/www.nettali.com\/"},{"@type":"ListItem","position":2,"name":"NDIASSANE - D\u00e9c\u00e8s du Khalife G\u00e9n\u00e9ral Serigne Cheikh B\u00e9caye Kounta"}]},{"@type":"Person","@id":"https:\/\/www.nettali.com\/#\/schema\/person\/3317e0bb3aa1da309fbf7b2780901bf4","name":"Daouda","image":{"@type":"ImageObject","@id":"https:\/\/www.nettali.com\/#personlogo","inLanguage":"fr-FR","url":"https:\/\/secure.gravatar.com\/avatar\/8d143b5a49345098ddcfee1c49c2f47c?s=96&d=mm&r=g","contentUrl":"https:\/\/secure.gravatar.com\/avatar\/8d143b5a49345098ddcfee1c49c2f47c?s=96&d=mm&r=g","caption":"Daouda"},"sameAs":["https:\/\/www.nettali.com"]}]}},"_links":{"self":[{"href":"https:\/\/www.nettali.com\/rest\/wp\/v2\/posts\/110017"}],"collection":[{"href":"https:\/\/www.nettali.com\/rest\/wp\/v2\/posts"}],"about":[{"href":"https:\/\/www.nettali.com\/rest\/wp\/v2\/types\/post"}],"author":[{"embeddable":true,"href":"https:\/\/www.nettali.com\/rest\/wp\/v2\/users\/4"}],"replies":[{"embeddable":true,"href":"https:\/\/www.nettali.com\/rest\/wp\/v2\/comments?post=110017"}],"version-history":[{"count":2,"href":"https:\/\/www.nettali.com\/rest\/wp\/v2\/posts\/110017\/revisions"}],"predecessor-version":[{"id":110023,"href":"https:\/\/www.nettali.com\/rest\/wp\/v2\/posts\/110017\/revisions\/110023"}],"wp:featuredmedia":[{"embeddable":true,"href":"https:\/\/www.nettali.com\/rest\/wp\/v2\/media\/110019"}],"wp:attachment":[{"href":"https:\/\/www.nettali.com\/rest\/wp\/v2\/media?parent=110017"}],"wp:term":[{"taxonomy":"category","embeddable":true,"href":"https:\/\/www.nettali.com\/rest\/wp\/v2\/categories?post=110017"},{"taxonomy":"post_tag","embeddable":true,"href":"https:\/\/www.nettali.com\/rest\/wp\/v2\/tags?post=110017"}],"curies":[{"name":"wp","href":"https:\/\/api.w.org\/{rel}","templated":true}]}}