{"id":109951,"date":"2023-05-15T08:47:35","date_gmt":"2023-05-15T08:47:35","guid":{"rendered":"https:\/\/www.nettali.com\/?p=109951"},"modified":"2023-05-15T08:47:35","modified_gmt":"2023-05-15T08:47:35","slug":"en-coulisses-le-proces-pour-viol-un-cas-de-figure-different-ter","status":"publish","type":"post","link":"https:\/\/www.nettali.com\/2023\/05\/15\/en-coulisses-le-proces-pour-viol-un-cas-de-figure-different-ter\/","title":{"rendered":"EN COULISSES - Le proc\u00e8s pour viol : un cas de figure diff\u00e9rent (ter)"},"content":{"rendered":"<p><strong>NETTA.COM -<\/strong> Toujours sur le proc\u00e8s pour viol contre Ousmane Sonon, notons qu'il r\u00e9sulte deux conditions alternatives pour que le juge puisse prendre l\u2019ordonnance de prise de corps.<\/p>\n<p>D\u2019abord, c\u2019est le cas pour laquel l\u2019accus\u00e9 refuse de se pr\u00e9senter \"<em>sans motif l\u00e9gitime<\/em>\". Mais aussi dans le cas o\u00f9 \"<em>la d\u00e9tention est n\u00e9cessaire<\/em>\" pour sa s\u00e9curit\u00e9 ou<br \/>\nbien pour la s\u00e9curit\u00e9 publique. Cela dit, pour beaucoup de sp\u00e9cialistes avec qui nous avons \u00e9chang\u00e9, cette ordonnance de prise de corps n\u2019est pas pour autant obligatoire. Ils en veulent pour preuve les dispositions de l\u2019article 240, qui pr\u00e9voit la possibilit\u00e9 d\u2019un jugement par contumace.<\/p>\n<p>\"<em>Si l'accus\u00e9 ne peut \u00eatre saisi ou ne se pr\u00e9sente pas, il est statu\u00e9 contre lui par contumace<\/em>\u201d, souligne l\u2019article 240 du Code de proc\u00e9dure p\u00e9nale.<\/p>\n<p>Relativement aux d\u00e9bats, si un accus\u00e9 refuse de se pr\u00e9senter \u00e0 la barre, \"<em>une sommation lui est faite, au nom de la loi, par un huissier commis \u00e0 cet effet par le<\/em><br \/>\n<em>pr\u00e9sident et assist\u00e9 de la force publique. L'huissier dresse proc\u00e8s-verbal de la sommation et de la r\u00e9ponse de l'accus\u00e9\". \"Si l'accus\u00e9 n'obtemp\u00e8re pas \u00e0 la sommation vis\u00e9e \u00e0 l'article pr\u00e9c\u00e9dent, le pr\u00e9sident peut ordonner qu'il soit emmen\u00e9 par la force devant la Chambre criminelle. Le pr\u00e9sident peut \u00e9galement, apr\u00e8s lecture faite \u00e0 l'audience du proc\u00e8s-verbal constatant sa r\u00e9sistance, ordonner, nonobstant son absence, la poursuite des d\u00e9bats<\/em>\", pr\u00e9cise l\u2019article 276 du Code de proc\u00e9dure p\u00e9nale.<\/p>\n<p>Il r\u00e9sulte de l\u2019article 277, qu\u2019apr\u00e8s chaque audience, \"<em>il est, par le greffier de la Chambre criminelle, donn\u00e9 lecture \u00e0 l'accus\u00e9 qui n'a pas comparu du proc\u00e8s-verbal des d\u00e9bats et il lui est signifi\u00e9 copie des r\u00e9quisitions du minist\u00e8re public ainsi que des jugements rendus par la chambre et qui sont tous r\u00e9put\u00e9s contradictoires<\/em>\".<\/p>\n<div class='share-to-whatsapp-wrapper'><div class='share-on-whsp'>PARTAGER SUR : <\/div><a data-text='EN COULISSES - Le proc\u00e8s pour viol : un cas de figure diff\u00e9rent (ter)' data-link='https:\/\/www.nettali.com\/2023\/05\/15\/en-coulisses-le-proces-pour-viol-un-cas-de-figure-different-ter\/' class='whatsapp-button whatsapp-share'>WhatsApp<\/a><div class='clear '><\/div><\/div>","protected":false},"excerpt":{"rendered":"<p>NETTA.COM - Toujours sur le proc\u00e8s pour viol contre Ousmane Sonon, notons qu'il r\u00e9sulte deux conditions alternatives pour que le juge puisse prendre l\u2019ordonnance de prise de corps. D\u2019abord, c\u2019est le cas pour laquel l\u2019accus\u00e9 refuse de se pr\u00e9senter \"sans motif l\u00e9gitime\". Mais aussi dans le cas o\u00f9 \"la d\u00e9tention est n\u00e9cessaire\" pour sa s\u00e9curit\u00e9 [&hellip;]<\/p>\n","protected":false},"author":2,"featured_media":109621,"comment_status":"open","ping_status":"open","sticky":false,"template":"","format":"standard","meta":{"_et_pb_use_builder":"","_et_pb_old_content":""},"categories":[34945],"tags":[],"yoast_head":"<!-- This site is optimized with the Yoast SEO Premium plugin v17.8 (Yoast SEO v17.8) - https:\/\/yoast.com\/wordpress\/plugins\/seo\/ -->\n<title>EN COULISSES - Le proc\u00e8s pour viol : un cas de figure diff\u00e9rent (ter) | Nettali.com<\/title>\n<meta name=\"robots\" content=\"index, follow, max-snippet:-1, max-image-preview:large, max-video-preview:-1\" \/>\n<link rel=\"canonical\" href=\"https:\/\/www.nettali.com\/2023\/05\/15\/en-coulisses-le-proces-pour-viol-un-cas-de-figure-different-ter\/\" \/>\n<meta property=\"og:locale\" content=\"fr_FR\" \/>\n<meta property=\"og:type\" content=\"article\" \/>\n<meta property=\"og:title\" content=\"EN COULISSES - Le proc\u00e8s pour viol : un cas de figure diff\u00e9rent (ter)\" \/>\n<meta property=\"og:description\" content=\"NETTA.COM - Toujours sur le proc\u00e8s pour viol contre Ousmane Sonon, notons qu&#039;il r\u00e9sulte deux conditions alternatives pour que le juge puisse prendre l\u2019ordonnance de prise de corps. D\u2019abord, c\u2019est le cas pour laquel l\u2019accus\u00e9 refuse de se pr\u00e9senter &quot;sans motif l\u00e9gitime&quot;. Mais aussi dans le cas o\u00f9 &quot;la d\u00e9tention est n\u00e9cessaire&quot; pour sa s\u00e9curit\u00e9 [&hellip;]\" \/>\n<meta property=\"og:url\" content=\"https:\/\/www.nettali.com\/2023\/05\/15\/en-coulisses-le-proces-pour-viol-un-cas-de-figure-different-ter\/\" \/>\n<meta property=\"og:site_name\" content=\"Nettali.com\" \/>\n<meta property=\"article:publisher\" content=\"https:\/\/www.facebook.com\/nettalicom\" \/>\n<meta property=\"article:published_time\" content=\"2023-05-15T08:47:35+00:00\" \/>\n<meta property=\"og:image\" content=\"https:\/\/www.nettali.com\/wp-content\/uploads\/2023\/05\/sonko-1-e1683717155715.png\" \/>\n\t<meta property=\"og:image:width\" content=\"794\" \/>\n\t<meta property=\"og:image:height\" content=\"476\" \/>\n<meta name=\"twitter:card\" content=\"summary_large_image\" \/>\n<meta name=\"twitter:label1\" content=\"\u00c9crit par\" \/>\n\t<meta name=\"twitter:data1\" content=\"CK\" \/>\n\t<meta name=\"twitter:label2\" content=\"Dur\u00e9e de lecture estim\u00e9e\" \/>\n\t<meta name=\"twitter:data2\" content=\"2 minutes\" \/>\n<script type=\"application\/ld+json\" class=\"yoast-schema-graph\">{\"@context\":\"https:\/\/schema.org\",\"@graph\":[{\"@type\":\"WebSite\",\"@id\":\"https:\/\/www.nettali.com\/#website\",\"url\":\"https:\/\/www.nettali.com\/\",\"name\":\"Nettali.com\",\"description\":\"Le rendez-vous critique du Net\",\"potentialAction\":[{\"@type\":\"SearchAction\",\"target\":{\"@type\":\"EntryPoint\",\"urlTemplate\":\"https:\/\/www.nettali.com\/?s={search_term_string}\"},\"query-input\":\"required name=search_term_string\"}],\"inLanguage\":\"fr-FR\"},{\"@type\":\"ImageObject\",\"@id\":\"https:\/\/www.nettali.com\/2023\/05\/15\/en-coulisses-le-proces-pour-viol-un-cas-de-figure-different-ter\/#primaryimage\",\"inLanguage\":\"fr-FR\",\"url\":\"https:\/\/www.nettali.com\/wp-content\/uploads\/2023\/05\/sonko-1-e1683717155715.png\",\"contentUrl\":\"https:\/\/www.nettali.com\/wp-content\/uploads\/2023\/05\/sonko-1-e1683717155715.png\",\"width\":794,\"height\":476},{\"@type\":\"WebPage\",\"@id\":\"https:\/\/www.nettali.com\/2023\/05\/15\/en-coulisses-le-proces-pour-viol-un-cas-de-figure-different-ter\/#webpage\",\"url\":\"https:\/\/www.nettali.com\/2023\/05\/15\/en-coulisses-le-proces-pour-viol-un-cas-de-figure-different-ter\/\",\"name\":\"EN COULISSES - Le proc\\u00e8s pour viol : un cas de figure diff\\u00e9rent (ter) | Nettali.com\",\"isPartOf\":{\"@id\":\"https:\/\/www.nettali.com\/#website\"},\"primaryImageOfPage\":{\"@id\":\"https:\/\/www.nettali.com\/2023\/05\/15\/en-coulisses-le-proces-pour-viol-un-cas-de-figure-different-ter\/#primaryimage\"},\"datePublished\":\"2023-05-15T08:47:35+00:00\",\"dateModified\":\"2023-05-15T08:47:35+00:00\",\"author\":{\"@id\":\"https:\/\/www.nettali.com\/#\/schema\/person\/d8ac7b7e27ddad43f1c0d2ef090d7f71\"},\"breadcrumb\":{\"@id\":\"https:\/\/www.nettali.com\/2023\/05\/15\/en-coulisses-le-proces-pour-viol-un-cas-de-figure-different-ter\/#breadcrumb\"},\"inLanguage\":\"fr-FR\",\"potentialAction\":[{\"@type\":\"ReadAction\",\"target\":[\"https:\/\/www.nettali.com\/2023\/05\/15\/en-coulisses-le-proces-pour-viol-un-cas-de-figure-different-ter\/\"]}]},{\"@type\":\"BreadcrumbList\",\"@id\":\"https:\/\/www.nettali.com\/2023\/05\/15\/en-coulisses-le-proces-pour-viol-un-cas-de-figure-different-ter\/#breadcrumb\",\"itemListElement\":[{\"@type\":\"ListItem\",\"position\":1,\"name\":\"Accueil\",\"item\":\"https:\/\/www.nettali.com\/\"},{\"@type\":\"ListItem\",\"position\":2,\"name\":\"EN COULISSES - Le proc\\u00e8s pour viol : un cas de figure diff\\u00e9rent (ter)\"}]},{\"@type\":\"Person\",\"@id\":\"https:\/\/www.nettali.com\/#\/schema\/person\/d8ac7b7e27ddad43f1c0d2ef090d7f71\",\"name\":\"CK\",\"image\":{\"@type\":\"ImageObject\",\"@id\":\"https:\/\/www.nettali.com\/#personlogo\",\"inLanguage\":\"fr-FR\",\"url\":\"https:\/\/secure.gravatar.com\/avatar\/1d8d5118b9327d94da7cd4ce7f17fec2?s=96&d=mm&r=g\",\"contentUrl\":\"https:\/\/secure.gravatar.com\/avatar\/1d8d5118b9327d94da7cd4ce7f17fec2?s=96&d=mm&r=g\",\"caption\":\"CK\"},\"sameAs\":[\"https:\/\/www.nettali.com\"]}]}<\/script>\n<!-- \/ Yoast SEO Premium plugin. -->","yoast_head_json":{"title":"EN COULISSES - Le proc\u00e8s pour viol : un cas de figure diff\u00e9rent (ter) | Nettali.com","robots":{"index":"index","follow":"follow","max-snippet":"max-snippet:-1","max-image-preview":"max-image-preview:large","max-video-preview":"max-video-preview:-1"},"canonical":"https:\/\/www.nettali.com\/2023\/05\/15\/en-coulisses-le-proces-pour-viol-un-cas-de-figure-different-ter\/","og_locale":"fr_FR","og_type":"article","og_title":"EN COULISSES - Le proc\u00e8s pour viol : un cas de figure diff\u00e9rent (ter)","og_description":"NETTA.COM - Toujours sur le proc\u00e8s pour viol contre Ousmane Sonon, notons qu'il r\u00e9sulte deux conditions alternatives pour que le juge puisse prendre l\u2019ordonnance de prise de corps. D\u2019abord, c\u2019est le cas pour laquel l\u2019accus\u00e9 refuse de se pr\u00e9senter \"sans motif l\u00e9gitime\". Mais aussi dans le cas o\u00f9 \"la d\u00e9tention est n\u00e9cessaire\" pour sa s\u00e9curit\u00e9 [&hellip;]","og_url":"https:\/\/www.nettali.com\/2023\/05\/15\/en-coulisses-le-proces-pour-viol-un-cas-de-figure-different-ter\/","og_site_name":"Nettali.com","article_publisher":"https:\/\/www.facebook.com\/nettalicom","article_published_time":"2023-05-15T08:47:35+00:00","og_image":[{"width":794,"height":476,"url":"https:\/\/www.nettali.com\/wp-content\/uploads\/2023\/05\/sonko-1-e1683717155715.png","type":"image\/png"}],"twitter_card":"summary_large_image","twitter_misc":{"\u00c9crit par":"CK","Dur\u00e9e de lecture estim\u00e9e":"2 minutes"},"schema":{"@context":"https:\/\/schema.org","@graph":[{"@type":"WebSite","@id":"https:\/\/www.nettali.com\/#website","url":"https:\/\/www.nettali.com\/","name":"Nettali.com","description":"Le rendez-vous critique du Net","potentialAction":[{"@type":"SearchAction","target":{"@type":"EntryPoint","urlTemplate":"https:\/\/www.nettali.com\/?s={search_term_string}"},"query-input":"required name=search_term_string"}],"inLanguage":"fr-FR"},{"@type":"ImageObject","@id":"https:\/\/www.nettali.com\/2023\/05\/15\/en-coulisses-le-proces-pour-viol-un-cas-de-figure-different-ter\/#primaryimage","inLanguage":"fr-FR","url":"https:\/\/www.nettali.com\/wp-content\/uploads\/2023\/05\/sonko-1-e1683717155715.png","contentUrl":"https:\/\/www.nettali.com\/wp-content\/uploads\/2023\/05\/sonko-1-e1683717155715.png","width":794,"height":476},{"@type":"WebPage","@id":"https:\/\/www.nettali.com\/2023\/05\/15\/en-coulisses-le-proces-pour-viol-un-cas-de-figure-different-ter\/#webpage","url":"https:\/\/www.nettali.com\/2023\/05\/15\/en-coulisses-le-proces-pour-viol-un-cas-de-figure-different-ter\/","name":"EN COULISSES - Le proc\u00e8s pour viol : un cas de figure diff\u00e9rent (ter) | Nettali.com","isPartOf":{"@id":"https:\/\/www.nettali.com\/#website"},"primaryImageOfPage":{"@id":"https:\/\/www.nettali.com\/2023\/05\/15\/en-coulisses-le-proces-pour-viol-un-cas-de-figure-different-ter\/#primaryimage"},"datePublished":"2023-05-15T08:47:35+00:00","dateModified":"2023-05-15T08:47:35+00:00","author":{"@id":"https:\/\/www.nettali.com\/#\/schema\/person\/d8ac7b7e27ddad43f1c0d2ef090d7f71"},"breadcrumb":{"@id":"https:\/\/www.nettali.com\/2023\/05\/15\/en-coulisses-le-proces-pour-viol-un-cas-de-figure-different-ter\/#breadcrumb"},"inLanguage":"fr-FR","potentialAction":[{"@type":"ReadAction","target":["https:\/\/www.nettali.com\/2023\/05\/15\/en-coulisses-le-proces-pour-viol-un-cas-de-figure-different-ter\/"]}]},{"@type":"BreadcrumbList","@id":"https:\/\/www.nettali.com\/2023\/05\/15\/en-coulisses-le-proces-pour-viol-un-cas-de-figure-different-ter\/#breadcrumb","itemListElement":[{"@type":"ListItem","position":1,"name":"Accueil","item":"https:\/\/www.nettali.com\/"},{"@type":"ListItem","position":2,"name":"EN COULISSES - Le proc\u00e8s pour viol : un cas de figure diff\u00e9rent (ter)"}]},{"@type":"Person","@id":"https:\/\/www.nettali.com\/#\/schema\/person\/d8ac7b7e27ddad43f1c0d2ef090d7f71","name":"CK","image":{"@type":"ImageObject","@id":"https:\/\/www.nettali.com\/#personlogo","inLanguage":"fr-FR","url":"https:\/\/secure.gravatar.com\/avatar\/1d8d5118b9327d94da7cd4ce7f17fec2?s=96&d=mm&r=g","contentUrl":"https:\/\/secure.gravatar.com\/avatar\/1d8d5118b9327d94da7cd4ce7f17fec2?s=96&d=mm&r=g","caption":"CK"},"sameAs":["https:\/\/www.nettali.com"]}]}},"_links":{"self":[{"href":"https:\/\/www.nettali.com\/rest\/wp\/v2\/posts\/109951"}],"collection":[{"href":"https:\/\/www.nettali.com\/rest\/wp\/v2\/posts"}],"about":[{"href":"https:\/\/www.nettali.com\/rest\/wp\/v2\/types\/post"}],"author":[{"embeddable":true,"href":"https:\/\/www.nettali.com\/rest\/wp\/v2\/users\/2"}],"replies":[{"embeddable":true,"href":"https:\/\/www.nettali.com\/rest\/wp\/v2\/comments?post=109951"}],"version-history":[{"count":2,"href":"https:\/\/www.nettali.com\/rest\/wp\/v2\/posts\/109951\/revisions"}],"predecessor-version":[{"id":109953,"href":"https:\/\/www.nettali.com\/rest\/wp\/v2\/posts\/109951\/revisions\/109953"}],"wp:featuredmedia":[{"embeddable":true,"href":"https:\/\/www.nettali.com\/rest\/wp\/v2\/media\/109621"}],"wp:attachment":[{"href":"https:\/\/www.nettali.com\/rest\/wp\/v2\/media?parent=109951"}],"wp:term":[{"taxonomy":"category","embeddable":true,"href":"https:\/\/www.nettali.com\/rest\/wp\/v2\/categories?post=109951"},{"taxonomy":"post_tag","embeddable":true,"href":"https:\/\/www.nettali.com\/rest\/wp\/v2\/tags?post=109951"}],"curies":[{"name":"wp","href":"https:\/\/api.w.org\/{rel}","templated":true}]}}