{"id":109948,"date":"2023-05-15T08:49:52","date_gmt":"2023-05-15T08:49:52","guid":{"rendered":"https:\/\/www.nettali.com\/?p=109948"},"modified":"2023-05-15T08:49:52","modified_gmt":"2023-05-15T08:49:52","slug":"en-coulisses-le-proces-pour-viol-un-cas-de-figure-different-bis","status":"publish","type":"post","link":"https:\/\/www.nettali.com\/2023\/05\/15\/en-coulisses-le-proces-pour-viol-un-cas-de-figure-different-bis\/","title":{"rendered":"EN COULISSES - Le proc\u00e8s pour viol : un cas de figure diff\u00e9rent (bis)"},"content":{"rendered":"<p><strong>NETTALI.COM -<\/strong> Pour rester sur le proc\u00e8s pour viol d'Ousmane Sonko, il convient de pr\u00e9ciser que si le maire de Ziguinchor prend de nouveau la libert\u00e9 pour ce proc\u00e8s qui l\u2019oppose \u00e0 Adji Sarr, de ne pas se pr\u00e9senter, le Code de proc\u00e9dure p\u00e9nale a pr\u00e9vu son arrestation, \u00e0 son article 239 qui dispose : \"<em>L'ordonnance de prise de corps est ex\u00e9cut\u00e9e, si d\u00fbment convoqu\u00e9 par voie administrative au greffe de la Chambre criminelle et sans motif l\u00e9gitime d'excuse, l'accus\u00e9 ne se pr\u00e9sente pas au jour fix\u00e9 pour \u00eatre interrog\u00e9 par le pr\u00e9sident de la Chambre criminelle.<\/em>\u201d<\/p>\n<p>L\u2019article ajoute m\u00eame que le juge n\u2019a pas besoin d\u2019attendre cette \u00e9ventualit\u00e9. \u201c<em>L'ordonnance de prise de corps est \u00e9galement ex\u00e9cut\u00e9e sur d\u00e9cision motiv\u00e9e du pr\u00e9sident de la Chambre criminelle lorsqu'il estime que la d\u00e9tention de l'accus\u00e9 est n\u00e9cessaire. Cette d\u00e9cision est sans recours<\/em>\u201d, continue le Code de proc\u00e9dure p\u00e9nale.<\/p>\n<p>A noter que des rumeurs sur la mise en application de ces dispositions proc\u00e9durales ont circul\u00e9 durant tout le weekend, apr\u00e8s que l\u2019ex-procureur de la R\u00e9publique, Alioune Ndao, pr\u00e9sent au rassemblement du F24 pour dire non \u00e0 une troisi\u00e8me candidature du pr\u00e9sident Macky Sall, a annonc\u00e9 que l\u2019arrestation du principal opposant du pays est imminente. Cette manifestation organis\u00e9e \u00e0 Dakar et \u00e0 laquelle le maire de Ziguinchor devait \u00eatre pr\u00e9sent. Finalement, Sonko est rest\u00e9 dans sa ville, obligeant toute op\u00e9ration visant son arrestation \u00e0 se d\u00e9rouler l\u00e0 o\u00f9 il est l\u2019administrateur<\/p>\n<div class='share-to-whatsapp-wrapper'><div class='share-on-whsp'>PARTAGER SUR : <\/div><a data-text='EN COULISSES - Le proc\u00e8s pour viol : un cas de figure diff\u00e9rent (bis)' data-link='https:\/\/www.nettali.com\/2023\/05\/15\/en-coulisses-le-proces-pour-viol-un-cas-de-figure-different-bis\/' class='whatsapp-button whatsapp-share'>WhatsApp<\/a><div class='clear '><\/div><\/div>","protected":false},"excerpt":{"rendered":"<p>NETTALI.COM - Pour rester sur le proc\u00e8s pour viol d'Ousmane Sonko, il convient de pr\u00e9ciser que si le maire de Ziguinchor prend de nouveau la libert\u00e9 pour ce proc\u00e8s qui l\u2019oppose \u00e0 Adji Sarr, de ne pas se pr\u00e9senter, le Code de proc\u00e9dure p\u00e9nale a pr\u00e9vu son arrestation, \u00e0 son article 239 qui dispose : [&hellip;]<\/p>\n","protected":false},"author":2,"featured_media":109954,"comment_status":"open","ping_status":"open","sticky":false,"template":"","format":"standard","meta":{"_et_pb_use_builder":"","_et_pb_old_content":""},"categories":[34945],"tags":[],"yoast_head":"<!-- This site is optimized with the Yoast SEO Premium plugin v17.8 (Yoast SEO v17.8) - https:\/\/yoast.com\/wordpress\/plugins\/seo\/ -->\n<title>EN COULISSES - Le proc\u00e8s pour viol : un cas de figure diff\u00e9rent (bis) | Nettali.com<\/title>\n<meta name=\"robots\" content=\"index, follow, max-snippet:-1, max-image-preview:large, max-video-preview:-1\" \/>\n<link rel=\"canonical\" href=\"https:\/\/www.nettali.com\/2023\/05\/15\/en-coulisses-le-proces-pour-viol-un-cas-de-figure-different-bis\/\" \/>\n<meta property=\"og:locale\" content=\"fr_FR\" \/>\n<meta property=\"og:type\" content=\"article\" \/>\n<meta property=\"og:title\" content=\"EN COULISSES - Le proc\u00e8s pour viol : un cas de figure diff\u00e9rent (bis)\" \/>\n<meta property=\"og:description\" content=\"NETTALI.COM - Pour rester sur le proc\u00e8s pour viol d&#039;Ousmane Sonko, il convient de pr\u00e9ciser que si le maire de Ziguinchor prend de nouveau la libert\u00e9 pour ce proc\u00e8s qui l\u2019oppose \u00e0 Adji Sarr, de ne pas se pr\u00e9senter, le Code de proc\u00e9dure p\u00e9nale a pr\u00e9vu son arrestation, \u00e0 son article 239 qui dispose : [&hellip;]\" \/>\n<meta property=\"og:url\" content=\"https:\/\/www.nettali.com\/2023\/05\/15\/en-coulisses-le-proces-pour-viol-un-cas-de-figure-different-bis\/\" \/>\n<meta property=\"og:site_name\" content=\"Nettali.com\" \/>\n<meta property=\"article:publisher\" content=\"https:\/\/www.facebook.com\/nettalicom\" \/>\n<meta property=\"article:published_time\" content=\"2023-05-15T08:49:52+00:00\" \/>\n<meta property=\"og:image\" content=\"https:\/\/www.nettali.com\/wp-content\/uploads\/2023\/05\/telechargement-5.jpg\" \/>\n\t<meta property=\"og:image:width\" content=\"274\" \/>\n\t<meta property=\"og:image:height\" content=\"184\" \/>\n<meta name=\"twitter:card\" content=\"summary_large_image\" \/>\n<meta name=\"twitter:label1\" content=\"\u00c9crit par\" \/>\n\t<meta name=\"twitter:data1\" content=\"CK\" \/>\n\t<meta name=\"twitter:label2\" content=\"Dur\u00e9e de lecture estim\u00e9e\" \/>\n\t<meta name=\"twitter:data2\" content=\"2 minutes\" \/>\n<script type=\"application\/ld+json\" class=\"yoast-schema-graph\">{\"@context\":\"https:\/\/schema.org\",\"@graph\":[{\"@type\":\"WebSite\",\"@id\":\"https:\/\/www.nettali.com\/#website\",\"url\":\"https:\/\/www.nettali.com\/\",\"name\":\"Nettali.com\",\"description\":\"Le rendez-vous critique du Net\",\"potentialAction\":[{\"@type\":\"SearchAction\",\"target\":{\"@type\":\"EntryPoint\",\"urlTemplate\":\"https:\/\/www.nettali.com\/?s={search_term_string}\"},\"query-input\":\"required name=search_term_string\"}],\"inLanguage\":\"fr-FR\"},{\"@type\":\"ImageObject\",\"@id\":\"https:\/\/www.nettali.com\/2023\/05\/15\/en-coulisses-le-proces-pour-viol-un-cas-de-figure-different-bis\/#primaryimage\",\"inLanguage\":\"fr-FR\",\"url\":\"https:\/\/www.nettali.com\/wp-content\/uploads\/2023\/05\/telechargement-5.jpg\",\"contentUrl\":\"https:\/\/www.nettali.com\/wp-content\/uploads\/2023\/05\/telechargement-5.jpg\",\"width\":274,\"height\":184},{\"@type\":\"WebPage\",\"@id\":\"https:\/\/www.nettali.com\/2023\/05\/15\/en-coulisses-le-proces-pour-viol-un-cas-de-figure-different-bis\/#webpage\",\"url\":\"https:\/\/www.nettali.com\/2023\/05\/15\/en-coulisses-le-proces-pour-viol-un-cas-de-figure-different-bis\/\",\"name\":\"EN COULISSES - Le proc\\u00e8s pour viol : un cas de figure diff\\u00e9rent (bis) | Nettali.com\",\"isPartOf\":{\"@id\":\"https:\/\/www.nettali.com\/#website\"},\"primaryImageOfPage\":{\"@id\":\"https:\/\/www.nettali.com\/2023\/05\/15\/en-coulisses-le-proces-pour-viol-un-cas-de-figure-different-bis\/#primaryimage\"},\"datePublished\":\"2023-05-15T08:49:52+00:00\",\"dateModified\":\"2023-05-15T08:49:52+00:00\",\"author\":{\"@id\":\"https:\/\/www.nettali.com\/#\/schema\/person\/d8ac7b7e27ddad43f1c0d2ef090d7f71\"},\"breadcrumb\":{\"@id\":\"https:\/\/www.nettali.com\/2023\/05\/15\/en-coulisses-le-proces-pour-viol-un-cas-de-figure-different-bis\/#breadcrumb\"},\"inLanguage\":\"fr-FR\",\"potentialAction\":[{\"@type\":\"ReadAction\",\"target\":[\"https:\/\/www.nettali.com\/2023\/05\/15\/en-coulisses-le-proces-pour-viol-un-cas-de-figure-different-bis\/\"]}]},{\"@type\":\"BreadcrumbList\",\"@id\":\"https:\/\/www.nettali.com\/2023\/05\/15\/en-coulisses-le-proces-pour-viol-un-cas-de-figure-different-bis\/#breadcrumb\",\"itemListElement\":[{\"@type\":\"ListItem\",\"position\":1,\"name\":\"Accueil\",\"item\":\"https:\/\/www.nettali.com\/\"},{\"@type\":\"ListItem\",\"position\":2,\"name\":\"EN COULISSES - Le proc\\u00e8s pour viol : un cas de figure diff\\u00e9rent (bis)\"}]},{\"@type\":\"Person\",\"@id\":\"https:\/\/www.nettali.com\/#\/schema\/person\/d8ac7b7e27ddad43f1c0d2ef090d7f71\",\"name\":\"CK\",\"image\":{\"@type\":\"ImageObject\",\"@id\":\"https:\/\/www.nettali.com\/#personlogo\",\"inLanguage\":\"fr-FR\",\"url\":\"https:\/\/secure.gravatar.com\/avatar\/1d8d5118b9327d94da7cd4ce7f17fec2?s=96&d=mm&r=g\",\"contentUrl\":\"https:\/\/secure.gravatar.com\/avatar\/1d8d5118b9327d94da7cd4ce7f17fec2?s=96&d=mm&r=g\",\"caption\":\"CK\"},\"sameAs\":[\"https:\/\/www.nettali.com\"]}]}<\/script>\n<!-- \/ Yoast SEO Premium plugin. -->","yoast_head_json":{"title":"EN COULISSES - Le proc\u00e8s pour viol : un cas de figure diff\u00e9rent (bis) | Nettali.com","robots":{"index":"index","follow":"follow","max-snippet":"max-snippet:-1","max-image-preview":"max-image-preview:large","max-video-preview":"max-video-preview:-1"},"canonical":"https:\/\/www.nettali.com\/2023\/05\/15\/en-coulisses-le-proces-pour-viol-un-cas-de-figure-different-bis\/","og_locale":"fr_FR","og_type":"article","og_title":"EN COULISSES - Le proc\u00e8s pour viol : un cas de figure diff\u00e9rent (bis)","og_description":"NETTALI.COM - Pour rester sur le proc\u00e8s pour viol d'Ousmane Sonko, il convient de pr\u00e9ciser que si le maire de Ziguinchor prend de nouveau la libert\u00e9 pour ce proc\u00e8s qui l\u2019oppose \u00e0 Adji Sarr, de ne pas se pr\u00e9senter, le Code de proc\u00e9dure p\u00e9nale a pr\u00e9vu son arrestation, \u00e0 son article 239 qui dispose : [&hellip;]","og_url":"https:\/\/www.nettali.com\/2023\/05\/15\/en-coulisses-le-proces-pour-viol-un-cas-de-figure-different-bis\/","og_site_name":"Nettali.com","article_publisher":"https:\/\/www.facebook.com\/nettalicom","article_published_time":"2023-05-15T08:49:52+00:00","og_image":[{"width":274,"height":184,"url":"https:\/\/www.nettali.com\/wp-content\/uploads\/2023\/05\/telechargement-5.jpg","type":"image\/jpeg"}],"twitter_card":"summary_large_image","twitter_misc":{"\u00c9crit par":"CK","Dur\u00e9e de lecture estim\u00e9e":"2 minutes"},"schema":{"@context":"https:\/\/schema.org","@graph":[{"@type":"WebSite","@id":"https:\/\/www.nettali.com\/#website","url":"https:\/\/www.nettali.com\/","name":"Nettali.com","description":"Le rendez-vous critique du Net","potentialAction":[{"@type":"SearchAction","target":{"@type":"EntryPoint","urlTemplate":"https:\/\/www.nettali.com\/?s={search_term_string}"},"query-input":"required name=search_term_string"}],"inLanguage":"fr-FR"},{"@type":"ImageObject","@id":"https:\/\/www.nettali.com\/2023\/05\/15\/en-coulisses-le-proces-pour-viol-un-cas-de-figure-different-bis\/#primaryimage","inLanguage":"fr-FR","url":"https:\/\/www.nettali.com\/wp-content\/uploads\/2023\/05\/telechargement-5.jpg","contentUrl":"https:\/\/www.nettali.com\/wp-content\/uploads\/2023\/05\/telechargement-5.jpg","width":274,"height":184},{"@type":"WebPage","@id":"https:\/\/www.nettali.com\/2023\/05\/15\/en-coulisses-le-proces-pour-viol-un-cas-de-figure-different-bis\/#webpage","url":"https:\/\/www.nettali.com\/2023\/05\/15\/en-coulisses-le-proces-pour-viol-un-cas-de-figure-different-bis\/","name":"EN COULISSES - Le proc\u00e8s pour viol : un cas de figure diff\u00e9rent (bis) | Nettali.com","isPartOf":{"@id":"https:\/\/www.nettali.com\/#website"},"primaryImageOfPage":{"@id":"https:\/\/www.nettali.com\/2023\/05\/15\/en-coulisses-le-proces-pour-viol-un-cas-de-figure-different-bis\/#primaryimage"},"datePublished":"2023-05-15T08:49:52+00:00","dateModified":"2023-05-15T08:49:52+00:00","author":{"@id":"https:\/\/www.nettali.com\/#\/schema\/person\/d8ac7b7e27ddad43f1c0d2ef090d7f71"},"breadcrumb":{"@id":"https:\/\/www.nettali.com\/2023\/05\/15\/en-coulisses-le-proces-pour-viol-un-cas-de-figure-different-bis\/#breadcrumb"},"inLanguage":"fr-FR","potentialAction":[{"@type":"ReadAction","target":["https:\/\/www.nettali.com\/2023\/05\/15\/en-coulisses-le-proces-pour-viol-un-cas-de-figure-different-bis\/"]}]},{"@type":"BreadcrumbList","@id":"https:\/\/www.nettali.com\/2023\/05\/15\/en-coulisses-le-proces-pour-viol-un-cas-de-figure-different-bis\/#breadcrumb","itemListElement":[{"@type":"ListItem","position":1,"name":"Accueil","item":"https:\/\/www.nettali.com\/"},{"@type":"ListItem","position":2,"name":"EN COULISSES - Le proc\u00e8s pour viol : un cas de figure diff\u00e9rent (bis)"}]},{"@type":"Person","@id":"https:\/\/www.nettali.com\/#\/schema\/person\/d8ac7b7e27ddad43f1c0d2ef090d7f71","name":"CK","image":{"@type":"ImageObject","@id":"https:\/\/www.nettali.com\/#personlogo","inLanguage":"fr-FR","url":"https:\/\/secure.gravatar.com\/avatar\/1d8d5118b9327d94da7cd4ce7f17fec2?s=96&d=mm&r=g","contentUrl":"https:\/\/secure.gravatar.com\/avatar\/1d8d5118b9327d94da7cd4ce7f17fec2?s=96&d=mm&r=g","caption":"CK"},"sameAs":["https:\/\/www.nettali.com"]}]}},"_links":{"self":[{"href":"https:\/\/www.nettali.com\/rest\/wp\/v2\/posts\/109948"}],"collection":[{"href":"https:\/\/www.nettali.com\/rest\/wp\/v2\/posts"}],"about":[{"href":"https:\/\/www.nettali.com\/rest\/wp\/v2\/types\/post"}],"author":[{"embeddable":true,"href":"https:\/\/www.nettali.com\/rest\/wp\/v2\/users\/2"}],"replies":[{"embeddable":true,"href":"https:\/\/www.nettali.com\/rest\/wp\/v2\/comments?post=109948"}],"version-history":[{"count":2,"href":"https:\/\/www.nettali.com\/rest\/wp\/v2\/posts\/109948\/revisions"}],"predecessor-version":[{"id":109950,"href":"https:\/\/www.nettali.com\/rest\/wp\/v2\/posts\/109948\/revisions\/109950"}],"wp:featuredmedia":[{"embeddable":true,"href":"https:\/\/www.nettali.com\/rest\/wp\/v2\/media\/109954"}],"wp:attachment":[{"href":"https:\/\/www.nettali.com\/rest\/wp\/v2\/media?parent=109948"}],"wp:term":[{"taxonomy":"category","embeddable":true,"href":"https:\/\/www.nettali.com\/rest\/wp\/v2\/categories?post=109948"},{"taxonomy":"post_tag","embeddable":true,"href":"https:\/\/www.nettali.com\/rest\/wp\/v2\/tags?post=109948"}],"curies":[{"name":"wp","href":"https:\/\/api.w.org\/{rel}","templated":true}]}}