{"id":109896,"date":"2023-05-14T21:25:49","date_gmt":"2023-05-14T21:25:49","guid":{"rendered":"https:\/\/www.nettali.com\/?p=109896"},"modified":"2023-05-14T21:45:48","modified_gmt":"2023-05-14T21:45:48","slug":"en-coulisses-bassirou-diomaye-faye-na-pas-obtenu-la-liberte-provisoire","status":"publish","type":"post","link":"https:\/\/www.nettali.com\/2023\/05\/14\/en-coulisses-bassirou-diomaye-faye-na-pas-obtenu-la-liberte-provisoire\/","title":{"rendered":"EN COULISSES - Bassirou Diomaye Faye n'a pas obtenu la libert\u00e9 provisoire"},"content":{"rendered":"<p><strong>NETTALI.COM -<\/strong> Samedi 12 mai, une info a circul\u00e9 selon laquelle, Bassirou Diomaye Faye, secr\u00e9taire g\u00e9n\u00e9ral du Pastef emprisonn\u00e9 depuis le 18 avril pour un post dirig\u00e9 contre la magistrature, a b\u00e9n\u00e9fici\u00e9 d'une libert\u00e9 provisoire. Mais en r\u00e9alit\u00e9, il n'en est rien puisque celui-ci est toujours dans les liens de la d\u00e9tention.<\/p>\n<p>La v\u00e9rit\u00e9 est que Bassirou Faye avait \u00e9t\u00e9 entendu, mardi 2 mai sur le fond par le juge d'instruction. Aussit\u00f4t apr\u00e8s ses avocats avaient introduit une demande de libert\u00e9 provisoire qui n'a pas encore connu de suite favorable parce que la proc\u00e9dure pr\u00e9voit en effet qu'apr\u00e8s avoir re\u00e7u la demande, le juge d'instruction doit l'envoyer au procureur pour ses r\u00e9quisitions.<\/p>\n<p>Et au regard d'un des chefs d'inculpation retenu contre lui, notamment l'acte de nature \u00e0 compromettre la paix publique (article 80 du code p\u00e9nal), si le procureur s'oppose \u00e0 cette libert\u00e9 provisoire, la demande devient irrecevable du fait des dispositions de l'article 139 du code de proc\u00e9dure p\u00e9nale. Entre autres chefs d'inculpation, il y avait la diffamation et l'outrage \u00e0 magistrat.<\/p>\n<div class='share-to-whatsapp-wrapper'><div class='share-on-whsp'>PARTAGER SUR : <\/div><a data-text='EN COULISSES - Bassirou Diomaye Faye n'a pas obtenu la libert\u00e9 provisoire' data-link='https:\/\/www.nettali.com\/2023\/05\/14\/en-coulisses-bassirou-diomaye-faye-na-pas-obtenu-la-liberte-provisoire\/' class='whatsapp-button whatsapp-share'>WhatsApp<\/a><div class='clear '><\/div><\/div>","protected":false},"excerpt":{"rendered":"<p>NETTALI.COM - Samedi 12 mai, une info a circul\u00e9 selon laquelle, Bassirou Diomaye Faye, secr\u00e9taire g\u00e9n\u00e9ral du Pastef emprisonn\u00e9 depuis le 18 avril pour un post dirig\u00e9 contre la magistrature, a b\u00e9n\u00e9fici\u00e9 d'une libert\u00e9 provisoire. Mais en r\u00e9alit\u00e9, il n'en est rien puisque celui-ci est toujours dans les liens de la d\u00e9tention. La v\u00e9rit\u00e9 est [&hellip;]<\/p>\n","protected":false},"author":2,"featured_media":109898,"comment_status":"open","ping_status":"open","sticky":false,"template":"","format":"standard","meta":{"_et_pb_use_builder":"","_et_pb_old_content":""},"categories":[34945],"tags":[],"yoast_head":"<!-- This site is optimized with the Yoast SEO Premium plugin v17.8 (Yoast SEO v17.8) - https:\/\/yoast.com\/wordpress\/plugins\/seo\/ -->\n<title>EN COULISSES - Bassirou Diomaye Faye n&#039;a pas obtenu la libert\u00e9 provisoire | Nettali.com<\/title>\n<meta name=\"robots\" content=\"index, follow, max-snippet:-1, max-image-preview:large, max-video-preview:-1\" \/>\n<link rel=\"canonical\" href=\"https:\/\/www.nettali.com\/2023\/05\/14\/en-coulisses-bassirou-diomaye-faye-na-pas-obtenu-la-liberte-provisoire\/\" \/>\n<meta property=\"og:locale\" content=\"fr_FR\" \/>\n<meta property=\"og:type\" content=\"article\" \/>\n<meta property=\"og:title\" content=\"EN COULISSES - Bassirou Diomaye Faye n&#039;a pas obtenu la libert\u00e9 provisoire\" \/>\n<meta property=\"og:description\" content=\"NETTALI.COM - Samedi 12 mai, une info a circul\u00e9 selon laquelle, Bassirou Diomaye Faye, secr\u00e9taire g\u00e9n\u00e9ral du Pastef emprisonn\u00e9 depuis le 18 avril pour un post dirig\u00e9 contre la magistrature, a b\u00e9n\u00e9fici\u00e9 d&#039;une libert\u00e9 provisoire. Mais en r\u00e9alit\u00e9, il n&#039;en est rien puisque celui-ci est toujours dans les liens de la d\u00e9tention. La v\u00e9rit\u00e9 est [&hellip;]\" \/>\n<meta property=\"og:url\" content=\"https:\/\/www.nettali.com\/2023\/05\/14\/en-coulisses-bassirou-diomaye-faye-na-pas-obtenu-la-liberte-provisoire\/\" \/>\n<meta property=\"og:site_name\" content=\"Nettali.com\" \/>\n<meta property=\"article:publisher\" content=\"https:\/\/www.facebook.com\/nettalicom\" \/>\n<meta property=\"article:published_time\" content=\"2023-05-14T21:25:49+00:00\" \/>\n<meta property=\"article:modified_time\" content=\"2023-05-14T21:45:48+00:00\" \/>\n<meta property=\"og:image\" content=\"https:\/\/www.nettali.com\/wp-content\/uploads\/2023\/05\/telechargement-4.jpg\" \/>\n\t<meta property=\"og:image:width\" content=\"289\" \/>\n\t<meta property=\"og:image:height\" content=\"174\" \/>\n<meta name=\"twitter:card\" content=\"summary_large_image\" \/>\n<meta name=\"twitter:label1\" content=\"\u00c9crit par\" \/>\n\t<meta name=\"twitter:data1\" content=\"CK\" \/>\n\t<meta name=\"twitter:label2\" content=\"Dur\u00e9e de lecture estim\u00e9e\" \/>\n\t<meta name=\"twitter:data2\" content=\"1 minute\" \/>\n<script type=\"application\/ld+json\" class=\"yoast-schema-graph\">{\"@context\":\"https:\/\/schema.org\",\"@graph\":[{\"@type\":\"WebSite\",\"@id\":\"https:\/\/www.nettali.com\/#website\",\"url\":\"https:\/\/www.nettali.com\/\",\"name\":\"Nettali.com\",\"description\":\"Le rendez-vous critique du Net\",\"potentialAction\":[{\"@type\":\"SearchAction\",\"target\":{\"@type\":\"EntryPoint\",\"urlTemplate\":\"https:\/\/www.nettali.com\/?s={search_term_string}\"},\"query-input\":\"required name=search_term_string\"}],\"inLanguage\":\"fr-FR\"},{\"@type\":\"ImageObject\",\"@id\":\"https:\/\/www.nettali.com\/2023\/05\/14\/en-coulisses-bassirou-diomaye-faye-na-pas-obtenu-la-liberte-provisoire\/#primaryimage\",\"inLanguage\":\"fr-FR\",\"url\":\"https:\/\/www.nettali.com\/wp-content\/uploads\/2023\/05\/telechargement-4.jpg\",\"contentUrl\":\"https:\/\/www.nettali.com\/wp-content\/uploads\/2023\/05\/telechargement-4.jpg\",\"width\":289,\"height\":174},{\"@type\":\"WebPage\",\"@id\":\"https:\/\/www.nettali.com\/2023\/05\/14\/en-coulisses-bassirou-diomaye-faye-na-pas-obtenu-la-liberte-provisoire\/#webpage\",\"url\":\"https:\/\/www.nettali.com\/2023\/05\/14\/en-coulisses-bassirou-diomaye-faye-na-pas-obtenu-la-liberte-provisoire\/\",\"name\":\"EN COULISSES - Bassirou Diomaye Faye n'a pas obtenu la libert\\u00e9 provisoire | Nettali.com\",\"isPartOf\":{\"@id\":\"https:\/\/www.nettali.com\/#website\"},\"primaryImageOfPage\":{\"@id\":\"https:\/\/www.nettali.com\/2023\/05\/14\/en-coulisses-bassirou-diomaye-faye-na-pas-obtenu-la-liberte-provisoire\/#primaryimage\"},\"datePublished\":\"2023-05-14T21:25:49+00:00\",\"dateModified\":\"2023-05-14T21:45:48+00:00\",\"author\":{\"@id\":\"https:\/\/www.nettali.com\/#\/schema\/person\/d8ac7b7e27ddad43f1c0d2ef090d7f71\"},\"breadcrumb\":{\"@id\":\"https:\/\/www.nettali.com\/2023\/05\/14\/en-coulisses-bassirou-diomaye-faye-na-pas-obtenu-la-liberte-provisoire\/#breadcrumb\"},\"inLanguage\":\"fr-FR\",\"potentialAction\":[{\"@type\":\"ReadAction\",\"target\":[\"https:\/\/www.nettali.com\/2023\/05\/14\/en-coulisses-bassirou-diomaye-faye-na-pas-obtenu-la-liberte-provisoire\/\"]}]},{\"@type\":\"BreadcrumbList\",\"@id\":\"https:\/\/www.nettali.com\/2023\/05\/14\/en-coulisses-bassirou-diomaye-faye-na-pas-obtenu-la-liberte-provisoire\/#breadcrumb\",\"itemListElement\":[{\"@type\":\"ListItem\",\"position\":1,\"name\":\"Accueil\",\"item\":\"https:\/\/www.nettali.com\/\"},{\"@type\":\"ListItem\",\"position\":2,\"name\":\"EN COULISSES - Bassirou Diomaye Faye n'a pas obtenu la libert\\u00e9 provisoire\"}]},{\"@type\":\"Person\",\"@id\":\"https:\/\/www.nettali.com\/#\/schema\/person\/d8ac7b7e27ddad43f1c0d2ef090d7f71\",\"name\":\"CK\",\"image\":{\"@type\":\"ImageObject\",\"@id\":\"https:\/\/www.nettali.com\/#personlogo\",\"inLanguage\":\"fr-FR\",\"url\":\"https:\/\/secure.gravatar.com\/avatar\/1d8d5118b9327d94da7cd4ce7f17fec2?s=96&d=mm&r=g\",\"contentUrl\":\"https:\/\/secure.gravatar.com\/avatar\/1d8d5118b9327d94da7cd4ce7f17fec2?s=96&d=mm&r=g\",\"caption\":\"CK\"},\"sameAs\":[\"https:\/\/www.nettali.com\"]}]}<\/script>\n<!-- \/ Yoast SEO Premium plugin. -->","yoast_head_json":{"title":"EN COULISSES - Bassirou Diomaye Faye n'a pas obtenu la libert\u00e9 provisoire | Nettali.com","robots":{"index":"index","follow":"follow","max-snippet":"max-snippet:-1","max-image-preview":"max-image-preview:large","max-video-preview":"max-video-preview:-1"},"canonical":"https:\/\/www.nettali.com\/2023\/05\/14\/en-coulisses-bassirou-diomaye-faye-na-pas-obtenu-la-liberte-provisoire\/","og_locale":"fr_FR","og_type":"article","og_title":"EN COULISSES - Bassirou Diomaye Faye n'a pas obtenu la libert\u00e9 provisoire","og_description":"NETTALI.COM - Samedi 12 mai, une info a circul\u00e9 selon laquelle, Bassirou Diomaye Faye, secr\u00e9taire g\u00e9n\u00e9ral du Pastef emprisonn\u00e9 depuis le 18 avril pour un post dirig\u00e9 contre la magistrature, a b\u00e9n\u00e9fici\u00e9 d'une libert\u00e9 provisoire. Mais en r\u00e9alit\u00e9, il n'en est rien puisque celui-ci est toujours dans les liens de la d\u00e9tention. La v\u00e9rit\u00e9 est [&hellip;]","og_url":"https:\/\/www.nettali.com\/2023\/05\/14\/en-coulisses-bassirou-diomaye-faye-na-pas-obtenu-la-liberte-provisoire\/","og_site_name":"Nettali.com","article_publisher":"https:\/\/www.facebook.com\/nettalicom","article_published_time":"2023-05-14T21:25:49+00:00","article_modified_time":"2023-05-14T21:45:48+00:00","og_image":[{"width":289,"height":174,"url":"https:\/\/www.nettali.com\/wp-content\/uploads\/2023\/05\/telechargement-4.jpg","type":"image\/jpeg"}],"twitter_card":"summary_large_image","twitter_misc":{"\u00c9crit par":"CK","Dur\u00e9e de lecture estim\u00e9e":"1 minute"},"schema":{"@context":"https:\/\/schema.org","@graph":[{"@type":"WebSite","@id":"https:\/\/www.nettali.com\/#website","url":"https:\/\/www.nettali.com\/","name":"Nettali.com","description":"Le rendez-vous critique du Net","potentialAction":[{"@type":"SearchAction","target":{"@type":"EntryPoint","urlTemplate":"https:\/\/www.nettali.com\/?s={search_term_string}"},"query-input":"required name=search_term_string"}],"inLanguage":"fr-FR"},{"@type":"ImageObject","@id":"https:\/\/www.nettali.com\/2023\/05\/14\/en-coulisses-bassirou-diomaye-faye-na-pas-obtenu-la-liberte-provisoire\/#primaryimage","inLanguage":"fr-FR","url":"https:\/\/www.nettali.com\/wp-content\/uploads\/2023\/05\/telechargement-4.jpg","contentUrl":"https:\/\/www.nettali.com\/wp-content\/uploads\/2023\/05\/telechargement-4.jpg","width":289,"height":174},{"@type":"WebPage","@id":"https:\/\/www.nettali.com\/2023\/05\/14\/en-coulisses-bassirou-diomaye-faye-na-pas-obtenu-la-liberte-provisoire\/#webpage","url":"https:\/\/www.nettali.com\/2023\/05\/14\/en-coulisses-bassirou-diomaye-faye-na-pas-obtenu-la-liberte-provisoire\/","name":"EN COULISSES - Bassirou Diomaye Faye n'a pas obtenu la libert\u00e9 provisoire | Nettali.com","isPartOf":{"@id":"https:\/\/www.nettali.com\/#website"},"primaryImageOfPage":{"@id":"https:\/\/www.nettali.com\/2023\/05\/14\/en-coulisses-bassirou-diomaye-faye-na-pas-obtenu-la-liberte-provisoire\/#primaryimage"},"datePublished":"2023-05-14T21:25:49+00:00","dateModified":"2023-05-14T21:45:48+00:00","author":{"@id":"https:\/\/www.nettali.com\/#\/schema\/person\/d8ac7b7e27ddad43f1c0d2ef090d7f71"},"breadcrumb":{"@id":"https:\/\/www.nettali.com\/2023\/05\/14\/en-coulisses-bassirou-diomaye-faye-na-pas-obtenu-la-liberte-provisoire\/#breadcrumb"},"inLanguage":"fr-FR","potentialAction":[{"@type":"ReadAction","target":["https:\/\/www.nettali.com\/2023\/05\/14\/en-coulisses-bassirou-diomaye-faye-na-pas-obtenu-la-liberte-provisoire\/"]}]},{"@type":"BreadcrumbList","@id":"https:\/\/www.nettali.com\/2023\/05\/14\/en-coulisses-bassirou-diomaye-faye-na-pas-obtenu-la-liberte-provisoire\/#breadcrumb","itemListElement":[{"@type":"ListItem","position":1,"name":"Accueil","item":"https:\/\/www.nettali.com\/"},{"@type":"ListItem","position":2,"name":"EN COULISSES - Bassirou Diomaye Faye n'a pas obtenu la libert\u00e9 provisoire"}]},{"@type":"Person","@id":"https:\/\/www.nettali.com\/#\/schema\/person\/d8ac7b7e27ddad43f1c0d2ef090d7f71","name":"CK","image":{"@type":"ImageObject","@id":"https:\/\/www.nettali.com\/#personlogo","inLanguage":"fr-FR","url":"https:\/\/secure.gravatar.com\/avatar\/1d8d5118b9327d94da7cd4ce7f17fec2?s=96&d=mm&r=g","contentUrl":"https:\/\/secure.gravatar.com\/avatar\/1d8d5118b9327d94da7cd4ce7f17fec2?s=96&d=mm&r=g","caption":"CK"},"sameAs":["https:\/\/www.nettali.com"]}]}},"_links":{"self":[{"href":"https:\/\/www.nettali.com\/rest\/wp\/v2\/posts\/109896"}],"collection":[{"href":"https:\/\/www.nettali.com\/rest\/wp\/v2\/posts"}],"about":[{"href":"https:\/\/www.nettali.com\/rest\/wp\/v2\/types\/post"}],"author":[{"embeddable":true,"href":"https:\/\/www.nettali.com\/rest\/wp\/v2\/users\/2"}],"replies":[{"embeddable":true,"href":"https:\/\/www.nettali.com\/rest\/wp\/v2\/comments?post=109896"}],"version-history":[{"count":2,"href":"https:\/\/www.nettali.com\/rest\/wp\/v2\/posts\/109896\/revisions"}],"predecessor-version":[{"id":109899,"href":"https:\/\/www.nettali.com\/rest\/wp\/v2\/posts\/109896\/revisions\/109899"}],"wp:featuredmedia":[{"embeddable":true,"href":"https:\/\/www.nettali.com\/rest\/wp\/v2\/media\/109898"}],"wp:attachment":[{"href":"https:\/\/www.nettali.com\/rest\/wp\/v2\/media?parent=109896"}],"wp:term":[{"taxonomy":"category","embeddable":true,"href":"https:\/\/www.nettali.com\/rest\/wp\/v2\/categories?post=109896"},{"taxonomy":"post_tag","embeddable":true,"href":"https:\/\/www.nettali.com\/rest\/wp\/v2\/tags?post=109896"}],"curies":[{"name":"wp","href":"https:\/\/api.w.org\/{rel}","templated":true}]}}