{"id":109854,"date":"2023-05-14T13:13:12","date_gmt":"2023-05-14T13:13:12","guid":{"rendered":"https:\/\/www.nettali.com\/?p=109854"},"modified":"2023-05-15T00:06:37","modified_gmt":"2023-05-15T00:06:37","slug":"dialogue-politique-ce-que-amsatou-sow-sidibe-demande-aux-leaders-de-yaw","status":"publish","type":"post","link":"https:\/\/www.nettali.com\/2023\/05\/14\/dialogue-politique-ce-que-amsatou-sow-sidibe-demande-aux-leaders-de-yaw\/","title":{"rendered":"DIALOGUE POLITIQUE - Ce que Amsatou Sow Sidib\u00e9 a dit aux leaders de Yewwi"},"content":{"rendered":"<div id=\"m#msg-a:r-7682975726540658329\" class=\"mail-message expanded\">\n<div class=\"mail-message-header spacer\"><b>NETTALI.COM - Invit\u00e9e du Jury du dimanche, la professeure de droit de la famille Amsatou Sow Sidib\u00e9 demande \u00e0 tous les leaders politiques de r\u00e9pondre favorablement au dialogue lanc\u00e9 par le Chef de l\u2019Etat, Macky Sall. La juriste pr\u00f4ne aussi une troisi\u00e8me voie.<\/b><\/div>\n<div class=\"mail-message-content collapsible zoom-normal mail-show-images \">\n<div class=\"clear\">\n<div dir=\"auto\">\n<div>\n<p>Ceux qui ont d\u00e9cid\u00e9 de ne pas participer au dialogue politique lanc\u00e9 par le Chef de l\u2019Etat doivent revoir leur position. C\u2019est l\u2019avis de la professeure de droit Amsatou Sow Sidib\u00e9. Elle l\u2019a fait savoir, devant le Jury du dimanche o\u00f9 elle a \u00e9t\u00e9 invit\u00e9e. Pour elle, rien ne peut \u00eatre obtenu dans la violence. \u00ab\u00a0<em>J\u2019enseigne les droits humains. J\u2019enseigne la paix. Je l\u2019ai enseign\u00e9 pendant des d\u00e9cennies et je l\u2019ai pratiqu\u00e9 et je sais que tous les conflits finissent autour d\u2019une table. Quel que soit le degr\u00e9, \u00e7a finit autour d\u2019une table de n\u00e9gociation. Au lieu que les choses pourrissent de fa\u00e7on d\u00e9finitive que tout le monde s\u2019assaille\u00a0autour d\u2019une table. Je suis une femme de dialogue, une femme de paix. On ne peut rien faire sans dialogue. On ne peut pas organiser des \u00e9lections dans un environnement qui n\u2019est pas propice \u00e0 la paix <\/em>\u00bb, souligne-t-elle.<\/p>\n<p>Avant d\u2019ajouter\u00a0:\u00a0\u00ab<em> c\u2019est extr\u00eamement important qu\u2019on aille vers ce dialogue. Ce qu\u2019on attend de ce dialogue, c\u2019est d\u2019abord qu\u2019il soit inclusif. Il faut que le pr\u00e9sident de la R\u00e9publique invite tous les acteurs qui peuvent intervenir dans le dialogue sans exclusive. Je leur (Sonko et autres) de se pr\u00e9senter au dialogue, d\u2019accepter de dialoguer. Il faut que les gens se regardent les yeux dans les yeux et on dit \u00e0 chacun \u00e7a c\u2019est possible \u00e7a ce n\u2019est pas possible<\/em>\u00a0\u00bb.<\/p>\n<\/div>\n<div>\n<div dir=\"ltr\" data-smartmail=\"gmail_signature\">\n<div dir=\"ltr\">\n<div>\n<div dir=\"ltr\">\n<div><b>\u00a0\u00ab La politique telle qu\u2019elle est pratiqu\u00e9e aujourd\u2019hui est contre les populations \u00bb<\/b><\/div>\n<\/div>\n<\/div>\n<\/div>\n<\/div>\n<\/div>\n<div dir=\"auto\">\n<div>\n<div dir=\"ltr\">\n<div dir=\"ltr\" data-smartmail=\"gmail_signature\">\n<div dir=\"ltr\">\n<div dir=\"ltr\">\n<p>Par ailleurs, la juriste a pr\u00f4n\u00e9 une troisi\u00e8me voie pour changer la politique. Pour elle, il faut revoir la mani\u00e8re dont la politique est faite au S\u00e9n\u00e9gal. La pr\u00e9sidente du mouvement Car Lenen rappelle que depuis 2016, elle pr\u00f4ne un renouveau politique. Parce que, justifie-t-elle : \u00ab <em>la politique telle qu\u2019elle est pratiqu\u00e9e aujourd'hui est contre les populations. C\u2019est la politique politicienne. On est l\u00e0 pour des pr\u00e9bendes. On est l\u00e0 pour son int\u00e9r\u00eat personnel, pour des int\u00e9r\u00eats particuliers surtout l\u2019int\u00e9r\u00eat d\u2019aller exercer le pouvoir en oubliant l\u2019essentiel c\u2019est-\u00e0-dire les populations<\/em> \u00bb.<\/p>\n<p>Poursuivant, elle ajoute : \u00ab <em>pendant six mois, j\u2019ai r\u00e9fl\u00e9chi sur une troisi\u00e8me voie politique. Je rejette cette bipolarisation pouvoir\u2013opposition. Parce que c\u2019est dans la d\u00e9marche et dans les r\u00e9sultats que nous faisons la diff\u00e9rence. La d\u00e9marche c\u2019est d\u2019\u00eatre l\u00e0 24h\/24, tous les ans en train de se regarder en chien de fa\u00efence, en train de se cogner, en train de faire la casse, en train de faire des violences physiques, des violences verbales sans penser aux populations<\/em> \u00bb.<\/p>\n<p>La troisi\u00e8me voie, indique-t-elle, dit que les personnes humaines ont des besoins, les s\u00e9n\u00e9galais ont des besoins. La troisi\u00e8me voie n\u2019est ni le pouvoir ni l\u2019opposition. Elle rejette, \u00e0 son avis, cette bipolarisation et elle dit que c\u2019est une nouvelle voie qui s\u2019occupe essentiellement des populations. \u00ab <em>Nous n\u2019avons pas le temps de faire de la politique politicienne. La troisi\u00e8me voie veut bien le pouvoir mais comme le font aujourd\u2019hui les p\u00f4les qui sont aujourd\u2019hui en pr\u00e9sence<\/em> \u00bb renseigne-t-elle.<\/p>\n<p>Et d\u2019ajouter : \u00ab <em>je suis triste de voir ce qui se passe aujourd\u2019hui dans mon pays. On ne s\u2019occupe pas de la politique au vrai sens du terme c\u2019est-\u00e0-dire l\u2019art de g\u00e9rer la cit\u00e9. La troisi\u00e8me voie veut ressusciter cette conception premi\u00e8re de la politique<\/em>.<\/p>\n<\/div>\n<\/div>\n<\/div>\n<\/div>\n<\/div>\n<\/div>\n<\/div>\n<\/div>\n<\/div>\n<\/div>\n<div class='share-to-whatsapp-wrapper'><div class='share-on-whsp'>PARTAGER SUR : <\/div><a data-text='DIALOGUE POLITIQUE - Ce que Amsatou Sow Sidib\u00e9 a dit aux leaders de Yewwi' data-link='https:\/\/www.nettali.com\/2023\/05\/14\/dialogue-politique-ce-que-amsatou-sow-sidibe-demande-aux-leaders-de-yaw\/' class='whatsapp-button whatsapp-share'>WhatsApp<\/a><div class='clear '><\/div><\/div>","protected":false},"excerpt":{"rendered":"<p>NETTALI.COM - Invit\u00e9e du Jury du dimanche, la professeure de droit de la famille Amsatou Sow Sidib\u00e9 demande \u00e0 tous les leaders politiques de r\u00e9pondre favorablement au dialogue lanc\u00e9 par le Chef de l\u2019Etat, Macky Sall. La juriste pr\u00f4ne aussi une troisi\u00e8me voie. Ceux qui ont d\u00e9cid\u00e9 de ne pas participer au dialogue politique lanc\u00e9 [&hellip;]<\/p>\n","protected":false},"author":6,"featured_media":59283,"comment_status":"open","ping_status":"open","sticky":false,"template":"","format":"standard","meta":{"_et_pb_use_builder":"","_et_pb_old_content":""},"categories":[2],"tags":[],"yoast_head":"<!-- This site is optimized with the Yoast SEO Premium plugin v17.8 (Yoast SEO v17.8) - https:\/\/yoast.com\/wordpress\/plugins\/seo\/ -->\n<title>DIALOGUE POLITIQUE - Ce que Amsatou Sow Sidib\u00e9 a dit aux leaders de Yewwi | Nettali.com<\/title>\n<meta name=\"robots\" content=\"index, follow, max-snippet:-1, max-image-preview:large, max-video-preview:-1\" \/>\n<link rel=\"canonical\" href=\"https:\/\/www.nettali.com\/2023\/05\/14\/dialogue-politique-ce-que-amsatou-sow-sidibe-demande-aux-leaders-de-yaw\/\" \/>\n<meta property=\"og:locale\" content=\"fr_FR\" \/>\n<meta property=\"og:type\" content=\"article\" \/>\n<meta property=\"og:title\" content=\"DIALOGUE POLITIQUE - Ce que Amsatou Sow Sidib\u00e9 a dit aux leaders de Yewwi\" \/>\n<meta property=\"og:description\" content=\"NETTALI.COM - Invit\u00e9e du Jury du dimanche, la professeure de droit de la famille Amsatou Sow Sidib\u00e9 demande \u00e0 tous les leaders politiques de r\u00e9pondre favorablement au dialogue lanc\u00e9 par le Chef de l\u2019Etat, Macky Sall. La juriste pr\u00f4ne aussi une troisi\u00e8me voie. Ceux qui ont d\u00e9cid\u00e9 de ne pas participer au dialogue politique lanc\u00e9 [&hellip;]\" \/>\n<meta property=\"og:url\" content=\"https:\/\/www.nettali.com\/2023\/05\/14\/dialogue-politique-ce-que-amsatou-sow-sidibe-demande-aux-leaders-de-yaw\/\" \/>\n<meta property=\"og:site_name\" content=\"Nettali.com\" \/>\n<meta property=\"article:publisher\" content=\"https:\/\/www.facebook.com\/nettalicom\" \/>\n<meta property=\"article:published_time\" content=\"2023-05-14T13:13:12+00:00\" \/>\n<meta property=\"article:modified_time\" content=\"2023-05-15T00:06:37+00:00\" \/>\n<meta property=\"og:image\" content=\"https:\/\/www.nettali.com\/wp-content\/uploads\/2021\/03\/amsatou-sow-sidibe.jpg\" \/>\n\t<meta property=\"og:image:width\" content=\"600\" \/>\n\t<meta property=\"og:image:height\" content=\"400\" \/>\n<meta name=\"twitter:card\" content=\"summary_large_image\" \/>\n<meta name=\"twitter:label1\" content=\"\u00c9crit par\" \/>\n\t<meta name=\"twitter:data1\" content=\"Fatou\" \/>\n\t<meta name=\"twitter:label2\" content=\"Dur\u00e9e de lecture estim\u00e9e\" \/>\n\t<meta name=\"twitter:data2\" content=\"3 minutes\" \/>\n<script type=\"application\/ld+json\" class=\"yoast-schema-graph\">{\"@context\":\"https:\/\/schema.org\",\"@graph\":[{\"@type\":\"WebSite\",\"@id\":\"https:\/\/www.nettali.com\/#website\",\"url\":\"https:\/\/www.nettali.com\/\",\"name\":\"Nettali.com\",\"description\":\"Le rendez-vous critique du Net\",\"potentialAction\":[{\"@type\":\"SearchAction\",\"target\":{\"@type\":\"EntryPoint\",\"urlTemplate\":\"https:\/\/www.nettali.com\/?s={search_term_string}\"},\"query-input\":\"required name=search_term_string\"}],\"inLanguage\":\"fr-FR\"},{\"@type\":\"ImageObject\",\"@id\":\"https:\/\/www.nettali.com\/2023\/05\/14\/dialogue-politique-ce-que-amsatou-sow-sidibe-demande-aux-leaders-de-yaw\/#primaryimage\",\"inLanguage\":\"fr-FR\",\"url\":\"https:\/\/www.nettali.com\/wp-content\/uploads\/2021\/03\/amsatou-sow-sidibe.jpg\",\"contentUrl\":\"https:\/\/www.nettali.com\/wp-content\/uploads\/2021\/03\/amsatou-sow-sidibe.jpg\",\"width\":600,\"height\":400},{\"@type\":\"WebPage\",\"@id\":\"https:\/\/www.nettali.com\/2023\/05\/14\/dialogue-politique-ce-que-amsatou-sow-sidibe-demande-aux-leaders-de-yaw\/#webpage\",\"url\":\"https:\/\/www.nettali.com\/2023\/05\/14\/dialogue-politique-ce-que-amsatou-sow-sidibe-demande-aux-leaders-de-yaw\/\",\"name\":\"DIALOGUE POLITIQUE - Ce que Amsatou Sow Sidib\\u00e9 a dit aux leaders de Yewwi | Nettali.com\",\"isPartOf\":{\"@id\":\"https:\/\/www.nettali.com\/#website\"},\"primaryImageOfPage\":{\"@id\":\"https:\/\/www.nettali.com\/2023\/05\/14\/dialogue-politique-ce-que-amsatou-sow-sidibe-demande-aux-leaders-de-yaw\/#primaryimage\"},\"datePublished\":\"2023-05-14T13:13:12+00:00\",\"dateModified\":\"2023-05-15T00:06:37+00:00\",\"author\":{\"@id\":\"https:\/\/www.nettali.com\/#\/schema\/person\/418274a86bdf87caff7a3ef476bd0bbf\"},\"breadcrumb\":{\"@id\":\"https:\/\/www.nettali.com\/2023\/05\/14\/dialogue-politique-ce-que-amsatou-sow-sidibe-demande-aux-leaders-de-yaw\/#breadcrumb\"},\"inLanguage\":\"fr-FR\",\"potentialAction\":[{\"@type\":\"ReadAction\",\"target\":[\"https:\/\/www.nettali.com\/2023\/05\/14\/dialogue-politique-ce-que-amsatou-sow-sidibe-demande-aux-leaders-de-yaw\/\"]}]},{\"@type\":\"BreadcrumbList\",\"@id\":\"https:\/\/www.nettali.com\/2023\/05\/14\/dialogue-politique-ce-que-amsatou-sow-sidibe-demande-aux-leaders-de-yaw\/#breadcrumb\",\"itemListElement\":[{\"@type\":\"ListItem\",\"position\":1,\"name\":\"Accueil\",\"item\":\"https:\/\/www.nettali.com\/\"},{\"@type\":\"ListItem\",\"position\":2,\"name\":\"DIALOGUE POLITIQUE - Ce que Amsatou Sow Sidib\\u00e9 a dit aux leaders de Yewwi\"}]},{\"@type\":\"Person\",\"@id\":\"https:\/\/www.nettali.com\/#\/schema\/person\/418274a86bdf87caff7a3ef476bd0bbf\",\"name\":\"Fatou\",\"image\":{\"@type\":\"ImageObject\",\"@id\":\"https:\/\/www.nettali.com\/#personlogo\",\"inLanguage\":\"fr-FR\",\"url\":\"https:\/\/secure.gravatar.com\/avatar\/5a9442a2bee7b4dcf167cab035858e9a?s=96&d=mm&r=g\",\"contentUrl\":\"https:\/\/secure.gravatar.com\/avatar\/5a9442a2bee7b4dcf167cab035858e9a?s=96&d=mm&r=g\",\"caption\":\"Fatou\"},\"sameAs\":[\"https:\/\/www.nettali.com\"]}]}<\/script>\n<!-- \/ Yoast SEO Premium plugin. -->","yoast_head_json":{"title":"DIALOGUE POLITIQUE - Ce que Amsatou Sow Sidib\u00e9 a dit aux leaders de Yewwi | Nettali.com","robots":{"index":"index","follow":"follow","max-snippet":"max-snippet:-1","max-image-preview":"max-image-preview:large","max-video-preview":"max-video-preview:-1"},"canonical":"https:\/\/www.nettali.com\/2023\/05\/14\/dialogue-politique-ce-que-amsatou-sow-sidibe-demande-aux-leaders-de-yaw\/","og_locale":"fr_FR","og_type":"article","og_title":"DIALOGUE POLITIQUE - Ce que Amsatou Sow Sidib\u00e9 a dit aux leaders de Yewwi","og_description":"NETTALI.COM - Invit\u00e9e du Jury du dimanche, la professeure de droit de la famille Amsatou Sow Sidib\u00e9 demande \u00e0 tous les leaders politiques de r\u00e9pondre favorablement au dialogue lanc\u00e9 par le Chef de l\u2019Etat, Macky Sall. La juriste pr\u00f4ne aussi une troisi\u00e8me voie. Ceux qui ont d\u00e9cid\u00e9 de ne pas participer au dialogue politique lanc\u00e9 [&hellip;]","og_url":"https:\/\/www.nettali.com\/2023\/05\/14\/dialogue-politique-ce-que-amsatou-sow-sidibe-demande-aux-leaders-de-yaw\/","og_site_name":"Nettali.com","article_publisher":"https:\/\/www.facebook.com\/nettalicom","article_published_time":"2023-05-14T13:13:12+00:00","article_modified_time":"2023-05-15T00:06:37+00:00","og_image":[{"width":600,"height":400,"url":"https:\/\/www.nettali.com\/wp-content\/uploads\/2021\/03\/amsatou-sow-sidibe.jpg","type":"image\/jpeg"}],"twitter_card":"summary_large_image","twitter_misc":{"\u00c9crit par":"Fatou","Dur\u00e9e de lecture estim\u00e9e":"3 minutes"},"schema":{"@context":"https:\/\/schema.org","@graph":[{"@type":"WebSite","@id":"https:\/\/www.nettali.com\/#website","url":"https:\/\/www.nettali.com\/","name":"Nettali.com","description":"Le rendez-vous critique du Net","potentialAction":[{"@type":"SearchAction","target":{"@type":"EntryPoint","urlTemplate":"https:\/\/www.nettali.com\/?s={search_term_string}"},"query-input":"required name=search_term_string"}],"inLanguage":"fr-FR"},{"@type":"ImageObject","@id":"https:\/\/www.nettali.com\/2023\/05\/14\/dialogue-politique-ce-que-amsatou-sow-sidibe-demande-aux-leaders-de-yaw\/#primaryimage","inLanguage":"fr-FR","url":"https:\/\/www.nettali.com\/wp-content\/uploads\/2021\/03\/amsatou-sow-sidibe.jpg","contentUrl":"https:\/\/www.nettali.com\/wp-content\/uploads\/2021\/03\/amsatou-sow-sidibe.jpg","width":600,"height":400},{"@type":"WebPage","@id":"https:\/\/www.nettali.com\/2023\/05\/14\/dialogue-politique-ce-que-amsatou-sow-sidibe-demande-aux-leaders-de-yaw\/#webpage","url":"https:\/\/www.nettali.com\/2023\/05\/14\/dialogue-politique-ce-que-amsatou-sow-sidibe-demande-aux-leaders-de-yaw\/","name":"DIALOGUE POLITIQUE - Ce que Amsatou Sow Sidib\u00e9 a dit aux leaders de Yewwi | Nettali.com","isPartOf":{"@id":"https:\/\/www.nettali.com\/#website"},"primaryImageOfPage":{"@id":"https:\/\/www.nettali.com\/2023\/05\/14\/dialogue-politique-ce-que-amsatou-sow-sidibe-demande-aux-leaders-de-yaw\/#primaryimage"},"datePublished":"2023-05-14T13:13:12+00:00","dateModified":"2023-05-15T00:06:37+00:00","author":{"@id":"https:\/\/www.nettali.com\/#\/schema\/person\/418274a86bdf87caff7a3ef476bd0bbf"},"breadcrumb":{"@id":"https:\/\/www.nettali.com\/2023\/05\/14\/dialogue-politique-ce-que-amsatou-sow-sidibe-demande-aux-leaders-de-yaw\/#breadcrumb"},"inLanguage":"fr-FR","potentialAction":[{"@type":"ReadAction","target":["https:\/\/www.nettali.com\/2023\/05\/14\/dialogue-politique-ce-que-amsatou-sow-sidibe-demande-aux-leaders-de-yaw\/"]}]},{"@type":"BreadcrumbList","@id":"https:\/\/www.nettali.com\/2023\/05\/14\/dialogue-politique-ce-que-amsatou-sow-sidibe-demande-aux-leaders-de-yaw\/#breadcrumb","itemListElement":[{"@type":"ListItem","position":1,"name":"Accueil","item":"https:\/\/www.nettali.com\/"},{"@type":"ListItem","position":2,"name":"DIALOGUE POLITIQUE - Ce que Amsatou Sow Sidib\u00e9 a dit aux leaders de Yewwi"}]},{"@type":"Person","@id":"https:\/\/www.nettali.com\/#\/schema\/person\/418274a86bdf87caff7a3ef476bd0bbf","name":"Fatou","image":{"@type":"ImageObject","@id":"https:\/\/www.nettali.com\/#personlogo","inLanguage":"fr-FR","url":"https:\/\/secure.gravatar.com\/avatar\/5a9442a2bee7b4dcf167cab035858e9a?s=96&d=mm&r=g","contentUrl":"https:\/\/secure.gravatar.com\/avatar\/5a9442a2bee7b4dcf167cab035858e9a?s=96&d=mm&r=g","caption":"Fatou"},"sameAs":["https:\/\/www.nettali.com"]}]}},"_links":{"self":[{"href":"https:\/\/www.nettali.com\/rest\/wp\/v2\/posts\/109854"}],"collection":[{"href":"https:\/\/www.nettali.com\/rest\/wp\/v2\/posts"}],"about":[{"href":"https:\/\/www.nettali.com\/rest\/wp\/v2\/types\/post"}],"author":[{"embeddable":true,"href":"https:\/\/www.nettali.com\/rest\/wp\/v2\/users\/6"}],"replies":[{"embeddable":true,"href":"https:\/\/www.nettali.com\/rest\/wp\/v2\/comments?post=109854"}],"version-history":[{"count":5,"href":"https:\/\/www.nettali.com\/rest\/wp\/v2\/posts\/109854\/revisions"}],"predecessor-version":[{"id":109913,"href":"https:\/\/www.nettali.com\/rest\/wp\/v2\/posts\/109854\/revisions\/109913"}],"wp:featuredmedia":[{"embeddable":true,"href":"https:\/\/www.nettali.com\/rest\/wp\/v2\/media\/59283"}],"wp:attachment":[{"href":"https:\/\/www.nettali.com\/rest\/wp\/v2\/media?parent=109854"}],"wp:term":[{"taxonomy":"category","embeddable":true,"href":"https:\/\/www.nettali.com\/rest\/wp\/v2\/categories?post=109854"},{"taxonomy":"post_tag","embeddable":true,"href":"https:\/\/www.nettali.com\/rest\/wp\/v2\/tags?post=109854"}],"curies":[{"name":"wp","href":"https:\/\/api.w.org\/{rel}","templated":true}]}}