{"id":109853,"date":"2023-05-14T12:33:26","date_gmt":"2023-05-14T12:33:26","guid":{"rendered":"https:\/\/www.nettali.com\/?p=109853"},"modified":"2023-05-15T15:19:44","modified_gmt":"2023-05-15T15:19:44","slug":"deces-de-adja-diallo-a-ngor-les-resultats-de-lautopsie-la-colere-de-la-famille","status":"publish","type":"post","link":"https:\/\/www.nettali.com\/2023\/05\/14\/deces-de-adja-diallo-a-ngor-les-resultats-de-lautopsie-la-colere-de-la-famille\/","title":{"rendered":"DECES DE ADJA DIALLO A NGOR \u2013 Les r\u00e9sultats de l\u2019autopsie, la col\u00e8re de la famille"},"content":{"rendered":"<p><strong>NETTALI.COM -Le certificat de genre de mort de la petite Adja Diallo, d\u00e9c\u00e9d\u00e9e \u00e0 Ngor lors des derni\u00e8res manifestations, est disponible. Mais la famille, tr\u00e8s en col\u00e8re, soutient qu\u2019elle ne dispose toujours pas du document.<\/strong><\/p>\n<p>Le certificat du genre de mort de Adja Diallo est disponible. Il a m\u00eame \u00e9t\u00e9 publi\u00e9 sur les r\u00e9seaux sociaux. Le document qui circule fait \u00e9tat d\u2019\u00a0\u00abun traumatisme cranio-enc\u00e9phalique grave avec une large plaie et un d\u00e9labrement osseux du vertex\u00a0\u00bb ainsi que \u00abdes fracas d\u2019os, un d\u00e9labrement c\u00e9r\u00e9bral avec contusion h\u00e9morragique et de la \u00a0pr\u00e9sence de deux particules m\u00e9talliques mesurant 10mm x 1mm et 1mm x 1mm dans l\u2019h\u00e9misph\u00e8re central droit associ\u00e9es \u00e0 des esquilles osseuses\u00bb.<\/p>\n<p>Me Khoureychi B\u00e2, avocat de la famille, soutient que la famille ne dispose pas encore du document.<\/p>\n<p><em>\u00abLa famille de Adji Diallo tient \u00e0 informer les parents, alli\u00e9s et amis qui affluent de partout depuis le d\u00e9c\u00e8s de sa fille, mais aussi l'opinion nationale et internationale, qu'elle est dans l'attente de la d\u00e9livrance de ce document\u00bb,<\/em> a d\u00e9clar\u00e9 l\u2019avocat Me Khoureychi B\u00e2, dans une tribune.<\/p>\n<p>Il indique que le p\u00e8re de la victime, accompagn\u00e9 de ses proches, s\u2019est rendu \u00e0 la brigade de Ouakam qui h\u00e9berge celle de Ngor pour r\u00e9cup\u00e9rer le certificat de genre de mort. Ce, en sa compagnie. Mais, ils n\u2019ont toujours pas pu mettre la main sur le document officiel qui circule pourtant sur le net.<\/p>\n<p><strong> Selon l\u2019avocat,<\/strong> la publication du certificat de genre de mort de la petite Adji Diallo, alors m\u00eame que ce document est encore officiellement entre les mains de la Gendarmerie, ajoute \u00e0 la douleur de la famille. Elle appara\u00eet comme un crime intol\u00e9rable commis de sang-froid dans des conditions aussi ahurissantes, en violation flagrante et d\u00e9lib\u00e9r\u00e9e des r\u00e8gles minimales du respect d\u00fb \u00e0 la dignit\u00e9 de la personne humaine, d\u00e9nonce-t-il.<\/p>\n<p><em>\u00abLa Gendarmerie n'a pas cach\u00e9 ses \u00e9tats d'\u00e2me devant ce qu'elle a consid\u00e9r\u00e9 depuis le d\u00e9but de cette trag\u00e9die comme un refus de coop\u00e9rer. \u00c0 entendre d'ailleurs certains commentaires courrouc\u00e9s, \u00e0 la limite la famille devrait pr\u00e9senter ses excuses pour la mort de l'innocente petite Adji dans cette r\u00e9pression aveugle et brutale de ce mardi 09 Mai 2023\u00bb,<\/em> ass\u00e8ne Me Khoure\u00efchy B\u00e2.<\/p>\n<p>L\u2019avocat souligne que la famille est en droit d'exiger l'ouverture imm\u00e9diate d'une enqu\u00eate pour situer les responsabilit\u00e9s au sujet de la \"fuite\" du certificat de genre de mort. \u00a0Elle attend la publication du rapport final d'autopsie qui sera disponible ce mardi ou mercredi au retour de l'expertise commandit\u00e9e aupr\u00e8s d'un laboratoire sp\u00e9cialis\u00e9 de Lille en France.<\/p>\n<p><em>\u00abUne telle pr\u00e9caution du Professeur expert qui a proc\u00e9d\u00e9 \u00e0 l'autopsie du jeudi 11 est juste destin\u00e9e \u00e0 observer la prudence maximale en ce qui concerne l'analyse du plus gros fragment ressemblant \u00e0 un objet m\u00e9tallique bien connu qui a \u00e9t\u00e9 pr\u00e9lev\u00e9 dans la partie droite du cerveau de la d\u00e9funte\u00bb,<\/em> indique l\u2019avocat.<\/p>\n<div class='share-to-whatsapp-wrapper'><div class='share-on-whsp'>PARTAGER SUR : <\/div><a data-text='DECES DE ADJA DIALLO A NGOR \u2013 Les r\u00e9sultats de l\u2019autopsie, la col\u00e8re de la famille' data-link='https:\/\/www.nettali.com\/2023\/05\/14\/deces-de-adja-diallo-a-ngor-les-resultats-de-lautopsie-la-colere-de-la-famille\/' class='whatsapp-button whatsapp-share'>WhatsApp<\/a><div class='clear '><\/div><\/div>","protected":false},"excerpt":{"rendered":"<p>NETTALI.COM -Le certificat de genre de mort de la petite Adja Diallo, d\u00e9c\u00e9d\u00e9e \u00e0 Ngor lors des derni\u00e8res manifestations, est disponible. Mais la famille, tr\u00e8s en col\u00e8re, soutient qu\u2019elle ne dispose toujours pas du document. Le certificat du genre de mort de Adja Diallo est disponible. Il a m\u00eame \u00e9t\u00e9 publi\u00e9 sur les r\u00e9seaux sociaux. [&hellip;]<\/p>\n","protected":false},"author":4,"featured_media":109855,"comment_status":"open","ping_status":"open","sticky":false,"template":"","format":"standard","meta":{"_et_pb_use_builder":"","_et_pb_old_content":""},"categories":[3],"tags":[],"yoast_head":"<!-- This site is optimized with the Yoast SEO Premium plugin v17.8 (Yoast SEO v17.8) - https:\/\/yoast.com\/wordpress\/plugins\/seo\/ -->\n<title>DECES DE ADJA DIALLO A NGOR \u2013 Les r\u00e9sultats de l\u2019autopsie, la col\u00e8re de la famille | Nettali.com<\/title>\n<meta name=\"robots\" content=\"index, follow, max-snippet:-1, max-image-preview:large, max-video-preview:-1\" \/>\n<link rel=\"canonical\" href=\"https:\/\/www.nettali.com\/2023\/05\/14\/deces-de-adja-diallo-a-ngor-les-resultats-de-lautopsie-la-colere-de-la-famille\/\" \/>\n<meta property=\"og:locale\" content=\"fr_FR\" \/>\n<meta property=\"og:type\" content=\"article\" \/>\n<meta property=\"og:title\" content=\"DECES DE ADJA DIALLO A NGOR \u2013 Les r\u00e9sultats de l\u2019autopsie, la col\u00e8re de la famille\" \/>\n<meta property=\"og:description\" content=\"NETTALI.COM -Le certificat de genre de mort de la petite Adja Diallo, d\u00e9c\u00e9d\u00e9e \u00e0 Ngor lors des derni\u00e8res manifestations, est disponible. Mais la famille, tr\u00e8s en col\u00e8re, soutient qu\u2019elle ne dispose toujours pas du document. Le certificat du genre de mort de Adja Diallo est disponible. Il a m\u00eame \u00e9t\u00e9 publi\u00e9 sur les r\u00e9seaux sociaux. [&hellip;]\" \/>\n<meta property=\"og:url\" content=\"https:\/\/www.nettali.com\/2023\/05\/14\/deces-de-adja-diallo-a-ngor-les-resultats-de-lautopsie-la-colere-de-la-famille\/\" \/>\n<meta property=\"og:site_name\" content=\"Nettali.com\" \/>\n<meta property=\"article:publisher\" content=\"https:\/\/www.facebook.com\/nettalicom\" \/>\n<meta property=\"article:published_time\" content=\"2023-05-14T12:33:26+00:00\" \/>\n<meta property=\"article:modified_time\" content=\"2023-05-15T15:19:44+00:00\" \/>\n<meta property=\"og:image\" content=\"https:\/\/www.nettali.com\/wp-content\/uploads\/2023\/05\/Capture-de\u0301cran-2023-05-14-a\u0300-12.32.56.png\" \/>\n\t<meta property=\"og:image:width\" content=\"606\" \/>\n\t<meta property=\"og:image:height\" content=\"371\" \/>\n<meta name=\"twitter:card\" content=\"summary_large_image\" \/>\n<meta name=\"twitter:label1\" content=\"\u00c9crit par\" \/>\n\t<meta name=\"twitter:data1\" content=\"Daouda\" \/>\n\t<meta name=\"twitter:label2\" content=\"Dur\u00e9e de lecture estim\u00e9e\" \/>\n\t<meta name=\"twitter:data2\" content=\"3 minutes\" \/>\n<script type=\"application\/ld+json\" class=\"yoast-schema-graph\">{\"@context\":\"https:\/\/schema.org\",\"@graph\":[{\"@type\":\"WebSite\",\"@id\":\"https:\/\/www.nettali.com\/#website\",\"url\":\"https:\/\/www.nettali.com\/\",\"name\":\"Nettali.com\",\"description\":\"Le rendez-vous critique du Net\",\"potentialAction\":[{\"@type\":\"SearchAction\",\"target\":{\"@type\":\"EntryPoint\",\"urlTemplate\":\"https:\/\/www.nettali.com\/?s={search_term_string}\"},\"query-input\":\"required name=search_term_string\"}],\"inLanguage\":\"fr-FR\"},{\"@type\":\"ImageObject\",\"@id\":\"https:\/\/www.nettali.com\/2023\/05\/14\/deces-de-adja-diallo-a-ngor-les-resultats-de-lautopsie-la-colere-de-la-famille\/#primaryimage\",\"inLanguage\":\"fr-FR\",\"url\":\"https:\/\/www.nettali.com\/wp-content\/uploads\/2023\/05\/Capture-de\\u0301cran-2023-05-14-a\\u0300-12.32.56.png\",\"contentUrl\":\"https:\/\/www.nettali.com\/wp-content\/uploads\/2023\/05\/Capture-de\\u0301cran-2023-05-14-a\\u0300-12.32.56.png\",\"width\":606,\"height\":371},{\"@type\":\"WebPage\",\"@id\":\"https:\/\/www.nettali.com\/2023\/05\/14\/deces-de-adja-diallo-a-ngor-les-resultats-de-lautopsie-la-colere-de-la-famille\/#webpage\",\"url\":\"https:\/\/www.nettali.com\/2023\/05\/14\/deces-de-adja-diallo-a-ngor-les-resultats-de-lautopsie-la-colere-de-la-famille\/\",\"name\":\"DECES DE ADJA DIALLO A NGOR \\u2013 Les r\\u00e9sultats de l\\u2019autopsie, la col\\u00e8re de la famille | Nettali.com\",\"isPartOf\":{\"@id\":\"https:\/\/www.nettali.com\/#website\"},\"primaryImageOfPage\":{\"@id\":\"https:\/\/www.nettali.com\/2023\/05\/14\/deces-de-adja-diallo-a-ngor-les-resultats-de-lautopsie-la-colere-de-la-famille\/#primaryimage\"},\"datePublished\":\"2023-05-14T12:33:26+00:00\",\"dateModified\":\"2023-05-15T15:19:44+00:00\",\"author\":{\"@id\":\"https:\/\/www.nettali.com\/#\/schema\/person\/3317e0bb3aa1da309fbf7b2780901bf4\"},\"breadcrumb\":{\"@id\":\"https:\/\/www.nettali.com\/2023\/05\/14\/deces-de-adja-diallo-a-ngor-les-resultats-de-lautopsie-la-colere-de-la-famille\/#breadcrumb\"},\"inLanguage\":\"fr-FR\",\"potentialAction\":[{\"@type\":\"ReadAction\",\"target\":[\"https:\/\/www.nettali.com\/2023\/05\/14\/deces-de-adja-diallo-a-ngor-les-resultats-de-lautopsie-la-colere-de-la-famille\/\"]}]},{\"@type\":\"BreadcrumbList\",\"@id\":\"https:\/\/www.nettali.com\/2023\/05\/14\/deces-de-adja-diallo-a-ngor-les-resultats-de-lautopsie-la-colere-de-la-famille\/#breadcrumb\",\"itemListElement\":[{\"@type\":\"ListItem\",\"position\":1,\"name\":\"Accueil\",\"item\":\"https:\/\/www.nettali.com\/\"},{\"@type\":\"ListItem\",\"position\":2,\"name\":\"DECES DE ADJA DIALLO A NGOR \\u2013 Les r\\u00e9sultats de l\\u2019autopsie, la col\\u00e8re de la famille\"}]},{\"@type\":\"Person\",\"@id\":\"https:\/\/www.nettali.com\/#\/schema\/person\/3317e0bb3aa1da309fbf7b2780901bf4\",\"name\":\"Daouda\",\"image\":{\"@type\":\"ImageObject\",\"@id\":\"https:\/\/www.nettali.com\/#personlogo\",\"inLanguage\":\"fr-FR\",\"url\":\"https:\/\/secure.gravatar.com\/avatar\/8d143b5a49345098ddcfee1c49c2f47c?s=96&d=mm&r=g\",\"contentUrl\":\"https:\/\/secure.gravatar.com\/avatar\/8d143b5a49345098ddcfee1c49c2f47c?s=96&d=mm&r=g\",\"caption\":\"Daouda\"},\"sameAs\":[\"https:\/\/www.nettali.com\"]}]}<\/script>\n<!-- \/ Yoast SEO Premium plugin. -->","yoast_head_json":{"title":"DECES DE ADJA DIALLO A NGOR \u2013 Les r\u00e9sultats de l\u2019autopsie, la col\u00e8re de la famille | Nettali.com","robots":{"index":"index","follow":"follow","max-snippet":"max-snippet:-1","max-image-preview":"max-image-preview:large","max-video-preview":"max-video-preview:-1"},"canonical":"https:\/\/www.nettali.com\/2023\/05\/14\/deces-de-adja-diallo-a-ngor-les-resultats-de-lautopsie-la-colere-de-la-famille\/","og_locale":"fr_FR","og_type":"article","og_title":"DECES DE ADJA DIALLO A NGOR \u2013 Les r\u00e9sultats de l\u2019autopsie, la col\u00e8re de la famille","og_description":"NETTALI.COM -Le certificat de genre de mort de la petite Adja Diallo, d\u00e9c\u00e9d\u00e9e \u00e0 Ngor lors des derni\u00e8res manifestations, est disponible. Mais la famille, tr\u00e8s en col\u00e8re, soutient qu\u2019elle ne dispose toujours pas du document. Le certificat du genre de mort de Adja Diallo est disponible. Il a m\u00eame \u00e9t\u00e9 publi\u00e9 sur les r\u00e9seaux sociaux. [&hellip;]","og_url":"https:\/\/www.nettali.com\/2023\/05\/14\/deces-de-adja-diallo-a-ngor-les-resultats-de-lautopsie-la-colere-de-la-famille\/","og_site_name":"Nettali.com","article_publisher":"https:\/\/www.facebook.com\/nettalicom","article_published_time":"2023-05-14T12:33:26+00:00","article_modified_time":"2023-05-15T15:19:44+00:00","og_image":[{"width":606,"height":371,"url":"https:\/\/www.nettali.com\/wp-content\/uploads\/2023\/05\/Capture-de\u0301cran-2023-05-14-a\u0300-12.32.56.png","type":"image\/png"}],"twitter_card":"summary_large_image","twitter_misc":{"\u00c9crit par":"Daouda","Dur\u00e9e de lecture estim\u00e9e":"3 minutes"},"schema":{"@context":"https:\/\/schema.org","@graph":[{"@type":"WebSite","@id":"https:\/\/www.nettali.com\/#website","url":"https:\/\/www.nettali.com\/","name":"Nettali.com","description":"Le rendez-vous critique du Net","potentialAction":[{"@type":"SearchAction","target":{"@type":"EntryPoint","urlTemplate":"https:\/\/www.nettali.com\/?s={search_term_string}"},"query-input":"required name=search_term_string"}],"inLanguage":"fr-FR"},{"@type":"ImageObject","@id":"https:\/\/www.nettali.com\/2023\/05\/14\/deces-de-adja-diallo-a-ngor-les-resultats-de-lautopsie-la-colere-de-la-famille\/#primaryimage","inLanguage":"fr-FR","url":"https:\/\/www.nettali.com\/wp-content\/uploads\/2023\/05\/Capture-de\u0301cran-2023-05-14-a\u0300-12.32.56.png","contentUrl":"https:\/\/www.nettali.com\/wp-content\/uploads\/2023\/05\/Capture-de\u0301cran-2023-05-14-a\u0300-12.32.56.png","width":606,"height":371},{"@type":"WebPage","@id":"https:\/\/www.nettali.com\/2023\/05\/14\/deces-de-adja-diallo-a-ngor-les-resultats-de-lautopsie-la-colere-de-la-famille\/#webpage","url":"https:\/\/www.nettali.com\/2023\/05\/14\/deces-de-adja-diallo-a-ngor-les-resultats-de-lautopsie-la-colere-de-la-famille\/","name":"DECES DE ADJA DIALLO A NGOR \u2013 Les r\u00e9sultats de l\u2019autopsie, la col\u00e8re de la famille | Nettali.com","isPartOf":{"@id":"https:\/\/www.nettali.com\/#website"},"primaryImageOfPage":{"@id":"https:\/\/www.nettali.com\/2023\/05\/14\/deces-de-adja-diallo-a-ngor-les-resultats-de-lautopsie-la-colere-de-la-famille\/#primaryimage"},"datePublished":"2023-05-14T12:33:26+00:00","dateModified":"2023-05-15T15:19:44+00:00","author":{"@id":"https:\/\/www.nettali.com\/#\/schema\/person\/3317e0bb3aa1da309fbf7b2780901bf4"},"breadcrumb":{"@id":"https:\/\/www.nettali.com\/2023\/05\/14\/deces-de-adja-diallo-a-ngor-les-resultats-de-lautopsie-la-colere-de-la-famille\/#breadcrumb"},"inLanguage":"fr-FR","potentialAction":[{"@type":"ReadAction","target":["https:\/\/www.nettali.com\/2023\/05\/14\/deces-de-adja-diallo-a-ngor-les-resultats-de-lautopsie-la-colere-de-la-famille\/"]}]},{"@type":"BreadcrumbList","@id":"https:\/\/www.nettali.com\/2023\/05\/14\/deces-de-adja-diallo-a-ngor-les-resultats-de-lautopsie-la-colere-de-la-famille\/#breadcrumb","itemListElement":[{"@type":"ListItem","position":1,"name":"Accueil","item":"https:\/\/www.nettali.com\/"},{"@type":"ListItem","position":2,"name":"DECES DE ADJA DIALLO A NGOR \u2013 Les r\u00e9sultats de l\u2019autopsie, la col\u00e8re de la famille"}]},{"@type":"Person","@id":"https:\/\/www.nettali.com\/#\/schema\/person\/3317e0bb3aa1da309fbf7b2780901bf4","name":"Daouda","image":{"@type":"ImageObject","@id":"https:\/\/www.nettali.com\/#personlogo","inLanguage":"fr-FR","url":"https:\/\/secure.gravatar.com\/avatar\/8d143b5a49345098ddcfee1c49c2f47c?s=96&d=mm&r=g","contentUrl":"https:\/\/secure.gravatar.com\/avatar\/8d143b5a49345098ddcfee1c49c2f47c?s=96&d=mm&r=g","caption":"Daouda"},"sameAs":["https:\/\/www.nettali.com"]}]}},"_links":{"self":[{"href":"https:\/\/www.nettali.com\/rest\/wp\/v2\/posts\/109853"}],"collection":[{"href":"https:\/\/www.nettali.com\/rest\/wp\/v2\/posts"}],"about":[{"href":"https:\/\/www.nettali.com\/rest\/wp\/v2\/types\/post"}],"author":[{"embeddable":true,"href":"https:\/\/www.nettali.com\/rest\/wp\/v2\/users\/4"}],"replies":[{"embeddable":true,"href":"https:\/\/www.nettali.com\/rest\/wp\/v2\/comments?post=109853"}],"version-history":[{"count":1,"href":"https:\/\/www.nettali.com\/rest\/wp\/v2\/posts\/109853\/revisions"}],"predecessor-version":[{"id":109856,"href":"https:\/\/www.nettali.com\/rest\/wp\/v2\/posts\/109853\/revisions\/109856"}],"wp:featuredmedia":[{"embeddable":true,"href":"https:\/\/www.nettali.com\/rest\/wp\/v2\/media\/109855"}],"wp:attachment":[{"href":"https:\/\/www.nettali.com\/rest\/wp\/v2\/media?parent=109853"}],"wp:term":[{"taxonomy":"category","embeddable":true,"href":"https:\/\/www.nettali.com\/rest\/wp\/v2\/categories?post=109853"},{"taxonomy":"post_tag","embeddable":true,"href":"https:\/\/www.nettali.com\/rest\/wp\/v2\/tags?post=109853"}],"curies":[{"name":"wp","href":"https:\/\/api.w.org\/{rel}","templated":true}]}}