{"id":109577,"date":"2023-05-09T16:51:54","date_gmt":"2023-05-09T16:51:54","guid":{"rendered":"https:\/\/www.nettali.com\/?p=109577"},"modified":"2023-05-09T17:28:54","modified_gmt":"2023-05-09T17:28:54","slug":"plan-daction-apres-la-condamnation-de-sonko-pastef-prend-date","status":"publish","type":"post","link":"https:\/\/www.nettali.com\/2023\/05\/09\/plan-daction-apres-la-condamnation-de-sonko-pastef-prend-date\/","title":{"rendered":"PLAN D'ACTION APRES LA CONDAMNATION DE SONKO - Pastef prend date"},"content":{"rendered":"<div><strong><span style=\"font-size: 16px;\">NETTALI.COM - Apr\u00e8s la condamnation d'Ousmane Sonko par la Cour d'appel de Dakar \u00e0 six mois avec sursis, Pastef a d\u00e9cid\u00e9 de d\u00e9rouler un plan d'action. Les partisans d'Ousmane Sonko comptent, en effet, rencontrer la presse ce mercredi pour informer de la conduite qu'ils comptent adopter.<\/span><\/strong><\/div>\n<div><span style=\"font-size: 16px;\">\u00a0<\/span><\/div>\n<div><span style=\"font-size: 16px;\">Dans un communiqu\u00e9, Pastef donne rendez-vous demain pour une conf\u00e9rence de presse destin\u00e9e \u00e0 <em>\u00abinformer l\u2019opinion nationale et internationale du plan d\u2019action du parti pour r\u00e9sister face \u00e0 l\u2019oppression de Macky Sall \u00bb.<\/em><\/span><\/div>\n<div><span style=\"font-size: 16px;\">\u00a0<\/span><\/div>\n<div><span style=\"font-size: 16px;\">Pastef estime que le verdict rendu par la Cour d'appel et qui a condamn\u00e9 Ousmane Sonko \u00e0 six mois avec sursis et \u00e0 200 millions de dommages et int\u00e9r\u00eats a \u00e9t\u00e9 <em>\"concoct\u00e9 au palais de la R\u00e9publique\u2019\u2019<\/em> et <em>\u2018\u2019dict\u00e9 par Macky Sall\u2019\u2019<\/em> pour \u00e9liminer Ousmane Sonko de la pr\u00e9sidentielle.\u00a0<\/span><\/div>\n<div><em>\u00abCette d\u00e9cision pr\u00e9cipit\u00e9e et disproportionn\u00e9e, au regard de la vacuit\u00e9 des faits, d\u00e9montre une fois de plus la pers\u00e9cution et l'acharnement judiciaires contre le Pr\u00e9sident Ousmane Sonko, dont les droits \u00e0 une d\u00e9fense et le droit \u00e0 un proc\u00e8s \u00e9quitable sont constamment bafou\u00e9s et viol\u00e9s. Ce verdict\u00a0ne change rien quant \u00e0 la d\u00e9cision unanime de notre parti de pr\u00e9senter\u00a0la candidature\u00a0du Pr\u00e9sident Ousmane Sonko \u00e0 l'\u00e9lection pr\u00e9sidentielle de 2024\u00bb<\/em>, peste la formation de Sonko.<\/p>\n<p>Pastef-Les Patriotes rejette cette d\u00e9cision \u00ababsurde\u00bb et d\u00e9clare que \u00abrien au monde, si ce n'est la volont\u00e9 divine, ne pourra emp\u00eacher le Pr\u00e9sident Sonko d'\u00eatre candidat \u00e0 l'\u00e9lection pr\u00e9sidentielle de 2024.\u00bb Au pr\u00e9sident Macky Sall, les patriotes invitent <em>\u00ab\u00e0 assumer tout ce qui d\u00e9coulera de la farce judiciaire qu'il a commandit\u00e9e.<\/em>\u00bb<\/div>\n<div class='share-to-whatsapp-wrapper'><div class='share-on-whsp'>PARTAGER SUR : <\/div><a data-text='PLAN D'ACTION APRES LA CONDAMNATION DE SONKO - Pastef prend date' data-link='https:\/\/www.nettali.com\/2023\/05\/09\/plan-daction-apres-la-condamnation-de-sonko-pastef-prend-date\/' class='whatsapp-button whatsapp-share'>WhatsApp<\/a><div class='clear '><\/div><\/div>","protected":false},"excerpt":{"rendered":"<p>NETTALI.COM - Apr\u00e8s la condamnation d'Ousmane Sonko par la Cour d'appel de Dakar \u00e0 six mois avec sursis, Pastef a d\u00e9cid\u00e9 de d\u00e9rouler un plan d'action. Les partisans d'Ousmane Sonko comptent, en effet, rencontrer la presse ce mercredi pour informer de la conduite qu'ils comptent adopter. \u00a0 Dans un communiqu\u00e9, Pastef donne rendez-vous demain pour [&hellip;]<\/p>\n","protected":false},"author":4,"featured_media":106028,"comment_status":"open","ping_status":"open","sticky":false,"template":"","format":"standard","meta":{"_et_pb_use_builder":"","_et_pb_old_content":""},"categories":[2],"tags":[],"yoast_head":"<!-- This site is optimized with the Yoast SEO Premium plugin v17.8 (Yoast SEO v17.8) - https:\/\/yoast.com\/wordpress\/plugins\/seo\/ -->\n<title>PLAN D&#039;ACTION APRES LA CONDAMNATION DE SONKO - Pastef prend date | Nettali.com<\/title>\n<meta name=\"robots\" content=\"index, follow, max-snippet:-1, max-image-preview:large, max-video-preview:-1\" \/>\n<link rel=\"canonical\" href=\"https:\/\/www.nettali.com\/2023\/05\/09\/plan-daction-apres-la-condamnation-de-sonko-pastef-prend-date\/\" \/>\n<meta property=\"og:locale\" content=\"fr_FR\" \/>\n<meta property=\"og:type\" content=\"article\" \/>\n<meta property=\"og:title\" content=\"PLAN D&#039;ACTION APRES LA CONDAMNATION DE SONKO - Pastef prend date\" \/>\n<meta property=\"og:description\" content=\"NETTALI.COM - Apr\u00e8s la condamnation d&#039;Ousmane Sonko par la Cour d&#039;appel de Dakar \u00e0 six mois avec sursis, Pastef a d\u00e9cid\u00e9 de d\u00e9rouler un plan d&#039;action. Les partisans d&#039;Ousmane Sonko comptent, en effet, rencontrer la presse ce mercredi pour informer de la conduite qu&#039;ils comptent adopter. \u00a0 Dans un communiqu\u00e9, Pastef donne rendez-vous demain pour [&hellip;]\" \/>\n<meta property=\"og:url\" content=\"https:\/\/www.nettali.com\/2023\/05\/09\/plan-daction-apres-la-condamnation-de-sonko-pastef-prend-date\/\" \/>\n<meta property=\"og:site_name\" content=\"Nettali.com\" \/>\n<meta property=\"article:publisher\" content=\"https:\/\/www.facebook.com\/nettalicom\" \/>\n<meta property=\"article:published_time\" content=\"2023-05-09T16:51:54+00:00\" \/>\n<meta property=\"article:modified_time\" content=\"2023-05-09T17:28:54+00:00\" \/>\n<meta property=\"og:image\" content=\"https:\/\/www.nettali.com\/wp-content\/uploads\/2023\/03\/pastef_1.jpeg\" \/>\n\t<meta property=\"og:image:width\" content=\"640\" \/>\n\t<meta property=\"og:image:height\" content=\"377\" \/>\n<meta name=\"twitter:card\" content=\"summary_large_image\" \/>\n<meta name=\"twitter:label1\" content=\"\u00c9crit par\" \/>\n\t<meta name=\"twitter:data1\" content=\"Daouda\" \/>\n\t<meta name=\"twitter:label2\" content=\"Dur\u00e9e de lecture estim\u00e9e\" \/>\n\t<meta name=\"twitter:data2\" content=\"2 minutes\" \/>\n<script type=\"application\/ld+json\" class=\"yoast-schema-graph\">{\"@context\":\"https:\/\/schema.org\",\"@graph\":[{\"@type\":\"WebSite\",\"@id\":\"https:\/\/www.nettali.com\/#website\",\"url\":\"https:\/\/www.nettali.com\/\",\"name\":\"Nettali.com\",\"description\":\"Le rendez-vous critique du Net\",\"potentialAction\":[{\"@type\":\"SearchAction\",\"target\":{\"@type\":\"EntryPoint\",\"urlTemplate\":\"https:\/\/www.nettali.com\/?s={search_term_string}\"},\"query-input\":\"required name=search_term_string\"}],\"inLanguage\":\"fr-FR\"},{\"@type\":\"ImageObject\",\"@id\":\"https:\/\/www.nettali.com\/2023\/05\/09\/plan-daction-apres-la-condamnation-de-sonko-pastef-prend-date\/#primaryimage\",\"inLanguage\":\"fr-FR\",\"url\":\"https:\/\/www.nettali.com\/wp-content\/uploads\/2023\/03\/pastef_1.jpeg\",\"contentUrl\":\"https:\/\/www.nettali.com\/wp-content\/uploads\/2023\/03\/pastef_1.jpeg\",\"width\":640,\"height\":377},{\"@type\":\"WebPage\",\"@id\":\"https:\/\/www.nettali.com\/2023\/05\/09\/plan-daction-apres-la-condamnation-de-sonko-pastef-prend-date\/#webpage\",\"url\":\"https:\/\/www.nettali.com\/2023\/05\/09\/plan-daction-apres-la-condamnation-de-sonko-pastef-prend-date\/\",\"name\":\"PLAN D'ACTION APRES LA CONDAMNATION DE SONKO - Pastef prend date | Nettali.com\",\"isPartOf\":{\"@id\":\"https:\/\/www.nettali.com\/#website\"},\"primaryImageOfPage\":{\"@id\":\"https:\/\/www.nettali.com\/2023\/05\/09\/plan-daction-apres-la-condamnation-de-sonko-pastef-prend-date\/#primaryimage\"},\"datePublished\":\"2023-05-09T16:51:54+00:00\",\"dateModified\":\"2023-05-09T17:28:54+00:00\",\"author\":{\"@id\":\"https:\/\/www.nettali.com\/#\/schema\/person\/3317e0bb3aa1da309fbf7b2780901bf4\"},\"breadcrumb\":{\"@id\":\"https:\/\/www.nettali.com\/2023\/05\/09\/plan-daction-apres-la-condamnation-de-sonko-pastef-prend-date\/#breadcrumb\"},\"inLanguage\":\"fr-FR\",\"potentialAction\":[{\"@type\":\"ReadAction\",\"target\":[\"https:\/\/www.nettali.com\/2023\/05\/09\/plan-daction-apres-la-condamnation-de-sonko-pastef-prend-date\/\"]}]},{\"@type\":\"BreadcrumbList\",\"@id\":\"https:\/\/www.nettali.com\/2023\/05\/09\/plan-daction-apres-la-condamnation-de-sonko-pastef-prend-date\/#breadcrumb\",\"itemListElement\":[{\"@type\":\"ListItem\",\"position\":1,\"name\":\"Accueil\",\"item\":\"https:\/\/www.nettali.com\/\"},{\"@type\":\"ListItem\",\"position\":2,\"name\":\"PLAN D'ACTION APRES LA CONDAMNATION DE SONKO - Pastef prend date\"}]},{\"@type\":\"Person\",\"@id\":\"https:\/\/www.nettali.com\/#\/schema\/person\/3317e0bb3aa1da309fbf7b2780901bf4\",\"name\":\"Daouda\",\"image\":{\"@type\":\"ImageObject\",\"@id\":\"https:\/\/www.nettali.com\/#personlogo\",\"inLanguage\":\"fr-FR\",\"url\":\"https:\/\/secure.gravatar.com\/avatar\/8d143b5a49345098ddcfee1c49c2f47c?s=96&d=mm&r=g\",\"contentUrl\":\"https:\/\/secure.gravatar.com\/avatar\/8d143b5a49345098ddcfee1c49c2f47c?s=96&d=mm&r=g\",\"caption\":\"Daouda\"},\"sameAs\":[\"https:\/\/www.nettali.com\"]}]}<\/script>\n<!-- \/ Yoast SEO Premium plugin. -->","yoast_head_json":{"title":"PLAN D'ACTION APRES LA CONDAMNATION DE SONKO - Pastef prend date | Nettali.com","robots":{"index":"index","follow":"follow","max-snippet":"max-snippet:-1","max-image-preview":"max-image-preview:large","max-video-preview":"max-video-preview:-1"},"canonical":"https:\/\/www.nettali.com\/2023\/05\/09\/plan-daction-apres-la-condamnation-de-sonko-pastef-prend-date\/","og_locale":"fr_FR","og_type":"article","og_title":"PLAN D'ACTION APRES LA CONDAMNATION DE SONKO - Pastef prend date","og_description":"NETTALI.COM - Apr\u00e8s la condamnation d'Ousmane Sonko par la Cour d'appel de Dakar \u00e0 six mois avec sursis, Pastef a d\u00e9cid\u00e9 de d\u00e9rouler un plan d'action. Les partisans d'Ousmane Sonko comptent, en effet, rencontrer la presse ce mercredi pour informer de la conduite qu'ils comptent adopter. \u00a0 Dans un communiqu\u00e9, Pastef donne rendez-vous demain pour [&hellip;]","og_url":"https:\/\/www.nettali.com\/2023\/05\/09\/plan-daction-apres-la-condamnation-de-sonko-pastef-prend-date\/","og_site_name":"Nettali.com","article_publisher":"https:\/\/www.facebook.com\/nettalicom","article_published_time":"2023-05-09T16:51:54+00:00","article_modified_time":"2023-05-09T17:28:54+00:00","og_image":[{"width":640,"height":377,"url":"https:\/\/www.nettali.com\/wp-content\/uploads\/2023\/03\/pastef_1.jpeg","type":"image\/jpeg"}],"twitter_card":"summary_large_image","twitter_misc":{"\u00c9crit par":"Daouda","Dur\u00e9e de lecture estim\u00e9e":"2 minutes"},"schema":{"@context":"https:\/\/schema.org","@graph":[{"@type":"WebSite","@id":"https:\/\/www.nettali.com\/#website","url":"https:\/\/www.nettali.com\/","name":"Nettali.com","description":"Le rendez-vous critique du Net","potentialAction":[{"@type":"SearchAction","target":{"@type":"EntryPoint","urlTemplate":"https:\/\/www.nettali.com\/?s={search_term_string}"},"query-input":"required name=search_term_string"}],"inLanguage":"fr-FR"},{"@type":"ImageObject","@id":"https:\/\/www.nettali.com\/2023\/05\/09\/plan-daction-apres-la-condamnation-de-sonko-pastef-prend-date\/#primaryimage","inLanguage":"fr-FR","url":"https:\/\/www.nettali.com\/wp-content\/uploads\/2023\/03\/pastef_1.jpeg","contentUrl":"https:\/\/www.nettali.com\/wp-content\/uploads\/2023\/03\/pastef_1.jpeg","width":640,"height":377},{"@type":"WebPage","@id":"https:\/\/www.nettali.com\/2023\/05\/09\/plan-daction-apres-la-condamnation-de-sonko-pastef-prend-date\/#webpage","url":"https:\/\/www.nettali.com\/2023\/05\/09\/plan-daction-apres-la-condamnation-de-sonko-pastef-prend-date\/","name":"PLAN D'ACTION APRES LA CONDAMNATION DE SONKO - Pastef prend date | Nettali.com","isPartOf":{"@id":"https:\/\/www.nettali.com\/#website"},"primaryImageOfPage":{"@id":"https:\/\/www.nettali.com\/2023\/05\/09\/plan-daction-apres-la-condamnation-de-sonko-pastef-prend-date\/#primaryimage"},"datePublished":"2023-05-09T16:51:54+00:00","dateModified":"2023-05-09T17:28:54+00:00","author":{"@id":"https:\/\/www.nettali.com\/#\/schema\/person\/3317e0bb3aa1da309fbf7b2780901bf4"},"breadcrumb":{"@id":"https:\/\/www.nettali.com\/2023\/05\/09\/plan-daction-apres-la-condamnation-de-sonko-pastef-prend-date\/#breadcrumb"},"inLanguage":"fr-FR","potentialAction":[{"@type":"ReadAction","target":["https:\/\/www.nettali.com\/2023\/05\/09\/plan-daction-apres-la-condamnation-de-sonko-pastef-prend-date\/"]}]},{"@type":"BreadcrumbList","@id":"https:\/\/www.nettali.com\/2023\/05\/09\/plan-daction-apres-la-condamnation-de-sonko-pastef-prend-date\/#breadcrumb","itemListElement":[{"@type":"ListItem","position":1,"name":"Accueil","item":"https:\/\/www.nettali.com\/"},{"@type":"ListItem","position":2,"name":"PLAN D'ACTION APRES LA CONDAMNATION DE SONKO - Pastef prend date"}]},{"@type":"Person","@id":"https:\/\/www.nettali.com\/#\/schema\/person\/3317e0bb3aa1da309fbf7b2780901bf4","name":"Daouda","image":{"@type":"ImageObject","@id":"https:\/\/www.nettali.com\/#personlogo","inLanguage":"fr-FR","url":"https:\/\/secure.gravatar.com\/avatar\/8d143b5a49345098ddcfee1c49c2f47c?s=96&d=mm&r=g","contentUrl":"https:\/\/secure.gravatar.com\/avatar\/8d143b5a49345098ddcfee1c49c2f47c?s=96&d=mm&r=g","caption":"Daouda"},"sameAs":["https:\/\/www.nettali.com"]}]}},"_links":{"self":[{"href":"https:\/\/www.nettali.com\/rest\/wp\/v2\/posts\/109577"}],"collection":[{"href":"https:\/\/www.nettali.com\/rest\/wp\/v2\/posts"}],"about":[{"href":"https:\/\/www.nettali.com\/rest\/wp\/v2\/types\/post"}],"author":[{"embeddable":true,"href":"https:\/\/www.nettali.com\/rest\/wp\/v2\/users\/4"}],"replies":[{"embeddable":true,"href":"https:\/\/www.nettali.com\/rest\/wp\/v2\/comments?post=109577"}],"version-history":[{"count":3,"href":"https:\/\/www.nettali.com\/rest\/wp\/v2\/posts\/109577\/revisions"}],"predecessor-version":[{"id":109580,"href":"https:\/\/www.nettali.com\/rest\/wp\/v2\/posts\/109577\/revisions\/109580"}],"wp:featuredmedia":[{"embeddable":true,"href":"https:\/\/www.nettali.com\/rest\/wp\/v2\/media\/106028"}],"wp:attachment":[{"href":"https:\/\/www.nettali.com\/rest\/wp\/v2\/media?parent=109577"}],"wp:term":[{"taxonomy":"category","embeddable":true,"href":"https:\/\/www.nettali.com\/rest\/wp\/v2\/categories?post=109577"},{"taxonomy":"post_tag","embeddable":true,"href":"https:\/\/www.nettali.com\/rest\/wp\/v2\/tags?post=109577"}],"curies":[{"name":"wp","href":"https:\/\/api.w.org\/{rel}","templated":true}]}}