{"id":109567,"date":"2023-05-09T10:18:30","date_gmt":"2023-05-09T10:18:30","guid":{"rendered":"https:\/\/www.nettali.com\/?p=109567"},"modified":"2023-05-09T10:18:30","modified_gmt":"2023-05-09T10:18:30","slug":"en-coulisses-ce-que-je-deplore-avec-mon-ami-ousmane-sonko","status":"publish","type":"post","link":"https:\/\/www.nettali.com\/2023\/05\/09\/en-coulisses-ce-que-je-deplore-avec-mon-ami-ousmane-sonko\/","title":{"rendered":"EN COULISSES - \"Ce que je d\u00e9plore avec mon ami Ousmane Sonko...\""},"content":{"rendered":"<p><strong>NETTALI.COM -<\/strong> Entre Barth et Sonko, la relation est de plus en plus tendue. En effet, le maire de Dakar qui s'est senti vis\u00e9 par les allusions du leader de Pastef lorsqu\u2019il a soutenu qu\u2019un leader de la coalition Yewwi Askan Wi a rencontr\u00e9 nuitamment le pr\u00e9sident de la R\u00e9publique et lui a dit que Macky Sall \u00e9tait pr\u00eat \u00e0 le rendre in\u00e9ligible lors du proc\u00e8s en appel contre Mame Mbaye Niang, a lanc\u00e9 une pique \u00e0 son alli\u00e9, dont il jure pourtant \u00eatre l\u2019ami sinc\u00e8re,<\/p>\n<p>\u00c9tant ce \u201c<em>leader de Yewwi<\/em>\u201d, le maire de Dakar assure qu'Ousmane Sonko\u00a0\u00e9tait au courant de ses \u00e9changes avec le chef de l\u2019\u00c9tat.<\/p>\n<p>\"C<em>e que je d\u00e9plore avec mon ami Ousmane Sonko, c\u2019est le fait de vouloir insister sur une r\u00e9v\u00e9lation qui n\u2019en est pas une, parce qu\u2019il est inform\u00e9 de tout. Il sait tr\u00e8s bien que je le consid\u00e8re comme un fr\u00e8re, jusqu\u2019\u00e0 preuve du contraire<\/em>\u201d, a assur\u00e9 Barth.<\/p>\n<p>D\u2019ailleurs, le maire socialiste estime que c\u2019est depuis le 26 janvier 2023 qu\u2019il a entrepris des actions pour un dialogue entre les principaux acteurs politiques pour d\u00e9passer les tensions politiques que traverse le S\u00e9n\u00e9gal. Car entre le pr\u00e9sident de la R\u00e9publique Macky Sall et Ousmane Sonko, analyse Barth\u00e9lemy Dias, \"<em>nous sommes dans un rapport de force comme entre deux individus qui tirent de chaque c\u00f4t\u00e9 d\u2019une corde. Soit l\u2019un est plus fort et fait tomber l\u2019autre, soit la corde se casse. Comme je ne vois aucun des deux l\u00e2cher prise, si la corde se casse, le S\u00e9n\u00e9gal ne sera pas dirig\u00e9 par un civil<\/em>\".<\/p>\n<p>Durant toute son entreprise, a assur\u00e9 le maire de Dakar, \"\u00e0<em> aucun moment, Ousmane Sonko et Khalifa Sall ne se sont oppos\u00e9s au principe du dialogue. Les deux ont m\u00eame accept\u00e9 la possibilit\u00e9 de parler au pr\u00e9sident de la R\u00e9publique au t\u00e9l\u00e9phone<\/em>\".<\/p>\n<p>&nbsp;<\/p>\n<div class='share-to-whatsapp-wrapper'><div class='share-on-whsp'>PARTAGER SUR : <\/div><a data-text='EN COULISSES - \"Ce que je d\u00e9plore avec mon ami Ousmane Sonko...\"' data-link='https:\/\/www.nettali.com\/2023\/05\/09\/en-coulisses-ce-que-je-deplore-avec-mon-ami-ousmane-sonko\/' class='whatsapp-button whatsapp-share'>WhatsApp<\/a><div class='clear '><\/div><\/div>","protected":false},"excerpt":{"rendered":"<p>NETTALI.COM - Entre Barth et Sonko, la relation est de plus en plus tendue. En effet, le maire de Dakar qui s'est senti vis\u00e9 par les allusions du leader de Pastef lorsqu\u2019il a soutenu qu\u2019un leader de la coalition Yewwi Askan Wi a rencontr\u00e9 nuitamment le pr\u00e9sident de la R\u00e9publique et lui a dit que [&hellip;]<\/p>\n","protected":false},"author":2,"featured_media":109530,"comment_status":"open","ping_status":"open","sticky":false,"template":"","format":"standard","meta":{"_et_pb_use_builder":"","_et_pb_old_content":""},"categories":[34945],"tags":[],"yoast_head":"<!-- This site is optimized with the Yoast SEO Premium plugin v17.8 (Yoast SEO v17.8) - https:\/\/yoast.com\/wordpress\/plugins\/seo\/ -->\n<title>EN COULISSES - &quot;Ce que je d\u00e9plore avec mon ami Ousmane Sonko...&quot; | Nettali.com<\/title>\n<meta name=\"robots\" content=\"index, follow, max-snippet:-1, max-image-preview:large, max-video-preview:-1\" \/>\n<link rel=\"canonical\" href=\"https:\/\/www.nettali.com\/2023\/05\/09\/en-coulisses-ce-que-je-deplore-avec-mon-ami-ousmane-sonko\/\" \/>\n<meta property=\"og:locale\" content=\"fr_FR\" \/>\n<meta property=\"og:type\" content=\"article\" \/>\n<meta property=\"og:title\" content=\"EN COULISSES - &quot;Ce que je d\u00e9plore avec mon ami Ousmane Sonko...&quot;\" \/>\n<meta property=\"og:description\" content=\"NETTALI.COM - Entre Barth et Sonko, la relation est de plus en plus tendue. En effet, le maire de Dakar qui s&#039;est senti vis\u00e9 par les allusions du leader de Pastef lorsqu\u2019il a soutenu qu\u2019un leader de la coalition Yewwi Askan Wi a rencontr\u00e9 nuitamment le pr\u00e9sident de la R\u00e9publique et lui a dit que [&hellip;]\" \/>\n<meta property=\"og:url\" content=\"https:\/\/www.nettali.com\/2023\/05\/09\/en-coulisses-ce-que-je-deplore-avec-mon-ami-ousmane-sonko\/\" \/>\n<meta property=\"og:site_name\" content=\"Nettali.com\" \/>\n<meta property=\"article:publisher\" content=\"https:\/\/www.facebook.com\/nettalicom\" \/>\n<meta property=\"article:published_time\" content=\"2023-05-09T10:18:30+00:00\" \/>\n<meta property=\"og:image\" content=\"https:\/\/www.nettali.com\/wp-content\/uploads\/2023\/05\/sonko-et-barth-755x394-1.jpeg\" \/>\n\t<meta property=\"og:image:width\" content=\"755\" \/>\n\t<meta property=\"og:image:height\" content=\"394\" \/>\n<meta name=\"twitter:card\" content=\"summary_large_image\" \/>\n<meta name=\"twitter:label1\" content=\"\u00c9crit par\" \/>\n\t<meta name=\"twitter:data1\" content=\"CK\" \/>\n\t<meta name=\"twitter:label2\" content=\"Dur\u00e9e de lecture estim\u00e9e\" \/>\n\t<meta name=\"twitter:data2\" content=\"2 minutes\" \/>\n<script type=\"application\/ld+json\" class=\"yoast-schema-graph\">{\"@context\":\"https:\/\/schema.org\",\"@graph\":[{\"@type\":\"WebSite\",\"@id\":\"https:\/\/www.nettali.com\/#website\",\"url\":\"https:\/\/www.nettali.com\/\",\"name\":\"Nettali.com\",\"description\":\"Le rendez-vous critique du Net\",\"potentialAction\":[{\"@type\":\"SearchAction\",\"target\":{\"@type\":\"EntryPoint\",\"urlTemplate\":\"https:\/\/www.nettali.com\/?s={search_term_string}\"},\"query-input\":\"required name=search_term_string\"}],\"inLanguage\":\"fr-FR\"},{\"@type\":\"ImageObject\",\"@id\":\"https:\/\/www.nettali.com\/2023\/05\/09\/en-coulisses-ce-que-je-deplore-avec-mon-ami-ousmane-sonko\/#primaryimage\",\"inLanguage\":\"fr-FR\",\"url\":\"https:\/\/www.nettali.com\/wp-content\/uploads\/2023\/05\/sonko-et-barth-755x394-1.jpeg\",\"contentUrl\":\"https:\/\/www.nettali.com\/wp-content\/uploads\/2023\/05\/sonko-et-barth-755x394-1.jpeg\",\"width\":755,\"height\":394},{\"@type\":\"WebPage\",\"@id\":\"https:\/\/www.nettali.com\/2023\/05\/09\/en-coulisses-ce-que-je-deplore-avec-mon-ami-ousmane-sonko\/#webpage\",\"url\":\"https:\/\/www.nettali.com\/2023\/05\/09\/en-coulisses-ce-que-je-deplore-avec-mon-ami-ousmane-sonko\/\",\"name\":\"EN COULISSES - \\\"Ce que je d\\u00e9plore avec mon ami Ousmane Sonko...\\\" | Nettali.com\",\"isPartOf\":{\"@id\":\"https:\/\/www.nettali.com\/#website\"},\"primaryImageOfPage\":{\"@id\":\"https:\/\/www.nettali.com\/2023\/05\/09\/en-coulisses-ce-que-je-deplore-avec-mon-ami-ousmane-sonko\/#primaryimage\"},\"datePublished\":\"2023-05-09T10:18:30+00:00\",\"dateModified\":\"2023-05-09T10:18:30+00:00\",\"author\":{\"@id\":\"https:\/\/www.nettali.com\/#\/schema\/person\/d8ac7b7e27ddad43f1c0d2ef090d7f71\"},\"breadcrumb\":{\"@id\":\"https:\/\/www.nettali.com\/2023\/05\/09\/en-coulisses-ce-que-je-deplore-avec-mon-ami-ousmane-sonko\/#breadcrumb\"},\"inLanguage\":\"fr-FR\",\"potentialAction\":[{\"@type\":\"ReadAction\",\"target\":[\"https:\/\/www.nettali.com\/2023\/05\/09\/en-coulisses-ce-que-je-deplore-avec-mon-ami-ousmane-sonko\/\"]}]},{\"@type\":\"BreadcrumbList\",\"@id\":\"https:\/\/www.nettali.com\/2023\/05\/09\/en-coulisses-ce-que-je-deplore-avec-mon-ami-ousmane-sonko\/#breadcrumb\",\"itemListElement\":[{\"@type\":\"ListItem\",\"position\":1,\"name\":\"Accueil\",\"item\":\"https:\/\/www.nettali.com\/\"},{\"@type\":\"ListItem\",\"position\":2,\"name\":\"EN COULISSES - \\\"Ce que je d\\u00e9plore avec mon ami Ousmane Sonko...\\\"\"}]},{\"@type\":\"Person\",\"@id\":\"https:\/\/www.nettali.com\/#\/schema\/person\/d8ac7b7e27ddad43f1c0d2ef090d7f71\",\"name\":\"CK\",\"image\":{\"@type\":\"ImageObject\",\"@id\":\"https:\/\/www.nettali.com\/#personlogo\",\"inLanguage\":\"fr-FR\",\"url\":\"https:\/\/secure.gravatar.com\/avatar\/1d8d5118b9327d94da7cd4ce7f17fec2?s=96&d=mm&r=g\",\"contentUrl\":\"https:\/\/secure.gravatar.com\/avatar\/1d8d5118b9327d94da7cd4ce7f17fec2?s=96&d=mm&r=g\",\"caption\":\"CK\"},\"sameAs\":[\"https:\/\/www.nettali.com\"]}]}<\/script>\n<!-- \/ Yoast SEO Premium plugin. -->","yoast_head_json":{"title":"EN COULISSES - \"Ce que je d\u00e9plore avec mon ami Ousmane Sonko...\" | Nettali.com","robots":{"index":"index","follow":"follow","max-snippet":"max-snippet:-1","max-image-preview":"max-image-preview:large","max-video-preview":"max-video-preview:-1"},"canonical":"https:\/\/www.nettali.com\/2023\/05\/09\/en-coulisses-ce-que-je-deplore-avec-mon-ami-ousmane-sonko\/","og_locale":"fr_FR","og_type":"article","og_title":"EN COULISSES - \"Ce que je d\u00e9plore avec mon ami Ousmane Sonko...\"","og_description":"NETTALI.COM - Entre Barth et Sonko, la relation est de plus en plus tendue. En effet, le maire de Dakar qui s'est senti vis\u00e9 par les allusions du leader de Pastef lorsqu\u2019il a soutenu qu\u2019un leader de la coalition Yewwi Askan Wi a rencontr\u00e9 nuitamment le pr\u00e9sident de la R\u00e9publique et lui a dit que [&hellip;]","og_url":"https:\/\/www.nettali.com\/2023\/05\/09\/en-coulisses-ce-que-je-deplore-avec-mon-ami-ousmane-sonko\/","og_site_name":"Nettali.com","article_publisher":"https:\/\/www.facebook.com\/nettalicom","article_published_time":"2023-05-09T10:18:30+00:00","og_image":[{"width":755,"height":394,"url":"https:\/\/www.nettali.com\/wp-content\/uploads\/2023\/05\/sonko-et-barth-755x394-1.jpeg","type":"image\/jpeg"}],"twitter_card":"summary_large_image","twitter_misc":{"\u00c9crit par":"CK","Dur\u00e9e de lecture estim\u00e9e":"2 minutes"},"schema":{"@context":"https:\/\/schema.org","@graph":[{"@type":"WebSite","@id":"https:\/\/www.nettali.com\/#website","url":"https:\/\/www.nettali.com\/","name":"Nettali.com","description":"Le rendez-vous critique du Net","potentialAction":[{"@type":"SearchAction","target":{"@type":"EntryPoint","urlTemplate":"https:\/\/www.nettali.com\/?s={search_term_string}"},"query-input":"required name=search_term_string"}],"inLanguage":"fr-FR"},{"@type":"ImageObject","@id":"https:\/\/www.nettali.com\/2023\/05\/09\/en-coulisses-ce-que-je-deplore-avec-mon-ami-ousmane-sonko\/#primaryimage","inLanguage":"fr-FR","url":"https:\/\/www.nettali.com\/wp-content\/uploads\/2023\/05\/sonko-et-barth-755x394-1.jpeg","contentUrl":"https:\/\/www.nettali.com\/wp-content\/uploads\/2023\/05\/sonko-et-barth-755x394-1.jpeg","width":755,"height":394},{"@type":"WebPage","@id":"https:\/\/www.nettali.com\/2023\/05\/09\/en-coulisses-ce-que-je-deplore-avec-mon-ami-ousmane-sonko\/#webpage","url":"https:\/\/www.nettali.com\/2023\/05\/09\/en-coulisses-ce-que-je-deplore-avec-mon-ami-ousmane-sonko\/","name":"EN COULISSES - \"Ce que je d\u00e9plore avec mon ami Ousmane Sonko...\" | Nettali.com","isPartOf":{"@id":"https:\/\/www.nettali.com\/#website"},"primaryImageOfPage":{"@id":"https:\/\/www.nettali.com\/2023\/05\/09\/en-coulisses-ce-que-je-deplore-avec-mon-ami-ousmane-sonko\/#primaryimage"},"datePublished":"2023-05-09T10:18:30+00:00","dateModified":"2023-05-09T10:18:30+00:00","author":{"@id":"https:\/\/www.nettali.com\/#\/schema\/person\/d8ac7b7e27ddad43f1c0d2ef090d7f71"},"breadcrumb":{"@id":"https:\/\/www.nettali.com\/2023\/05\/09\/en-coulisses-ce-que-je-deplore-avec-mon-ami-ousmane-sonko\/#breadcrumb"},"inLanguage":"fr-FR","potentialAction":[{"@type":"ReadAction","target":["https:\/\/www.nettali.com\/2023\/05\/09\/en-coulisses-ce-que-je-deplore-avec-mon-ami-ousmane-sonko\/"]}]},{"@type":"BreadcrumbList","@id":"https:\/\/www.nettali.com\/2023\/05\/09\/en-coulisses-ce-que-je-deplore-avec-mon-ami-ousmane-sonko\/#breadcrumb","itemListElement":[{"@type":"ListItem","position":1,"name":"Accueil","item":"https:\/\/www.nettali.com\/"},{"@type":"ListItem","position":2,"name":"EN COULISSES - \"Ce que je d\u00e9plore avec mon ami Ousmane Sonko...\""}]},{"@type":"Person","@id":"https:\/\/www.nettali.com\/#\/schema\/person\/d8ac7b7e27ddad43f1c0d2ef090d7f71","name":"CK","image":{"@type":"ImageObject","@id":"https:\/\/www.nettali.com\/#personlogo","inLanguage":"fr-FR","url":"https:\/\/secure.gravatar.com\/avatar\/1d8d5118b9327d94da7cd4ce7f17fec2?s=96&d=mm&r=g","contentUrl":"https:\/\/secure.gravatar.com\/avatar\/1d8d5118b9327d94da7cd4ce7f17fec2?s=96&d=mm&r=g","caption":"CK"},"sameAs":["https:\/\/www.nettali.com"]}]}},"_links":{"self":[{"href":"https:\/\/www.nettali.com\/rest\/wp\/v2\/posts\/109567"}],"collection":[{"href":"https:\/\/www.nettali.com\/rest\/wp\/v2\/posts"}],"about":[{"href":"https:\/\/www.nettali.com\/rest\/wp\/v2\/types\/post"}],"author":[{"embeddable":true,"href":"https:\/\/www.nettali.com\/rest\/wp\/v2\/users\/2"}],"replies":[{"embeddable":true,"href":"https:\/\/www.nettali.com\/rest\/wp\/v2\/comments?post=109567"}],"version-history":[{"count":1,"href":"https:\/\/www.nettali.com\/rest\/wp\/v2\/posts\/109567\/revisions"}],"predecessor-version":[{"id":109568,"href":"https:\/\/www.nettali.com\/rest\/wp\/v2\/posts\/109567\/revisions\/109568"}],"wp:featuredmedia":[{"embeddable":true,"href":"https:\/\/www.nettali.com\/rest\/wp\/v2\/media\/109530"}],"wp:attachment":[{"href":"https:\/\/www.nettali.com\/rest\/wp\/v2\/media?parent=109567"}],"wp:term":[{"taxonomy":"category","embeddable":true,"href":"https:\/\/www.nettali.com\/rest\/wp\/v2\/categories?post=109567"},{"taxonomy":"post_tag","embeddable":true,"href":"https:\/\/www.nettali.com\/rest\/wp\/v2\/tags?post=109567"}],"curies":[{"name":"wp","href":"https:\/\/api.w.org\/{rel}","templated":true}]}}