{"id":109548,"date":"2023-05-09T08:40:10","date_gmt":"2023-05-09T08:40:10","guid":{"rendered":"https:\/\/www.nettali.com\/?p=109548"},"modified":"2023-05-10T08:37:30","modified_gmt":"2023-05-10T08:37:30","slug":"sortie-de-barthelemy-dias-les-premieres-sanctions-de-pastef","status":"publish","type":"post","link":"https:\/\/www.nettali.com\/2023\/05\/09\/sortie-de-barthelemy-dias-les-premieres-sanctions-de-pastef\/","title":{"rendered":"SORTIE DE BARTHELEMY DIAS - Les premi\u00e8res sanctions de Pastef"},"content":{"rendered":"<p><strong>NETTALI.COM - Entre Barth\u00e9l\u00e9my Dias et Ousmane Sonko, ce n\u2019est plus le parfait amour. Et les militants de Pastef, qui n\u2019ont pas aim\u00e9 la sortie du maire de Dakar, ce lundi, ont tenu \u00e0 lui montrer qu\u2019ils lui ont tourn\u00e9 le dos. Et de quelle mani\u00e8re !<\/strong><\/p>\n<p>Plus de 30.000 personnes, qui le suivaient sur sa page Facebook, se sont d\u00e9sabonn\u00e9s en moins de 24h.<\/p>\n<p>Un acte pos\u00e9 apr\u00e8s les r\u00e9actions de deux responsables de Pastef.<\/p>\n\n\t\t<style type=\"text\/css\">\n\t\t\t#gallery-1 {\n\t\t\t\tmargin: auto;\n\t\t\t}\n\t\t\t#gallery-1 .gallery-item {\n\t\t\t\tfloat: left;\n\t\t\t\tmargin-top: 10px;\n\t\t\t\ttext-align: center;\n\t\t\t\twidth: 100%;\n\t\t\t}\n\t\t\t#gallery-1 img {\n\t\t\t\tborder: 2px solid #cfcfcf;\n\t\t\t}\n\t\t\t#gallery-1 .gallery-caption {\n\t\t\t\tmargin-left: 0;\n\t\t\t}\n\t\t\t\/* see gallery_shortcode() in wp-includes\/media.php *\/\n\t\t<\/style>\n\t\t<div id='gallery-1' class='gallery galleryid-109548 gallery-columns-1 gallery-size-full'><dl class='gallery-item'>\n\t\t\t<dt class='gallery-icon landscape'>\n\t\t\t\t<a href='https:\/\/www.nettali.com\/2023\/05\/09\/sortie-de-barthelemy-dias-les-premieres-sanctions-de-pastef\/barth-1\/'><img width=\"719\" height=\"642\" src=\"https:\/\/www.nettali.com\/wp-content\/uploads\/2023\/05\/barth-1.jpeg\" class=\"attachment-full size-full\" alt=\"\" loading=\"lazy\" srcset=\"https:\/\/www.nettali.com\/wp-content\/uploads\/2023\/05\/barth-1.jpeg 719w, https:\/\/www.nettali.com\/wp-content\/uploads\/2023\/05\/barth-1-300x268.jpeg 300w\" sizes=\"(max-width: 719px) 100vw, 719px\" \/><\/a>\n\t\t\t<\/dt><\/dl><br style=\"clear: both\" \/><dl class='gallery-item'>\n\t\t\t<dt class='gallery-icon landscape'>\n\t\t\t\t<a href='https:\/\/www.nettali.com\/2023\/05\/09\/sortie-de-barthelemy-dias-les-premieres-sanctions-de-pastef\/barth-2-2\/'><img width=\"718\" height=\"711\" src=\"https:\/\/www.nettali.com\/wp-content\/uploads\/2023\/05\/barth-2-e1683621348514.jpeg\" class=\"attachment-full size-full\" alt=\"\" loading=\"lazy\" srcset=\"https:\/\/www.nettali.com\/wp-content\/uploads\/2023\/05\/barth-2-e1683621348514.jpeg 718w, https:\/\/www.nettali.com\/wp-content\/uploads\/2023\/05\/barth-2-e1683621348514-300x297.jpeg 300w, https:\/\/www.nettali.com\/wp-content\/uploads\/2023\/05\/barth-2-e1683621348514-150x150.jpeg 150w\" sizes=\"(max-width: 718px) 100vw, 718px\" \/><\/a>\n\t\t\t<\/dt><\/dl><br style=\"clear: both\" \/>\n\t\t<\/div>\n\n<p>&nbsp;<\/p>\n<p><em>\u00abTraitrise et ingratitude : de beaux jours devant nous ! Mon Dieu. Je reviendrai sur \u00e9norm\u00e9ment de choses lors de mes prochaines sorties. Personne ne nous impressionne\u00bb<\/em>, a post\u00e9 Abass Fall, responsable de Pastef Dakar et adjoint de Barth\u00e9l\u00e9my Dias \u00e0 la ville de Dakar. Les propos de ce d\u00e9put\u00e9, qui partage le groupe parlementaire Yewwi Askan Wi avec Barth\u00e9l\u00e9my Dias, semble destin\u00e9s au maire de Dakar qui n'a pas m\u00e9nag\u00e9 le leader de Pastef dans sa sortie de ce lundi.<\/p>\n<p>De son c\u00f4t\u00e9, El Hadj Malick Ndiaye, le responsable de la Communication de Pastef, s\u2019est employ\u00e9 \u00e0 focaliser les choses sur l\u2019actualit\u00e9 judiciaire. <em>\u00abFocus sur l\u2019essentiel et non sur l\u2019accessoire. L\u2019essentiel c\u2019est la d\u00e9cision dangereuse et ill\u00e9gale prise par la justice de Macky SALL. Notre seul et unique adversaire demeure Macky et il perdra ce combat dans tous les cas\u00bb<\/em>, a-t-il, lui aussi, post\u00e9 sur Facebook.<\/p>\n<p>La bataille de Dakar promet d'\u00eatre rude.<\/p>\n<p>&nbsp;<\/p>\n<div class='share-to-whatsapp-wrapper'><div class='share-on-whsp'>PARTAGER SUR : <\/div><a data-text='SORTIE DE BARTHELEMY DIAS - Les premi\u00e8res sanctions de Pastef' data-link='https:\/\/www.nettali.com\/2023\/05\/09\/sortie-de-barthelemy-dias-les-premieres-sanctions-de-pastef\/' class='whatsapp-button whatsapp-share'>WhatsApp<\/a><div class='clear '><\/div><\/div>","protected":false},"excerpt":{"rendered":"<p>NETTALI.COM - Entre Barth\u00e9l\u00e9my Dias et Ousmane Sonko, ce n\u2019est plus le parfait amour. Et les militants de Pastef, qui n\u2019ont pas aim\u00e9 la sortie du maire de Dakar, ce lundi, ont tenu \u00e0 lui montrer qu\u2019ils lui ont tourn\u00e9 le dos. Et de quelle mani\u00e8re ! Plus de 30.000 personnes, qui le suivaient sur [&hellip;]<\/p>\n","protected":false},"author":4,"featured_media":109554,"comment_status":"open","ping_status":"open","sticky":false,"template":"","format":"standard","meta":{"_et_pb_use_builder":"","_et_pb_old_content":""},"categories":[2],"tags":[],"yoast_head":"<!-- This site is optimized with the Yoast SEO Premium plugin v17.8 (Yoast SEO v17.8) - https:\/\/yoast.com\/wordpress\/plugins\/seo\/ -->\n<title>SORTIE DE BARTHELEMY DIAS - Les premi\u00e8res sanctions de Pastef | Nettali.com<\/title>\n<meta name=\"robots\" content=\"index, follow, max-snippet:-1, max-image-preview:large, max-video-preview:-1\" \/>\n<link rel=\"canonical\" href=\"https:\/\/www.nettali.com\/2023\/05\/09\/sortie-de-barthelemy-dias-les-premieres-sanctions-de-pastef\/\" \/>\n<meta property=\"og:locale\" content=\"fr_FR\" \/>\n<meta property=\"og:type\" content=\"article\" \/>\n<meta property=\"og:title\" content=\"SORTIE DE BARTHELEMY DIAS - Les premi\u00e8res sanctions de Pastef\" \/>\n<meta property=\"og:description\" content=\"NETTALI.COM - Entre Barth\u00e9l\u00e9my Dias et Ousmane Sonko, ce n\u2019est plus le parfait amour. Et les militants de Pastef, qui n\u2019ont pas aim\u00e9 la sortie du maire de Dakar, ce lundi, ont tenu \u00e0 lui montrer qu\u2019ils lui ont tourn\u00e9 le dos. Et de quelle mani\u00e8re ! Plus de 30.000 personnes, qui le suivaient sur [&hellip;]\" \/>\n<meta property=\"og:url\" content=\"https:\/\/www.nettali.com\/2023\/05\/09\/sortie-de-barthelemy-dias-les-premieres-sanctions-de-pastef\/\" \/>\n<meta property=\"og:site_name\" content=\"Nettali.com\" \/>\n<meta property=\"article:publisher\" content=\"https:\/\/www.facebook.com\/nettalicom\" \/>\n<meta property=\"article:published_time\" content=\"2023-05-09T08:40:10+00:00\" \/>\n<meta property=\"article:modified_time\" content=\"2023-05-10T08:37:30+00:00\" \/>\n<meta property=\"og:image\" content=\"https:\/\/www.nettali.com\/wp-content\/uploads\/2023\/05\/Barth-dias-sonko-1256x628-1645695046.jpeg\" \/>\n\t<meta property=\"og:image:width\" content=\"1256\" \/>\n\t<meta property=\"og:image:height\" content=\"628\" \/>\n<meta name=\"twitter:card\" content=\"summary_large_image\" \/>\n<meta name=\"twitter:label1\" content=\"\u00c9crit par\" \/>\n\t<meta name=\"twitter:data1\" content=\"Daouda\" \/>\n\t<meta name=\"twitter:label2\" content=\"Dur\u00e9e de lecture estim\u00e9e\" \/>\n\t<meta name=\"twitter:data2\" content=\"2 minutes\" \/>\n<script type=\"application\/ld+json\" class=\"yoast-schema-graph\">{\"@context\":\"https:\/\/schema.org\",\"@graph\":[{\"@type\":\"WebSite\",\"@id\":\"https:\/\/www.nettali.com\/#website\",\"url\":\"https:\/\/www.nettali.com\/\",\"name\":\"Nettali.com\",\"description\":\"Le rendez-vous critique du Net\",\"potentialAction\":[{\"@type\":\"SearchAction\",\"target\":{\"@type\":\"EntryPoint\",\"urlTemplate\":\"https:\/\/www.nettali.com\/?s={search_term_string}\"},\"query-input\":\"required name=search_term_string\"}],\"inLanguage\":\"fr-FR\"},{\"@type\":\"ImageObject\",\"@id\":\"https:\/\/www.nettali.com\/2023\/05\/09\/sortie-de-barthelemy-dias-les-premieres-sanctions-de-pastef\/#primaryimage\",\"inLanguage\":\"fr-FR\",\"url\":\"https:\/\/www.nettali.com\/wp-content\/uploads\/2023\/05\/Barth-dias-sonko-1256x628-1645695046.jpeg\",\"contentUrl\":\"https:\/\/www.nettali.com\/wp-content\/uploads\/2023\/05\/Barth-dias-sonko-1256x628-1645695046.jpeg\",\"width\":1256,\"height\":628},{\"@type\":\"WebPage\",\"@id\":\"https:\/\/www.nettali.com\/2023\/05\/09\/sortie-de-barthelemy-dias-les-premieres-sanctions-de-pastef\/#webpage\",\"url\":\"https:\/\/www.nettali.com\/2023\/05\/09\/sortie-de-barthelemy-dias-les-premieres-sanctions-de-pastef\/\",\"name\":\"SORTIE DE BARTHELEMY DIAS - Les premi\\u00e8res sanctions de Pastef | Nettali.com\",\"isPartOf\":{\"@id\":\"https:\/\/www.nettali.com\/#website\"},\"primaryImageOfPage\":{\"@id\":\"https:\/\/www.nettali.com\/2023\/05\/09\/sortie-de-barthelemy-dias-les-premieres-sanctions-de-pastef\/#primaryimage\"},\"datePublished\":\"2023-05-09T08:40:10+00:00\",\"dateModified\":\"2023-05-10T08:37:30+00:00\",\"author\":{\"@id\":\"https:\/\/www.nettali.com\/#\/schema\/person\/3317e0bb3aa1da309fbf7b2780901bf4\"},\"breadcrumb\":{\"@id\":\"https:\/\/www.nettali.com\/2023\/05\/09\/sortie-de-barthelemy-dias-les-premieres-sanctions-de-pastef\/#breadcrumb\"},\"inLanguage\":\"fr-FR\",\"potentialAction\":[{\"@type\":\"ReadAction\",\"target\":[\"https:\/\/www.nettali.com\/2023\/05\/09\/sortie-de-barthelemy-dias-les-premieres-sanctions-de-pastef\/\"]}]},{\"@type\":\"BreadcrumbList\",\"@id\":\"https:\/\/www.nettali.com\/2023\/05\/09\/sortie-de-barthelemy-dias-les-premieres-sanctions-de-pastef\/#breadcrumb\",\"itemListElement\":[{\"@type\":\"ListItem\",\"position\":1,\"name\":\"Accueil\",\"item\":\"https:\/\/www.nettali.com\/\"},{\"@type\":\"ListItem\",\"position\":2,\"name\":\"SORTIE DE BARTHELEMY DIAS - Les premi\\u00e8res sanctions de Pastef\"}]},{\"@type\":\"Person\",\"@id\":\"https:\/\/www.nettali.com\/#\/schema\/person\/3317e0bb3aa1da309fbf7b2780901bf4\",\"name\":\"Daouda\",\"image\":{\"@type\":\"ImageObject\",\"@id\":\"https:\/\/www.nettali.com\/#personlogo\",\"inLanguage\":\"fr-FR\",\"url\":\"https:\/\/secure.gravatar.com\/avatar\/8d143b5a49345098ddcfee1c49c2f47c?s=96&d=mm&r=g\",\"contentUrl\":\"https:\/\/secure.gravatar.com\/avatar\/8d143b5a49345098ddcfee1c49c2f47c?s=96&d=mm&r=g\",\"caption\":\"Daouda\"},\"sameAs\":[\"https:\/\/www.nettali.com\"]}]}<\/script>\n<!-- \/ Yoast SEO Premium plugin. -->","yoast_head_json":{"title":"SORTIE DE BARTHELEMY DIAS - Les premi\u00e8res sanctions de Pastef | Nettali.com","robots":{"index":"index","follow":"follow","max-snippet":"max-snippet:-1","max-image-preview":"max-image-preview:large","max-video-preview":"max-video-preview:-1"},"canonical":"https:\/\/www.nettali.com\/2023\/05\/09\/sortie-de-barthelemy-dias-les-premieres-sanctions-de-pastef\/","og_locale":"fr_FR","og_type":"article","og_title":"SORTIE DE BARTHELEMY DIAS - Les premi\u00e8res sanctions de Pastef","og_description":"NETTALI.COM - Entre Barth\u00e9l\u00e9my Dias et Ousmane Sonko, ce n\u2019est plus le parfait amour. Et les militants de Pastef, qui n\u2019ont pas aim\u00e9 la sortie du maire de Dakar, ce lundi, ont tenu \u00e0 lui montrer qu\u2019ils lui ont tourn\u00e9 le dos. Et de quelle mani\u00e8re ! Plus de 30.000 personnes, qui le suivaient sur [&hellip;]","og_url":"https:\/\/www.nettali.com\/2023\/05\/09\/sortie-de-barthelemy-dias-les-premieres-sanctions-de-pastef\/","og_site_name":"Nettali.com","article_publisher":"https:\/\/www.facebook.com\/nettalicom","article_published_time":"2023-05-09T08:40:10+00:00","article_modified_time":"2023-05-10T08:37:30+00:00","og_image":[{"width":1256,"height":628,"url":"https:\/\/www.nettali.com\/wp-content\/uploads\/2023\/05\/Barth-dias-sonko-1256x628-1645695046.jpeg","type":"image\/jpeg"}],"twitter_card":"summary_large_image","twitter_misc":{"\u00c9crit par":"Daouda","Dur\u00e9e de lecture estim\u00e9e":"2 minutes"},"schema":{"@context":"https:\/\/schema.org","@graph":[{"@type":"WebSite","@id":"https:\/\/www.nettali.com\/#website","url":"https:\/\/www.nettali.com\/","name":"Nettali.com","description":"Le rendez-vous critique du Net","potentialAction":[{"@type":"SearchAction","target":{"@type":"EntryPoint","urlTemplate":"https:\/\/www.nettali.com\/?s={search_term_string}"},"query-input":"required name=search_term_string"}],"inLanguage":"fr-FR"},{"@type":"ImageObject","@id":"https:\/\/www.nettali.com\/2023\/05\/09\/sortie-de-barthelemy-dias-les-premieres-sanctions-de-pastef\/#primaryimage","inLanguage":"fr-FR","url":"https:\/\/www.nettali.com\/wp-content\/uploads\/2023\/05\/Barth-dias-sonko-1256x628-1645695046.jpeg","contentUrl":"https:\/\/www.nettali.com\/wp-content\/uploads\/2023\/05\/Barth-dias-sonko-1256x628-1645695046.jpeg","width":1256,"height":628},{"@type":"WebPage","@id":"https:\/\/www.nettali.com\/2023\/05\/09\/sortie-de-barthelemy-dias-les-premieres-sanctions-de-pastef\/#webpage","url":"https:\/\/www.nettali.com\/2023\/05\/09\/sortie-de-barthelemy-dias-les-premieres-sanctions-de-pastef\/","name":"SORTIE DE BARTHELEMY DIAS - Les premi\u00e8res sanctions de Pastef | Nettali.com","isPartOf":{"@id":"https:\/\/www.nettali.com\/#website"},"primaryImageOfPage":{"@id":"https:\/\/www.nettali.com\/2023\/05\/09\/sortie-de-barthelemy-dias-les-premieres-sanctions-de-pastef\/#primaryimage"},"datePublished":"2023-05-09T08:40:10+00:00","dateModified":"2023-05-10T08:37:30+00:00","author":{"@id":"https:\/\/www.nettali.com\/#\/schema\/person\/3317e0bb3aa1da309fbf7b2780901bf4"},"breadcrumb":{"@id":"https:\/\/www.nettali.com\/2023\/05\/09\/sortie-de-barthelemy-dias-les-premieres-sanctions-de-pastef\/#breadcrumb"},"inLanguage":"fr-FR","potentialAction":[{"@type":"ReadAction","target":["https:\/\/www.nettali.com\/2023\/05\/09\/sortie-de-barthelemy-dias-les-premieres-sanctions-de-pastef\/"]}]},{"@type":"BreadcrumbList","@id":"https:\/\/www.nettali.com\/2023\/05\/09\/sortie-de-barthelemy-dias-les-premieres-sanctions-de-pastef\/#breadcrumb","itemListElement":[{"@type":"ListItem","position":1,"name":"Accueil","item":"https:\/\/www.nettali.com\/"},{"@type":"ListItem","position":2,"name":"SORTIE DE BARTHELEMY DIAS - Les premi\u00e8res sanctions de Pastef"}]},{"@type":"Person","@id":"https:\/\/www.nettali.com\/#\/schema\/person\/3317e0bb3aa1da309fbf7b2780901bf4","name":"Daouda","image":{"@type":"ImageObject","@id":"https:\/\/www.nettali.com\/#personlogo","inLanguage":"fr-FR","url":"https:\/\/secure.gravatar.com\/avatar\/8d143b5a49345098ddcfee1c49c2f47c?s=96&d=mm&r=g","contentUrl":"https:\/\/secure.gravatar.com\/avatar\/8d143b5a49345098ddcfee1c49c2f47c?s=96&d=mm&r=g","caption":"Daouda"},"sameAs":["https:\/\/www.nettali.com"]}]}},"_links":{"self":[{"href":"https:\/\/www.nettali.com\/rest\/wp\/v2\/posts\/109548"}],"collection":[{"href":"https:\/\/www.nettali.com\/rest\/wp\/v2\/posts"}],"about":[{"href":"https:\/\/www.nettali.com\/rest\/wp\/v2\/types\/post"}],"author":[{"embeddable":true,"href":"https:\/\/www.nettali.com\/rest\/wp\/v2\/users\/4"}],"replies":[{"embeddable":true,"href":"https:\/\/www.nettali.com\/rest\/wp\/v2\/comments?post=109548"}],"version-history":[{"count":1,"href":"https:\/\/www.nettali.com\/rest\/wp\/v2\/posts\/109548\/revisions"}],"predecessor-version":[{"id":109555,"href":"https:\/\/www.nettali.com\/rest\/wp\/v2\/posts\/109548\/revisions\/109555"}],"wp:featuredmedia":[{"embeddable":true,"href":"https:\/\/www.nettali.com\/rest\/wp\/v2\/media\/109554"}],"wp:attachment":[{"href":"https:\/\/www.nettali.com\/rest\/wp\/v2\/media?parent=109548"}],"wp:term":[{"taxonomy":"category","embeddable":true,"href":"https:\/\/www.nettali.com\/rest\/wp\/v2\/categories?post=109548"},{"taxonomy":"post_tag","embeddable":true,"href":"https:\/\/www.nettali.com\/rest\/wp\/v2\/tags?post=109548"}],"curies":[{"name":"wp","href":"https:\/\/api.w.org\/{rel}","templated":true}]}}