{"id":109541,"date":"2023-05-09T08:36:21","date_gmt":"2023-05-09T08:36:21","guid":{"rendered":"https:\/\/www.nettali.com\/?p=109541"},"modified":"2023-05-09T08:36:21","modified_gmt":"2023-05-09T08:36:21","slug":"en-coulisses-dakar-dem-dikk-ne-roulera-pas-ce-mardi","status":"publish","type":"post","link":"https:\/\/www.nettali.com\/2023\/05\/09\/en-coulisses-dakar-dem-dikk-ne-roulera-pas-ce-mardi\/","title":{"rendered":"EN COULISSES - Dakar Dem Dikk ne roulera pas ce mardi"},"content":{"rendered":"<p><strong>NETTALI.COM -<\/strong> Pour rester sur ces \u00e9chauffour\u00e9es qui ont eu lieu dans quelques localit\u00e9s, suite au verdict du proc\u00e8s en appel d'Ousmane Sonko, au cours desquelles des bus ont \u00e9t\u00e9 caillass\u00e9es \u00e0 Mbour, Dakar Dem Dikk a pondu un communiqu\u00e9 tard dans la soir\u00e9e, autour de 23 heures.<\/p>\n<p>En effet pour \u00e9viter d\u2019autres incidents de ce genre, la soci\u00e9t\u00e9 de transport public a pris une d\u00e9cision d'informer ses clients de la suspension du r\u00e9seau urbain, interurbain et international pour la journ\u00e9e du mardi 9 mai 2023.<\/p>\n<p>Sans donner une date de reprise du trafic de ces bus, la soci\u00e9t\u00e9 anonyme dirig\u00e9e par Ousmane Sylla s\u2019est content\u00e9e de dire qu\u2019elle esp\u00e8re retrouver sa client\u00e8le \u00abbient\u00f4t\u00bb.<\/p>\n<div class='share-to-whatsapp-wrapper'><div class='share-on-whsp'>PARTAGER SUR : <\/div><a data-text='EN COULISSES - Dakar Dem Dikk ne roulera pas ce mardi' data-link='https:\/\/www.nettali.com\/2023\/05\/09\/en-coulisses-dakar-dem-dikk-ne-roulera-pas-ce-mardi\/' class='whatsapp-button whatsapp-share'>WhatsApp<\/a><div class='clear '><\/div><\/div>","protected":false},"excerpt":{"rendered":"<p>NETTALI.COM - Pour rester sur ces \u00e9chauffour\u00e9es qui ont eu lieu dans quelques localit\u00e9s, suite au verdict du proc\u00e8s en appel d'Ousmane Sonko, au cours desquelles des bus ont \u00e9t\u00e9 caillass\u00e9es \u00e0 Mbour, Dakar Dem Dikk a pondu un communiqu\u00e9 tard dans la soir\u00e9e, autour de 23 heures. En effet pour \u00e9viter d\u2019autres incidents de [&hellip;]<\/p>\n","protected":false},"author":2,"featured_media":109552,"comment_status":"open","ping_status":"open","sticky":false,"template":"","format":"standard","meta":{"_et_pb_use_builder":"","_et_pb_old_content":""},"categories":[34945],"tags":[],"yoast_head":"<!-- This site is optimized with the Yoast SEO Premium plugin v17.8 (Yoast SEO v17.8) - https:\/\/yoast.com\/wordpress\/plugins\/seo\/ -->\n<title>EN COULISSES - Dakar Dem Dikk ne roulera pas ce mardi | Nettali.com<\/title>\n<meta name=\"robots\" content=\"index, follow, max-snippet:-1, max-image-preview:large, max-video-preview:-1\" \/>\n<link rel=\"canonical\" href=\"https:\/\/www.nettali.com\/2023\/05\/09\/en-coulisses-dakar-dem-dikk-ne-roulera-pas-ce-mardi\/\" \/>\n<meta property=\"og:locale\" content=\"fr_FR\" \/>\n<meta property=\"og:type\" content=\"article\" \/>\n<meta property=\"og:title\" content=\"EN COULISSES - Dakar Dem Dikk ne roulera pas ce mardi\" \/>\n<meta property=\"og:description\" content=\"NETTALI.COM - Pour rester sur ces \u00e9chauffour\u00e9es qui ont eu lieu dans quelques localit\u00e9s, suite au verdict du proc\u00e8s en appel d&#039;Ousmane Sonko, au cours desquelles des bus ont \u00e9t\u00e9 caillass\u00e9es \u00e0 Mbour, Dakar Dem Dikk a pondu un communiqu\u00e9 tard dans la soir\u00e9e, autour de 23 heures. En effet pour \u00e9viter d\u2019autres incidents de [&hellip;]\" \/>\n<meta property=\"og:url\" content=\"https:\/\/www.nettali.com\/2023\/05\/09\/en-coulisses-dakar-dem-dikk-ne-roulera-pas-ce-mardi\/\" \/>\n<meta property=\"og:site_name\" content=\"Nettali.com\" \/>\n<meta property=\"article:publisher\" content=\"https:\/\/www.facebook.com\/nettalicom\" \/>\n<meta property=\"article:published_time\" content=\"2023-05-09T08:36:21+00:00\" \/>\n<meta property=\"og:image\" content=\"https:\/\/www.nettali.com\/wp-content\/uploads\/2023\/05\/telechargement-2.jpg\" \/>\n\t<meta property=\"og:image:width\" content=\"259\" \/>\n\t<meta property=\"og:image:height\" content=\"194\" \/>\n<meta name=\"twitter:card\" content=\"summary_large_image\" \/>\n<meta name=\"twitter:label1\" content=\"\u00c9crit par\" \/>\n\t<meta name=\"twitter:data1\" content=\"CK\" \/>\n\t<meta name=\"twitter:label2\" content=\"Dur\u00e9e de lecture estim\u00e9e\" \/>\n\t<meta name=\"twitter:data2\" content=\"1 minute\" \/>\n<script type=\"application\/ld+json\" class=\"yoast-schema-graph\">{\"@context\":\"https:\/\/schema.org\",\"@graph\":[{\"@type\":\"WebSite\",\"@id\":\"https:\/\/www.nettali.com\/#website\",\"url\":\"https:\/\/www.nettali.com\/\",\"name\":\"Nettali.com\",\"description\":\"Le rendez-vous critique du Net\",\"potentialAction\":[{\"@type\":\"SearchAction\",\"target\":{\"@type\":\"EntryPoint\",\"urlTemplate\":\"https:\/\/www.nettali.com\/?s={search_term_string}\"},\"query-input\":\"required name=search_term_string\"}],\"inLanguage\":\"fr-FR\"},{\"@type\":\"ImageObject\",\"@id\":\"https:\/\/www.nettali.com\/2023\/05\/09\/en-coulisses-dakar-dem-dikk-ne-roulera-pas-ce-mardi\/#primaryimage\",\"inLanguage\":\"fr-FR\",\"url\":\"https:\/\/www.nettali.com\/wp-content\/uploads\/2023\/05\/telechargement-2.jpg\",\"contentUrl\":\"https:\/\/www.nettali.com\/wp-content\/uploads\/2023\/05\/telechargement-2.jpg\",\"width\":259,\"height\":194},{\"@type\":\"WebPage\",\"@id\":\"https:\/\/www.nettali.com\/2023\/05\/09\/en-coulisses-dakar-dem-dikk-ne-roulera-pas-ce-mardi\/#webpage\",\"url\":\"https:\/\/www.nettali.com\/2023\/05\/09\/en-coulisses-dakar-dem-dikk-ne-roulera-pas-ce-mardi\/\",\"name\":\"EN COULISSES - Dakar Dem Dikk ne roulera pas ce mardi | Nettali.com\",\"isPartOf\":{\"@id\":\"https:\/\/www.nettali.com\/#website\"},\"primaryImageOfPage\":{\"@id\":\"https:\/\/www.nettali.com\/2023\/05\/09\/en-coulisses-dakar-dem-dikk-ne-roulera-pas-ce-mardi\/#primaryimage\"},\"datePublished\":\"2023-05-09T08:36:21+00:00\",\"dateModified\":\"2023-05-09T08:36:21+00:00\",\"author\":{\"@id\":\"https:\/\/www.nettali.com\/#\/schema\/person\/d8ac7b7e27ddad43f1c0d2ef090d7f71\"},\"breadcrumb\":{\"@id\":\"https:\/\/www.nettali.com\/2023\/05\/09\/en-coulisses-dakar-dem-dikk-ne-roulera-pas-ce-mardi\/#breadcrumb\"},\"inLanguage\":\"fr-FR\",\"potentialAction\":[{\"@type\":\"ReadAction\",\"target\":[\"https:\/\/www.nettali.com\/2023\/05\/09\/en-coulisses-dakar-dem-dikk-ne-roulera-pas-ce-mardi\/\"]}]},{\"@type\":\"BreadcrumbList\",\"@id\":\"https:\/\/www.nettali.com\/2023\/05\/09\/en-coulisses-dakar-dem-dikk-ne-roulera-pas-ce-mardi\/#breadcrumb\",\"itemListElement\":[{\"@type\":\"ListItem\",\"position\":1,\"name\":\"Accueil\",\"item\":\"https:\/\/www.nettali.com\/\"},{\"@type\":\"ListItem\",\"position\":2,\"name\":\"EN COULISSES - Dakar Dem Dikk ne roulera pas ce mardi\"}]},{\"@type\":\"Person\",\"@id\":\"https:\/\/www.nettali.com\/#\/schema\/person\/d8ac7b7e27ddad43f1c0d2ef090d7f71\",\"name\":\"CK\",\"image\":{\"@type\":\"ImageObject\",\"@id\":\"https:\/\/www.nettali.com\/#personlogo\",\"inLanguage\":\"fr-FR\",\"url\":\"https:\/\/secure.gravatar.com\/avatar\/1d8d5118b9327d94da7cd4ce7f17fec2?s=96&d=mm&r=g\",\"contentUrl\":\"https:\/\/secure.gravatar.com\/avatar\/1d8d5118b9327d94da7cd4ce7f17fec2?s=96&d=mm&r=g\",\"caption\":\"CK\"},\"sameAs\":[\"https:\/\/www.nettali.com\"]}]}<\/script>\n<!-- \/ Yoast SEO Premium plugin. -->","yoast_head_json":{"title":"EN COULISSES - Dakar Dem Dikk ne roulera pas ce mardi | Nettali.com","robots":{"index":"index","follow":"follow","max-snippet":"max-snippet:-1","max-image-preview":"max-image-preview:large","max-video-preview":"max-video-preview:-1"},"canonical":"https:\/\/www.nettali.com\/2023\/05\/09\/en-coulisses-dakar-dem-dikk-ne-roulera-pas-ce-mardi\/","og_locale":"fr_FR","og_type":"article","og_title":"EN COULISSES - Dakar Dem Dikk ne roulera pas ce mardi","og_description":"NETTALI.COM - Pour rester sur ces \u00e9chauffour\u00e9es qui ont eu lieu dans quelques localit\u00e9s, suite au verdict du proc\u00e8s en appel d'Ousmane Sonko, au cours desquelles des bus ont \u00e9t\u00e9 caillass\u00e9es \u00e0 Mbour, Dakar Dem Dikk a pondu un communiqu\u00e9 tard dans la soir\u00e9e, autour de 23 heures. En effet pour \u00e9viter d\u2019autres incidents de [&hellip;]","og_url":"https:\/\/www.nettali.com\/2023\/05\/09\/en-coulisses-dakar-dem-dikk-ne-roulera-pas-ce-mardi\/","og_site_name":"Nettali.com","article_publisher":"https:\/\/www.facebook.com\/nettalicom","article_published_time":"2023-05-09T08:36:21+00:00","og_image":[{"width":259,"height":194,"url":"https:\/\/www.nettali.com\/wp-content\/uploads\/2023\/05\/telechargement-2.jpg","type":"image\/jpeg"}],"twitter_card":"summary_large_image","twitter_misc":{"\u00c9crit par":"CK","Dur\u00e9e de lecture estim\u00e9e":"1 minute"},"schema":{"@context":"https:\/\/schema.org","@graph":[{"@type":"WebSite","@id":"https:\/\/www.nettali.com\/#website","url":"https:\/\/www.nettali.com\/","name":"Nettali.com","description":"Le rendez-vous critique du Net","potentialAction":[{"@type":"SearchAction","target":{"@type":"EntryPoint","urlTemplate":"https:\/\/www.nettali.com\/?s={search_term_string}"},"query-input":"required name=search_term_string"}],"inLanguage":"fr-FR"},{"@type":"ImageObject","@id":"https:\/\/www.nettali.com\/2023\/05\/09\/en-coulisses-dakar-dem-dikk-ne-roulera-pas-ce-mardi\/#primaryimage","inLanguage":"fr-FR","url":"https:\/\/www.nettali.com\/wp-content\/uploads\/2023\/05\/telechargement-2.jpg","contentUrl":"https:\/\/www.nettali.com\/wp-content\/uploads\/2023\/05\/telechargement-2.jpg","width":259,"height":194},{"@type":"WebPage","@id":"https:\/\/www.nettali.com\/2023\/05\/09\/en-coulisses-dakar-dem-dikk-ne-roulera-pas-ce-mardi\/#webpage","url":"https:\/\/www.nettali.com\/2023\/05\/09\/en-coulisses-dakar-dem-dikk-ne-roulera-pas-ce-mardi\/","name":"EN COULISSES - Dakar Dem Dikk ne roulera pas ce mardi | Nettali.com","isPartOf":{"@id":"https:\/\/www.nettali.com\/#website"},"primaryImageOfPage":{"@id":"https:\/\/www.nettali.com\/2023\/05\/09\/en-coulisses-dakar-dem-dikk-ne-roulera-pas-ce-mardi\/#primaryimage"},"datePublished":"2023-05-09T08:36:21+00:00","dateModified":"2023-05-09T08:36:21+00:00","author":{"@id":"https:\/\/www.nettali.com\/#\/schema\/person\/d8ac7b7e27ddad43f1c0d2ef090d7f71"},"breadcrumb":{"@id":"https:\/\/www.nettali.com\/2023\/05\/09\/en-coulisses-dakar-dem-dikk-ne-roulera-pas-ce-mardi\/#breadcrumb"},"inLanguage":"fr-FR","potentialAction":[{"@type":"ReadAction","target":["https:\/\/www.nettali.com\/2023\/05\/09\/en-coulisses-dakar-dem-dikk-ne-roulera-pas-ce-mardi\/"]}]},{"@type":"BreadcrumbList","@id":"https:\/\/www.nettali.com\/2023\/05\/09\/en-coulisses-dakar-dem-dikk-ne-roulera-pas-ce-mardi\/#breadcrumb","itemListElement":[{"@type":"ListItem","position":1,"name":"Accueil","item":"https:\/\/www.nettali.com\/"},{"@type":"ListItem","position":2,"name":"EN COULISSES - Dakar Dem Dikk ne roulera pas ce mardi"}]},{"@type":"Person","@id":"https:\/\/www.nettali.com\/#\/schema\/person\/d8ac7b7e27ddad43f1c0d2ef090d7f71","name":"CK","image":{"@type":"ImageObject","@id":"https:\/\/www.nettali.com\/#personlogo","inLanguage":"fr-FR","url":"https:\/\/secure.gravatar.com\/avatar\/1d8d5118b9327d94da7cd4ce7f17fec2?s=96&d=mm&r=g","contentUrl":"https:\/\/secure.gravatar.com\/avatar\/1d8d5118b9327d94da7cd4ce7f17fec2?s=96&d=mm&r=g","caption":"CK"},"sameAs":["https:\/\/www.nettali.com"]}]}},"_links":{"self":[{"href":"https:\/\/www.nettali.com\/rest\/wp\/v2\/posts\/109541"}],"collection":[{"href":"https:\/\/www.nettali.com\/rest\/wp\/v2\/posts"}],"about":[{"href":"https:\/\/www.nettali.com\/rest\/wp\/v2\/types\/post"}],"author":[{"embeddable":true,"href":"https:\/\/www.nettali.com\/rest\/wp\/v2\/users\/2"}],"replies":[{"embeddable":true,"href":"https:\/\/www.nettali.com\/rest\/wp\/v2\/comments?post=109541"}],"version-history":[{"count":1,"href":"https:\/\/www.nettali.com\/rest\/wp\/v2\/posts\/109541\/revisions"}],"predecessor-version":[{"id":109547,"href":"https:\/\/www.nettali.com\/rest\/wp\/v2\/posts\/109541\/revisions\/109547"}],"wp:featuredmedia":[{"embeddable":true,"href":"https:\/\/www.nettali.com\/rest\/wp\/v2\/media\/109552"}],"wp:attachment":[{"href":"https:\/\/www.nettali.com\/rest\/wp\/v2\/media?parent=109541"}],"wp:term":[{"taxonomy":"category","embeddable":true,"href":"https:\/\/www.nettali.com\/rest\/wp\/v2\/categories?post=109541"},{"taxonomy":"post_tag","embeddable":true,"href":"https:\/\/www.nettali.com\/rest\/wp\/v2\/tags?post=109541"}],"curies":[{"name":"wp","href":"https:\/\/api.w.org\/{rel}","templated":true}]}}