{"id":109487,"date":"2023-05-08T10:36:15","date_gmt":"2023-05-08T10:36:15","guid":{"rendered":"https:\/\/www.nettali.com\/?p=109487"},"modified":"2023-05-08T11:02:35","modified_gmt":"2023-05-08T11:02:35","slug":"proces-en-appel-le-dossier-mame-mbaye-niang-sonko-retenu","status":"publish","type":"post","link":"https:\/\/www.nettali.com\/2023\/05\/08\/proces-en-appel-le-dossier-mame-mbaye-niang-sonko-retenu\/","title":{"rendered":"PROC\u00c8S EN APPEL- Le dossier Mame Mbaye Niang\/Sonko retenu"},"content":{"rendered":"<p><strong>NETTALI.COM -<\/strong> <strong>Le proc\u00e8s opposant Ousmane Sonko et Mame Mbaye Niang vient de s'ouvrir devant la premi\u00e8re chambre correctionnelle de la Cour d'appel de Dakar. <\/strong><\/p>\n<p>C'est \u00e0 10h 14 mn que la premi\u00e8re chambre correctionnelle de la cour d'appel de Dakar a \u00e9voqu\u00e9 le dossier. Comme promis, Ousmane Sonko, pr\u00e9venu dans cette affaire, ne s'est pas pr\u00e9sent\u00e9. Seul Mame Mbaye Niang, partie civile est venu.<\/p>\n<p>A rappeler que Ousmane Sonko a \u00e9t\u00e9 condamn\u00e9 en premi\u00e8re instance \u00e0 deux mois assortis du sursis et au paiement de dommages et int\u00e9r\u00eats d'un montant de 200.000.000F Cfa.<\/p>\n<p>Non satisfaits de la d\u00e9cision, Mame Mbaye Niang et le parquet ont fait appel.<\/p>\n<div class='share-to-whatsapp-wrapper'><div class='share-on-whsp'>PARTAGER SUR : <\/div><a data-text='PROC\u00c8S EN APPEL- Le dossier Mame Mbaye Niang\/Sonko retenu' data-link='https:\/\/www.nettali.com\/2023\/05\/08\/proces-en-appel-le-dossier-mame-mbaye-niang-sonko-retenu\/' class='whatsapp-button whatsapp-share'>WhatsApp<\/a><div class='clear '><\/div><\/div>","protected":false},"excerpt":{"rendered":"<p>NETTALI.COM - Le proc\u00e8s opposant Ousmane Sonko et Mame Mbaye Niang vient de s'ouvrir devant la premi\u00e8re chambre correctionnelle de la Cour d'appel de Dakar. C'est \u00e0 10h 14 mn que la premi\u00e8re chambre correctionnelle de la cour d'appel de Dakar a \u00e9voqu\u00e9 le dossier. Comme promis, Ousmane Sonko, pr\u00e9venu dans cette affaire, ne s'est [&hellip;]<\/p>\n","protected":false},"author":6,"featured_media":107191,"comment_status":"open","ping_status":"open","sticky":false,"template":"","format":"standard","meta":{"_et_pb_use_builder":"","_et_pb_old_content":""},"categories":[3],"tags":[],"yoast_head":"<!-- This site is optimized with the Yoast SEO Premium plugin v17.8 (Yoast SEO v17.8) - https:\/\/yoast.com\/wordpress\/plugins\/seo\/ -->\n<title>PROC\u00c8S EN APPEL- Le dossier Mame Mbaye Niang\/Sonko retenu | Nettali.com<\/title>\n<meta name=\"robots\" content=\"index, follow, max-snippet:-1, max-image-preview:large, max-video-preview:-1\" \/>\n<link rel=\"canonical\" href=\"https:\/\/www.nettali.com\/2023\/05\/08\/proces-en-appel-le-dossier-mame-mbaye-niang-sonko-retenu\/\" \/>\n<meta property=\"og:locale\" content=\"fr_FR\" \/>\n<meta property=\"og:type\" content=\"article\" \/>\n<meta property=\"og:title\" content=\"PROC\u00c8S EN APPEL- Le dossier Mame Mbaye Niang\/Sonko retenu\" \/>\n<meta property=\"og:description\" content=\"NETTALI.COM - Le proc\u00e8s opposant Ousmane Sonko et Mame Mbaye Niang vient de s&#039;ouvrir devant la premi\u00e8re chambre correctionnelle de la Cour d&#039;appel de Dakar. C&#039;est \u00e0 10h 14 mn que la premi\u00e8re chambre correctionnelle de la cour d&#039;appel de Dakar a \u00e9voqu\u00e9 le dossier. Comme promis, Ousmane Sonko, pr\u00e9venu dans cette affaire, ne s&#039;est [&hellip;]\" \/>\n<meta property=\"og:url\" content=\"https:\/\/www.nettali.com\/2023\/05\/08\/proces-en-appel-le-dossier-mame-mbaye-niang-sonko-retenu\/\" \/>\n<meta property=\"og:site_name\" content=\"Nettali.com\" \/>\n<meta property=\"article:publisher\" content=\"https:\/\/www.facebook.com\/nettalicom\" \/>\n<meta property=\"article:published_time\" content=\"2023-05-08T10:36:15+00:00\" \/>\n<meta property=\"article:modified_time\" content=\"2023-05-08T11:02:35+00:00\" \/>\n<meta property=\"og:image\" content=\"https:\/\/www.nettali.com\/wp-content\/uploads\/2023\/03\/mame-mbaye-niang-vs-ousmane-sonko-1-800x445-696x387-1.jpg\" \/>\n\t<meta property=\"og:image:width\" content=\"660\" \/>\n\t<meta property=\"og:image:height\" content=\"330\" \/>\n<meta name=\"twitter:card\" content=\"summary_large_image\" \/>\n<meta name=\"twitter:label1\" content=\"\u00c9crit par\" \/>\n\t<meta name=\"twitter:data1\" content=\"Fatou\" \/>\n\t<meta name=\"twitter:label2\" content=\"Dur\u00e9e de lecture estim\u00e9e\" \/>\n\t<meta name=\"twitter:data2\" content=\"1 minute\" \/>\n<script type=\"application\/ld+json\" class=\"yoast-schema-graph\">{\"@context\":\"https:\/\/schema.org\",\"@graph\":[{\"@type\":\"WebSite\",\"@id\":\"https:\/\/www.nettali.com\/#website\",\"url\":\"https:\/\/www.nettali.com\/\",\"name\":\"Nettali.com\",\"description\":\"Le rendez-vous critique du Net\",\"potentialAction\":[{\"@type\":\"SearchAction\",\"target\":{\"@type\":\"EntryPoint\",\"urlTemplate\":\"https:\/\/www.nettali.com\/?s={search_term_string}\"},\"query-input\":\"required name=search_term_string\"}],\"inLanguage\":\"fr-FR\"},{\"@type\":\"ImageObject\",\"@id\":\"https:\/\/www.nettali.com\/2023\/05\/08\/proces-en-appel-le-dossier-mame-mbaye-niang-sonko-retenu\/#primaryimage\",\"inLanguage\":\"fr-FR\",\"url\":\"https:\/\/www.nettali.com\/wp-content\/uploads\/2023\/03\/mame-mbaye-niang-vs-ousmane-sonko-1-800x445-696x387-1.jpg\",\"contentUrl\":\"https:\/\/www.nettali.com\/wp-content\/uploads\/2023\/03\/mame-mbaye-niang-vs-ousmane-sonko-1-800x445-696x387-1.jpg\",\"width\":660,\"height\":330},{\"@type\":\"WebPage\",\"@id\":\"https:\/\/www.nettali.com\/2023\/05\/08\/proces-en-appel-le-dossier-mame-mbaye-niang-sonko-retenu\/#webpage\",\"url\":\"https:\/\/www.nettali.com\/2023\/05\/08\/proces-en-appel-le-dossier-mame-mbaye-niang-sonko-retenu\/\",\"name\":\"PROC\\u00c8S EN APPEL- Le dossier Mame Mbaye Niang\/Sonko retenu | Nettali.com\",\"isPartOf\":{\"@id\":\"https:\/\/www.nettali.com\/#website\"},\"primaryImageOfPage\":{\"@id\":\"https:\/\/www.nettali.com\/2023\/05\/08\/proces-en-appel-le-dossier-mame-mbaye-niang-sonko-retenu\/#primaryimage\"},\"datePublished\":\"2023-05-08T10:36:15+00:00\",\"dateModified\":\"2023-05-08T11:02:35+00:00\",\"author\":{\"@id\":\"https:\/\/www.nettali.com\/#\/schema\/person\/418274a86bdf87caff7a3ef476bd0bbf\"},\"breadcrumb\":{\"@id\":\"https:\/\/www.nettali.com\/2023\/05\/08\/proces-en-appel-le-dossier-mame-mbaye-niang-sonko-retenu\/#breadcrumb\"},\"inLanguage\":\"fr-FR\",\"potentialAction\":[{\"@type\":\"ReadAction\",\"target\":[\"https:\/\/www.nettali.com\/2023\/05\/08\/proces-en-appel-le-dossier-mame-mbaye-niang-sonko-retenu\/\"]}]},{\"@type\":\"BreadcrumbList\",\"@id\":\"https:\/\/www.nettali.com\/2023\/05\/08\/proces-en-appel-le-dossier-mame-mbaye-niang-sonko-retenu\/#breadcrumb\",\"itemListElement\":[{\"@type\":\"ListItem\",\"position\":1,\"name\":\"Accueil\",\"item\":\"https:\/\/www.nettali.com\/\"},{\"@type\":\"ListItem\",\"position\":2,\"name\":\"PROC\\u00c8S EN APPEL- Le dossier Mame Mbaye Niang\/Sonko retenu\"}]},{\"@type\":\"Person\",\"@id\":\"https:\/\/www.nettali.com\/#\/schema\/person\/418274a86bdf87caff7a3ef476bd0bbf\",\"name\":\"Fatou\",\"image\":{\"@type\":\"ImageObject\",\"@id\":\"https:\/\/www.nettali.com\/#personlogo\",\"inLanguage\":\"fr-FR\",\"url\":\"https:\/\/secure.gravatar.com\/avatar\/5a9442a2bee7b4dcf167cab035858e9a?s=96&d=mm&r=g\",\"contentUrl\":\"https:\/\/secure.gravatar.com\/avatar\/5a9442a2bee7b4dcf167cab035858e9a?s=96&d=mm&r=g\",\"caption\":\"Fatou\"},\"sameAs\":[\"https:\/\/www.nettali.com\"]}]}<\/script>\n<!-- \/ Yoast SEO Premium plugin. -->","yoast_head_json":{"title":"PROC\u00c8S EN APPEL- Le dossier Mame Mbaye Niang\/Sonko retenu | Nettali.com","robots":{"index":"index","follow":"follow","max-snippet":"max-snippet:-1","max-image-preview":"max-image-preview:large","max-video-preview":"max-video-preview:-1"},"canonical":"https:\/\/www.nettali.com\/2023\/05\/08\/proces-en-appel-le-dossier-mame-mbaye-niang-sonko-retenu\/","og_locale":"fr_FR","og_type":"article","og_title":"PROC\u00c8S EN APPEL- Le dossier Mame Mbaye Niang\/Sonko retenu","og_description":"NETTALI.COM - Le proc\u00e8s opposant Ousmane Sonko et Mame Mbaye Niang vient de s'ouvrir devant la premi\u00e8re chambre correctionnelle de la Cour d'appel de Dakar. C'est \u00e0 10h 14 mn que la premi\u00e8re chambre correctionnelle de la cour d'appel de Dakar a \u00e9voqu\u00e9 le dossier. Comme promis, Ousmane Sonko, pr\u00e9venu dans cette affaire, ne s'est [&hellip;]","og_url":"https:\/\/www.nettali.com\/2023\/05\/08\/proces-en-appel-le-dossier-mame-mbaye-niang-sonko-retenu\/","og_site_name":"Nettali.com","article_publisher":"https:\/\/www.facebook.com\/nettalicom","article_published_time":"2023-05-08T10:36:15+00:00","article_modified_time":"2023-05-08T11:02:35+00:00","og_image":[{"width":660,"height":330,"url":"https:\/\/www.nettali.com\/wp-content\/uploads\/2023\/03\/mame-mbaye-niang-vs-ousmane-sonko-1-800x445-696x387-1.jpg","type":"image\/jpeg"}],"twitter_card":"summary_large_image","twitter_misc":{"\u00c9crit par":"Fatou","Dur\u00e9e de lecture estim\u00e9e":"1 minute"},"schema":{"@context":"https:\/\/schema.org","@graph":[{"@type":"WebSite","@id":"https:\/\/www.nettali.com\/#website","url":"https:\/\/www.nettali.com\/","name":"Nettali.com","description":"Le rendez-vous critique du Net","potentialAction":[{"@type":"SearchAction","target":{"@type":"EntryPoint","urlTemplate":"https:\/\/www.nettali.com\/?s={search_term_string}"},"query-input":"required name=search_term_string"}],"inLanguage":"fr-FR"},{"@type":"ImageObject","@id":"https:\/\/www.nettali.com\/2023\/05\/08\/proces-en-appel-le-dossier-mame-mbaye-niang-sonko-retenu\/#primaryimage","inLanguage":"fr-FR","url":"https:\/\/www.nettali.com\/wp-content\/uploads\/2023\/03\/mame-mbaye-niang-vs-ousmane-sonko-1-800x445-696x387-1.jpg","contentUrl":"https:\/\/www.nettali.com\/wp-content\/uploads\/2023\/03\/mame-mbaye-niang-vs-ousmane-sonko-1-800x445-696x387-1.jpg","width":660,"height":330},{"@type":"WebPage","@id":"https:\/\/www.nettali.com\/2023\/05\/08\/proces-en-appel-le-dossier-mame-mbaye-niang-sonko-retenu\/#webpage","url":"https:\/\/www.nettali.com\/2023\/05\/08\/proces-en-appel-le-dossier-mame-mbaye-niang-sonko-retenu\/","name":"PROC\u00c8S EN APPEL- Le dossier Mame Mbaye Niang\/Sonko retenu | Nettali.com","isPartOf":{"@id":"https:\/\/www.nettali.com\/#website"},"primaryImageOfPage":{"@id":"https:\/\/www.nettali.com\/2023\/05\/08\/proces-en-appel-le-dossier-mame-mbaye-niang-sonko-retenu\/#primaryimage"},"datePublished":"2023-05-08T10:36:15+00:00","dateModified":"2023-05-08T11:02:35+00:00","author":{"@id":"https:\/\/www.nettali.com\/#\/schema\/person\/418274a86bdf87caff7a3ef476bd0bbf"},"breadcrumb":{"@id":"https:\/\/www.nettali.com\/2023\/05\/08\/proces-en-appel-le-dossier-mame-mbaye-niang-sonko-retenu\/#breadcrumb"},"inLanguage":"fr-FR","potentialAction":[{"@type":"ReadAction","target":["https:\/\/www.nettali.com\/2023\/05\/08\/proces-en-appel-le-dossier-mame-mbaye-niang-sonko-retenu\/"]}]},{"@type":"BreadcrumbList","@id":"https:\/\/www.nettali.com\/2023\/05\/08\/proces-en-appel-le-dossier-mame-mbaye-niang-sonko-retenu\/#breadcrumb","itemListElement":[{"@type":"ListItem","position":1,"name":"Accueil","item":"https:\/\/www.nettali.com\/"},{"@type":"ListItem","position":2,"name":"PROC\u00c8S EN APPEL- Le dossier Mame Mbaye Niang\/Sonko retenu"}]},{"@type":"Person","@id":"https:\/\/www.nettali.com\/#\/schema\/person\/418274a86bdf87caff7a3ef476bd0bbf","name":"Fatou","image":{"@type":"ImageObject","@id":"https:\/\/www.nettali.com\/#personlogo","inLanguage":"fr-FR","url":"https:\/\/secure.gravatar.com\/avatar\/5a9442a2bee7b4dcf167cab035858e9a?s=96&d=mm&r=g","contentUrl":"https:\/\/secure.gravatar.com\/avatar\/5a9442a2bee7b4dcf167cab035858e9a?s=96&d=mm&r=g","caption":"Fatou"},"sameAs":["https:\/\/www.nettali.com"]}]}},"_links":{"self":[{"href":"https:\/\/www.nettali.com\/rest\/wp\/v2\/posts\/109487"}],"collection":[{"href":"https:\/\/www.nettali.com\/rest\/wp\/v2\/posts"}],"about":[{"href":"https:\/\/www.nettali.com\/rest\/wp\/v2\/types\/post"}],"author":[{"embeddable":true,"href":"https:\/\/www.nettali.com\/rest\/wp\/v2\/users\/6"}],"replies":[{"embeddable":true,"href":"https:\/\/www.nettali.com\/rest\/wp\/v2\/comments?post=109487"}],"version-history":[{"count":2,"href":"https:\/\/www.nettali.com\/rest\/wp\/v2\/posts\/109487\/revisions"}],"predecessor-version":[{"id":109491,"href":"https:\/\/www.nettali.com\/rest\/wp\/v2\/posts\/109487\/revisions\/109491"}],"wp:featuredmedia":[{"embeddable":true,"href":"https:\/\/www.nettali.com\/rest\/wp\/v2\/media\/107191"}],"wp:attachment":[{"href":"https:\/\/www.nettali.com\/rest\/wp\/v2\/media?parent=109487"}],"wp:term":[{"taxonomy":"category","embeddable":true,"href":"https:\/\/www.nettali.com\/rest\/wp\/v2\/categories?post=109487"},{"taxonomy":"post_tag","embeddable":true,"href":"https:\/\/www.nettali.com\/rest\/wp\/v2\/tags?post=109487"}],"curies":[{"name":"wp","href":"https:\/\/api.w.org\/{rel}","templated":true}]}}