{"id":109451,"date":"2023-05-07T23:00:33","date_gmt":"2023-05-07T23:00:33","guid":{"rendered":"https:\/\/www.nettali.com\/?p=109451"},"modified":"2023-05-07T23:00:33","modified_gmt":"2023-05-07T23:00:33","slug":"tensions-politiques-sonko-appelle-macky-a-plus-de-lucidite","status":"publish","type":"post","link":"https:\/\/www.nettali.com\/2023\/05\/07\/tensions-politiques-sonko-appelle-macky-a-plus-de-lucidite\/","title":{"rendered":"TENSIONS POLITIQUES  - Sonko appelle Macky \u00e0 plus de lucidit\u00e9"},"content":{"rendered":"<p><strong>NETTALI.COM\u00a0 - Face aux tensions politiques que vit le S\u00e9n\u00e9gal, c'est au Pr\u00e9sident Macky Sall de faire preuve de plus de lucidit\u00e9. L'appel lui a \u00e9t\u00e9 lanc\u00e9 ce dimanche par Ousmane Sonko.\u00a0<\/strong><\/p>\n<p>A quelques heures de son proc\u00e8s en appel contre Mame Mbaye Niang, Ousmane Sonko s'est adress\u00e9 aux S\u00e9n\u00e9galais via une d\u00e9claration diffus\u00e9e sur les r\u00e9seaux sociaux. D'ores et d\u00e9j\u00e0, le leader de Pastef a fait savoir qu'il n'avait l'intention de se rendre au tribunal o\u00f9 se joue pourtant son \u00e9ligibilit\u00e9 \u00e0 la prochaine pr\u00e9sidentielle pr\u00e9vue en f\u00e9vrier 2024. Toutefois, le maire de Ziguinchor a tenu \u00e0 lancer un appel au pr\u00e9sident de la R\u00e9publique. C'est pour appeler l'actuel localitaire du palais de la R\u00e9publique \"<em>\u00e0 savoir raison garder, \u00e0 recouvrer sa lucidit\u00e9<\/em>\".<\/p>\n<p>\"<em>Aucun pouvoir n'est \u00e9ternel. Apr\u00e8s le pouvoir, il y a une vie. D'anciens pr\u00e9sidents vivent tranquillement chez eux<\/em>\", rappelle Ousmane Sonko \u00e0 Macky Sall. Avant de lui indiquer : \"<em>Ceux qui vous font croire que vous pouvez r\u00e9ussir ce que vous \u00eates en train de faire sont vos premiers ennemis. Beaucoup de ceux-l\u00e0 \u00e9taient avec vos pr\u00e9d\u00e9cesseurs, beaucoup de ceux-l\u00e0 vous ont combattu quand vous \u00e9tiez dans l'opposition. Ce sont ces gens qui sont autour de vous pour vous faire croire \u00e0 une utopie, un r\u00eave. Ne pensez pas que les gens ont une rancune contre vous ou se pr\u00e9parent \u00e0 une vendetta, nous n'avons pas ce temps<\/em>.\"<\/p>\n<p>A en croire le leader de Pastef, le seul salut du Pr\u00e9sident Sall passe par sa <em>\"seule grandeur\".<\/em> Et selon lui, cette grandeur, \"<em>c'est de rendre au S\u00e9n\u00e9gal ce qu'il vous a donn<\/em>\u00e9\". \"<em>\u00c9vitez au S\u00e9n\u00e9gal un bain de sang inutile, des cassures sociales inutiles. Sortez de la mani\u00e8re la plus paisible. Toute autre option serait suicidaire pour vous et pour votre famille<\/em>\", dit-il encore \u00e0 Macky Sall.<\/p>\n<p>Pour finir, Ousmane Sonko laisse entendre : \"<em>Nous avons tous une responsabilit\u00e9 vis-\u00e0-vis des 17 millions de S\u00e9n\u00e9galais pour que les 9 prochains mois se passent de la meilleure mani\u00e8re pour le S\u00e9n\u00e9gal en \u00e9vitant de pousser le pays dans des situations que nous avons vu ailleurs en Afrique.<\/em>\"<\/p>\n<div class='share-to-whatsapp-wrapper'><div class='share-on-whsp'>PARTAGER SUR : <\/div><a data-text='TENSIONS POLITIQUES  - Sonko appelle Macky \u00e0 plus de lucidit\u00e9' data-link='https:\/\/www.nettali.com\/2023\/05\/07\/tensions-politiques-sonko-appelle-macky-a-plus-de-lucidite\/' class='whatsapp-button whatsapp-share'>WhatsApp<\/a><div class='clear '><\/div><\/div>","protected":false},"excerpt":{"rendered":"<p>NETTALI.COM\u00a0 - Face aux tensions politiques que vit le S\u00e9n\u00e9gal, c'est au Pr\u00e9sident Macky Sall de faire preuve de plus de lucidit\u00e9. L'appel lui a \u00e9t\u00e9 lanc\u00e9 ce dimanche par Ousmane Sonko.\u00a0 A quelques heures de son proc\u00e8s en appel contre Mame Mbaye Niang, Ousmane Sonko s'est adress\u00e9 aux S\u00e9n\u00e9galais via une d\u00e9claration diffus\u00e9e sur [&hellip;]<\/p>\n","protected":false},"author":3,"featured_media":107741,"comment_status":"open","ping_status":"open","sticky":false,"template":"","format":"standard","meta":{"_et_pb_use_builder":"","_et_pb_old_content":""},"categories":[2],"tags":[],"yoast_head":"<!-- This site is optimized with the Yoast SEO Premium plugin v17.8 (Yoast SEO v17.8) - https:\/\/yoast.com\/wordpress\/plugins\/seo\/ -->\n<title>TENSIONS POLITIQUES - Sonko appelle Macky \u00e0 plus de lucidit\u00e9 | Nettali.com<\/title>\n<meta name=\"robots\" content=\"index, follow, max-snippet:-1, max-image-preview:large, max-video-preview:-1\" \/>\n<link rel=\"canonical\" href=\"https:\/\/www.nettali.com\/2023\/05\/07\/tensions-politiques-sonko-appelle-macky-a-plus-de-lucidite\/\" \/>\n<meta property=\"og:locale\" content=\"fr_FR\" \/>\n<meta property=\"og:type\" content=\"article\" \/>\n<meta property=\"og:title\" content=\"TENSIONS POLITIQUES - Sonko appelle Macky \u00e0 plus de lucidit\u00e9\" \/>\n<meta property=\"og:description\" content=\"NETTALI.COM\u00a0 - Face aux tensions politiques que vit le S\u00e9n\u00e9gal, c&#039;est au Pr\u00e9sident Macky Sall de faire preuve de plus de lucidit\u00e9. L&#039;appel lui a \u00e9t\u00e9 lanc\u00e9 ce dimanche par Ousmane Sonko.\u00a0 A quelques heures de son proc\u00e8s en appel contre Mame Mbaye Niang, Ousmane Sonko s&#039;est adress\u00e9 aux S\u00e9n\u00e9galais via une d\u00e9claration diffus\u00e9e sur [&hellip;]\" \/>\n<meta property=\"og:url\" content=\"https:\/\/www.nettali.com\/2023\/05\/07\/tensions-politiques-sonko-appelle-macky-a-plus-de-lucidite\/\" \/>\n<meta property=\"og:site_name\" content=\"Nettali.com\" \/>\n<meta property=\"article:publisher\" content=\"https:\/\/www.facebook.com\/nettalicom\" \/>\n<meta property=\"article:published_time\" content=\"2023-05-07T23:00:33+00:00\" \/>\n<meta property=\"og:image\" content=\"https:\/\/www.nettali.com\/wp-content\/uploads\/2023\/04\/sonko-macky.jpg\" \/>\n\t<meta property=\"og:image:width\" content=\"650\" \/>\n\t<meta property=\"og:image:height\" content=\"434\" \/>\n<meta name=\"twitter:card\" content=\"summary_large_image\" \/>\n<meta name=\"twitter:label1\" content=\"\u00c9crit par\" \/>\n\t<meta name=\"twitter:data1\" content=\"Moustapha\" \/>\n\t<meta name=\"twitter:label2\" content=\"Dur\u00e9e de lecture estim\u00e9e\" \/>\n\t<meta name=\"twitter:data2\" content=\"2 minutes\" \/>\n<script type=\"application\/ld+json\" class=\"yoast-schema-graph\">{\"@context\":\"https:\/\/schema.org\",\"@graph\":[{\"@type\":\"WebSite\",\"@id\":\"https:\/\/www.nettali.com\/#website\",\"url\":\"https:\/\/www.nettali.com\/\",\"name\":\"Nettali.com\",\"description\":\"Le rendez-vous critique du Net\",\"potentialAction\":[{\"@type\":\"SearchAction\",\"target\":{\"@type\":\"EntryPoint\",\"urlTemplate\":\"https:\/\/www.nettali.com\/?s={search_term_string}\"},\"query-input\":\"required name=search_term_string\"}],\"inLanguage\":\"fr-FR\"},{\"@type\":\"ImageObject\",\"@id\":\"https:\/\/www.nettali.com\/2023\/05\/07\/tensions-politiques-sonko-appelle-macky-a-plus-de-lucidite\/#primaryimage\",\"inLanguage\":\"fr-FR\",\"url\":\"https:\/\/www.nettali.com\/wp-content\/uploads\/2023\/04\/sonko-macky.jpg\",\"contentUrl\":\"https:\/\/www.nettali.com\/wp-content\/uploads\/2023\/04\/sonko-macky.jpg\",\"width\":650,\"height\":434},{\"@type\":\"WebPage\",\"@id\":\"https:\/\/www.nettali.com\/2023\/05\/07\/tensions-politiques-sonko-appelle-macky-a-plus-de-lucidite\/#webpage\",\"url\":\"https:\/\/www.nettali.com\/2023\/05\/07\/tensions-politiques-sonko-appelle-macky-a-plus-de-lucidite\/\",\"name\":\"TENSIONS POLITIQUES - Sonko appelle Macky \\u00e0 plus de lucidit\\u00e9 | Nettali.com\",\"isPartOf\":{\"@id\":\"https:\/\/www.nettali.com\/#website\"},\"primaryImageOfPage\":{\"@id\":\"https:\/\/www.nettali.com\/2023\/05\/07\/tensions-politiques-sonko-appelle-macky-a-plus-de-lucidite\/#primaryimage\"},\"datePublished\":\"2023-05-07T23:00:33+00:00\",\"dateModified\":\"2023-05-07T23:00:33+00:00\",\"author\":{\"@id\":\"https:\/\/www.nettali.com\/#\/schema\/person\/7962a12a6e0267f88f0ffa544c36469a\"},\"breadcrumb\":{\"@id\":\"https:\/\/www.nettali.com\/2023\/05\/07\/tensions-politiques-sonko-appelle-macky-a-plus-de-lucidite\/#breadcrumb\"},\"inLanguage\":\"fr-FR\",\"potentialAction\":[{\"@type\":\"ReadAction\",\"target\":[\"https:\/\/www.nettali.com\/2023\/05\/07\/tensions-politiques-sonko-appelle-macky-a-plus-de-lucidite\/\"]}]},{\"@type\":\"BreadcrumbList\",\"@id\":\"https:\/\/www.nettali.com\/2023\/05\/07\/tensions-politiques-sonko-appelle-macky-a-plus-de-lucidite\/#breadcrumb\",\"itemListElement\":[{\"@type\":\"ListItem\",\"position\":1,\"name\":\"Accueil\",\"item\":\"https:\/\/www.nettali.com\/\"},{\"@type\":\"ListItem\",\"position\":2,\"name\":\"TENSIONS POLITIQUES - Sonko appelle Macky \\u00e0 plus de lucidit\\u00e9\"}]},{\"@type\":\"Person\",\"@id\":\"https:\/\/www.nettali.com\/#\/schema\/person\/7962a12a6e0267f88f0ffa544c36469a\",\"name\":\"Moustapha\",\"image\":{\"@type\":\"ImageObject\",\"@id\":\"https:\/\/www.nettali.com\/#personlogo\",\"inLanguage\":\"fr-FR\",\"url\":\"https:\/\/secure.gravatar.com\/avatar\/10fdf6a071cccdcf374e3dbe45159590?s=96&d=mm&r=g\",\"contentUrl\":\"https:\/\/secure.gravatar.com\/avatar\/10fdf6a071cccdcf374e3dbe45159590?s=96&d=mm&r=g\",\"caption\":\"Moustapha\"},\"sameAs\":[\"https:\/\/www.nettali.com\"]}]}<\/script>\n<!-- \/ Yoast SEO Premium plugin. -->","yoast_head_json":{"title":"TENSIONS POLITIQUES - Sonko appelle Macky \u00e0 plus de lucidit\u00e9 | Nettali.com","robots":{"index":"index","follow":"follow","max-snippet":"max-snippet:-1","max-image-preview":"max-image-preview:large","max-video-preview":"max-video-preview:-1"},"canonical":"https:\/\/www.nettali.com\/2023\/05\/07\/tensions-politiques-sonko-appelle-macky-a-plus-de-lucidite\/","og_locale":"fr_FR","og_type":"article","og_title":"TENSIONS POLITIQUES - Sonko appelle Macky \u00e0 plus de lucidit\u00e9","og_description":"NETTALI.COM\u00a0 - Face aux tensions politiques que vit le S\u00e9n\u00e9gal, c'est au Pr\u00e9sident Macky Sall de faire preuve de plus de lucidit\u00e9. L'appel lui a \u00e9t\u00e9 lanc\u00e9 ce dimanche par Ousmane Sonko.\u00a0 A quelques heures de son proc\u00e8s en appel contre Mame Mbaye Niang, Ousmane Sonko s'est adress\u00e9 aux S\u00e9n\u00e9galais via une d\u00e9claration diffus\u00e9e sur [&hellip;]","og_url":"https:\/\/www.nettali.com\/2023\/05\/07\/tensions-politiques-sonko-appelle-macky-a-plus-de-lucidite\/","og_site_name":"Nettali.com","article_publisher":"https:\/\/www.facebook.com\/nettalicom","article_published_time":"2023-05-07T23:00:33+00:00","og_image":[{"width":650,"height":434,"url":"https:\/\/www.nettali.com\/wp-content\/uploads\/2023\/04\/sonko-macky.jpg","type":"image\/jpeg"}],"twitter_card":"summary_large_image","twitter_misc":{"\u00c9crit par":"Moustapha","Dur\u00e9e de lecture estim\u00e9e":"2 minutes"},"schema":{"@context":"https:\/\/schema.org","@graph":[{"@type":"WebSite","@id":"https:\/\/www.nettali.com\/#website","url":"https:\/\/www.nettali.com\/","name":"Nettali.com","description":"Le rendez-vous critique du Net","potentialAction":[{"@type":"SearchAction","target":{"@type":"EntryPoint","urlTemplate":"https:\/\/www.nettali.com\/?s={search_term_string}"},"query-input":"required name=search_term_string"}],"inLanguage":"fr-FR"},{"@type":"ImageObject","@id":"https:\/\/www.nettali.com\/2023\/05\/07\/tensions-politiques-sonko-appelle-macky-a-plus-de-lucidite\/#primaryimage","inLanguage":"fr-FR","url":"https:\/\/www.nettali.com\/wp-content\/uploads\/2023\/04\/sonko-macky.jpg","contentUrl":"https:\/\/www.nettali.com\/wp-content\/uploads\/2023\/04\/sonko-macky.jpg","width":650,"height":434},{"@type":"WebPage","@id":"https:\/\/www.nettali.com\/2023\/05\/07\/tensions-politiques-sonko-appelle-macky-a-plus-de-lucidite\/#webpage","url":"https:\/\/www.nettali.com\/2023\/05\/07\/tensions-politiques-sonko-appelle-macky-a-plus-de-lucidite\/","name":"TENSIONS POLITIQUES - Sonko appelle Macky \u00e0 plus de lucidit\u00e9 | Nettali.com","isPartOf":{"@id":"https:\/\/www.nettali.com\/#website"},"primaryImageOfPage":{"@id":"https:\/\/www.nettali.com\/2023\/05\/07\/tensions-politiques-sonko-appelle-macky-a-plus-de-lucidite\/#primaryimage"},"datePublished":"2023-05-07T23:00:33+00:00","dateModified":"2023-05-07T23:00:33+00:00","author":{"@id":"https:\/\/www.nettali.com\/#\/schema\/person\/7962a12a6e0267f88f0ffa544c36469a"},"breadcrumb":{"@id":"https:\/\/www.nettali.com\/2023\/05\/07\/tensions-politiques-sonko-appelle-macky-a-plus-de-lucidite\/#breadcrumb"},"inLanguage":"fr-FR","potentialAction":[{"@type":"ReadAction","target":["https:\/\/www.nettali.com\/2023\/05\/07\/tensions-politiques-sonko-appelle-macky-a-plus-de-lucidite\/"]}]},{"@type":"BreadcrumbList","@id":"https:\/\/www.nettali.com\/2023\/05\/07\/tensions-politiques-sonko-appelle-macky-a-plus-de-lucidite\/#breadcrumb","itemListElement":[{"@type":"ListItem","position":1,"name":"Accueil","item":"https:\/\/www.nettali.com\/"},{"@type":"ListItem","position":2,"name":"TENSIONS POLITIQUES - Sonko appelle Macky \u00e0 plus de lucidit\u00e9"}]},{"@type":"Person","@id":"https:\/\/www.nettali.com\/#\/schema\/person\/7962a12a6e0267f88f0ffa544c36469a","name":"Moustapha","image":{"@type":"ImageObject","@id":"https:\/\/www.nettali.com\/#personlogo","inLanguage":"fr-FR","url":"https:\/\/secure.gravatar.com\/avatar\/10fdf6a071cccdcf374e3dbe45159590?s=96&d=mm&r=g","contentUrl":"https:\/\/secure.gravatar.com\/avatar\/10fdf6a071cccdcf374e3dbe45159590?s=96&d=mm&r=g","caption":"Moustapha"},"sameAs":["https:\/\/www.nettali.com"]}]}},"_links":{"self":[{"href":"https:\/\/www.nettali.com\/rest\/wp\/v2\/posts\/109451"}],"collection":[{"href":"https:\/\/www.nettali.com\/rest\/wp\/v2\/posts"}],"about":[{"href":"https:\/\/www.nettali.com\/rest\/wp\/v2\/types\/post"}],"author":[{"embeddable":true,"href":"https:\/\/www.nettali.com\/rest\/wp\/v2\/users\/3"}],"replies":[{"embeddable":true,"href":"https:\/\/www.nettali.com\/rest\/wp\/v2\/comments?post=109451"}],"version-history":[{"count":1,"href":"https:\/\/www.nettali.com\/rest\/wp\/v2\/posts\/109451\/revisions"}],"predecessor-version":[{"id":109452,"href":"https:\/\/www.nettali.com\/rest\/wp\/v2\/posts\/109451\/revisions\/109452"}],"wp:featuredmedia":[{"embeddable":true,"href":"https:\/\/www.nettali.com\/rest\/wp\/v2\/media\/107741"}],"wp:attachment":[{"href":"https:\/\/www.nettali.com\/rest\/wp\/v2\/media?parent=109451"}],"wp:term":[{"taxonomy":"category","embeddable":true,"href":"https:\/\/www.nettali.com\/rest\/wp\/v2\/categories?post=109451"},{"taxonomy":"post_tag","embeddable":true,"href":"https:\/\/www.nettali.com\/rest\/wp\/v2\/tags?post=109451"}],"curies":[{"name":"wp","href":"https:\/\/api.w.org\/{rel}","templated":true}]}}