{"id":109243,"date":"2023-05-04T09:52:23","date_gmt":"2023-05-04T09:52:23","guid":{"rendered":"https:\/\/www.nettali.com\/?p=109243"},"modified":"2023-05-04T09:52:23","modified_gmt":"2023-05-04T09:52:23","slug":"organisation-can-2027-amadou-ba-reitere-lengagement-du-senegal-deja-annonce-forclos","status":"publish","type":"post","link":"https:\/\/www.nettali.com\/2023\/05\/04\/organisation-can-2027-amadou-ba-reitere-lengagement-du-senegal-deja-annonce-forclos\/","title":{"rendered":"ORGANISATION CAN 2027 - Amadou Ba r\u00e9it\u00e8re l'engagement du S\u00e9n\u00e9gal d\u00e9j\u00e0 annonc\u00e9 forclos"},"content":{"rendered":"<p><strong>NETTALI.COM - Officiellement install\u00e9 dans ses fonctions de ministre des Sports qu\u2019il cumule avec son poste de premier ministre et de ministre de l\u2019\u00e9levage,\u00a0\u00a0Amadou Ba a annonc\u00e9 ce mercredi 3 mai, une mesure forte en direction de l\u2019organisation de la CAN 2027. Le successeur de Yankhoba Diatara estime que le S\u00e9n\u00e9gal est preneur et pr\u00e9voit de soumettre, si les conditions sont r\u00e9unies, la candidature du S\u00e9n\u00e9gal pour 2027. Une candidature d\u00e9j\u00e0 annonc\u00e9e forclose par la CAF.<\/strong><\/p>\n<p>Au cours de la c\u00e9r\u00e9monie de passation de service avec le ministre des sports sortant, Yankhoba Ba, le nouveau patron des sports, Amadou Ba a pris sa premi\u00e8re d\u00e9cision en affirmant la volont\u00e9 du S\u00e9n\u00e9gal\u00a0\u00a0\u00e0 organiser la CAN 2027.<\/p>\n<p>\"<em>Nous allons \u00e9tudier en \u00e9troite collaboration avec la FSF le cahier de charge de l\u2019organisation de la CAN 2027. Et si les conditions sont r\u00e9unies, je soumettrai la proposition de candidature du S\u00e9n\u00e9gal. D\u2019ailleurs, celle-ci est d\u00e9j\u00e0 valid\u00e9e par le pr\u00e9sident de la R\u00e9publique<\/em>\", a d\u00e9clar\u00e9 l\u2019ancien argentier et chef de la diplomatie s\u00e9n\u00e9galaise.<\/p>\n<p>Une annonce surprenante alors que le S\u00e9n\u00e9gal est d\u00e9clar\u00e9 forclos la semaine derni\u00e8re. N'emp\u00eache, le premier ministre, rassure\u00a0: \"<em>Nous avons pris les dispositions diplomatiques pour que la candidature du S\u00e9n\u00e9gal soit d\u00e9pos\u00e9e dans les meilleurs d\u00e9lais. En effet, apr\u00e8s S\u00e9n\u00e9gal 92, le moment est venu au regard des r\u00e9sultats exceptionnels du football s\u00e9n\u00e9galais ces derniers temps, d\u2019organiser pour une seconde fois une coupe d\u2019Afrique dans notre pays et d\u2019am\u00e9liorer encore sensiblement le niveau de nos infrastructures et de nos \u00e9quipements sportifs<\/em>\".<\/p>\n<p>A rappeler que la Conf\u00e9d\u00e9ration Africaine de Football (CAF) a pour l'heure enregistr\u00e9 quatre diff\u00e9rentes candidatures \u00e0 l'organisation de la CAN 2027. Les nations annonc\u00e9es candidates sont l'Alg\u00e9rie, le Botswana, l'\u00c9gypte et le trio Kenya, Ouganda et Tanzanie (candidature conjointe).<br \/>\nCependant, le 23 mai 2023 est la date limite \u00e0 laquelle les associations membres doivent soumettre leur candidature finale, y compris tous les documents de candidature et d'accueil (accord cadre, accord avec les villes h\u00f4tes, garanties gouvernementales, etc.), qui doivent \u00eatre d\u00fbment sign\u00e9s.<\/p>\n<p><strong>Les 5 axes prioritaires du PM<\/strong><\/p>\n<p>Auparavant, le ministre des sports a d\u00e9clin\u00e9 la feuille de route orient\u00e9e sur cinq axes prioritaires\u00a0\u00a0dont\u00a0\u00a0la construction des stades r\u00e9gionaux qui seront encore acc\u00e9l\u00e9r\u00e9e une agence des affaires sportives, le code des sports.\u00a0\u00a0La r\u00e9habilitation de l\u2019\u00e9ducation sportive dans les \u00e9tablissements scolaires. La lutte contre la violence dans les sports\u00a0\u00a0ou encore la poursuite avec rigueur et m\u00e9thode de la pr\u00e9paration des Jeux olympiques de la jeunesse de 2026.<\/p>\n<div class='share-to-whatsapp-wrapper'><div class='share-on-whsp'>PARTAGER SUR : <\/div><a data-text='ORGANISATION CAN 2027 - Amadou Ba r\u00e9it\u00e8re l'engagement du S\u00e9n\u00e9gal d\u00e9j\u00e0 annonc\u00e9 forclos' data-link='https:\/\/www.nettali.com\/2023\/05\/04\/organisation-can-2027-amadou-ba-reitere-lengagement-du-senegal-deja-annonce-forclos\/' class='whatsapp-button whatsapp-share'>WhatsApp<\/a><div class='clear '><\/div><\/div>","protected":false},"excerpt":{"rendered":"<p>NETTALI.COM - Officiellement install\u00e9 dans ses fonctions de ministre des Sports qu\u2019il cumule avec son poste de premier ministre et de ministre de l\u2019\u00e9levage,\u00a0\u00a0Amadou Ba a annonc\u00e9 ce mercredi 3 mai, une mesure forte en direction de l\u2019organisation de la CAN 2027. Le successeur de Yankhoba Diatara estime que le S\u00e9n\u00e9gal est preneur et pr\u00e9voit [&hellip;]<\/p>\n","protected":false},"author":5,"featured_media":109244,"comment_status":"open","ping_status":"open","sticky":false,"template":"","format":"standard","meta":{"_et_pb_use_builder":"","_et_pb_old_content":""},"categories":[6],"tags":[],"yoast_head":"<!-- This site is optimized with the Yoast SEO Premium plugin v17.8 (Yoast SEO v17.8) - https:\/\/yoast.com\/wordpress\/plugins\/seo\/ -->\n<title>ORGANISATION CAN 2027 - Amadou Ba r\u00e9it\u00e8re l&#039;engagement du S\u00e9n\u00e9gal d\u00e9j\u00e0 annonc\u00e9 forclos | Nettali.com<\/title>\n<meta name=\"robots\" content=\"index, follow, max-snippet:-1, max-image-preview:large, max-video-preview:-1\" \/>\n<link rel=\"canonical\" href=\"https:\/\/www.nettali.com\/2023\/05\/04\/organisation-can-2027-amadou-ba-reitere-lengagement-du-senegal-deja-annonce-forclos\/\" \/>\n<meta property=\"og:locale\" content=\"fr_FR\" \/>\n<meta property=\"og:type\" content=\"article\" \/>\n<meta property=\"og:title\" content=\"ORGANISATION CAN 2027 - Amadou Ba r\u00e9it\u00e8re l&#039;engagement du S\u00e9n\u00e9gal d\u00e9j\u00e0 annonc\u00e9 forclos\" \/>\n<meta property=\"og:description\" content=\"NETTALI.COM - Officiellement install\u00e9 dans ses fonctions de ministre des Sports qu\u2019il cumule avec son poste de premier ministre et de ministre de l\u2019\u00e9levage,\u00a0\u00a0Amadou Ba a annonc\u00e9 ce mercredi 3 mai, une mesure forte en direction de l\u2019organisation de la CAN 2027. Le successeur de Yankhoba Diatara estime que le S\u00e9n\u00e9gal est preneur et pr\u00e9voit [&hellip;]\" \/>\n<meta property=\"og:url\" content=\"https:\/\/www.nettali.com\/2023\/05\/04\/organisation-can-2027-amadou-ba-reitere-lengagement-du-senegal-deja-annonce-forclos\/\" \/>\n<meta property=\"og:site_name\" content=\"Nettali.com\" \/>\n<meta property=\"article:publisher\" content=\"https:\/\/www.facebook.com\/nettalicom\" \/>\n<meta property=\"article:published_time\" content=\"2023-05-04T09:52:23+00:00\" \/>\n<meta property=\"og:image\" content=\"https:\/\/www.nettali.com\/wp-content\/uploads\/2023\/05\/capture-d-e-cran-2023-05-03-a-21-24-43_6873.png\" \/>\n\t<meta property=\"og:image:width\" content=\"823\" \/>\n\t<meta property=\"og:image:height\" content=\"470\" \/>\n<meta name=\"twitter:card\" content=\"summary_large_image\" \/>\n<meta name=\"twitter:label1\" content=\"\u00c9crit par\" \/>\n\t<meta name=\"twitter:data1\" content=\"Ibrahima\" \/>\n\t<meta name=\"twitter:label2\" content=\"Dur\u00e9e de lecture estim\u00e9e\" \/>\n\t<meta name=\"twitter:data2\" content=\"3 minutes\" \/>\n<script type=\"application\/ld+json\" class=\"yoast-schema-graph\">{\"@context\":\"https:\/\/schema.org\",\"@graph\":[{\"@type\":\"WebSite\",\"@id\":\"https:\/\/www.nettali.com\/#website\",\"url\":\"https:\/\/www.nettali.com\/\",\"name\":\"Nettali.com\",\"description\":\"Le rendez-vous critique du Net\",\"potentialAction\":[{\"@type\":\"SearchAction\",\"target\":{\"@type\":\"EntryPoint\",\"urlTemplate\":\"https:\/\/www.nettali.com\/?s={search_term_string}\"},\"query-input\":\"required name=search_term_string\"}],\"inLanguage\":\"fr-FR\"},{\"@type\":\"ImageObject\",\"@id\":\"https:\/\/www.nettali.com\/2023\/05\/04\/organisation-can-2027-amadou-ba-reitere-lengagement-du-senegal-deja-annonce-forclos\/#primaryimage\",\"inLanguage\":\"fr-FR\",\"url\":\"https:\/\/www.nettali.com\/wp-content\/uploads\/2023\/05\/capture-d-e-cran-2023-05-03-a-21-24-43_6873.png\",\"contentUrl\":\"https:\/\/www.nettali.com\/wp-content\/uploads\/2023\/05\/capture-d-e-cran-2023-05-03-a-21-24-43_6873.png\",\"width\":823,\"height\":470},{\"@type\":\"WebPage\",\"@id\":\"https:\/\/www.nettali.com\/2023\/05\/04\/organisation-can-2027-amadou-ba-reitere-lengagement-du-senegal-deja-annonce-forclos\/#webpage\",\"url\":\"https:\/\/www.nettali.com\/2023\/05\/04\/organisation-can-2027-amadou-ba-reitere-lengagement-du-senegal-deja-annonce-forclos\/\",\"name\":\"ORGANISATION CAN 2027 - Amadou Ba r\\u00e9it\\u00e8re l'engagement du S\\u00e9n\\u00e9gal d\\u00e9j\\u00e0 annonc\\u00e9 forclos | Nettali.com\",\"isPartOf\":{\"@id\":\"https:\/\/www.nettali.com\/#website\"},\"primaryImageOfPage\":{\"@id\":\"https:\/\/www.nettali.com\/2023\/05\/04\/organisation-can-2027-amadou-ba-reitere-lengagement-du-senegal-deja-annonce-forclos\/#primaryimage\"},\"datePublished\":\"2023-05-04T09:52:23+00:00\",\"dateModified\":\"2023-05-04T09:52:23+00:00\",\"author\":{\"@id\":\"https:\/\/www.nettali.com\/#\/schema\/person\/bb147657c2986240405a608162b9bb23\"},\"breadcrumb\":{\"@id\":\"https:\/\/www.nettali.com\/2023\/05\/04\/organisation-can-2027-amadou-ba-reitere-lengagement-du-senegal-deja-annonce-forclos\/#breadcrumb\"},\"inLanguage\":\"fr-FR\",\"potentialAction\":[{\"@type\":\"ReadAction\",\"target\":[\"https:\/\/www.nettali.com\/2023\/05\/04\/organisation-can-2027-amadou-ba-reitere-lengagement-du-senegal-deja-annonce-forclos\/\"]}]},{\"@type\":\"BreadcrumbList\",\"@id\":\"https:\/\/www.nettali.com\/2023\/05\/04\/organisation-can-2027-amadou-ba-reitere-lengagement-du-senegal-deja-annonce-forclos\/#breadcrumb\",\"itemListElement\":[{\"@type\":\"ListItem\",\"position\":1,\"name\":\"Accueil\",\"item\":\"https:\/\/www.nettali.com\/\"},{\"@type\":\"ListItem\",\"position\":2,\"name\":\"ORGANISATION CAN 2027 - Amadou Ba r\\u00e9it\\u00e8re l'engagement du S\\u00e9n\\u00e9gal d\\u00e9j\\u00e0 annonc\\u00e9 forclos\"}]},{\"@type\":\"Person\",\"@id\":\"https:\/\/www.nettali.com\/#\/schema\/person\/bb147657c2986240405a608162b9bb23\",\"name\":\"Ibrahima\",\"image\":{\"@type\":\"ImageObject\",\"@id\":\"https:\/\/www.nettali.com\/#personlogo\",\"inLanguage\":\"fr-FR\",\"url\":\"https:\/\/secure.gravatar.com\/avatar\/26a8a81f09f0dd7624c9d5c36c9ba3a2?s=96&d=mm&r=g\",\"contentUrl\":\"https:\/\/secure.gravatar.com\/avatar\/26a8a81f09f0dd7624c9d5c36c9ba3a2?s=96&d=mm&r=g\",\"caption\":\"Ibrahima\"},\"sameAs\":[\"https:\/\/www.nettali.com\"]}]}<\/script>\n<!-- \/ Yoast SEO Premium plugin. -->","yoast_head_json":{"title":"ORGANISATION CAN 2027 - Amadou Ba r\u00e9it\u00e8re l'engagement du S\u00e9n\u00e9gal d\u00e9j\u00e0 annonc\u00e9 forclos | Nettali.com","robots":{"index":"index","follow":"follow","max-snippet":"max-snippet:-1","max-image-preview":"max-image-preview:large","max-video-preview":"max-video-preview:-1"},"canonical":"https:\/\/www.nettali.com\/2023\/05\/04\/organisation-can-2027-amadou-ba-reitere-lengagement-du-senegal-deja-annonce-forclos\/","og_locale":"fr_FR","og_type":"article","og_title":"ORGANISATION CAN 2027 - Amadou Ba r\u00e9it\u00e8re l'engagement du S\u00e9n\u00e9gal d\u00e9j\u00e0 annonc\u00e9 forclos","og_description":"NETTALI.COM - Officiellement install\u00e9 dans ses fonctions de ministre des Sports qu\u2019il cumule avec son poste de premier ministre et de ministre de l\u2019\u00e9levage,\u00a0\u00a0Amadou Ba a annonc\u00e9 ce mercredi 3 mai, une mesure forte en direction de l\u2019organisation de la CAN 2027. Le successeur de Yankhoba Diatara estime que le S\u00e9n\u00e9gal est preneur et pr\u00e9voit [&hellip;]","og_url":"https:\/\/www.nettali.com\/2023\/05\/04\/organisation-can-2027-amadou-ba-reitere-lengagement-du-senegal-deja-annonce-forclos\/","og_site_name":"Nettali.com","article_publisher":"https:\/\/www.facebook.com\/nettalicom","article_published_time":"2023-05-04T09:52:23+00:00","og_image":[{"width":823,"height":470,"url":"https:\/\/www.nettali.com\/wp-content\/uploads\/2023\/05\/capture-d-e-cran-2023-05-03-a-21-24-43_6873.png","type":"image\/png"}],"twitter_card":"summary_large_image","twitter_misc":{"\u00c9crit par":"Ibrahima","Dur\u00e9e de lecture estim\u00e9e":"3 minutes"},"schema":{"@context":"https:\/\/schema.org","@graph":[{"@type":"WebSite","@id":"https:\/\/www.nettali.com\/#website","url":"https:\/\/www.nettali.com\/","name":"Nettali.com","description":"Le rendez-vous critique du Net","potentialAction":[{"@type":"SearchAction","target":{"@type":"EntryPoint","urlTemplate":"https:\/\/www.nettali.com\/?s={search_term_string}"},"query-input":"required name=search_term_string"}],"inLanguage":"fr-FR"},{"@type":"ImageObject","@id":"https:\/\/www.nettali.com\/2023\/05\/04\/organisation-can-2027-amadou-ba-reitere-lengagement-du-senegal-deja-annonce-forclos\/#primaryimage","inLanguage":"fr-FR","url":"https:\/\/www.nettali.com\/wp-content\/uploads\/2023\/05\/capture-d-e-cran-2023-05-03-a-21-24-43_6873.png","contentUrl":"https:\/\/www.nettali.com\/wp-content\/uploads\/2023\/05\/capture-d-e-cran-2023-05-03-a-21-24-43_6873.png","width":823,"height":470},{"@type":"WebPage","@id":"https:\/\/www.nettali.com\/2023\/05\/04\/organisation-can-2027-amadou-ba-reitere-lengagement-du-senegal-deja-annonce-forclos\/#webpage","url":"https:\/\/www.nettali.com\/2023\/05\/04\/organisation-can-2027-amadou-ba-reitere-lengagement-du-senegal-deja-annonce-forclos\/","name":"ORGANISATION CAN 2027 - Amadou Ba r\u00e9it\u00e8re l'engagement du S\u00e9n\u00e9gal d\u00e9j\u00e0 annonc\u00e9 forclos | Nettali.com","isPartOf":{"@id":"https:\/\/www.nettali.com\/#website"},"primaryImageOfPage":{"@id":"https:\/\/www.nettali.com\/2023\/05\/04\/organisation-can-2027-amadou-ba-reitere-lengagement-du-senegal-deja-annonce-forclos\/#primaryimage"},"datePublished":"2023-05-04T09:52:23+00:00","dateModified":"2023-05-04T09:52:23+00:00","author":{"@id":"https:\/\/www.nettali.com\/#\/schema\/person\/bb147657c2986240405a608162b9bb23"},"breadcrumb":{"@id":"https:\/\/www.nettali.com\/2023\/05\/04\/organisation-can-2027-amadou-ba-reitere-lengagement-du-senegal-deja-annonce-forclos\/#breadcrumb"},"inLanguage":"fr-FR","potentialAction":[{"@type":"ReadAction","target":["https:\/\/www.nettali.com\/2023\/05\/04\/organisation-can-2027-amadou-ba-reitere-lengagement-du-senegal-deja-annonce-forclos\/"]}]},{"@type":"BreadcrumbList","@id":"https:\/\/www.nettali.com\/2023\/05\/04\/organisation-can-2027-amadou-ba-reitere-lengagement-du-senegal-deja-annonce-forclos\/#breadcrumb","itemListElement":[{"@type":"ListItem","position":1,"name":"Accueil","item":"https:\/\/www.nettali.com\/"},{"@type":"ListItem","position":2,"name":"ORGANISATION CAN 2027 - Amadou Ba r\u00e9it\u00e8re l'engagement du S\u00e9n\u00e9gal d\u00e9j\u00e0 annonc\u00e9 forclos"}]},{"@type":"Person","@id":"https:\/\/www.nettali.com\/#\/schema\/person\/bb147657c2986240405a608162b9bb23","name":"Ibrahima","image":{"@type":"ImageObject","@id":"https:\/\/www.nettali.com\/#personlogo","inLanguage":"fr-FR","url":"https:\/\/secure.gravatar.com\/avatar\/26a8a81f09f0dd7624c9d5c36c9ba3a2?s=96&d=mm&r=g","contentUrl":"https:\/\/secure.gravatar.com\/avatar\/26a8a81f09f0dd7624c9d5c36c9ba3a2?s=96&d=mm&r=g","caption":"Ibrahima"},"sameAs":["https:\/\/www.nettali.com"]}]}},"_links":{"self":[{"href":"https:\/\/www.nettali.com\/rest\/wp\/v2\/posts\/109243"}],"collection":[{"href":"https:\/\/www.nettali.com\/rest\/wp\/v2\/posts"}],"about":[{"href":"https:\/\/www.nettali.com\/rest\/wp\/v2\/types\/post"}],"author":[{"embeddable":true,"href":"https:\/\/www.nettali.com\/rest\/wp\/v2\/users\/5"}],"replies":[{"embeddable":true,"href":"https:\/\/www.nettali.com\/rest\/wp\/v2\/comments?post=109243"}],"version-history":[{"count":1,"href":"https:\/\/www.nettali.com\/rest\/wp\/v2\/posts\/109243\/revisions"}],"predecessor-version":[{"id":109245,"href":"https:\/\/www.nettali.com\/rest\/wp\/v2\/posts\/109243\/revisions\/109245"}],"wp:featuredmedia":[{"embeddable":true,"href":"https:\/\/www.nettali.com\/rest\/wp\/v2\/media\/109244"}],"wp:attachment":[{"href":"https:\/\/www.nettali.com\/rest\/wp\/v2\/media?parent=109243"}],"wp:term":[{"taxonomy":"category","embeddable":true,"href":"https:\/\/www.nettali.com\/rest\/wp\/v2\/categories?post=109243"},{"taxonomy":"post_tag","embeddable":true,"href":"https:\/\/www.nettali.com\/rest\/wp\/v2\/tags?post=109243"}],"curies":[{"name":"wp","href":"https:\/\/api.w.org\/{rel}","templated":true}]}}