{"id":109199,"date":"2023-05-04T07:50:56","date_gmt":"2023-05-04T07:50:56","guid":{"rendered":"https:\/\/www.nettali.com\/?p=109199"},"modified":"2023-05-04T07:50:56","modified_gmt":"2023-05-04T07:50:56","slug":"nominations-en-conseil-des-ministres-des-changements-a-larm-et-au-cetud","status":"publish","type":"post","link":"https:\/\/www.nettali.com\/2023\/05\/04\/nominations-en-conseil-des-ministres-des-changements-a-larm-et-au-cetud\/","title":{"rendered":"NOMINATIONS EN CONSEIL DES MINISTRES- Des changements \u00e0 l'ARM et au Cetud"},"content":{"rendered":"<p><strong>NETTALI.COM- Lors du Conseil des ministres de ce mercredi 3 mai 2023, le pr\u00e9sident de la R\u00e9publique a op\u00e9r\u00e9 des changement \u00e0 l'Agence de r\u00e9gulation des march\u00e9s et au Cetud.\u00a0<\/strong><\/p>\n<p>- <strong>Monsieur Amadou Abdoul SY<\/strong>, Economiste, pr\u00e9c\u00e9demment Directeur g\u00e9n\u00e9ral de l\u2019Agence de R\u00e9gulation des March\u00e9s, est nomm\u00e9 Pr\u00e9sident du Conseil d\u2019Administration du Laboratoire National d\u2019Analyses et de Contr\u00f4le (LANAC), en remplacement de Monsieur Kalilou DANFA.<\/p>\n<p>- <strong>Monsieur Samba SALL,<\/strong> Sp\u00e9cialiste en Management et en gestion des projets, est nomm\u00e9 Pr\u00e9sident du Conseil de Surveillance de l\u2019Agence nationale de l\u2019Etat civil (ANEC).<\/p>\n<p>- <strong>Monsieur Khadim DIOP<\/strong>, Consultant, est nomm\u00e9 Pr\u00e9sident du Conseil d\u2019Administration du Conseil ex\u00e9cutif des Transports urbains durables (CETUD).<\/p>\n<p>- <strong>Monsieur Thierno Birahim AW<\/strong>, Docteur en Transport, est nomm\u00e9 Directeur g\u00e9n\u00e9ral du Conseil ex\u00e9cutif des Transports urbains durables (CETUD).<\/p>\n<p>- <strong>Monsieur Ansoumana SANE,<\/strong> Juriste, pr\u00e9c\u00e9demment Secr\u00e9taire g\u00e9n\u00e9ral de LIMAK - AIBD - SUMMA (LAS), est nomm\u00e9 Directeur g\u00e9n\u00e9ral de l\u2019Agence de R\u00e9gulation des March\u00e9s (ARM), en remplacement de Monsieur Amadou Abdoul SY, appel\u00e9 \u00e0 d\u2019autres fonctions.<\/p>\n<div class='share-to-whatsapp-wrapper'><div class='share-on-whsp'>PARTAGER SUR : <\/div><a data-text='NOMINATIONS EN CONSEIL DES MINISTRES- Des changements \u00e0 l'ARM et au Cetud' data-link='https:\/\/www.nettali.com\/2023\/05\/04\/nominations-en-conseil-des-ministres-des-changements-a-larm-et-au-cetud\/' class='whatsapp-button whatsapp-share'>WhatsApp<\/a><div class='clear '><\/div><\/div>","protected":false},"excerpt":{"rendered":"<p>NETTALI.COM- Lors du Conseil des ministres de ce mercredi 3 mai 2023, le pr\u00e9sident de la R\u00e9publique a op\u00e9r\u00e9 des changement \u00e0 l'Agence de r\u00e9gulation des march\u00e9s et au Cetud.\u00a0 - Monsieur Amadou Abdoul SY, Economiste, pr\u00e9c\u00e9demment Directeur g\u00e9n\u00e9ral de l\u2019Agence de R\u00e9gulation des March\u00e9s, est nomm\u00e9 Pr\u00e9sident du Conseil d\u2019Administration du Laboratoire National d\u2019Analyses [&hellip;]<\/p>\n","protected":false},"author":6,"featured_media":100886,"comment_status":"open","ping_status":"open","sticky":false,"template":"","format":"standard","meta":{"_et_pb_use_builder":"","_et_pb_old_content":""},"categories":[2],"tags":[],"yoast_head":"<!-- This site is optimized with the Yoast SEO Premium plugin v17.8 (Yoast SEO v17.8) - https:\/\/yoast.com\/wordpress\/plugins\/seo\/ -->\n<title>NOMINATIONS EN CONSEIL DES MINISTRES- Des changements \u00e0 l&#039;ARM et au Cetud | Nettali.com<\/title>\n<meta name=\"robots\" content=\"index, follow, max-snippet:-1, max-image-preview:large, max-video-preview:-1\" \/>\n<link rel=\"canonical\" href=\"https:\/\/www.nettali.com\/2023\/05\/04\/nominations-en-conseil-des-ministres-des-changements-a-larm-et-au-cetud\/\" \/>\n<meta property=\"og:locale\" content=\"fr_FR\" \/>\n<meta property=\"og:type\" content=\"article\" \/>\n<meta property=\"og:title\" content=\"NOMINATIONS EN CONSEIL DES MINISTRES- Des changements \u00e0 l&#039;ARM et au Cetud\" \/>\n<meta property=\"og:description\" content=\"NETTALI.COM- Lors du Conseil des ministres de ce mercredi 3 mai 2023, le pr\u00e9sident de la R\u00e9publique a op\u00e9r\u00e9 des changement \u00e0 l&#039;Agence de r\u00e9gulation des march\u00e9s et au Cetud.\u00a0 - Monsieur Amadou Abdoul SY, Economiste, pr\u00e9c\u00e9demment Directeur g\u00e9n\u00e9ral de l\u2019Agence de R\u00e9gulation des March\u00e9s, est nomm\u00e9 Pr\u00e9sident du Conseil d\u2019Administration du Laboratoire National d\u2019Analyses [&hellip;]\" \/>\n<meta property=\"og:url\" content=\"https:\/\/www.nettali.com\/2023\/05\/04\/nominations-en-conseil-des-ministres-des-changements-a-larm-et-au-cetud\/\" \/>\n<meta property=\"og:site_name\" content=\"Nettali.com\" \/>\n<meta property=\"article:publisher\" content=\"https:\/\/www.facebook.com\/nettalicom\" \/>\n<meta property=\"article:published_time\" content=\"2023-05-04T07:50:56+00:00\" \/>\n<meta property=\"og:image\" content=\"https:\/\/www.nettali.com\/wp-content\/uploads\/2023\/01\/macky-Sall.jpeg\" \/>\n\t<meta property=\"og:image:width\" content=\"2048\" \/>\n\t<meta property=\"og:image:height\" content=\"1380\" \/>\n<meta name=\"twitter:card\" content=\"summary_large_image\" \/>\n<meta name=\"twitter:label1\" content=\"\u00c9crit par\" \/>\n\t<meta name=\"twitter:data1\" content=\"Fatou\" \/>\n\t<meta name=\"twitter:label2\" content=\"Dur\u00e9e de lecture estim\u00e9e\" \/>\n\t<meta name=\"twitter:data2\" content=\"1 minute\" \/>\n<script type=\"application\/ld+json\" class=\"yoast-schema-graph\">{\"@context\":\"https:\/\/schema.org\",\"@graph\":[{\"@type\":\"WebSite\",\"@id\":\"https:\/\/www.nettali.com\/#website\",\"url\":\"https:\/\/www.nettali.com\/\",\"name\":\"Nettali.com\",\"description\":\"Le rendez-vous critique du Net\",\"potentialAction\":[{\"@type\":\"SearchAction\",\"target\":{\"@type\":\"EntryPoint\",\"urlTemplate\":\"https:\/\/www.nettali.com\/?s={search_term_string}\"},\"query-input\":\"required name=search_term_string\"}],\"inLanguage\":\"fr-FR\"},{\"@type\":\"ImageObject\",\"@id\":\"https:\/\/www.nettali.com\/2023\/05\/04\/nominations-en-conseil-des-ministres-des-changements-a-larm-et-au-cetud\/#primaryimage\",\"inLanguage\":\"fr-FR\",\"url\":\"https:\/\/www.nettali.com\/wp-content\/uploads\/2023\/01\/macky-Sall.jpeg\",\"contentUrl\":\"https:\/\/www.nettali.com\/wp-content\/uploads\/2023\/01\/macky-Sall.jpeg\",\"width\":2048,\"height\":1380},{\"@type\":\"WebPage\",\"@id\":\"https:\/\/www.nettali.com\/2023\/05\/04\/nominations-en-conseil-des-ministres-des-changements-a-larm-et-au-cetud\/#webpage\",\"url\":\"https:\/\/www.nettali.com\/2023\/05\/04\/nominations-en-conseil-des-ministres-des-changements-a-larm-et-au-cetud\/\",\"name\":\"NOMINATIONS EN CONSEIL DES MINISTRES- Des changements \\u00e0 l'ARM et au Cetud | Nettali.com\",\"isPartOf\":{\"@id\":\"https:\/\/www.nettali.com\/#website\"},\"primaryImageOfPage\":{\"@id\":\"https:\/\/www.nettali.com\/2023\/05\/04\/nominations-en-conseil-des-ministres-des-changements-a-larm-et-au-cetud\/#primaryimage\"},\"datePublished\":\"2023-05-04T07:50:56+00:00\",\"dateModified\":\"2023-05-04T07:50:56+00:00\",\"author\":{\"@id\":\"https:\/\/www.nettali.com\/#\/schema\/person\/418274a86bdf87caff7a3ef476bd0bbf\"},\"breadcrumb\":{\"@id\":\"https:\/\/www.nettali.com\/2023\/05\/04\/nominations-en-conseil-des-ministres-des-changements-a-larm-et-au-cetud\/#breadcrumb\"},\"inLanguage\":\"fr-FR\",\"potentialAction\":[{\"@type\":\"ReadAction\",\"target\":[\"https:\/\/www.nettali.com\/2023\/05\/04\/nominations-en-conseil-des-ministres-des-changements-a-larm-et-au-cetud\/\"]}]},{\"@type\":\"BreadcrumbList\",\"@id\":\"https:\/\/www.nettali.com\/2023\/05\/04\/nominations-en-conseil-des-ministres-des-changements-a-larm-et-au-cetud\/#breadcrumb\",\"itemListElement\":[{\"@type\":\"ListItem\",\"position\":1,\"name\":\"Accueil\",\"item\":\"https:\/\/www.nettali.com\/\"},{\"@type\":\"ListItem\",\"position\":2,\"name\":\"NOMINATIONS EN CONSEIL DES MINISTRES- Des changements \\u00e0 l'ARM et au Cetud\"}]},{\"@type\":\"Person\",\"@id\":\"https:\/\/www.nettali.com\/#\/schema\/person\/418274a86bdf87caff7a3ef476bd0bbf\",\"name\":\"Fatou\",\"image\":{\"@type\":\"ImageObject\",\"@id\":\"https:\/\/www.nettali.com\/#personlogo\",\"inLanguage\":\"fr-FR\",\"url\":\"https:\/\/secure.gravatar.com\/avatar\/5a9442a2bee7b4dcf167cab035858e9a?s=96&d=mm&r=g\",\"contentUrl\":\"https:\/\/secure.gravatar.com\/avatar\/5a9442a2bee7b4dcf167cab035858e9a?s=96&d=mm&r=g\",\"caption\":\"Fatou\"},\"sameAs\":[\"https:\/\/www.nettali.com\"]}]}<\/script>\n<!-- \/ Yoast SEO Premium plugin. -->","yoast_head_json":{"title":"NOMINATIONS EN CONSEIL DES MINISTRES- Des changements \u00e0 l'ARM et au Cetud | Nettali.com","robots":{"index":"index","follow":"follow","max-snippet":"max-snippet:-1","max-image-preview":"max-image-preview:large","max-video-preview":"max-video-preview:-1"},"canonical":"https:\/\/www.nettali.com\/2023\/05\/04\/nominations-en-conseil-des-ministres-des-changements-a-larm-et-au-cetud\/","og_locale":"fr_FR","og_type":"article","og_title":"NOMINATIONS EN CONSEIL DES MINISTRES- Des changements \u00e0 l'ARM et au Cetud","og_description":"NETTALI.COM- Lors du Conseil des ministres de ce mercredi 3 mai 2023, le pr\u00e9sident de la R\u00e9publique a op\u00e9r\u00e9 des changement \u00e0 l'Agence de r\u00e9gulation des march\u00e9s et au Cetud.\u00a0 - Monsieur Amadou Abdoul SY, Economiste, pr\u00e9c\u00e9demment Directeur g\u00e9n\u00e9ral de l\u2019Agence de R\u00e9gulation des March\u00e9s, est nomm\u00e9 Pr\u00e9sident du Conseil d\u2019Administration du Laboratoire National d\u2019Analyses [&hellip;]","og_url":"https:\/\/www.nettali.com\/2023\/05\/04\/nominations-en-conseil-des-ministres-des-changements-a-larm-et-au-cetud\/","og_site_name":"Nettali.com","article_publisher":"https:\/\/www.facebook.com\/nettalicom","article_published_time":"2023-05-04T07:50:56+00:00","og_image":[{"width":2048,"height":1380,"url":"https:\/\/www.nettali.com\/wp-content\/uploads\/2023\/01\/macky-Sall.jpeg","type":"image\/jpeg"}],"twitter_card":"summary_large_image","twitter_misc":{"\u00c9crit par":"Fatou","Dur\u00e9e de lecture estim\u00e9e":"1 minute"},"schema":{"@context":"https:\/\/schema.org","@graph":[{"@type":"WebSite","@id":"https:\/\/www.nettali.com\/#website","url":"https:\/\/www.nettali.com\/","name":"Nettali.com","description":"Le rendez-vous critique du Net","potentialAction":[{"@type":"SearchAction","target":{"@type":"EntryPoint","urlTemplate":"https:\/\/www.nettali.com\/?s={search_term_string}"},"query-input":"required name=search_term_string"}],"inLanguage":"fr-FR"},{"@type":"ImageObject","@id":"https:\/\/www.nettali.com\/2023\/05\/04\/nominations-en-conseil-des-ministres-des-changements-a-larm-et-au-cetud\/#primaryimage","inLanguage":"fr-FR","url":"https:\/\/www.nettali.com\/wp-content\/uploads\/2023\/01\/macky-Sall.jpeg","contentUrl":"https:\/\/www.nettali.com\/wp-content\/uploads\/2023\/01\/macky-Sall.jpeg","width":2048,"height":1380},{"@type":"WebPage","@id":"https:\/\/www.nettali.com\/2023\/05\/04\/nominations-en-conseil-des-ministres-des-changements-a-larm-et-au-cetud\/#webpage","url":"https:\/\/www.nettali.com\/2023\/05\/04\/nominations-en-conseil-des-ministres-des-changements-a-larm-et-au-cetud\/","name":"NOMINATIONS EN CONSEIL DES MINISTRES- Des changements \u00e0 l'ARM et au Cetud | Nettali.com","isPartOf":{"@id":"https:\/\/www.nettali.com\/#website"},"primaryImageOfPage":{"@id":"https:\/\/www.nettali.com\/2023\/05\/04\/nominations-en-conseil-des-ministres-des-changements-a-larm-et-au-cetud\/#primaryimage"},"datePublished":"2023-05-04T07:50:56+00:00","dateModified":"2023-05-04T07:50:56+00:00","author":{"@id":"https:\/\/www.nettali.com\/#\/schema\/person\/418274a86bdf87caff7a3ef476bd0bbf"},"breadcrumb":{"@id":"https:\/\/www.nettali.com\/2023\/05\/04\/nominations-en-conseil-des-ministres-des-changements-a-larm-et-au-cetud\/#breadcrumb"},"inLanguage":"fr-FR","potentialAction":[{"@type":"ReadAction","target":["https:\/\/www.nettali.com\/2023\/05\/04\/nominations-en-conseil-des-ministres-des-changements-a-larm-et-au-cetud\/"]}]},{"@type":"BreadcrumbList","@id":"https:\/\/www.nettali.com\/2023\/05\/04\/nominations-en-conseil-des-ministres-des-changements-a-larm-et-au-cetud\/#breadcrumb","itemListElement":[{"@type":"ListItem","position":1,"name":"Accueil","item":"https:\/\/www.nettali.com\/"},{"@type":"ListItem","position":2,"name":"NOMINATIONS EN CONSEIL DES MINISTRES- Des changements \u00e0 l'ARM et au Cetud"}]},{"@type":"Person","@id":"https:\/\/www.nettali.com\/#\/schema\/person\/418274a86bdf87caff7a3ef476bd0bbf","name":"Fatou","image":{"@type":"ImageObject","@id":"https:\/\/www.nettali.com\/#personlogo","inLanguage":"fr-FR","url":"https:\/\/secure.gravatar.com\/avatar\/5a9442a2bee7b4dcf167cab035858e9a?s=96&d=mm&r=g","contentUrl":"https:\/\/secure.gravatar.com\/avatar\/5a9442a2bee7b4dcf167cab035858e9a?s=96&d=mm&r=g","caption":"Fatou"},"sameAs":["https:\/\/www.nettali.com"]}]}},"_links":{"self":[{"href":"https:\/\/www.nettali.com\/rest\/wp\/v2\/posts\/109199"}],"collection":[{"href":"https:\/\/www.nettali.com\/rest\/wp\/v2\/posts"}],"about":[{"href":"https:\/\/www.nettali.com\/rest\/wp\/v2\/types\/post"}],"author":[{"embeddable":true,"href":"https:\/\/www.nettali.com\/rest\/wp\/v2\/users\/6"}],"replies":[{"embeddable":true,"href":"https:\/\/www.nettali.com\/rest\/wp\/v2\/comments?post=109199"}],"version-history":[{"count":1,"href":"https:\/\/www.nettali.com\/rest\/wp\/v2\/posts\/109199\/revisions"}],"predecessor-version":[{"id":109200,"href":"https:\/\/www.nettali.com\/rest\/wp\/v2\/posts\/109199\/revisions\/109200"}],"wp:featuredmedia":[{"embeddable":true,"href":"https:\/\/www.nettali.com\/rest\/wp\/v2\/media\/100886"}],"wp:attachment":[{"href":"https:\/\/www.nettali.com\/rest\/wp\/v2\/media?parent=109199"}],"wp:term":[{"taxonomy":"category","embeddable":true,"href":"https:\/\/www.nettali.com\/rest\/wp\/v2\/categories?post=109199"},{"taxonomy":"post_tag","embeddable":true,"href":"https:\/\/www.nettali.com\/rest\/wp\/v2\/tags?post=109199"}],"curies":[{"name":"wp","href":"https:\/\/api.w.org\/{rel}","templated":true}]}}