{"id":109160,"date":"2023-05-03T12:53:31","date_gmt":"2023-05-03T12:53:31","guid":{"rendered":"https:\/\/www.nettali.com\/?p=109160"},"modified":"2023-05-03T12:56:54","modified_gmt":"2023-05-03T12:56:54","slug":"nba-joel-embiid-sacre-mvp","status":"publish","type":"post","link":"https:\/\/www.nettali.com\/2023\/05\/03\/nba-joel-embiid-sacre-mvp\/","title":{"rendered":"NBA - Jo\u00ebl Embiid enfin MVP!"},"content":{"rendered":"<p><strong>NETTALI.COM - Dauphin de Nikola Jokic lors des deux pr\u00e9c\u00e9dents scrutins, Joel Embiid a remport\u00e9 le titre de \"<em>Most Valuable Player\"<\/em> pour la premi\u00e8re fois de sa carri\u00e8re, une deuxi\u00e8me cons\u00e9cration pour un basketteur africain.<\/strong><\/p>\n<p>A 29 ans, apr\u00e8s avoir termin\u00e9 \u00e0 la 2e place du vote en 2021 puis 2022, Joel Embiid ajoute enfin son nom au palmar\u00e8s du MVP, autrement dit la plus prestigieuse des r\u00e9compenses individuelles ! Une victoire sans appel avec 73 1\u00e8re place sur 100, contre 15 \u00e0 Nikola Jokic et 12 \u00e0 Giannis Antetokounmpo.<\/p>\n<p>Le Camerounais succ\u00e8de justement au \"<em>Joker<\/em>\" des Nuggets, d\u00e9cor\u00e9 lors des deux derni\u00e8res ann\u00e9es, pour devenir le 5e joueur des\u00a0Sixers\u00a0\u00e0 d\u00e9crocher ce troph\u00e9e apr\u00e8s Wilt Chamberlain (1966, 1967, 1968), Julius Erving (1981), Moses Malone (1983) et Allen Iverson (2001). On note que le trio Embiid-Jokic-Giannis a remport\u00e9 les cinq derniers troph\u00e9es de MVP.\u00a0Les Am\u00e9ricains n\u2019ont plus remport\u00e9 ce troph\u00e9e depuis 2018 !<\/p>\n<p>Un sacre auquel on pouvait s\u2019attendre \u00e0 mesure que la saison avan\u00e7ait, car Joel Embiid n\u2019a pas m\u00e9nag\u00e9 ses efforts pour conduire\u00a0Philadelphie\u00a0jusqu\u2019\u00e0 la 3e place de la conf\u00e9rence Est (54-28) : 33.1 points, 10.2 rebonds, 4.2 passes, 1.7 contre et 1.0 interception de moyenne, \u00e0 55% au shoot (dont 33% \u00e0 3-points) et 86% aux lancers !<\/p>\n<p>Meilleur marqueur de la ligue pour la deuxi\u00e8me fois cons\u00e9cutive, l\u2019int\u00e9rieur All-Star n\u2019est accessoirement que le 6e joueur non-am\u00e9ricain \u00e0 rafler la mise, en plus de devenir le 14e pivot de l\u2019histoire \u00e0 remporter ce titre tant convoit\u00e9.<\/p>\n<p>Par ailleurs, le Camerounais Jo\u00ebl Embiid entre \u00e9galement dans l'histoire de la NBA et du basket africain : il devient le deuxi\u00e8me joueur africain de la Ligue \u00e0 obtenir ce sacre tr\u00e8s prestigieux, apr\u00e8s le Nig\u00e9rian Hakeem Olajuwon.<\/p>\n<p>Reste \u00e0 savoir si celui qui a \u00e9t\u00e9\u00a0naturalis\u00e9 Fran\u00e7ais, et pourrait donc d\u00e9fendre les couleurs de l\u2019\u00c9quipe de France, r\u00e9ussira \u00e0 s\u2019\u00e9tablir comme le premier MVP sacr\u00e9 champion la m\u00eame ann\u00e9e depuis Stephen Curry (2015)\u2026<\/p>\n<div class='share-to-whatsapp-wrapper'><div class='share-on-whsp'>PARTAGER SUR : <\/div><a data-text='NBA - Jo\u00ebl Embiid enfin MVP!' data-link='https:\/\/www.nettali.com\/2023\/05\/03\/nba-joel-embiid-sacre-mvp\/' class='whatsapp-button whatsapp-share'>WhatsApp<\/a><div class='clear '><\/div><\/div>","protected":false},"excerpt":{"rendered":"<p>NETTALI.COM - Dauphin de Nikola Jokic lors des deux pr\u00e9c\u00e9dents scrutins, Joel Embiid a remport\u00e9 le titre de \"Most Valuable Player\" pour la premi\u00e8re fois de sa carri\u00e8re, une deuxi\u00e8me cons\u00e9cration pour un basketteur africain. A 29 ans, apr\u00e8s avoir termin\u00e9 \u00e0 la 2e place du vote en 2021 puis 2022, Joel Embiid ajoute enfin [&hellip;]<\/p>\n","protected":false},"author":5,"featured_media":109161,"comment_status":"open","ping_status":"open","sticky":false,"template":"","format":"standard","meta":{"_et_pb_use_builder":"","_et_pb_old_content":""},"categories":[6],"tags":[],"yoast_head":"<!-- This site is optimized with the Yoast SEO Premium plugin v17.8 (Yoast SEO v17.8) - https:\/\/yoast.com\/wordpress\/plugins\/seo\/ -->\n<title>NBA - Jo\u00ebl Embiid enfin MVP! | Nettali.com<\/title>\n<meta name=\"robots\" content=\"index, follow, max-snippet:-1, max-image-preview:large, max-video-preview:-1\" \/>\n<link rel=\"canonical\" href=\"https:\/\/www.nettali.com\/2023\/05\/03\/nba-joel-embiid-sacre-mvp\/\" \/>\n<meta property=\"og:locale\" content=\"fr_FR\" \/>\n<meta property=\"og:type\" content=\"article\" \/>\n<meta property=\"og:title\" content=\"NBA - Jo\u00ebl Embiid enfin MVP!\" \/>\n<meta property=\"og:description\" content=\"NETTALI.COM - Dauphin de Nikola Jokic lors des deux pr\u00e9c\u00e9dents scrutins, Joel Embiid a remport\u00e9 le titre de &quot;Most Valuable Player&quot; pour la premi\u00e8re fois de sa carri\u00e8re, une deuxi\u00e8me cons\u00e9cration pour un basketteur africain. A 29 ans, apr\u00e8s avoir termin\u00e9 \u00e0 la 2e place du vote en 2021 puis 2022, Joel Embiid ajoute enfin [&hellip;]\" \/>\n<meta property=\"og:url\" content=\"https:\/\/www.nettali.com\/2023\/05\/03\/nba-joel-embiid-sacre-mvp\/\" \/>\n<meta property=\"og:site_name\" content=\"Nettali.com\" \/>\n<meta property=\"article:publisher\" content=\"https:\/\/www.facebook.com\/nettalicom\" \/>\n<meta property=\"article:published_time\" content=\"2023-05-03T12:53:31+00:00\" \/>\n<meta property=\"article:modified_time\" content=\"2023-05-03T12:56:54+00:00\" \/>\n<meta property=\"og:image\" content=\"https:\/\/www.nettali.com\/wp-content\/uploads\/2023\/05\/04.26.23_EmbiidMVP_Horizontal.jpg\" \/>\n\t<meta property=\"og:image:width\" content=\"1408\" \/>\n\t<meta property=\"og:image:height\" content=\"814\" \/>\n<meta name=\"twitter:card\" content=\"summary_large_image\" \/>\n<meta name=\"twitter:label1\" content=\"\u00c9crit par\" \/>\n\t<meta name=\"twitter:data1\" content=\"Ibrahima\" \/>\n\t<meta name=\"twitter:label2\" content=\"Dur\u00e9e de lecture estim\u00e9e\" \/>\n\t<meta name=\"twitter:data2\" content=\"2 minutes\" \/>\n<script type=\"application\/ld+json\" class=\"yoast-schema-graph\">{\"@context\":\"https:\/\/schema.org\",\"@graph\":[{\"@type\":\"WebSite\",\"@id\":\"https:\/\/www.nettali.com\/#website\",\"url\":\"https:\/\/www.nettali.com\/\",\"name\":\"Nettali.com\",\"description\":\"Le rendez-vous critique du Net\",\"potentialAction\":[{\"@type\":\"SearchAction\",\"target\":{\"@type\":\"EntryPoint\",\"urlTemplate\":\"https:\/\/www.nettali.com\/?s={search_term_string}\"},\"query-input\":\"required name=search_term_string\"}],\"inLanguage\":\"fr-FR\"},{\"@type\":\"ImageObject\",\"@id\":\"https:\/\/www.nettali.com\/2023\/05\/03\/nba-joel-embiid-sacre-mvp\/#primaryimage\",\"inLanguage\":\"fr-FR\",\"url\":\"https:\/\/www.nettali.com\/wp-content\/uploads\/2023\/05\/04.26.23_EmbiidMVP_Horizontal.jpg\",\"contentUrl\":\"https:\/\/www.nettali.com\/wp-content\/uploads\/2023\/05\/04.26.23_EmbiidMVP_Horizontal.jpg\",\"width\":1408,\"height\":814},{\"@type\":\"WebPage\",\"@id\":\"https:\/\/www.nettali.com\/2023\/05\/03\/nba-joel-embiid-sacre-mvp\/#webpage\",\"url\":\"https:\/\/www.nettali.com\/2023\/05\/03\/nba-joel-embiid-sacre-mvp\/\",\"name\":\"NBA - Jo\\u00ebl Embiid enfin MVP! | Nettali.com\",\"isPartOf\":{\"@id\":\"https:\/\/www.nettali.com\/#website\"},\"primaryImageOfPage\":{\"@id\":\"https:\/\/www.nettali.com\/2023\/05\/03\/nba-joel-embiid-sacre-mvp\/#primaryimage\"},\"datePublished\":\"2023-05-03T12:53:31+00:00\",\"dateModified\":\"2023-05-03T12:56:54+00:00\",\"author\":{\"@id\":\"https:\/\/www.nettali.com\/#\/schema\/person\/bb147657c2986240405a608162b9bb23\"},\"breadcrumb\":{\"@id\":\"https:\/\/www.nettali.com\/2023\/05\/03\/nba-joel-embiid-sacre-mvp\/#breadcrumb\"},\"inLanguage\":\"fr-FR\",\"potentialAction\":[{\"@type\":\"ReadAction\",\"target\":[\"https:\/\/www.nettali.com\/2023\/05\/03\/nba-joel-embiid-sacre-mvp\/\"]}]},{\"@type\":\"BreadcrumbList\",\"@id\":\"https:\/\/www.nettali.com\/2023\/05\/03\/nba-joel-embiid-sacre-mvp\/#breadcrumb\",\"itemListElement\":[{\"@type\":\"ListItem\",\"position\":1,\"name\":\"Accueil\",\"item\":\"https:\/\/www.nettali.com\/\"},{\"@type\":\"ListItem\",\"position\":2,\"name\":\"NBA - Jo\\u00ebl Embiid enfin MVP!\"}]},{\"@type\":\"Person\",\"@id\":\"https:\/\/www.nettali.com\/#\/schema\/person\/bb147657c2986240405a608162b9bb23\",\"name\":\"Ibrahima\",\"image\":{\"@type\":\"ImageObject\",\"@id\":\"https:\/\/www.nettali.com\/#personlogo\",\"inLanguage\":\"fr-FR\",\"url\":\"https:\/\/secure.gravatar.com\/avatar\/26a8a81f09f0dd7624c9d5c36c9ba3a2?s=96&d=mm&r=g\",\"contentUrl\":\"https:\/\/secure.gravatar.com\/avatar\/26a8a81f09f0dd7624c9d5c36c9ba3a2?s=96&d=mm&r=g\",\"caption\":\"Ibrahima\"},\"sameAs\":[\"https:\/\/www.nettali.com\"]}]}<\/script>\n<!-- \/ Yoast SEO Premium plugin. -->","yoast_head_json":{"title":"NBA - Jo\u00ebl Embiid enfin MVP! | Nettali.com","robots":{"index":"index","follow":"follow","max-snippet":"max-snippet:-1","max-image-preview":"max-image-preview:large","max-video-preview":"max-video-preview:-1"},"canonical":"https:\/\/www.nettali.com\/2023\/05\/03\/nba-joel-embiid-sacre-mvp\/","og_locale":"fr_FR","og_type":"article","og_title":"NBA - Jo\u00ebl Embiid enfin MVP!","og_description":"NETTALI.COM - Dauphin de Nikola Jokic lors des deux pr\u00e9c\u00e9dents scrutins, Joel Embiid a remport\u00e9 le titre de \"Most Valuable Player\" pour la premi\u00e8re fois de sa carri\u00e8re, une deuxi\u00e8me cons\u00e9cration pour un basketteur africain. A 29 ans, apr\u00e8s avoir termin\u00e9 \u00e0 la 2e place du vote en 2021 puis 2022, Joel Embiid ajoute enfin [&hellip;]","og_url":"https:\/\/www.nettali.com\/2023\/05\/03\/nba-joel-embiid-sacre-mvp\/","og_site_name":"Nettali.com","article_publisher":"https:\/\/www.facebook.com\/nettalicom","article_published_time":"2023-05-03T12:53:31+00:00","article_modified_time":"2023-05-03T12:56:54+00:00","og_image":[{"width":1408,"height":814,"url":"https:\/\/www.nettali.com\/wp-content\/uploads\/2023\/05\/04.26.23_EmbiidMVP_Horizontal.jpg","type":"image\/jpeg"}],"twitter_card":"summary_large_image","twitter_misc":{"\u00c9crit par":"Ibrahima","Dur\u00e9e de lecture estim\u00e9e":"2 minutes"},"schema":{"@context":"https:\/\/schema.org","@graph":[{"@type":"WebSite","@id":"https:\/\/www.nettali.com\/#website","url":"https:\/\/www.nettali.com\/","name":"Nettali.com","description":"Le rendez-vous critique du Net","potentialAction":[{"@type":"SearchAction","target":{"@type":"EntryPoint","urlTemplate":"https:\/\/www.nettali.com\/?s={search_term_string}"},"query-input":"required name=search_term_string"}],"inLanguage":"fr-FR"},{"@type":"ImageObject","@id":"https:\/\/www.nettali.com\/2023\/05\/03\/nba-joel-embiid-sacre-mvp\/#primaryimage","inLanguage":"fr-FR","url":"https:\/\/www.nettali.com\/wp-content\/uploads\/2023\/05\/04.26.23_EmbiidMVP_Horizontal.jpg","contentUrl":"https:\/\/www.nettali.com\/wp-content\/uploads\/2023\/05\/04.26.23_EmbiidMVP_Horizontal.jpg","width":1408,"height":814},{"@type":"WebPage","@id":"https:\/\/www.nettali.com\/2023\/05\/03\/nba-joel-embiid-sacre-mvp\/#webpage","url":"https:\/\/www.nettali.com\/2023\/05\/03\/nba-joel-embiid-sacre-mvp\/","name":"NBA - Jo\u00ebl Embiid enfin MVP! | Nettali.com","isPartOf":{"@id":"https:\/\/www.nettali.com\/#website"},"primaryImageOfPage":{"@id":"https:\/\/www.nettali.com\/2023\/05\/03\/nba-joel-embiid-sacre-mvp\/#primaryimage"},"datePublished":"2023-05-03T12:53:31+00:00","dateModified":"2023-05-03T12:56:54+00:00","author":{"@id":"https:\/\/www.nettali.com\/#\/schema\/person\/bb147657c2986240405a608162b9bb23"},"breadcrumb":{"@id":"https:\/\/www.nettali.com\/2023\/05\/03\/nba-joel-embiid-sacre-mvp\/#breadcrumb"},"inLanguage":"fr-FR","potentialAction":[{"@type":"ReadAction","target":["https:\/\/www.nettali.com\/2023\/05\/03\/nba-joel-embiid-sacre-mvp\/"]}]},{"@type":"BreadcrumbList","@id":"https:\/\/www.nettali.com\/2023\/05\/03\/nba-joel-embiid-sacre-mvp\/#breadcrumb","itemListElement":[{"@type":"ListItem","position":1,"name":"Accueil","item":"https:\/\/www.nettali.com\/"},{"@type":"ListItem","position":2,"name":"NBA - Jo\u00ebl Embiid enfin MVP!"}]},{"@type":"Person","@id":"https:\/\/www.nettali.com\/#\/schema\/person\/bb147657c2986240405a608162b9bb23","name":"Ibrahima","image":{"@type":"ImageObject","@id":"https:\/\/www.nettali.com\/#personlogo","inLanguage":"fr-FR","url":"https:\/\/secure.gravatar.com\/avatar\/26a8a81f09f0dd7624c9d5c36c9ba3a2?s=96&d=mm&r=g","contentUrl":"https:\/\/secure.gravatar.com\/avatar\/26a8a81f09f0dd7624c9d5c36c9ba3a2?s=96&d=mm&r=g","caption":"Ibrahima"},"sameAs":["https:\/\/www.nettali.com"]}]}},"_links":{"self":[{"href":"https:\/\/www.nettali.com\/rest\/wp\/v2\/posts\/109160"}],"collection":[{"href":"https:\/\/www.nettali.com\/rest\/wp\/v2\/posts"}],"about":[{"href":"https:\/\/www.nettali.com\/rest\/wp\/v2\/types\/post"}],"author":[{"embeddable":true,"href":"https:\/\/www.nettali.com\/rest\/wp\/v2\/users\/5"}],"replies":[{"embeddable":true,"href":"https:\/\/www.nettali.com\/rest\/wp\/v2\/comments?post=109160"}],"version-history":[{"count":2,"href":"https:\/\/www.nettali.com\/rest\/wp\/v2\/posts\/109160\/revisions"}],"predecessor-version":[{"id":109163,"href":"https:\/\/www.nettali.com\/rest\/wp\/v2\/posts\/109160\/revisions\/109163"}],"wp:featuredmedia":[{"embeddable":true,"href":"https:\/\/www.nettali.com\/rest\/wp\/v2\/media\/109161"}],"wp:attachment":[{"href":"https:\/\/www.nettali.com\/rest\/wp\/v2\/media?parent=109160"}],"wp:term":[{"taxonomy":"category","embeddable":true,"href":"https:\/\/www.nettali.com\/rest\/wp\/v2\/categories?post=109160"},{"taxonomy":"post_tag","embeddable":true,"href":"https:\/\/www.nettali.com\/rest\/wp\/v2\/tags?post=109160"}],"curies":[{"name":"wp","href":"https:\/\/api.w.org\/{rel}","templated":true}]}}