{"id":109151,"date":"2023-05-03T10:18:54","date_gmt":"2023-05-03T10:18:54","guid":{"rendered":"https:\/\/www.nettali.com\/?p=109151"},"modified":"2023-05-03T10:18:54","modified_gmt":"2023-05-03T10:18:54","slug":"en-coulisses-et-raille-mimi","status":"publish","type":"post","link":"https:\/\/www.nettali.com\/2023\/05\/03\/en-coulisses-et-raille-mimi\/","title":{"rendered":"EN COULISSES - ...Et raille Mimi !"},"content":{"rendered":"<p><strong>NETTALI.COM -<\/strong> Pour rester sur les conditions pos\u00e9es par le PDS en vue de sa participation au dialogue, notons que l'occasion a \u00e9t\u00e9 saisie par le charg\u00e9 des \u00e9lections et ses camarades\u00a0 pour rendre ses coups \u00e0 Mimi Tour\u00e9.\u00a0 En effet, l'ancienne Premi\u00e8re ministre, lors de sa derni\u00e8re sortie, a accus\u00e9 les jaunes et bleus d'\u00eatre de connivence avec le pouvoir et \"co-organisateur d'un pseudo-dialogue\".<\/p>\n<p>\u201c<em>Concernant Mimi Tour\u00e9, pour tout vous dire, nous n'avons pas de temps \u00e0 perdre pour ce genre de commentaire sans aucun fondement. Pour nous, elle appartient au pass\u00e9. Nous ne voyons qu'une femme d\u00e9sempar\u00e9e, perturb\u00e9e, qui n'a jamais cess\u00e9 de tirer sur le PDS et son candidat Karim Wade. Toutes ses tentatives de diabolisation ont \u00e9chou\u00e9 et \u00e9choueront toujours. Mais pour l'heure, nous pr\u00e9f\u00e9rons nous concentrer sur l'essentiel, la question du moment, \u00e0<\/em><br \/>\n<em>savoir aider les citoyens qui le d\u00e9sirent et notamment les primo-votants \u00e0 s'inscrire en masse sur les listes \u00e9lectorales<\/em>\", a d\u00e9clar\u00e9 le lib\u00e9ral Maguette Sy, charg\u00e9 des \u00e9lections du PDS.<\/p>\n<p>D\u00e9cid\u00e9ment entre le PDS et Mimi Tour\u00e9, les \u00e9changes de coups sont partis pour s'\u00e9terniser !<\/p>\n<div class='share-to-whatsapp-wrapper'><div class='share-on-whsp'>PARTAGER SUR : <\/div><a data-text='EN COULISSES - ...Et raille Mimi !' data-link='https:\/\/www.nettali.com\/2023\/05\/03\/en-coulisses-et-raille-mimi\/' class='whatsapp-button whatsapp-share'>WhatsApp<\/a><div class='clear '><\/div><\/div>","protected":false},"excerpt":{"rendered":"<p>NETTALI.COM - Pour rester sur les conditions pos\u00e9es par le PDS en vue de sa participation au dialogue, notons que l'occasion a \u00e9t\u00e9 saisie par le charg\u00e9 des \u00e9lections et ses camarades\u00a0 pour rendre ses coups \u00e0 Mimi Tour\u00e9.\u00a0 En effet, l'ancienne Premi\u00e8re ministre, lors de sa derni\u00e8re sortie, a accus\u00e9 les jaunes et bleus [&hellip;]<\/p>\n","protected":false},"author":2,"featured_media":109071,"comment_status":"open","ping_status":"open","sticky":false,"template":"","format":"standard","meta":{"_et_pb_use_builder":"","_et_pb_old_content":""},"categories":[34945],"tags":[],"yoast_head":"<!-- This site is optimized with the Yoast SEO Premium plugin v17.8 (Yoast SEO v17.8) - https:\/\/yoast.com\/wordpress\/plugins\/seo\/ -->\n<title>EN COULISSES - ...Et raille Mimi ! | Nettali.com<\/title>\n<meta name=\"robots\" content=\"index, follow, max-snippet:-1, max-image-preview:large, max-video-preview:-1\" \/>\n<link rel=\"canonical\" href=\"https:\/\/www.nettali.com\/2023\/05\/03\/en-coulisses-et-raille-mimi\/\" \/>\n<meta property=\"og:locale\" content=\"fr_FR\" \/>\n<meta property=\"og:type\" content=\"article\" \/>\n<meta property=\"og:title\" content=\"EN COULISSES - ...Et raille Mimi !\" \/>\n<meta property=\"og:description\" content=\"NETTALI.COM - Pour rester sur les conditions pos\u00e9es par le PDS en vue de sa participation au dialogue, notons que l&#039;occasion a \u00e9t\u00e9 saisie par le charg\u00e9 des \u00e9lections et ses camarades\u00a0 pour rendre ses coups \u00e0 Mimi Tour\u00e9.\u00a0 En effet, l&#039;ancienne Premi\u00e8re ministre, lors de sa derni\u00e8re sortie, a accus\u00e9 les jaunes et bleus [&hellip;]\" \/>\n<meta property=\"og:url\" content=\"https:\/\/www.nettali.com\/2023\/05\/03\/en-coulisses-et-raille-mimi\/\" \/>\n<meta property=\"og:site_name\" content=\"Nettali.com\" \/>\n<meta property=\"article:publisher\" content=\"https:\/\/www.facebook.com\/nettalicom\" \/>\n<meta property=\"article:published_time\" content=\"2023-05-03T10:18:54+00:00\" \/>\n<meta property=\"og:image\" content=\"https:\/\/www.nettali.com\/wp-content\/uploads\/2023\/05\/be1cbdf_1674635195257-000-par7866226.jpg\" \/>\n\t<meta property=\"og:image:width\" content=\"664\" \/>\n\t<meta property=\"og:image:height\" content=\"443\" \/>\n<meta name=\"twitter:card\" content=\"summary_large_image\" \/>\n<meta name=\"twitter:label1\" content=\"\u00c9crit par\" \/>\n\t<meta name=\"twitter:data1\" content=\"CK\" \/>\n\t<meta name=\"twitter:label2\" content=\"Dur\u00e9e de lecture estim\u00e9e\" \/>\n\t<meta name=\"twitter:data2\" content=\"1 minute\" \/>\n<script type=\"application\/ld+json\" class=\"yoast-schema-graph\">{\"@context\":\"https:\/\/schema.org\",\"@graph\":[{\"@type\":\"WebSite\",\"@id\":\"https:\/\/www.nettali.com\/#website\",\"url\":\"https:\/\/www.nettali.com\/\",\"name\":\"Nettali.com\",\"description\":\"Le rendez-vous critique du Net\",\"potentialAction\":[{\"@type\":\"SearchAction\",\"target\":{\"@type\":\"EntryPoint\",\"urlTemplate\":\"https:\/\/www.nettali.com\/?s={search_term_string}\"},\"query-input\":\"required name=search_term_string\"}],\"inLanguage\":\"fr-FR\"},{\"@type\":\"ImageObject\",\"@id\":\"https:\/\/www.nettali.com\/2023\/05\/03\/en-coulisses-et-raille-mimi\/#primaryimage\",\"inLanguage\":\"fr-FR\",\"url\":\"https:\/\/www.nettali.com\/wp-content\/uploads\/2023\/05\/be1cbdf_1674635195257-000-par7866226.jpg\",\"contentUrl\":\"https:\/\/www.nettali.com\/wp-content\/uploads\/2023\/05\/be1cbdf_1674635195257-000-par7866226.jpg\",\"width\":664,\"height\":443,\"caption\":\"Senegal's Prime Minister Aminata Toure speaks to the foreign press at her office in Dakar on April 29, 2014. AFP PHOTO \/ SEYLLOU (Photo by SEYLLOU \/ AFP)\"},{\"@type\":\"WebPage\",\"@id\":\"https:\/\/www.nettali.com\/2023\/05\/03\/en-coulisses-et-raille-mimi\/#webpage\",\"url\":\"https:\/\/www.nettali.com\/2023\/05\/03\/en-coulisses-et-raille-mimi\/\",\"name\":\"EN COULISSES - ...Et raille Mimi ! | Nettali.com\",\"isPartOf\":{\"@id\":\"https:\/\/www.nettali.com\/#website\"},\"primaryImageOfPage\":{\"@id\":\"https:\/\/www.nettali.com\/2023\/05\/03\/en-coulisses-et-raille-mimi\/#primaryimage\"},\"datePublished\":\"2023-05-03T10:18:54+00:00\",\"dateModified\":\"2023-05-03T10:18:54+00:00\",\"author\":{\"@id\":\"https:\/\/www.nettali.com\/#\/schema\/person\/d8ac7b7e27ddad43f1c0d2ef090d7f71\"},\"breadcrumb\":{\"@id\":\"https:\/\/www.nettali.com\/2023\/05\/03\/en-coulisses-et-raille-mimi\/#breadcrumb\"},\"inLanguage\":\"fr-FR\",\"potentialAction\":[{\"@type\":\"ReadAction\",\"target\":[\"https:\/\/www.nettali.com\/2023\/05\/03\/en-coulisses-et-raille-mimi\/\"]}]},{\"@type\":\"BreadcrumbList\",\"@id\":\"https:\/\/www.nettali.com\/2023\/05\/03\/en-coulisses-et-raille-mimi\/#breadcrumb\",\"itemListElement\":[{\"@type\":\"ListItem\",\"position\":1,\"name\":\"Accueil\",\"item\":\"https:\/\/www.nettali.com\/\"},{\"@type\":\"ListItem\",\"position\":2,\"name\":\"EN COULISSES - ...Et raille Mimi !\"}]},{\"@type\":\"Person\",\"@id\":\"https:\/\/www.nettali.com\/#\/schema\/person\/d8ac7b7e27ddad43f1c0d2ef090d7f71\",\"name\":\"CK\",\"image\":{\"@type\":\"ImageObject\",\"@id\":\"https:\/\/www.nettali.com\/#personlogo\",\"inLanguage\":\"fr-FR\",\"url\":\"https:\/\/secure.gravatar.com\/avatar\/1d8d5118b9327d94da7cd4ce7f17fec2?s=96&d=mm&r=g\",\"contentUrl\":\"https:\/\/secure.gravatar.com\/avatar\/1d8d5118b9327d94da7cd4ce7f17fec2?s=96&d=mm&r=g\",\"caption\":\"CK\"},\"sameAs\":[\"https:\/\/www.nettali.com\"]}]}<\/script>\n<!-- \/ Yoast SEO Premium plugin. -->","yoast_head_json":{"title":"EN COULISSES - ...Et raille Mimi ! | Nettali.com","robots":{"index":"index","follow":"follow","max-snippet":"max-snippet:-1","max-image-preview":"max-image-preview:large","max-video-preview":"max-video-preview:-1"},"canonical":"https:\/\/www.nettali.com\/2023\/05\/03\/en-coulisses-et-raille-mimi\/","og_locale":"fr_FR","og_type":"article","og_title":"EN COULISSES - ...Et raille Mimi !","og_description":"NETTALI.COM - Pour rester sur les conditions pos\u00e9es par le PDS en vue de sa participation au dialogue, notons que l'occasion a \u00e9t\u00e9 saisie par le charg\u00e9 des \u00e9lections et ses camarades\u00a0 pour rendre ses coups \u00e0 Mimi Tour\u00e9.\u00a0 En effet, l'ancienne Premi\u00e8re ministre, lors de sa derni\u00e8re sortie, a accus\u00e9 les jaunes et bleus [&hellip;]","og_url":"https:\/\/www.nettali.com\/2023\/05\/03\/en-coulisses-et-raille-mimi\/","og_site_name":"Nettali.com","article_publisher":"https:\/\/www.facebook.com\/nettalicom","article_published_time":"2023-05-03T10:18:54+00:00","og_image":[{"width":664,"height":443,"url":"https:\/\/www.nettali.com\/wp-content\/uploads\/2023\/05\/be1cbdf_1674635195257-000-par7866226.jpg","type":"image\/jpeg"}],"twitter_card":"summary_large_image","twitter_misc":{"\u00c9crit par":"CK","Dur\u00e9e de lecture estim\u00e9e":"1 minute"},"schema":{"@context":"https:\/\/schema.org","@graph":[{"@type":"WebSite","@id":"https:\/\/www.nettali.com\/#website","url":"https:\/\/www.nettali.com\/","name":"Nettali.com","description":"Le rendez-vous critique du Net","potentialAction":[{"@type":"SearchAction","target":{"@type":"EntryPoint","urlTemplate":"https:\/\/www.nettali.com\/?s={search_term_string}"},"query-input":"required name=search_term_string"}],"inLanguage":"fr-FR"},{"@type":"ImageObject","@id":"https:\/\/www.nettali.com\/2023\/05\/03\/en-coulisses-et-raille-mimi\/#primaryimage","inLanguage":"fr-FR","url":"https:\/\/www.nettali.com\/wp-content\/uploads\/2023\/05\/be1cbdf_1674635195257-000-par7866226.jpg","contentUrl":"https:\/\/www.nettali.com\/wp-content\/uploads\/2023\/05\/be1cbdf_1674635195257-000-par7866226.jpg","width":664,"height":443,"caption":"Senegal's Prime Minister Aminata Toure speaks to the foreign press at her office in Dakar on April 29, 2014. AFP PHOTO \/ SEYLLOU (Photo by SEYLLOU \/ AFP)"},{"@type":"WebPage","@id":"https:\/\/www.nettali.com\/2023\/05\/03\/en-coulisses-et-raille-mimi\/#webpage","url":"https:\/\/www.nettali.com\/2023\/05\/03\/en-coulisses-et-raille-mimi\/","name":"EN COULISSES - ...Et raille Mimi ! | Nettali.com","isPartOf":{"@id":"https:\/\/www.nettali.com\/#website"},"primaryImageOfPage":{"@id":"https:\/\/www.nettali.com\/2023\/05\/03\/en-coulisses-et-raille-mimi\/#primaryimage"},"datePublished":"2023-05-03T10:18:54+00:00","dateModified":"2023-05-03T10:18:54+00:00","author":{"@id":"https:\/\/www.nettali.com\/#\/schema\/person\/d8ac7b7e27ddad43f1c0d2ef090d7f71"},"breadcrumb":{"@id":"https:\/\/www.nettali.com\/2023\/05\/03\/en-coulisses-et-raille-mimi\/#breadcrumb"},"inLanguage":"fr-FR","potentialAction":[{"@type":"ReadAction","target":["https:\/\/www.nettali.com\/2023\/05\/03\/en-coulisses-et-raille-mimi\/"]}]},{"@type":"BreadcrumbList","@id":"https:\/\/www.nettali.com\/2023\/05\/03\/en-coulisses-et-raille-mimi\/#breadcrumb","itemListElement":[{"@type":"ListItem","position":1,"name":"Accueil","item":"https:\/\/www.nettali.com\/"},{"@type":"ListItem","position":2,"name":"EN COULISSES - ...Et raille Mimi !"}]},{"@type":"Person","@id":"https:\/\/www.nettali.com\/#\/schema\/person\/d8ac7b7e27ddad43f1c0d2ef090d7f71","name":"CK","image":{"@type":"ImageObject","@id":"https:\/\/www.nettali.com\/#personlogo","inLanguage":"fr-FR","url":"https:\/\/secure.gravatar.com\/avatar\/1d8d5118b9327d94da7cd4ce7f17fec2?s=96&d=mm&r=g","contentUrl":"https:\/\/secure.gravatar.com\/avatar\/1d8d5118b9327d94da7cd4ce7f17fec2?s=96&d=mm&r=g","caption":"CK"},"sameAs":["https:\/\/www.nettali.com"]}]}},"_links":{"self":[{"href":"https:\/\/www.nettali.com\/rest\/wp\/v2\/posts\/109151"}],"collection":[{"href":"https:\/\/www.nettali.com\/rest\/wp\/v2\/posts"}],"about":[{"href":"https:\/\/www.nettali.com\/rest\/wp\/v2\/types\/post"}],"author":[{"embeddable":true,"href":"https:\/\/www.nettali.com\/rest\/wp\/v2\/users\/2"}],"replies":[{"embeddable":true,"href":"https:\/\/www.nettali.com\/rest\/wp\/v2\/comments?post=109151"}],"version-history":[{"count":2,"href":"https:\/\/www.nettali.com\/rest\/wp\/v2\/posts\/109151\/revisions"}],"predecessor-version":[{"id":109153,"href":"https:\/\/www.nettali.com\/rest\/wp\/v2\/posts\/109151\/revisions\/109153"}],"wp:featuredmedia":[{"embeddable":true,"href":"https:\/\/www.nettali.com\/rest\/wp\/v2\/media\/109071"}],"wp:attachment":[{"href":"https:\/\/www.nettali.com\/rest\/wp\/v2\/media?parent=109151"}],"wp:term":[{"taxonomy":"category","embeddable":true,"href":"https:\/\/www.nettali.com\/rest\/wp\/v2\/categories?post=109151"},{"taxonomy":"post_tag","embeddable":true,"href":"https:\/\/www.nettali.com\/rest\/wp\/v2\/tags?post=109151"}],"curies":[{"name":"wp","href":"https:\/\/api.w.org\/{rel}","templated":true}]}}