{"id":109106,"date":"2023-05-02T10:16:54","date_gmt":"2023-05-02T10:16:54","guid":{"rendered":"https:\/\/www.nettali.com\/?p=109106"},"modified":"2023-05-02T10:16:54","modified_gmt":"2023-05-02T10:16:54","slug":"chelsea-saison-terminee-pour-koulibaly","status":"publish","type":"post","link":"https:\/\/www.nettali.com\/2023\/05\/02\/chelsea-saison-terminee-pour-koulibaly\/","title":{"rendered":"CHELSEA - Saison termin\u00e9e pour Koulibaly ?"},"content":{"rendered":"<p dir=\"ltr\"><strong>NETTALI.COM - Mauvaise nouvelle pour Chelsea et Kalidou Koulibaly. Le club anglais ne devrait pas r\u00e9cup\u00e9rer le capitaine des Lions de si t\u00f4t. Bless\u00e9 depuis le 12 avril dernier, le champion d'Afrique sera absent pendant un certain temps, informe son entraineur.<\/strong><\/p>\n<p>La salle est-elle d\u00e9j\u00e0 termin\u00e9e pour Kalidou Koulibaly? En tout cas, le solide d\u00e9fenseur s\u00e9n\u00e9galais peine \u00e0 r\u00e9cup\u00e9rer de sa blessure contract\u00e9e en 8\u00e8me de finale de Ligue des champions face au Real Madrid.<\/p>\n<p>\"<em>Koulibaly sera encore absent pendant un certain temps. Je pense qu\u2019il serait trop juste pour la fin de la saison<\/em>\", a indiqu\u00e9 Frank Lampard ce lundi en conf\u00e9rence de presse de veille de match (contre Arsenal ce mardi Ndlr).<\/p>\n<p>Selon lui, le d\u00e9fenseur international s\u00e9n\u00e9galais s\u2019entra\u00eene \u00e0 l\u2019\u00e9cart du groupe. \"<em>J\u2019ai \u00e9t\u00e9 impressionn\u00e9 par lui en tant que professionnel, il fait tr\u00e8s bien son travail, mais malheureusement, la blessure est assez s\u00e9rieuse<\/em>\", a-t-il soulign\u00e9.<\/p>\n<div class='share-to-whatsapp-wrapper'><div class='share-on-whsp'>PARTAGER SUR : <\/div><a data-text='CHELSEA - Saison termin\u00e9e pour Koulibaly ?' data-link='https:\/\/www.nettali.com\/2023\/05\/02\/chelsea-saison-terminee-pour-koulibaly\/' class='whatsapp-button whatsapp-share'>WhatsApp<\/a><div class='clear '><\/div><\/div>","protected":false},"excerpt":{"rendered":"<p>NETTALI.COM - Mauvaise nouvelle pour Chelsea et Kalidou Koulibaly. Le club anglais ne devrait pas r\u00e9cup\u00e9rer le capitaine des Lions de si t\u00f4t. Bless\u00e9 depuis le 12 avril dernier, le champion d'Afrique sera absent pendant un certain temps, informe son entraineur. La salle est-elle d\u00e9j\u00e0 termin\u00e9e pour Kalidou Koulibaly? En tout cas, le solide d\u00e9fenseur [&hellip;]<\/p>\n","protected":false},"author":5,"featured_media":109107,"comment_status":"open","ping_status":"open","sticky":false,"template":"","format":"standard","meta":{"_et_pb_use_builder":"","_et_pb_old_content":""},"categories":[6],"tags":[],"yoast_head":"<!-- This site is optimized with the Yoast SEO Premium plugin v17.8 (Yoast SEO v17.8) - https:\/\/yoast.com\/wordpress\/plugins\/seo\/ -->\n<title>CHELSEA - Saison termin\u00e9e pour Koulibaly ? | Nettali.com<\/title>\n<meta name=\"robots\" content=\"index, follow, max-snippet:-1, max-image-preview:large, max-video-preview:-1\" \/>\n<link rel=\"canonical\" href=\"https:\/\/www.nettali.com\/2023\/05\/02\/chelsea-saison-terminee-pour-koulibaly\/\" \/>\n<meta property=\"og:locale\" content=\"fr_FR\" \/>\n<meta property=\"og:type\" content=\"article\" \/>\n<meta property=\"og:title\" content=\"CHELSEA - Saison termin\u00e9e pour Koulibaly ?\" \/>\n<meta property=\"og:description\" content=\"NETTALI.COM - Mauvaise nouvelle pour Chelsea et Kalidou Koulibaly. Le club anglais ne devrait pas r\u00e9cup\u00e9rer le capitaine des Lions de si t\u00f4t. Bless\u00e9 depuis le 12 avril dernier, le champion d&#039;Afrique sera absent pendant un certain temps, informe son entraineur. La salle est-elle d\u00e9j\u00e0 termin\u00e9e pour Kalidou Koulibaly? En tout cas, le solide d\u00e9fenseur [&hellip;]\" \/>\n<meta property=\"og:url\" content=\"https:\/\/www.nettali.com\/2023\/05\/02\/chelsea-saison-terminee-pour-koulibaly\/\" \/>\n<meta property=\"og:site_name\" content=\"Nettali.com\" \/>\n<meta property=\"article:publisher\" content=\"https:\/\/www.facebook.com\/nettalicom\" \/>\n<meta property=\"article:published_time\" content=\"2023-05-02T10:16:54+00:00\" \/>\n<meta property=\"og:image\" content=\"https:\/\/www.nettali.com\/wp-content\/uploads\/2023\/05\/322053323_725732818880763_5335346907493430421_n.jpg\" \/>\n\t<meta property=\"og:image:width\" content=\"1200\" \/>\n\t<meta property=\"og:image:height\" content=\"713\" \/>\n<meta name=\"twitter:card\" content=\"summary_large_image\" \/>\n<meta name=\"twitter:label1\" content=\"\u00c9crit par\" \/>\n\t<meta name=\"twitter:data1\" content=\"Ibrahima\" \/>\n\t<meta name=\"twitter:label2\" content=\"Dur\u00e9e de lecture estim\u00e9e\" \/>\n\t<meta name=\"twitter:data2\" content=\"1 minute\" \/>\n<script type=\"application\/ld+json\" class=\"yoast-schema-graph\">{\"@context\":\"https:\/\/schema.org\",\"@graph\":[{\"@type\":\"WebSite\",\"@id\":\"https:\/\/www.nettali.com\/#website\",\"url\":\"https:\/\/www.nettali.com\/\",\"name\":\"Nettali.com\",\"description\":\"Le rendez-vous critique du Net\",\"potentialAction\":[{\"@type\":\"SearchAction\",\"target\":{\"@type\":\"EntryPoint\",\"urlTemplate\":\"https:\/\/www.nettali.com\/?s={search_term_string}\"},\"query-input\":\"required name=search_term_string\"}],\"inLanguage\":\"fr-FR\"},{\"@type\":\"ImageObject\",\"@id\":\"https:\/\/www.nettali.com\/2023\/05\/02\/chelsea-saison-terminee-pour-koulibaly\/#primaryimage\",\"inLanguage\":\"fr-FR\",\"url\":\"https:\/\/www.nettali.com\/wp-content\/uploads\/2023\/05\/322053323_725732818880763_5335346907493430421_n.jpg\",\"contentUrl\":\"https:\/\/www.nettali.com\/wp-content\/uploads\/2023\/05\/322053323_725732818880763_5335346907493430421_n.jpg\",\"width\":1200,\"height\":713},{\"@type\":\"WebPage\",\"@id\":\"https:\/\/www.nettali.com\/2023\/05\/02\/chelsea-saison-terminee-pour-koulibaly\/#webpage\",\"url\":\"https:\/\/www.nettali.com\/2023\/05\/02\/chelsea-saison-terminee-pour-koulibaly\/\",\"name\":\"CHELSEA - Saison termin\\u00e9e pour Koulibaly ? | Nettali.com\",\"isPartOf\":{\"@id\":\"https:\/\/www.nettali.com\/#website\"},\"primaryImageOfPage\":{\"@id\":\"https:\/\/www.nettali.com\/2023\/05\/02\/chelsea-saison-terminee-pour-koulibaly\/#primaryimage\"},\"datePublished\":\"2023-05-02T10:16:54+00:00\",\"dateModified\":\"2023-05-02T10:16:54+00:00\",\"author\":{\"@id\":\"https:\/\/www.nettali.com\/#\/schema\/person\/bb147657c2986240405a608162b9bb23\"},\"breadcrumb\":{\"@id\":\"https:\/\/www.nettali.com\/2023\/05\/02\/chelsea-saison-terminee-pour-koulibaly\/#breadcrumb\"},\"inLanguage\":\"fr-FR\",\"potentialAction\":[{\"@type\":\"ReadAction\",\"target\":[\"https:\/\/www.nettali.com\/2023\/05\/02\/chelsea-saison-terminee-pour-koulibaly\/\"]}]},{\"@type\":\"BreadcrumbList\",\"@id\":\"https:\/\/www.nettali.com\/2023\/05\/02\/chelsea-saison-terminee-pour-koulibaly\/#breadcrumb\",\"itemListElement\":[{\"@type\":\"ListItem\",\"position\":1,\"name\":\"Accueil\",\"item\":\"https:\/\/www.nettali.com\/\"},{\"@type\":\"ListItem\",\"position\":2,\"name\":\"CHELSEA - Saison termin\\u00e9e pour Koulibaly ?\"}]},{\"@type\":\"Person\",\"@id\":\"https:\/\/www.nettali.com\/#\/schema\/person\/bb147657c2986240405a608162b9bb23\",\"name\":\"Ibrahima\",\"image\":{\"@type\":\"ImageObject\",\"@id\":\"https:\/\/www.nettali.com\/#personlogo\",\"inLanguage\":\"fr-FR\",\"url\":\"https:\/\/secure.gravatar.com\/avatar\/26a8a81f09f0dd7624c9d5c36c9ba3a2?s=96&d=mm&r=g\",\"contentUrl\":\"https:\/\/secure.gravatar.com\/avatar\/26a8a81f09f0dd7624c9d5c36c9ba3a2?s=96&d=mm&r=g\",\"caption\":\"Ibrahima\"},\"sameAs\":[\"https:\/\/www.nettali.com\"]}]}<\/script>\n<!-- \/ Yoast SEO Premium plugin. -->","yoast_head_json":{"title":"CHELSEA - Saison termin\u00e9e pour Koulibaly ? | Nettali.com","robots":{"index":"index","follow":"follow","max-snippet":"max-snippet:-1","max-image-preview":"max-image-preview:large","max-video-preview":"max-video-preview:-1"},"canonical":"https:\/\/www.nettali.com\/2023\/05\/02\/chelsea-saison-terminee-pour-koulibaly\/","og_locale":"fr_FR","og_type":"article","og_title":"CHELSEA - Saison termin\u00e9e pour Koulibaly ?","og_description":"NETTALI.COM - Mauvaise nouvelle pour Chelsea et Kalidou Koulibaly. Le club anglais ne devrait pas r\u00e9cup\u00e9rer le capitaine des Lions de si t\u00f4t. Bless\u00e9 depuis le 12 avril dernier, le champion d'Afrique sera absent pendant un certain temps, informe son entraineur. La salle est-elle d\u00e9j\u00e0 termin\u00e9e pour Kalidou Koulibaly? En tout cas, le solide d\u00e9fenseur [&hellip;]","og_url":"https:\/\/www.nettali.com\/2023\/05\/02\/chelsea-saison-terminee-pour-koulibaly\/","og_site_name":"Nettali.com","article_publisher":"https:\/\/www.facebook.com\/nettalicom","article_published_time":"2023-05-02T10:16:54+00:00","og_image":[{"width":1200,"height":713,"url":"https:\/\/www.nettali.com\/wp-content\/uploads\/2023\/05\/322053323_725732818880763_5335346907493430421_n.jpg","type":"image\/jpeg"}],"twitter_card":"summary_large_image","twitter_misc":{"\u00c9crit par":"Ibrahima","Dur\u00e9e de lecture estim\u00e9e":"1 minute"},"schema":{"@context":"https:\/\/schema.org","@graph":[{"@type":"WebSite","@id":"https:\/\/www.nettali.com\/#website","url":"https:\/\/www.nettali.com\/","name":"Nettali.com","description":"Le rendez-vous critique du Net","potentialAction":[{"@type":"SearchAction","target":{"@type":"EntryPoint","urlTemplate":"https:\/\/www.nettali.com\/?s={search_term_string}"},"query-input":"required name=search_term_string"}],"inLanguage":"fr-FR"},{"@type":"ImageObject","@id":"https:\/\/www.nettali.com\/2023\/05\/02\/chelsea-saison-terminee-pour-koulibaly\/#primaryimage","inLanguage":"fr-FR","url":"https:\/\/www.nettali.com\/wp-content\/uploads\/2023\/05\/322053323_725732818880763_5335346907493430421_n.jpg","contentUrl":"https:\/\/www.nettali.com\/wp-content\/uploads\/2023\/05\/322053323_725732818880763_5335346907493430421_n.jpg","width":1200,"height":713},{"@type":"WebPage","@id":"https:\/\/www.nettali.com\/2023\/05\/02\/chelsea-saison-terminee-pour-koulibaly\/#webpage","url":"https:\/\/www.nettali.com\/2023\/05\/02\/chelsea-saison-terminee-pour-koulibaly\/","name":"CHELSEA - Saison termin\u00e9e pour Koulibaly ? | Nettali.com","isPartOf":{"@id":"https:\/\/www.nettali.com\/#website"},"primaryImageOfPage":{"@id":"https:\/\/www.nettali.com\/2023\/05\/02\/chelsea-saison-terminee-pour-koulibaly\/#primaryimage"},"datePublished":"2023-05-02T10:16:54+00:00","dateModified":"2023-05-02T10:16:54+00:00","author":{"@id":"https:\/\/www.nettali.com\/#\/schema\/person\/bb147657c2986240405a608162b9bb23"},"breadcrumb":{"@id":"https:\/\/www.nettali.com\/2023\/05\/02\/chelsea-saison-terminee-pour-koulibaly\/#breadcrumb"},"inLanguage":"fr-FR","potentialAction":[{"@type":"ReadAction","target":["https:\/\/www.nettali.com\/2023\/05\/02\/chelsea-saison-terminee-pour-koulibaly\/"]}]},{"@type":"BreadcrumbList","@id":"https:\/\/www.nettali.com\/2023\/05\/02\/chelsea-saison-terminee-pour-koulibaly\/#breadcrumb","itemListElement":[{"@type":"ListItem","position":1,"name":"Accueil","item":"https:\/\/www.nettali.com\/"},{"@type":"ListItem","position":2,"name":"CHELSEA - Saison termin\u00e9e pour Koulibaly ?"}]},{"@type":"Person","@id":"https:\/\/www.nettali.com\/#\/schema\/person\/bb147657c2986240405a608162b9bb23","name":"Ibrahima","image":{"@type":"ImageObject","@id":"https:\/\/www.nettali.com\/#personlogo","inLanguage":"fr-FR","url":"https:\/\/secure.gravatar.com\/avatar\/26a8a81f09f0dd7624c9d5c36c9ba3a2?s=96&d=mm&r=g","contentUrl":"https:\/\/secure.gravatar.com\/avatar\/26a8a81f09f0dd7624c9d5c36c9ba3a2?s=96&d=mm&r=g","caption":"Ibrahima"},"sameAs":["https:\/\/www.nettali.com"]}]}},"_links":{"self":[{"href":"https:\/\/www.nettali.com\/rest\/wp\/v2\/posts\/109106"}],"collection":[{"href":"https:\/\/www.nettali.com\/rest\/wp\/v2\/posts"}],"about":[{"href":"https:\/\/www.nettali.com\/rest\/wp\/v2\/types\/post"}],"author":[{"embeddable":true,"href":"https:\/\/www.nettali.com\/rest\/wp\/v2\/users\/5"}],"replies":[{"embeddable":true,"href":"https:\/\/www.nettali.com\/rest\/wp\/v2\/comments?post=109106"}],"version-history":[{"count":1,"href":"https:\/\/www.nettali.com\/rest\/wp\/v2\/posts\/109106\/revisions"}],"predecessor-version":[{"id":109108,"href":"https:\/\/www.nettali.com\/rest\/wp\/v2\/posts\/109106\/revisions\/109108"}],"wp:featuredmedia":[{"embeddable":true,"href":"https:\/\/www.nettali.com\/rest\/wp\/v2\/media\/109107"}],"wp:attachment":[{"href":"https:\/\/www.nettali.com\/rest\/wp\/v2\/media?parent=109106"}],"wp:term":[{"taxonomy":"category","embeddable":true,"href":"https:\/\/www.nettali.com\/rest\/wp\/v2\/categories?post=109106"},{"taxonomy":"post_tag","embeddable":true,"href":"https:\/\/www.nettali.com\/rest\/wp\/v2\/tags?post=109106"}],"curies":[{"name":"wp","href":"https:\/\/api.w.org\/{rel}","templated":true}]}}