{"id":109037,"date":"2023-05-01T16:23:41","date_gmt":"2023-05-01T16:23:41","guid":{"rendered":"https:\/\/www.nettali.com\/?p=109037"},"modified":"2023-05-02T06:40:13","modified_gmt":"2023-05-02T06:40:13","slug":"en-coulisses-samba-sy-reelu","status":"publish","type":"post","link":"https:\/\/www.nettali.com\/2023\/05\/01\/en-coulisses-samba-sy-reelu\/","title":{"rendered":"EN COULISSES - Samba Sy, r\u00e9\u00e9lu \u00e0 la t\u00eate du Pit"},"content":{"rendered":"<div class=\"texte\">\n<div class=\"access firstletter\">\n<p><strong>NETTALI.COM -<\/strong> Le ministre Samba Sy a \u00e9t\u00e9 r\u00e9\u00e9lu ce lundi 1er mai, Secr\u00e9taire g\u00e9n\u00e9ral du Parti de l\u2019ind\u00e9pendance et du travail (PIT) apr\u00e8s le congr\u00e8s tenu ce week-end et qui s\u2019est termin\u00e9 ce matin.<\/p>\n<p>Rappelons que l'une des r\u00e9solution de ce congr\u00e8s est que le PIT a d\u00e9cid\u00e9 de rester dans la coalition pr\u00e9sidentielle \"Benno Bokk Yaakaar\" et de soutenir le candidat qui sera choisi par ladite coalition.<\/p>\n<\/div>\n<\/div>\n<div class=\"hide_module_inside\">\n<div id=\"mod_4047092\" class=\"mod_4047092 wm-module fullbackground module-article_connexe\">\n<div class=\"entete\"><\/div>\n<\/div>\n<\/div>\n<div class='share-to-whatsapp-wrapper'><div class='share-on-whsp'>PARTAGER SUR : <\/div><a data-text='EN COULISSES - Samba Sy, r\u00e9\u00e9lu \u00e0 la t\u00eate du Pit' data-link='https:\/\/www.nettali.com\/2023\/05\/01\/en-coulisses-samba-sy-reelu\/' class='whatsapp-button whatsapp-share'>WhatsApp<\/a><div class='clear '><\/div><\/div>","protected":false},"excerpt":{"rendered":"<p>NETTALI.COM - Le ministre Samba Sy a \u00e9t\u00e9 r\u00e9\u00e9lu ce lundi 1er mai, Secr\u00e9taire g\u00e9n\u00e9ral du Parti de l\u2019ind\u00e9pendance et du travail (PIT) apr\u00e8s le congr\u00e8s tenu ce week-end et qui s\u2019est termin\u00e9 ce matin. Rappelons que l'une des r\u00e9solution de ce congr\u00e8s est que le PIT a d\u00e9cid\u00e9 de rester dans la coalition pr\u00e9sidentielle [&hellip;]<\/p>\n","protected":false},"author":4,"featured_media":108989,"comment_status":"open","ping_status":"open","sticky":false,"template":"","format":"standard","meta":{"_et_pb_use_builder":"","_et_pb_old_content":""},"categories":[34945],"tags":[],"yoast_head":"<!-- This site is optimized with the Yoast SEO Premium plugin v17.8 (Yoast SEO v17.8) - https:\/\/yoast.com\/wordpress\/plugins\/seo\/ -->\n<title>EN COULISSES - Samba Sy, r\u00e9\u00e9lu \u00e0 la t\u00eate du Pit | Nettali.com<\/title>\n<meta name=\"robots\" content=\"index, follow, max-snippet:-1, max-image-preview:large, max-video-preview:-1\" \/>\n<link rel=\"canonical\" href=\"https:\/\/www.nettali.com\/2023\/05\/01\/en-coulisses-samba-sy-reelu\/\" \/>\n<meta property=\"og:locale\" content=\"fr_FR\" \/>\n<meta property=\"og:type\" content=\"article\" \/>\n<meta property=\"og:title\" content=\"EN COULISSES - Samba Sy, r\u00e9\u00e9lu \u00e0 la t\u00eate du Pit\" \/>\n<meta property=\"og:description\" content=\"NETTALI.COM - Le ministre Samba Sy a \u00e9t\u00e9 r\u00e9\u00e9lu ce lundi 1er mai, Secr\u00e9taire g\u00e9n\u00e9ral du Parti de l\u2019ind\u00e9pendance et du travail (PIT) apr\u00e8s le congr\u00e8s tenu ce week-end et qui s\u2019est termin\u00e9 ce matin. Rappelons que l&#039;une des r\u00e9solution de ce congr\u00e8s est que le PIT a d\u00e9cid\u00e9 de rester dans la coalition pr\u00e9sidentielle [&hellip;]\" \/>\n<meta property=\"og:url\" content=\"https:\/\/www.nettali.com\/2023\/05\/01\/en-coulisses-samba-sy-reelu\/\" \/>\n<meta property=\"og:site_name\" content=\"Nettali.com\" \/>\n<meta property=\"article:publisher\" content=\"https:\/\/www.facebook.com\/nettalicom\" \/>\n<meta property=\"article:published_time\" content=\"2023-05-01T16:23:41+00:00\" \/>\n<meta property=\"article:modified_time\" content=\"2023-05-02T06:40:13+00:00\" \/>\n<meta property=\"og:image\" content=\"https:\/\/www.nettali.com\/wp-content\/uploads\/2023\/04\/SAMBA-SY.jpg\" \/>\n\t<meta property=\"og:image:width\" content=\"599\" \/>\n\t<meta property=\"og:image:height\" content=\"378\" \/>\n<meta name=\"twitter:card\" content=\"summary_large_image\" \/>\n<meta name=\"twitter:label1\" content=\"\u00c9crit par\" \/>\n\t<meta name=\"twitter:data1\" content=\"Daouda\" \/>\n\t<meta name=\"twitter:label2\" content=\"Dur\u00e9e de lecture estim\u00e9e\" \/>\n\t<meta name=\"twitter:data2\" content=\"1 minute\" \/>\n<script type=\"application\/ld+json\" class=\"yoast-schema-graph\">{\"@context\":\"https:\/\/schema.org\",\"@graph\":[{\"@type\":\"WebSite\",\"@id\":\"https:\/\/www.nettali.com\/#website\",\"url\":\"https:\/\/www.nettali.com\/\",\"name\":\"Nettali.com\",\"description\":\"Le rendez-vous critique du Net\",\"potentialAction\":[{\"@type\":\"SearchAction\",\"target\":{\"@type\":\"EntryPoint\",\"urlTemplate\":\"https:\/\/www.nettali.com\/?s={search_term_string}\"},\"query-input\":\"required name=search_term_string\"}],\"inLanguage\":\"fr-FR\"},{\"@type\":\"ImageObject\",\"@id\":\"https:\/\/www.nettali.com\/2023\/05\/01\/en-coulisses-samba-sy-reelu\/#primaryimage\",\"inLanguage\":\"fr-FR\",\"url\":\"https:\/\/www.nettali.com\/wp-content\/uploads\/2023\/04\/SAMBA-SY.jpg\",\"contentUrl\":\"https:\/\/www.nettali.com\/wp-content\/uploads\/2023\/04\/SAMBA-SY.jpg\",\"width\":599,\"height\":378},{\"@type\":\"WebPage\",\"@id\":\"https:\/\/www.nettali.com\/2023\/05\/01\/en-coulisses-samba-sy-reelu\/#webpage\",\"url\":\"https:\/\/www.nettali.com\/2023\/05\/01\/en-coulisses-samba-sy-reelu\/\",\"name\":\"EN COULISSES - Samba Sy, r\\u00e9\\u00e9lu \\u00e0 la t\\u00eate du Pit | Nettali.com\",\"isPartOf\":{\"@id\":\"https:\/\/www.nettali.com\/#website\"},\"primaryImageOfPage\":{\"@id\":\"https:\/\/www.nettali.com\/2023\/05\/01\/en-coulisses-samba-sy-reelu\/#primaryimage\"},\"datePublished\":\"2023-05-01T16:23:41+00:00\",\"dateModified\":\"2023-05-02T06:40:13+00:00\",\"author\":{\"@id\":\"https:\/\/www.nettali.com\/#\/schema\/person\/3317e0bb3aa1da309fbf7b2780901bf4\"},\"breadcrumb\":{\"@id\":\"https:\/\/www.nettali.com\/2023\/05\/01\/en-coulisses-samba-sy-reelu\/#breadcrumb\"},\"inLanguage\":\"fr-FR\",\"potentialAction\":[{\"@type\":\"ReadAction\",\"target\":[\"https:\/\/www.nettali.com\/2023\/05\/01\/en-coulisses-samba-sy-reelu\/\"]}]},{\"@type\":\"BreadcrumbList\",\"@id\":\"https:\/\/www.nettali.com\/2023\/05\/01\/en-coulisses-samba-sy-reelu\/#breadcrumb\",\"itemListElement\":[{\"@type\":\"ListItem\",\"position\":1,\"name\":\"Accueil\",\"item\":\"https:\/\/www.nettali.com\/\"},{\"@type\":\"ListItem\",\"position\":2,\"name\":\"EN COULISSES - Samba Sy, r\\u00e9\\u00e9lu \\u00e0 la t\\u00eate du Pit\"}]},{\"@type\":\"Person\",\"@id\":\"https:\/\/www.nettali.com\/#\/schema\/person\/3317e0bb3aa1da309fbf7b2780901bf4\",\"name\":\"Daouda\",\"image\":{\"@type\":\"ImageObject\",\"@id\":\"https:\/\/www.nettali.com\/#personlogo\",\"inLanguage\":\"fr-FR\",\"url\":\"https:\/\/secure.gravatar.com\/avatar\/8d143b5a49345098ddcfee1c49c2f47c?s=96&d=mm&r=g\",\"contentUrl\":\"https:\/\/secure.gravatar.com\/avatar\/8d143b5a49345098ddcfee1c49c2f47c?s=96&d=mm&r=g\",\"caption\":\"Daouda\"},\"sameAs\":[\"https:\/\/www.nettali.com\"]}]}<\/script>\n<!-- \/ Yoast SEO Premium plugin. -->","yoast_head_json":{"title":"EN COULISSES - Samba Sy, r\u00e9\u00e9lu \u00e0 la t\u00eate du Pit | Nettali.com","robots":{"index":"index","follow":"follow","max-snippet":"max-snippet:-1","max-image-preview":"max-image-preview:large","max-video-preview":"max-video-preview:-1"},"canonical":"https:\/\/www.nettali.com\/2023\/05\/01\/en-coulisses-samba-sy-reelu\/","og_locale":"fr_FR","og_type":"article","og_title":"EN COULISSES - Samba Sy, r\u00e9\u00e9lu \u00e0 la t\u00eate du Pit","og_description":"NETTALI.COM - Le ministre Samba Sy a \u00e9t\u00e9 r\u00e9\u00e9lu ce lundi 1er mai, Secr\u00e9taire g\u00e9n\u00e9ral du Parti de l\u2019ind\u00e9pendance et du travail (PIT) apr\u00e8s le congr\u00e8s tenu ce week-end et qui s\u2019est termin\u00e9 ce matin. Rappelons que l'une des r\u00e9solution de ce congr\u00e8s est que le PIT a d\u00e9cid\u00e9 de rester dans la coalition pr\u00e9sidentielle [&hellip;]","og_url":"https:\/\/www.nettali.com\/2023\/05\/01\/en-coulisses-samba-sy-reelu\/","og_site_name":"Nettali.com","article_publisher":"https:\/\/www.facebook.com\/nettalicom","article_published_time":"2023-05-01T16:23:41+00:00","article_modified_time":"2023-05-02T06:40:13+00:00","og_image":[{"width":599,"height":378,"url":"https:\/\/www.nettali.com\/wp-content\/uploads\/2023\/04\/SAMBA-SY.jpg","type":"image\/jpeg"}],"twitter_card":"summary_large_image","twitter_misc":{"\u00c9crit par":"Daouda","Dur\u00e9e de lecture estim\u00e9e":"1 minute"},"schema":{"@context":"https:\/\/schema.org","@graph":[{"@type":"WebSite","@id":"https:\/\/www.nettali.com\/#website","url":"https:\/\/www.nettali.com\/","name":"Nettali.com","description":"Le rendez-vous critique du Net","potentialAction":[{"@type":"SearchAction","target":{"@type":"EntryPoint","urlTemplate":"https:\/\/www.nettali.com\/?s={search_term_string}"},"query-input":"required name=search_term_string"}],"inLanguage":"fr-FR"},{"@type":"ImageObject","@id":"https:\/\/www.nettali.com\/2023\/05\/01\/en-coulisses-samba-sy-reelu\/#primaryimage","inLanguage":"fr-FR","url":"https:\/\/www.nettali.com\/wp-content\/uploads\/2023\/04\/SAMBA-SY.jpg","contentUrl":"https:\/\/www.nettali.com\/wp-content\/uploads\/2023\/04\/SAMBA-SY.jpg","width":599,"height":378},{"@type":"WebPage","@id":"https:\/\/www.nettali.com\/2023\/05\/01\/en-coulisses-samba-sy-reelu\/#webpage","url":"https:\/\/www.nettali.com\/2023\/05\/01\/en-coulisses-samba-sy-reelu\/","name":"EN COULISSES - Samba Sy, r\u00e9\u00e9lu \u00e0 la t\u00eate du Pit | Nettali.com","isPartOf":{"@id":"https:\/\/www.nettali.com\/#website"},"primaryImageOfPage":{"@id":"https:\/\/www.nettali.com\/2023\/05\/01\/en-coulisses-samba-sy-reelu\/#primaryimage"},"datePublished":"2023-05-01T16:23:41+00:00","dateModified":"2023-05-02T06:40:13+00:00","author":{"@id":"https:\/\/www.nettali.com\/#\/schema\/person\/3317e0bb3aa1da309fbf7b2780901bf4"},"breadcrumb":{"@id":"https:\/\/www.nettali.com\/2023\/05\/01\/en-coulisses-samba-sy-reelu\/#breadcrumb"},"inLanguage":"fr-FR","potentialAction":[{"@type":"ReadAction","target":["https:\/\/www.nettali.com\/2023\/05\/01\/en-coulisses-samba-sy-reelu\/"]}]},{"@type":"BreadcrumbList","@id":"https:\/\/www.nettali.com\/2023\/05\/01\/en-coulisses-samba-sy-reelu\/#breadcrumb","itemListElement":[{"@type":"ListItem","position":1,"name":"Accueil","item":"https:\/\/www.nettali.com\/"},{"@type":"ListItem","position":2,"name":"EN COULISSES - Samba Sy, r\u00e9\u00e9lu \u00e0 la t\u00eate du Pit"}]},{"@type":"Person","@id":"https:\/\/www.nettali.com\/#\/schema\/person\/3317e0bb3aa1da309fbf7b2780901bf4","name":"Daouda","image":{"@type":"ImageObject","@id":"https:\/\/www.nettali.com\/#personlogo","inLanguage":"fr-FR","url":"https:\/\/secure.gravatar.com\/avatar\/8d143b5a49345098ddcfee1c49c2f47c?s=96&d=mm&r=g","contentUrl":"https:\/\/secure.gravatar.com\/avatar\/8d143b5a49345098ddcfee1c49c2f47c?s=96&d=mm&r=g","caption":"Daouda"},"sameAs":["https:\/\/www.nettali.com"]}]}},"_links":{"self":[{"href":"https:\/\/www.nettali.com\/rest\/wp\/v2\/posts\/109037"}],"collection":[{"href":"https:\/\/www.nettali.com\/rest\/wp\/v2\/posts"}],"about":[{"href":"https:\/\/www.nettali.com\/rest\/wp\/v2\/types\/post"}],"author":[{"embeddable":true,"href":"https:\/\/www.nettali.com\/rest\/wp\/v2\/users\/4"}],"replies":[{"embeddable":true,"href":"https:\/\/www.nettali.com\/rest\/wp\/v2\/comments?post=109037"}],"version-history":[{"count":4,"href":"https:\/\/www.nettali.com\/rest\/wp\/v2\/posts\/109037\/revisions"}],"predecessor-version":[{"id":109075,"href":"https:\/\/www.nettali.com\/rest\/wp\/v2\/posts\/109037\/revisions\/109075"}],"wp:featuredmedia":[{"embeddable":true,"href":"https:\/\/www.nettali.com\/rest\/wp\/v2\/media\/108989"}],"wp:attachment":[{"href":"https:\/\/www.nettali.com\/rest\/wp\/v2\/media?parent=109037"}],"wp:term":[{"taxonomy":"category","embeddable":true,"href":"https:\/\/www.nettali.com\/rest\/wp\/v2\/categories?post=109037"},{"taxonomy":"post_tag","embeddable":true,"href":"https:\/\/www.nettali.com\/rest\/wp\/v2\/tags?post=109037"}],"curies":[{"name":"wp","href":"https:\/\/api.w.org\/{rel}","templated":true}]}}