{"id":109003,"date":"2023-04-30T14:48:13","date_gmt":"2023-04-30T14:48:13","guid":{"rendered":"https:\/\/www.nettali.com\/?p=109003"},"modified":"2023-04-30T18:18:01","modified_gmt":"2023-04-30T18:18:01","slug":"abdoulaye-diouf-sarr-sur-son-limogeage-jai-appris-la-decision-en-meme-que-tous-les-senegalais","status":"publish","type":"post","link":"https:\/\/www.nettali.com\/2023\/04\/30\/abdoulaye-diouf-sarr-sur-son-limogeage-jai-appris-la-decision-en-meme-que-tous-les-senegalais\/","title":{"rendered":"ABDOULAYE DIOUF SARR SUR SON LIMOGEAGE - \u00ab\u00a0J\u2019ai appris la d\u00e9cision en m\u00eame que tous les S\u00e9n\u00e9galais...\u00bb"},"content":{"rendered":"<p><strong>NETTALI.COM - L'ancien de la Sant\u00e9 et de l\u2019Action sociale, Abdoulaye Diouf a r\u00e9v\u00e9l\u00e9, devant le \u00ab Jury du dimanche \u00bb, avoir appris son limogeage en m\u00eame que tous les S\u00e9n\u00e9galais.<\/strong><\/p>\n<p>Pour la premi\u00e8re fois, Abdoulaye Diouf Sarr parle de son limogeage en tant que ministre de la Sant\u00e9 et de l\u2019action sociale. Il a \u00e9t\u00e9 remerci\u00e9 apr\u00e8s que des b\u00e9b\u00e9s ont \u00e9t\u00e9 calcin\u00e9s au centre n\u00e9onatal de l\u2019H\u00f4pital de Tivaouane.<\/p>\n<p>\u00ab\u00a0Quand<em> le Pr\u00e9sident Macky Sall me confiait le minist\u00e8re de la sant\u00e9, il n\u2019a pas demand\u00e9 mon avis. Je l\u2019ai appris en m\u00eame temps que tous les S\u00e9n\u00e9galais en lisant le communiqu\u00e9 du conseil des ministres<\/em>\u00a0\u00bb, dit-il.<\/p>\n<p>Avant de r\u00e9v\u00e9ler : \u00ab <em>un camarade m\u2019a demand\u00e9 \u00e0 l\u2019\u00e9poque dans l\u2019affaire des b\u00e9b\u00e9s calcin\u00e9s \u00e0 Tivaouane, de poser un acte pour entrer dans l\u2019histoire en d\u00e9posant ma lettre de d\u00e9mission, mais je ne voulais pas faire le buzz sur un drame. J\u2019ai laiss\u00e9 au Pr\u00e9sident de d\u00e9cider des cons\u00e9quences comme je l\u2019ai dit.\u00a0 J\u2019ai \u00e9t\u00e9 limog\u00e9 parce que la situation l\u2019exigeait. Elle exigeait \u00e0 ce qu\u2019un message soit envoy\u00e9 \u00e0 la population de mani\u00e8re globale pour apaiser ce climat assez compliqu\u00e9. Je pouvais d\u00e9missionner \u00e0 l\u2019\u00e9poque mais comme je suis loyal au chef de l\u2019Etat je lui ai laiss\u00e9 l\u2019occasion de d\u00e9cider des cons\u00e9quences<\/em> \u00bb.<\/p>\n<p>Selon lui, le Chef de l'Etat lui faisait confiance parce qu\u2019on ne peut pas confier un minist\u00e8re aussi important \u00e0 quelqu'un qu\u2019on ne consulte pas.<\/p>\n<p>\u00ab <em>Quand je suis arriv\u00e9 au minist\u00e8re, ma feuille de route \u00e9tait claire. Elle \u00e9tait responsable d' un syst\u00e8me de sant\u00e9. On ne me demandait pas d\u2019entrer dans des blocs op\u00e9ratoires pour op\u00e9rer. On ne me demandait pas d\u2019entrer dans des labos pour faire des analyses. C\u2019\u00e9tait un gestionnaire \u00e0 qui on a confi\u00e9 un syst\u00e8me global<\/em> \u00bb, a soulign\u00e9 le Directeur g\u00e9n\u00e9ral du Fonsis. Qui dit avoir abord\u00e9 le syst\u00e8me de sant\u00e9 dans tous ses aspects de la pyramide pour y apporter des transformations majeures.<\/p>\n<p>Et, s\u2019enorgueillit-il : \u00ab <em>je sais que, peut-\u00eatre, \u00e7a va heurter ma modestie, j\u2019ai \u00e9norm\u00e9ment fait bouger les lignes en mati\u00e8re de sant\u00e9. J\u2019ai r\u00e9alis\u00e9 quatre h\u00f4pitaux pendant mon magist\u00e8re, j\u2019ai transform\u00e9 totalement la vision de la gestion des ressources humaines en augmentant les bourses de sp\u00e9cialisation, nous avons fait de Dalal Jamm un h\u00f4pital moderne, etc.<\/em> \u00bb.<\/p>\n<p>A son avis, quand une situation se pose dans un pays et qu\u2019il y\u2019a une clameur, il faut la g\u00e9rer au plan strat\u00e9gique.\u00a0 Mieux, il pense qu'il est important parfois de prendre juste une mesure d\u2019apaisement qui n\u2019est pas une mesure pour indexer en termes de responsabilit\u00e9.<\/p>\n<div class='share-to-whatsapp-wrapper'><div class='share-on-whsp'>PARTAGER SUR : <\/div><a data-text='ABDOULAYE DIOUF SARR SUR SON LIMOGEAGE - \u00ab\u00a0J\u2019ai appris la d\u00e9cision en m\u00eame que tous les S\u00e9n\u00e9galais...\u00bb' data-link='https:\/\/www.nettali.com\/2023\/04\/30\/abdoulaye-diouf-sarr-sur-son-limogeage-jai-appris-la-decision-en-meme-que-tous-les-senegalais\/' class='whatsapp-button whatsapp-share'>WhatsApp<\/a><div class='clear '><\/div><\/div>","protected":false},"excerpt":{"rendered":"<p>NETTALI.COM - L'ancien de la Sant\u00e9 et de l\u2019Action sociale, Abdoulaye Diouf a r\u00e9v\u00e9l\u00e9, devant le \u00ab Jury du dimanche \u00bb, avoir appris son limogeage en m\u00eame que tous les S\u00e9n\u00e9galais. Pour la premi\u00e8re fois, Abdoulaye Diouf Sarr parle de son limogeage en tant que ministre de la Sant\u00e9 et de l\u2019action sociale. Il a [&hellip;]<\/p>\n","protected":false},"author":6,"featured_media":87068,"comment_status":"open","ping_status":"open","sticky":false,"template":"","format":"standard","meta":{"_et_pb_use_builder":"","_et_pb_old_content":""},"categories":[3],"tags":[],"yoast_head":"<!-- This site is optimized with the Yoast SEO Premium plugin v17.8 (Yoast SEO v17.8) - https:\/\/yoast.com\/wordpress\/plugins\/seo\/ -->\n<title>ABDOULAYE DIOUF SARR SUR SON LIMOGEAGE - \u00ab\u00a0J\u2019ai appris la d\u00e9cision en m\u00eame que tous les S\u00e9n\u00e9galais...\u00bb | Nettali.com<\/title>\n<meta name=\"robots\" content=\"index, follow, max-snippet:-1, max-image-preview:large, max-video-preview:-1\" \/>\n<link rel=\"canonical\" href=\"https:\/\/www.nettali.com\/2023\/04\/30\/abdoulaye-diouf-sarr-sur-son-limogeage-jai-appris-la-decision-en-meme-que-tous-les-senegalais\/\" \/>\n<meta property=\"og:locale\" content=\"fr_FR\" \/>\n<meta property=\"og:type\" content=\"article\" \/>\n<meta property=\"og:title\" content=\"ABDOULAYE DIOUF SARR SUR SON LIMOGEAGE - \u00ab\u00a0J\u2019ai appris la d\u00e9cision en m\u00eame que tous les S\u00e9n\u00e9galais...\u00bb\" \/>\n<meta property=\"og:description\" content=\"NETTALI.COM - L&#039;ancien de la Sant\u00e9 et de l\u2019Action sociale, Abdoulaye Diouf a r\u00e9v\u00e9l\u00e9, devant le \u00ab Jury du dimanche \u00bb, avoir appris son limogeage en m\u00eame que tous les S\u00e9n\u00e9galais. Pour la premi\u00e8re fois, Abdoulaye Diouf Sarr parle de son limogeage en tant que ministre de la Sant\u00e9 et de l\u2019action sociale. Il a [&hellip;]\" \/>\n<meta property=\"og:url\" content=\"https:\/\/www.nettali.com\/2023\/04\/30\/abdoulaye-diouf-sarr-sur-son-limogeage-jai-appris-la-decision-en-meme-que-tous-les-senegalais\/\" \/>\n<meta property=\"og:site_name\" content=\"Nettali.com\" \/>\n<meta property=\"article:publisher\" content=\"https:\/\/www.facebook.com\/nettalicom\" \/>\n<meta property=\"article:published_time\" content=\"2023-04-30T14:48:13+00:00\" \/>\n<meta property=\"article:modified_time\" content=\"2023-04-30T18:18:01+00:00\" \/>\n<meta property=\"og:image\" content=\"https:\/\/www.nettali.com\/wp-content\/uploads\/2022\/05\/diouf-sarr.jpg\" \/>\n\t<meta property=\"og:image:width\" content=\"650\" \/>\n\t<meta property=\"og:image:height\" content=\"431\" \/>\n<meta name=\"twitter:card\" content=\"summary_large_image\" \/>\n<meta name=\"twitter:label1\" content=\"\u00c9crit par\" \/>\n\t<meta name=\"twitter:data1\" content=\"Fatou\" \/>\n\t<meta name=\"twitter:label2\" content=\"Dur\u00e9e de lecture estim\u00e9e\" \/>\n\t<meta name=\"twitter:data2\" content=\"3 minutes\" \/>\n<script type=\"application\/ld+json\" class=\"yoast-schema-graph\">{\"@context\":\"https:\/\/schema.org\",\"@graph\":[{\"@type\":\"WebSite\",\"@id\":\"https:\/\/www.nettali.com\/#website\",\"url\":\"https:\/\/www.nettali.com\/\",\"name\":\"Nettali.com\",\"description\":\"Le rendez-vous critique du Net\",\"potentialAction\":[{\"@type\":\"SearchAction\",\"target\":{\"@type\":\"EntryPoint\",\"urlTemplate\":\"https:\/\/www.nettali.com\/?s={search_term_string}\"},\"query-input\":\"required name=search_term_string\"}],\"inLanguage\":\"fr-FR\"},{\"@type\":\"ImageObject\",\"@id\":\"https:\/\/www.nettali.com\/2023\/04\/30\/abdoulaye-diouf-sarr-sur-son-limogeage-jai-appris-la-decision-en-meme-que-tous-les-senegalais\/#primaryimage\",\"inLanguage\":\"fr-FR\",\"url\":\"https:\/\/www.nettali.com\/wp-content\/uploads\/2022\/05\/diouf-sarr.jpg\",\"contentUrl\":\"https:\/\/www.nettali.com\/wp-content\/uploads\/2022\/05\/diouf-sarr.jpg\",\"width\":650,\"height\":431},{\"@type\":\"WebPage\",\"@id\":\"https:\/\/www.nettali.com\/2023\/04\/30\/abdoulaye-diouf-sarr-sur-son-limogeage-jai-appris-la-decision-en-meme-que-tous-les-senegalais\/#webpage\",\"url\":\"https:\/\/www.nettali.com\/2023\/04\/30\/abdoulaye-diouf-sarr-sur-son-limogeage-jai-appris-la-decision-en-meme-que-tous-les-senegalais\/\",\"name\":\"ABDOULAYE DIOUF SARR SUR SON LIMOGEAGE - \\u00ab\\u00a0J\\u2019ai appris la d\\u00e9cision en m\\u00eame que tous les S\\u00e9n\\u00e9galais...\\u00bb | Nettali.com\",\"isPartOf\":{\"@id\":\"https:\/\/www.nettali.com\/#website\"},\"primaryImageOfPage\":{\"@id\":\"https:\/\/www.nettali.com\/2023\/04\/30\/abdoulaye-diouf-sarr-sur-son-limogeage-jai-appris-la-decision-en-meme-que-tous-les-senegalais\/#primaryimage\"},\"datePublished\":\"2023-04-30T14:48:13+00:00\",\"dateModified\":\"2023-04-30T18:18:01+00:00\",\"author\":{\"@id\":\"https:\/\/www.nettali.com\/#\/schema\/person\/418274a86bdf87caff7a3ef476bd0bbf\"},\"breadcrumb\":{\"@id\":\"https:\/\/www.nettali.com\/2023\/04\/30\/abdoulaye-diouf-sarr-sur-son-limogeage-jai-appris-la-decision-en-meme-que-tous-les-senegalais\/#breadcrumb\"},\"inLanguage\":\"fr-FR\",\"potentialAction\":[{\"@type\":\"ReadAction\",\"target\":[\"https:\/\/www.nettali.com\/2023\/04\/30\/abdoulaye-diouf-sarr-sur-son-limogeage-jai-appris-la-decision-en-meme-que-tous-les-senegalais\/\"]}]},{\"@type\":\"BreadcrumbList\",\"@id\":\"https:\/\/www.nettali.com\/2023\/04\/30\/abdoulaye-diouf-sarr-sur-son-limogeage-jai-appris-la-decision-en-meme-que-tous-les-senegalais\/#breadcrumb\",\"itemListElement\":[{\"@type\":\"ListItem\",\"position\":1,\"name\":\"Accueil\",\"item\":\"https:\/\/www.nettali.com\/\"},{\"@type\":\"ListItem\",\"position\":2,\"name\":\"ABDOULAYE DIOUF SARR SUR SON LIMOGEAGE - \\u00ab\\u00a0J\\u2019ai appris la d\\u00e9cision en m\\u00eame que tous les S\\u00e9n\\u00e9galais...\\u00bb\"}]},{\"@type\":\"Person\",\"@id\":\"https:\/\/www.nettali.com\/#\/schema\/person\/418274a86bdf87caff7a3ef476bd0bbf\",\"name\":\"Fatou\",\"image\":{\"@type\":\"ImageObject\",\"@id\":\"https:\/\/www.nettali.com\/#personlogo\",\"inLanguage\":\"fr-FR\",\"url\":\"https:\/\/secure.gravatar.com\/avatar\/5a9442a2bee7b4dcf167cab035858e9a?s=96&d=mm&r=g\",\"contentUrl\":\"https:\/\/secure.gravatar.com\/avatar\/5a9442a2bee7b4dcf167cab035858e9a?s=96&d=mm&r=g\",\"caption\":\"Fatou\"},\"sameAs\":[\"https:\/\/www.nettali.com\"]}]}<\/script>\n<!-- \/ Yoast SEO Premium plugin. -->","yoast_head_json":{"title":"ABDOULAYE DIOUF SARR SUR SON LIMOGEAGE - \u00ab\u00a0J\u2019ai appris la d\u00e9cision en m\u00eame que tous les S\u00e9n\u00e9galais...\u00bb | Nettali.com","robots":{"index":"index","follow":"follow","max-snippet":"max-snippet:-1","max-image-preview":"max-image-preview:large","max-video-preview":"max-video-preview:-1"},"canonical":"https:\/\/www.nettali.com\/2023\/04\/30\/abdoulaye-diouf-sarr-sur-son-limogeage-jai-appris-la-decision-en-meme-que-tous-les-senegalais\/","og_locale":"fr_FR","og_type":"article","og_title":"ABDOULAYE DIOUF SARR SUR SON LIMOGEAGE - \u00ab\u00a0J\u2019ai appris la d\u00e9cision en m\u00eame que tous les S\u00e9n\u00e9galais...\u00bb","og_description":"NETTALI.COM - L'ancien de la Sant\u00e9 et de l\u2019Action sociale, Abdoulaye Diouf a r\u00e9v\u00e9l\u00e9, devant le \u00ab Jury du dimanche \u00bb, avoir appris son limogeage en m\u00eame que tous les S\u00e9n\u00e9galais. Pour la premi\u00e8re fois, Abdoulaye Diouf Sarr parle de son limogeage en tant que ministre de la Sant\u00e9 et de l\u2019action sociale. Il a [&hellip;]","og_url":"https:\/\/www.nettali.com\/2023\/04\/30\/abdoulaye-diouf-sarr-sur-son-limogeage-jai-appris-la-decision-en-meme-que-tous-les-senegalais\/","og_site_name":"Nettali.com","article_publisher":"https:\/\/www.facebook.com\/nettalicom","article_published_time":"2023-04-30T14:48:13+00:00","article_modified_time":"2023-04-30T18:18:01+00:00","og_image":[{"width":650,"height":431,"url":"https:\/\/www.nettali.com\/wp-content\/uploads\/2022\/05\/diouf-sarr.jpg","type":"image\/jpeg"}],"twitter_card":"summary_large_image","twitter_misc":{"\u00c9crit par":"Fatou","Dur\u00e9e de lecture estim\u00e9e":"3 minutes"},"schema":{"@context":"https:\/\/schema.org","@graph":[{"@type":"WebSite","@id":"https:\/\/www.nettali.com\/#website","url":"https:\/\/www.nettali.com\/","name":"Nettali.com","description":"Le rendez-vous critique du Net","potentialAction":[{"@type":"SearchAction","target":{"@type":"EntryPoint","urlTemplate":"https:\/\/www.nettali.com\/?s={search_term_string}"},"query-input":"required name=search_term_string"}],"inLanguage":"fr-FR"},{"@type":"ImageObject","@id":"https:\/\/www.nettali.com\/2023\/04\/30\/abdoulaye-diouf-sarr-sur-son-limogeage-jai-appris-la-decision-en-meme-que-tous-les-senegalais\/#primaryimage","inLanguage":"fr-FR","url":"https:\/\/www.nettali.com\/wp-content\/uploads\/2022\/05\/diouf-sarr.jpg","contentUrl":"https:\/\/www.nettali.com\/wp-content\/uploads\/2022\/05\/diouf-sarr.jpg","width":650,"height":431},{"@type":"WebPage","@id":"https:\/\/www.nettali.com\/2023\/04\/30\/abdoulaye-diouf-sarr-sur-son-limogeage-jai-appris-la-decision-en-meme-que-tous-les-senegalais\/#webpage","url":"https:\/\/www.nettali.com\/2023\/04\/30\/abdoulaye-diouf-sarr-sur-son-limogeage-jai-appris-la-decision-en-meme-que-tous-les-senegalais\/","name":"ABDOULAYE DIOUF SARR SUR SON LIMOGEAGE - \u00ab\u00a0J\u2019ai appris la d\u00e9cision en m\u00eame que tous les S\u00e9n\u00e9galais...\u00bb | Nettali.com","isPartOf":{"@id":"https:\/\/www.nettali.com\/#website"},"primaryImageOfPage":{"@id":"https:\/\/www.nettali.com\/2023\/04\/30\/abdoulaye-diouf-sarr-sur-son-limogeage-jai-appris-la-decision-en-meme-que-tous-les-senegalais\/#primaryimage"},"datePublished":"2023-04-30T14:48:13+00:00","dateModified":"2023-04-30T18:18:01+00:00","author":{"@id":"https:\/\/www.nettali.com\/#\/schema\/person\/418274a86bdf87caff7a3ef476bd0bbf"},"breadcrumb":{"@id":"https:\/\/www.nettali.com\/2023\/04\/30\/abdoulaye-diouf-sarr-sur-son-limogeage-jai-appris-la-decision-en-meme-que-tous-les-senegalais\/#breadcrumb"},"inLanguage":"fr-FR","potentialAction":[{"@type":"ReadAction","target":["https:\/\/www.nettali.com\/2023\/04\/30\/abdoulaye-diouf-sarr-sur-son-limogeage-jai-appris-la-decision-en-meme-que-tous-les-senegalais\/"]}]},{"@type":"BreadcrumbList","@id":"https:\/\/www.nettali.com\/2023\/04\/30\/abdoulaye-diouf-sarr-sur-son-limogeage-jai-appris-la-decision-en-meme-que-tous-les-senegalais\/#breadcrumb","itemListElement":[{"@type":"ListItem","position":1,"name":"Accueil","item":"https:\/\/www.nettali.com\/"},{"@type":"ListItem","position":2,"name":"ABDOULAYE DIOUF SARR SUR SON LIMOGEAGE - \u00ab\u00a0J\u2019ai appris la d\u00e9cision en m\u00eame que tous les S\u00e9n\u00e9galais...\u00bb"}]},{"@type":"Person","@id":"https:\/\/www.nettali.com\/#\/schema\/person\/418274a86bdf87caff7a3ef476bd0bbf","name":"Fatou","image":{"@type":"ImageObject","@id":"https:\/\/www.nettali.com\/#personlogo","inLanguage":"fr-FR","url":"https:\/\/secure.gravatar.com\/avatar\/5a9442a2bee7b4dcf167cab035858e9a?s=96&d=mm&r=g","contentUrl":"https:\/\/secure.gravatar.com\/avatar\/5a9442a2bee7b4dcf167cab035858e9a?s=96&d=mm&r=g","caption":"Fatou"},"sameAs":["https:\/\/www.nettali.com"]}]}},"_links":{"self":[{"href":"https:\/\/www.nettali.com\/rest\/wp\/v2\/posts\/109003"}],"collection":[{"href":"https:\/\/www.nettali.com\/rest\/wp\/v2\/posts"}],"about":[{"href":"https:\/\/www.nettali.com\/rest\/wp\/v2\/types\/post"}],"author":[{"embeddable":true,"href":"https:\/\/www.nettali.com\/rest\/wp\/v2\/users\/6"}],"replies":[{"embeddable":true,"href":"https:\/\/www.nettali.com\/rest\/wp\/v2\/comments?post=109003"}],"version-history":[{"count":5,"href":"https:\/\/www.nettali.com\/rest\/wp\/v2\/posts\/109003\/revisions"}],"predecessor-version":[{"id":109026,"href":"https:\/\/www.nettali.com\/rest\/wp\/v2\/posts\/109003\/revisions\/109026"}],"wp:featuredmedia":[{"embeddable":true,"href":"https:\/\/www.nettali.com\/rest\/wp\/v2\/media\/87068"}],"wp:attachment":[{"href":"https:\/\/www.nettali.com\/rest\/wp\/v2\/media?parent=109003"}],"wp:term":[{"taxonomy":"category","embeddable":true,"href":"https:\/\/www.nettali.com\/rest\/wp\/v2\/categories?post=109003"},{"taxonomy":"post_tag","embeddable":true,"href":"https:\/\/www.nettali.com\/rest\/wp\/v2\/tags?post=109003"}],"curies":[{"name":"wp","href":"https:\/\/api.w.org\/{rel}","templated":true}]}}