{"id":108955,"date":"2023-04-29T09:12:47","date_gmt":"2023-04-29T09:12:47","guid":{"rendered":"https:\/\/www.nettali.com\/?p=108955"},"modified":"2023-04-30T15:11:08","modified_gmt":"2023-04-30T15:11:08","slug":"necrologie-deces-de-mame-less-camara","status":"publish","type":"post","link":"https:\/\/www.nettali.com\/2023\/04\/29\/necrologie-deces-de-mame-less-camara\/","title":{"rendered":"NECROLOGIE - D\u00e9c\u00e8s de Mame Less Camara"},"content":{"rendered":"<p><strong>NETTALI.COM - Le journaliste, Mame Less Camara, n'est plus. Il est d\u00e9c\u00e9d\u00e9 ce samedi matin \u00e0 l'h\u00f4pital Principal de Dakar apr\u00e8s une longue maladie.<\/strong><\/p>\n<p>La presse pleure une grosse perte de l'un de ses porte-\u00e9tendards. Et les confr\u00e8res rivalisent de superlatifs pour rendre hommage \u00e0 cet illustre a\u00een\u00e9, disparu \u00e0 jamais. Excellent p\u00e9dagogue qui a marqu\u00e9 les \u00e9tudiants qui lui vouaient une grande admiration, Mame Less Camara \u00e9tait la dignit\u00e9 personnifi\u00e9e, un homme de valeurs.<\/p>\n<p>Mame Less a form\u00e9, format\u00e9 et encadr\u00e9 plusieurs g\u00e9n\u00e9rations de journalistes.<\/p>\n<p>De la Rts \u00e0 Walfadjri en passant par Le Matin o\u00f9 il sign\u00e9 sous le pseudonyme de Abou Sow, le doyen Less a lanc\u00e9 Envi FM,\u00a0 a dirig\u00e9 Oc\u00e9an FM, a coach\u00e9 plusieurs m\u00e9dias et a collabor\u00e9 avec BBC \u00e0 Dakar avant de d\u00e9poser ses baluchons \u00e0 Futurs M\u00e9dias comme Directeur de l\u2019Information puis conseiller du Pr\u00e9sident du Conseil d\u2019administration.<\/p>\n<p>Tr\u00e8s subtile et g\u00e9n\u00e9reux dans le partage de ses connaissances, le doyen Mame Less Camara a assur\u00e9 la mod\u00e9ration de plusieurs conf\u00e9rences et tables rondes.<\/p>\n<p>Il a effectu\u00e9 le p\u00e8lerinage \u00e0 La Mecque en 2016.<\/p>\n<p>La lev\u00e9e du corps est pr\u00e9vue ce dimanche et l\u2019enterrement au cimeti\u00e8re de Yoff.<\/p>\n<p>&nbsp;<\/p>\n<div class='share-to-whatsapp-wrapper'><div class='share-on-whsp'>PARTAGER SUR : <\/div><a data-text='NECROLOGIE - D\u00e9c\u00e8s de Mame Less Camara' data-link='https:\/\/www.nettali.com\/2023\/04\/29\/necrologie-deces-de-mame-less-camara\/' class='whatsapp-button whatsapp-share'>WhatsApp<\/a><div class='clear '><\/div><\/div>","protected":false},"excerpt":{"rendered":"<p>NETTALI.COM - Le journaliste, Mame Less Camara, n'est plus. Il est d\u00e9c\u00e9d\u00e9 ce samedi matin \u00e0 l'h\u00f4pital Principal de Dakar apr\u00e8s une longue maladie. La presse pleure une grosse perte de l'un de ses porte-\u00e9tendards. Et les confr\u00e8res rivalisent de superlatifs pour rendre hommage \u00e0 cet illustre a\u00een\u00e9, disparu \u00e0 jamais. Excellent p\u00e9dagogue qui a [&hellip;]<\/p>\n","protected":false},"author":4,"featured_media":108957,"comment_status":"open","ping_status":"open","sticky":false,"template":"","format":"standard","meta":{"_et_pb_use_builder":"","_et_pb_old_content":""},"categories":[3],"tags":[],"yoast_head":"<!-- This site is optimized with the Yoast SEO Premium plugin v17.8 (Yoast SEO v17.8) - https:\/\/yoast.com\/wordpress\/plugins\/seo\/ -->\n<title>NECROLOGIE - D\u00e9c\u00e8s de Mame Less Camara | Nettali.com<\/title>\n<meta name=\"robots\" content=\"index, follow, max-snippet:-1, max-image-preview:large, max-video-preview:-1\" \/>\n<link rel=\"canonical\" href=\"https:\/\/www.nettali.com\/2023\/04\/29\/necrologie-deces-de-mame-less-camara\/\" \/>\n<meta property=\"og:locale\" content=\"fr_FR\" \/>\n<meta property=\"og:type\" content=\"article\" \/>\n<meta property=\"og:title\" content=\"NECROLOGIE - D\u00e9c\u00e8s de Mame Less Camara\" \/>\n<meta property=\"og:description\" content=\"NETTALI.COM - Le journaliste, Mame Less Camara, n&#039;est plus. Il est d\u00e9c\u00e9d\u00e9 ce samedi matin \u00e0 l&#039;h\u00f4pital Principal de Dakar apr\u00e8s une longue maladie. La presse pleure une grosse perte de l&#039;un de ses porte-\u00e9tendards. Et les confr\u00e8res rivalisent de superlatifs pour rendre hommage \u00e0 cet illustre a\u00een\u00e9, disparu \u00e0 jamais. Excellent p\u00e9dagogue qui a [&hellip;]\" \/>\n<meta property=\"og:url\" content=\"https:\/\/www.nettali.com\/2023\/04\/29\/necrologie-deces-de-mame-less-camara\/\" \/>\n<meta property=\"og:site_name\" content=\"Nettali.com\" \/>\n<meta property=\"article:publisher\" content=\"https:\/\/www.facebook.com\/nettalicom\" \/>\n<meta property=\"article:published_time\" content=\"2023-04-29T09:12:47+00:00\" \/>\n<meta property=\"article:modified_time\" content=\"2023-04-30T15:11:08+00:00\" \/>\n<meta property=\"og:image\" content=\"https:\/\/www.nettali.com\/wp-content\/uploads\/2023\/04\/Mame-Less-camara.jpeg\" \/>\n\t<meta property=\"og:image:width\" content=\"612\" \/>\n\t<meta property=\"og:image:height\" content=\"298\" \/>\n<meta name=\"twitter:card\" content=\"summary_large_image\" \/>\n<meta name=\"twitter:label1\" content=\"\u00c9crit par\" \/>\n\t<meta name=\"twitter:data1\" content=\"Daouda\" \/>\n\t<meta name=\"twitter:label2\" content=\"Dur\u00e9e de lecture estim\u00e9e\" \/>\n\t<meta name=\"twitter:data2\" content=\"1 minute\" \/>\n<script type=\"application\/ld+json\" class=\"yoast-schema-graph\">{\"@context\":\"https:\/\/schema.org\",\"@graph\":[{\"@type\":\"WebSite\",\"@id\":\"https:\/\/www.nettali.com\/#website\",\"url\":\"https:\/\/www.nettali.com\/\",\"name\":\"Nettali.com\",\"description\":\"Le rendez-vous critique du Net\",\"potentialAction\":[{\"@type\":\"SearchAction\",\"target\":{\"@type\":\"EntryPoint\",\"urlTemplate\":\"https:\/\/www.nettali.com\/?s={search_term_string}\"},\"query-input\":\"required name=search_term_string\"}],\"inLanguage\":\"fr-FR\"},{\"@type\":\"ImageObject\",\"@id\":\"https:\/\/www.nettali.com\/2023\/04\/29\/necrologie-deces-de-mame-less-camara\/#primaryimage\",\"inLanguage\":\"fr-FR\",\"url\":\"https:\/\/www.nettali.com\/wp-content\/uploads\/2023\/04\/Mame-Less-camara.jpeg\",\"contentUrl\":\"https:\/\/www.nettali.com\/wp-content\/uploads\/2023\/04\/Mame-Less-camara.jpeg\",\"width\":612,\"height\":298},{\"@type\":\"WebPage\",\"@id\":\"https:\/\/www.nettali.com\/2023\/04\/29\/necrologie-deces-de-mame-less-camara\/#webpage\",\"url\":\"https:\/\/www.nettali.com\/2023\/04\/29\/necrologie-deces-de-mame-less-camara\/\",\"name\":\"NECROLOGIE - D\\u00e9c\\u00e8s de Mame Less Camara | Nettali.com\",\"isPartOf\":{\"@id\":\"https:\/\/www.nettali.com\/#website\"},\"primaryImageOfPage\":{\"@id\":\"https:\/\/www.nettali.com\/2023\/04\/29\/necrologie-deces-de-mame-less-camara\/#primaryimage\"},\"datePublished\":\"2023-04-29T09:12:47+00:00\",\"dateModified\":\"2023-04-30T15:11:08+00:00\",\"author\":{\"@id\":\"https:\/\/www.nettali.com\/#\/schema\/person\/3317e0bb3aa1da309fbf7b2780901bf4\"},\"breadcrumb\":{\"@id\":\"https:\/\/www.nettali.com\/2023\/04\/29\/necrologie-deces-de-mame-less-camara\/#breadcrumb\"},\"inLanguage\":\"fr-FR\",\"potentialAction\":[{\"@type\":\"ReadAction\",\"target\":[\"https:\/\/www.nettali.com\/2023\/04\/29\/necrologie-deces-de-mame-less-camara\/\"]}]},{\"@type\":\"BreadcrumbList\",\"@id\":\"https:\/\/www.nettali.com\/2023\/04\/29\/necrologie-deces-de-mame-less-camara\/#breadcrumb\",\"itemListElement\":[{\"@type\":\"ListItem\",\"position\":1,\"name\":\"Accueil\",\"item\":\"https:\/\/www.nettali.com\/\"},{\"@type\":\"ListItem\",\"position\":2,\"name\":\"NECROLOGIE - D\\u00e9c\\u00e8s de Mame Less Camara\"}]},{\"@type\":\"Person\",\"@id\":\"https:\/\/www.nettali.com\/#\/schema\/person\/3317e0bb3aa1da309fbf7b2780901bf4\",\"name\":\"Daouda\",\"image\":{\"@type\":\"ImageObject\",\"@id\":\"https:\/\/www.nettali.com\/#personlogo\",\"inLanguage\":\"fr-FR\",\"url\":\"https:\/\/secure.gravatar.com\/avatar\/8d143b5a49345098ddcfee1c49c2f47c?s=96&d=mm&r=g\",\"contentUrl\":\"https:\/\/secure.gravatar.com\/avatar\/8d143b5a49345098ddcfee1c49c2f47c?s=96&d=mm&r=g\",\"caption\":\"Daouda\"},\"sameAs\":[\"https:\/\/www.nettali.com\"]}]}<\/script>\n<!-- \/ Yoast SEO Premium plugin. -->","yoast_head_json":{"title":"NECROLOGIE - D\u00e9c\u00e8s de Mame Less Camara | Nettali.com","robots":{"index":"index","follow":"follow","max-snippet":"max-snippet:-1","max-image-preview":"max-image-preview:large","max-video-preview":"max-video-preview:-1"},"canonical":"https:\/\/www.nettali.com\/2023\/04\/29\/necrologie-deces-de-mame-less-camara\/","og_locale":"fr_FR","og_type":"article","og_title":"NECROLOGIE - D\u00e9c\u00e8s de Mame Less Camara","og_description":"NETTALI.COM - Le journaliste, Mame Less Camara, n'est plus. Il est d\u00e9c\u00e9d\u00e9 ce samedi matin \u00e0 l'h\u00f4pital Principal de Dakar apr\u00e8s une longue maladie. La presse pleure une grosse perte de l'un de ses porte-\u00e9tendards. Et les confr\u00e8res rivalisent de superlatifs pour rendre hommage \u00e0 cet illustre a\u00een\u00e9, disparu \u00e0 jamais. Excellent p\u00e9dagogue qui a [&hellip;]","og_url":"https:\/\/www.nettali.com\/2023\/04\/29\/necrologie-deces-de-mame-less-camara\/","og_site_name":"Nettali.com","article_publisher":"https:\/\/www.facebook.com\/nettalicom","article_published_time":"2023-04-29T09:12:47+00:00","article_modified_time":"2023-04-30T15:11:08+00:00","og_image":[{"width":612,"height":298,"url":"https:\/\/www.nettali.com\/wp-content\/uploads\/2023\/04\/Mame-Less-camara.jpeg","type":"image\/jpeg"}],"twitter_card":"summary_large_image","twitter_misc":{"\u00c9crit par":"Daouda","Dur\u00e9e de lecture estim\u00e9e":"1 minute"},"schema":{"@context":"https:\/\/schema.org","@graph":[{"@type":"WebSite","@id":"https:\/\/www.nettali.com\/#website","url":"https:\/\/www.nettali.com\/","name":"Nettali.com","description":"Le rendez-vous critique du Net","potentialAction":[{"@type":"SearchAction","target":{"@type":"EntryPoint","urlTemplate":"https:\/\/www.nettali.com\/?s={search_term_string}"},"query-input":"required name=search_term_string"}],"inLanguage":"fr-FR"},{"@type":"ImageObject","@id":"https:\/\/www.nettali.com\/2023\/04\/29\/necrologie-deces-de-mame-less-camara\/#primaryimage","inLanguage":"fr-FR","url":"https:\/\/www.nettali.com\/wp-content\/uploads\/2023\/04\/Mame-Less-camara.jpeg","contentUrl":"https:\/\/www.nettali.com\/wp-content\/uploads\/2023\/04\/Mame-Less-camara.jpeg","width":612,"height":298},{"@type":"WebPage","@id":"https:\/\/www.nettali.com\/2023\/04\/29\/necrologie-deces-de-mame-less-camara\/#webpage","url":"https:\/\/www.nettali.com\/2023\/04\/29\/necrologie-deces-de-mame-less-camara\/","name":"NECROLOGIE - D\u00e9c\u00e8s de Mame Less Camara | Nettali.com","isPartOf":{"@id":"https:\/\/www.nettali.com\/#website"},"primaryImageOfPage":{"@id":"https:\/\/www.nettali.com\/2023\/04\/29\/necrologie-deces-de-mame-less-camara\/#primaryimage"},"datePublished":"2023-04-29T09:12:47+00:00","dateModified":"2023-04-30T15:11:08+00:00","author":{"@id":"https:\/\/www.nettali.com\/#\/schema\/person\/3317e0bb3aa1da309fbf7b2780901bf4"},"breadcrumb":{"@id":"https:\/\/www.nettali.com\/2023\/04\/29\/necrologie-deces-de-mame-less-camara\/#breadcrumb"},"inLanguage":"fr-FR","potentialAction":[{"@type":"ReadAction","target":["https:\/\/www.nettali.com\/2023\/04\/29\/necrologie-deces-de-mame-less-camara\/"]}]},{"@type":"BreadcrumbList","@id":"https:\/\/www.nettali.com\/2023\/04\/29\/necrologie-deces-de-mame-less-camara\/#breadcrumb","itemListElement":[{"@type":"ListItem","position":1,"name":"Accueil","item":"https:\/\/www.nettali.com\/"},{"@type":"ListItem","position":2,"name":"NECROLOGIE - D\u00e9c\u00e8s de Mame Less Camara"}]},{"@type":"Person","@id":"https:\/\/www.nettali.com\/#\/schema\/person\/3317e0bb3aa1da309fbf7b2780901bf4","name":"Daouda","image":{"@type":"ImageObject","@id":"https:\/\/www.nettali.com\/#personlogo","inLanguage":"fr-FR","url":"https:\/\/secure.gravatar.com\/avatar\/8d143b5a49345098ddcfee1c49c2f47c?s=96&d=mm&r=g","contentUrl":"https:\/\/secure.gravatar.com\/avatar\/8d143b5a49345098ddcfee1c49c2f47c?s=96&d=mm&r=g","caption":"Daouda"},"sameAs":["https:\/\/www.nettali.com"]}]}},"_links":{"self":[{"href":"https:\/\/www.nettali.com\/rest\/wp\/v2\/posts\/108955"}],"collection":[{"href":"https:\/\/www.nettali.com\/rest\/wp\/v2\/posts"}],"about":[{"href":"https:\/\/www.nettali.com\/rest\/wp\/v2\/types\/post"}],"author":[{"embeddable":true,"href":"https:\/\/www.nettali.com\/rest\/wp\/v2\/users\/4"}],"replies":[{"embeddable":true,"href":"https:\/\/www.nettali.com\/rest\/wp\/v2\/comments?post=108955"}],"version-history":[{"count":1,"href":"https:\/\/www.nettali.com\/rest\/wp\/v2\/posts\/108955\/revisions"}],"predecessor-version":[{"id":108956,"href":"https:\/\/www.nettali.com\/rest\/wp\/v2\/posts\/108955\/revisions\/108956"}],"wp:featuredmedia":[{"embeddable":true,"href":"https:\/\/www.nettali.com\/rest\/wp\/v2\/media\/108957"}],"wp:attachment":[{"href":"https:\/\/www.nettali.com\/rest\/wp\/v2\/media?parent=108955"}],"wp:term":[{"taxonomy":"category","embeddable":true,"href":"https:\/\/www.nettali.com\/rest\/wp\/v2\/categories?post=108955"},{"taxonomy":"post_tag","embeddable":true,"href":"https:\/\/www.nettali.com\/rest\/wp\/v2\/tags?post=108955"}],"curies":[{"name":"wp","href":"https:\/\/api.w.org\/{rel}","templated":true}]}}