{"id":108953,"date":"2023-04-29T08:55:06","date_gmt":"2023-04-29T08:55:06","guid":{"rendered":"https:\/\/www.nettali.com\/?p=108953"},"modified":"2023-04-30T15:22:44","modified_gmt":"2023-04-30T15:22:44","slug":"dialogue-national-le-pds-partant","status":"publish","type":"post","link":"https:\/\/www.nettali.com\/2023\/04\/29\/dialogue-national-le-pds-partant\/","title":{"rendered":"DIALOGUE NATIONAL - Le Pds partant"},"content":{"rendered":"<p class=\"summary_label\"><strong>NETTALI.COM - Le Parti D\u00e9mocratique S\u00e9n\u00e9galais (PDS) semble avoir pris le contre-pied de la plupart des partis de l\u2019opposition qui ont clairement manifest\u00e9 leur indiff\u00e9rence. Dans un communiqu\u00e9 rendu public, ce vendredi 28 avril, ledit parti a salu\u00e9 l\u2019initiative du chef de l\u2019\u00c9tat qu\u2019il qualifie de pr\u00e9alable important \u00e0 l\u2019organisation d\u2019une \u00e9lection pr\u00e9sidentielle ouverte, libre et transparente en f\u00e9vrier 2024 et \u00e0 la pacification de l\u2019espace politique.<\/strong><\/p>\n<div id=\"printable\" class=\"text_body\">\n<p><em>\u00abLe Parti D\u00e9mocratique S\u00e9n\u00e9galais (PDS) prend acte de l\u2019appel au dialogue politique lanc\u00e9 par le Pr\u00e9sident de la R\u00e9publique Macky Sall lors de l\u2019interview qu\u2019il a accord\u00e9e \u00e0 une radio de la place \u00e0 l\u2019occasion de la f\u00eate de la Korit\u00e9 et r\u00e9affirm\u00e9 dans le communiqu\u00e9 du conseil des ministres en date du 26 Avril 2023. Le PDS salue cet appel qu\u2019il consid\u00e8re comme un pr\u00e9alable important \u00e0 l\u2019organisation d\u2019une \u00e9lection pr\u00e9sidentielle ouverte, libre et transparente en f\u00e9vrier 2024 et \u00e0 la pacification de l\u2019espace politique\u00bb<\/em>, lit-on dans le communiqu\u00e9.<\/p>\n<p>Tout de m\u00eame les d\u00e9mocrates rappellent dans le m\u00eame document que \u00ab<em>le dialogue politique fait partie int\u00e9grante de l\u2019ADN de leur parti. \u00abil l\u2019a toujours d\u00e9montr\u00e9 tant dans l\u2019opposition qu\u2019au pouvoir. Notre Secr\u00e9taire G\u00e9n\u00e9ral National, Ma\u00eetre Abdoulaye Wade, alors Pr\u00e9sident de la R\u00e9publique, a toujours \u0153uvr\u00e9 pour pacifier l\u2019espace politicosocial et consolider les acquis d\u00e9mocratiques en syst\u00e9matisant le dialogue politique<\/em>\u00bb, ont-ils pr\u00e9cis\u00e9.<\/p>\n<p>Pour les camarades de Karim Wade, \u00ab<em>les bases d\u2019un dialogue \u00absinc\u00e8re\u00bb ont \u00e9t\u00e9 jet\u00e9es puisque le Chef de l\u2019Etat a lui-m\u00eame d\u00e9clin\u00e9 les termes pr\u00e9liminaires de ce dialogue<\/em>\u00bb.<\/p>\n<p><em>\u00abLe PDS note que c\u2019est la premi\u00e8re fois en 12 ans que le Pr\u00e9sident de la R\u00e9publique, et plus haute institution du pays, aborde le r\u00e8glement de la situation arbitraire et injuste de Karim Wade comme n\u2019a cess\u00e9 de le r\u00e9clamer le comit\u00e9 des droits de l\u2019homme de l\u2019organisation des Nations Unies dans sa d\u00e9cision du 24 Octobre 2018\u00bb<\/em>, souligne le document.<\/p>\n<p>Esp\u00e9rant que le dialogue d\u00e9bouchera sur l\u2019organisation d\u2019une \u00e9lection pr\u00e9sidentielle en 2024 qui sera libre, ouverte, inclusive et transparente afin que le S\u00e9n\u00e9gal puisse consolider sa place au sein des grandes d\u00e9mocraties du monde le PDS reste en attente de conna\u00eetre les contours et les d\u00e9tails du dialogue avec les partis politiques, mais approuve, d\u2019ores et d\u00e9j\u00e0, les principaux points de discussion \u00e9voqu\u00e9s par le Pr\u00e9sident de la R\u00e9publique, notamment le parrainage, l\u2019amnistie de Monsieur Khalifa Ababacar SALL et la r\u00e9vision du proc\u00e8s de Karim Wade, l\u2019audit contradictoire du fichier \u00e9lectoral sous supervision des \u00c9tats-Unis, de l\u2019Union Europ\u00e9enne et de l\u2019Union Africaine, la prolongation des d\u00e9lais et la poursuite des op\u00e9rations d\u2019inscription sur les listes \u00e9lectorales, la lev\u00e9e de tous les obstacles administratifs aux inscriptions sur les listes \u00e9lectorales, notamment celles concernant les primo-votants, l\u2019organisation des prochaines \u00e9lections pr\u00e9sidentielles par une personnalit\u00e9 consensuelle. \u00bb<\/p>\n<\/div>\n<div class='share-to-whatsapp-wrapper'><div class='share-on-whsp'>PARTAGER SUR : <\/div><a data-text='DIALOGUE NATIONAL - Le Pds partant' data-link='https:\/\/www.nettali.com\/2023\/04\/29\/dialogue-national-le-pds-partant\/' class='whatsapp-button whatsapp-share'>WhatsApp<\/a><div class='clear '><\/div><\/div>","protected":false},"excerpt":{"rendered":"<p>NETTALI.COM - Le Parti D\u00e9mocratique S\u00e9n\u00e9galais (PDS) semble avoir pris le contre-pied de la plupart des partis de l\u2019opposition qui ont clairement manifest\u00e9 leur indiff\u00e9rence. Dans un communiqu\u00e9 rendu public, ce vendredi 28 avril, ledit parti a salu\u00e9 l\u2019initiative du chef de l\u2019\u00c9tat qu\u2019il qualifie de pr\u00e9alable important \u00e0 l\u2019organisation d\u2019une \u00e9lection pr\u00e9sidentielle ouverte, libre [&hellip;]<\/p>\n","protected":false},"author":4,"featured_media":105406,"comment_status":"open","ping_status":"open","sticky":false,"template":"","format":"standard","meta":{"_et_pb_use_builder":"","_et_pb_old_content":""},"categories":[2],"tags":[],"yoast_head":"<!-- This site is optimized with the Yoast SEO Premium plugin v17.8 (Yoast SEO v17.8) - https:\/\/yoast.com\/wordpress\/plugins\/seo\/ -->\n<title>DIALOGUE NATIONAL - Le Pds partant | Nettali.com<\/title>\n<meta name=\"robots\" content=\"index, follow, max-snippet:-1, max-image-preview:large, max-video-preview:-1\" \/>\n<link rel=\"canonical\" href=\"https:\/\/www.nettali.com\/2023\/04\/29\/dialogue-national-le-pds-partant\/\" \/>\n<meta property=\"og:locale\" content=\"fr_FR\" \/>\n<meta property=\"og:type\" content=\"article\" \/>\n<meta property=\"og:title\" content=\"DIALOGUE NATIONAL - Le Pds partant\" \/>\n<meta property=\"og:description\" content=\"NETTALI.COM - Le Parti D\u00e9mocratique S\u00e9n\u00e9galais (PDS) semble avoir pris le contre-pied de la plupart des partis de l\u2019opposition qui ont clairement manifest\u00e9 leur indiff\u00e9rence. Dans un communiqu\u00e9 rendu public, ce vendredi 28 avril, ledit parti a salu\u00e9 l\u2019initiative du chef de l\u2019\u00c9tat qu\u2019il qualifie de pr\u00e9alable important \u00e0 l\u2019organisation d\u2019une \u00e9lection pr\u00e9sidentielle ouverte, libre [&hellip;]\" \/>\n<meta property=\"og:url\" content=\"https:\/\/www.nettali.com\/2023\/04\/29\/dialogue-national-le-pds-partant\/\" \/>\n<meta property=\"og:site_name\" content=\"Nettali.com\" \/>\n<meta property=\"article:publisher\" content=\"https:\/\/www.facebook.com\/nettalicom\" \/>\n<meta property=\"article:published_time\" content=\"2023-04-29T08:55:06+00:00\" \/>\n<meta property=\"article:modified_time\" content=\"2023-04-30T15:22:44+00:00\" \/>\n<meta property=\"og:image\" content=\"https:\/\/www.nettali.com\/wp-content\/uploads\/2023\/03\/karim_wade_10.jpg\" \/>\n\t<meta property=\"og:image:width\" content=\"900\" \/>\n\t<meta property=\"og:image:height\" content=\"450\" \/>\n<meta name=\"twitter:card\" content=\"summary_large_image\" \/>\n<meta name=\"twitter:label1\" content=\"\u00c9crit par\" \/>\n\t<meta name=\"twitter:data1\" content=\"Daouda\" \/>\n\t<meta name=\"twitter:label2\" content=\"Dur\u00e9e de lecture estim\u00e9e\" \/>\n\t<meta name=\"twitter:data2\" content=\"3 minutes\" \/>\n<script type=\"application\/ld+json\" class=\"yoast-schema-graph\">{\"@context\":\"https:\/\/schema.org\",\"@graph\":[{\"@type\":\"WebSite\",\"@id\":\"https:\/\/www.nettali.com\/#website\",\"url\":\"https:\/\/www.nettali.com\/\",\"name\":\"Nettali.com\",\"description\":\"Le rendez-vous critique du Net\",\"potentialAction\":[{\"@type\":\"SearchAction\",\"target\":{\"@type\":\"EntryPoint\",\"urlTemplate\":\"https:\/\/www.nettali.com\/?s={search_term_string}\"},\"query-input\":\"required name=search_term_string\"}],\"inLanguage\":\"fr-FR\"},{\"@type\":\"ImageObject\",\"@id\":\"https:\/\/www.nettali.com\/2023\/04\/29\/dialogue-national-le-pds-partant\/#primaryimage\",\"inLanguage\":\"fr-FR\",\"url\":\"https:\/\/www.nettali.com\/wp-content\/uploads\/2023\/03\/karim_wade_10.jpg\",\"contentUrl\":\"https:\/\/www.nettali.com\/wp-content\/uploads\/2023\/03\/karim_wade_10.jpg\",\"width\":900,\"height\":450},{\"@type\":\"WebPage\",\"@id\":\"https:\/\/www.nettali.com\/2023\/04\/29\/dialogue-national-le-pds-partant\/#webpage\",\"url\":\"https:\/\/www.nettali.com\/2023\/04\/29\/dialogue-national-le-pds-partant\/\",\"name\":\"DIALOGUE NATIONAL - Le Pds partant | Nettali.com\",\"isPartOf\":{\"@id\":\"https:\/\/www.nettali.com\/#website\"},\"primaryImageOfPage\":{\"@id\":\"https:\/\/www.nettali.com\/2023\/04\/29\/dialogue-national-le-pds-partant\/#primaryimage\"},\"datePublished\":\"2023-04-29T08:55:06+00:00\",\"dateModified\":\"2023-04-30T15:22:44+00:00\",\"author\":{\"@id\":\"https:\/\/www.nettali.com\/#\/schema\/person\/3317e0bb3aa1da309fbf7b2780901bf4\"},\"breadcrumb\":{\"@id\":\"https:\/\/www.nettali.com\/2023\/04\/29\/dialogue-national-le-pds-partant\/#breadcrumb\"},\"inLanguage\":\"fr-FR\",\"potentialAction\":[{\"@type\":\"ReadAction\",\"target\":[\"https:\/\/www.nettali.com\/2023\/04\/29\/dialogue-national-le-pds-partant\/\"]}]},{\"@type\":\"BreadcrumbList\",\"@id\":\"https:\/\/www.nettali.com\/2023\/04\/29\/dialogue-national-le-pds-partant\/#breadcrumb\",\"itemListElement\":[{\"@type\":\"ListItem\",\"position\":1,\"name\":\"Accueil\",\"item\":\"https:\/\/www.nettali.com\/\"},{\"@type\":\"ListItem\",\"position\":2,\"name\":\"DIALOGUE NATIONAL - Le Pds partant\"}]},{\"@type\":\"Person\",\"@id\":\"https:\/\/www.nettali.com\/#\/schema\/person\/3317e0bb3aa1da309fbf7b2780901bf4\",\"name\":\"Daouda\",\"image\":{\"@type\":\"ImageObject\",\"@id\":\"https:\/\/www.nettali.com\/#personlogo\",\"inLanguage\":\"fr-FR\",\"url\":\"https:\/\/secure.gravatar.com\/avatar\/8d143b5a49345098ddcfee1c49c2f47c?s=96&d=mm&r=g\",\"contentUrl\":\"https:\/\/secure.gravatar.com\/avatar\/8d143b5a49345098ddcfee1c49c2f47c?s=96&d=mm&r=g\",\"caption\":\"Daouda\"},\"sameAs\":[\"https:\/\/www.nettali.com\"]}]}<\/script>\n<!-- \/ Yoast SEO Premium plugin. -->","yoast_head_json":{"title":"DIALOGUE NATIONAL - Le Pds partant | Nettali.com","robots":{"index":"index","follow":"follow","max-snippet":"max-snippet:-1","max-image-preview":"max-image-preview:large","max-video-preview":"max-video-preview:-1"},"canonical":"https:\/\/www.nettali.com\/2023\/04\/29\/dialogue-national-le-pds-partant\/","og_locale":"fr_FR","og_type":"article","og_title":"DIALOGUE NATIONAL - Le Pds partant","og_description":"NETTALI.COM - Le Parti D\u00e9mocratique S\u00e9n\u00e9galais (PDS) semble avoir pris le contre-pied de la plupart des partis de l\u2019opposition qui ont clairement manifest\u00e9 leur indiff\u00e9rence. Dans un communiqu\u00e9 rendu public, ce vendredi 28 avril, ledit parti a salu\u00e9 l\u2019initiative du chef de l\u2019\u00c9tat qu\u2019il qualifie de pr\u00e9alable important \u00e0 l\u2019organisation d\u2019une \u00e9lection pr\u00e9sidentielle ouverte, libre [&hellip;]","og_url":"https:\/\/www.nettali.com\/2023\/04\/29\/dialogue-national-le-pds-partant\/","og_site_name":"Nettali.com","article_publisher":"https:\/\/www.facebook.com\/nettalicom","article_published_time":"2023-04-29T08:55:06+00:00","article_modified_time":"2023-04-30T15:22:44+00:00","og_image":[{"width":900,"height":450,"url":"https:\/\/www.nettali.com\/wp-content\/uploads\/2023\/03\/karim_wade_10.jpg","type":"image\/jpeg"}],"twitter_card":"summary_large_image","twitter_misc":{"\u00c9crit par":"Daouda","Dur\u00e9e de lecture estim\u00e9e":"3 minutes"},"schema":{"@context":"https:\/\/schema.org","@graph":[{"@type":"WebSite","@id":"https:\/\/www.nettali.com\/#website","url":"https:\/\/www.nettali.com\/","name":"Nettali.com","description":"Le rendez-vous critique du Net","potentialAction":[{"@type":"SearchAction","target":{"@type":"EntryPoint","urlTemplate":"https:\/\/www.nettali.com\/?s={search_term_string}"},"query-input":"required name=search_term_string"}],"inLanguage":"fr-FR"},{"@type":"ImageObject","@id":"https:\/\/www.nettali.com\/2023\/04\/29\/dialogue-national-le-pds-partant\/#primaryimage","inLanguage":"fr-FR","url":"https:\/\/www.nettali.com\/wp-content\/uploads\/2023\/03\/karim_wade_10.jpg","contentUrl":"https:\/\/www.nettali.com\/wp-content\/uploads\/2023\/03\/karim_wade_10.jpg","width":900,"height":450},{"@type":"WebPage","@id":"https:\/\/www.nettali.com\/2023\/04\/29\/dialogue-national-le-pds-partant\/#webpage","url":"https:\/\/www.nettali.com\/2023\/04\/29\/dialogue-national-le-pds-partant\/","name":"DIALOGUE NATIONAL - Le Pds partant | Nettali.com","isPartOf":{"@id":"https:\/\/www.nettali.com\/#website"},"primaryImageOfPage":{"@id":"https:\/\/www.nettali.com\/2023\/04\/29\/dialogue-national-le-pds-partant\/#primaryimage"},"datePublished":"2023-04-29T08:55:06+00:00","dateModified":"2023-04-30T15:22:44+00:00","author":{"@id":"https:\/\/www.nettali.com\/#\/schema\/person\/3317e0bb3aa1da309fbf7b2780901bf4"},"breadcrumb":{"@id":"https:\/\/www.nettali.com\/2023\/04\/29\/dialogue-national-le-pds-partant\/#breadcrumb"},"inLanguage":"fr-FR","potentialAction":[{"@type":"ReadAction","target":["https:\/\/www.nettali.com\/2023\/04\/29\/dialogue-national-le-pds-partant\/"]}]},{"@type":"BreadcrumbList","@id":"https:\/\/www.nettali.com\/2023\/04\/29\/dialogue-national-le-pds-partant\/#breadcrumb","itemListElement":[{"@type":"ListItem","position":1,"name":"Accueil","item":"https:\/\/www.nettali.com\/"},{"@type":"ListItem","position":2,"name":"DIALOGUE NATIONAL - Le Pds partant"}]},{"@type":"Person","@id":"https:\/\/www.nettali.com\/#\/schema\/person\/3317e0bb3aa1da309fbf7b2780901bf4","name":"Daouda","image":{"@type":"ImageObject","@id":"https:\/\/www.nettali.com\/#personlogo","inLanguage":"fr-FR","url":"https:\/\/secure.gravatar.com\/avatar\/8d143b5a49345098ddcfee1c49c2f47c?s=96&d=mm&r=g","contentUrl":"https:\/\/secure.gravatar.com\/avatar\/8d143b5a49345098ddcfee1c49c2f47c?s=96&d=mm&r=g","caption":"Daouda"},"sameAs":["https:\/\/www.nettali.com"]}]}},"_links":{"self":[{"href":"https:\/\/www.nettali.com\/rest\/wp\/v2\/posts\/108953"}],"collection":[{"href":"https:\/\/www.nettali.com\/rest\/wp\/v2\/posts"}],"about":[{"href":"https:\/\/www.nettali.com\/rest\/wp\/v2\/types\/post"}],"author":[{"embeddable":true,"href":"https:\/\/www.nettali.com\/rest\/wp\/v2\/users\/4"}],"replies":[{"embeddable":true,"href":"https:\/\/www.nettali.com\/rest\/wp\/v2\/comments?post=108953"}],"version-history":[{"count":3,"href":"https:\/\/www.nettali.com\/rest\/wp\/v2\/posts\/108953\/revisions"}],"predecessor-version":[{"id":108964,"href":"https:\/\/www.nettali.com\/rest\/wp\/v2\/posts\/108953\/revisions\/108964"}],"wp:featuredmedia":[{"embeddable":true,"href":"https:\/\/www.nettali.com\/rest\/wp\/v2\/media\/105406"}],"wp:attachment":[{"href":"https:\/\/www.nettali.com\/rest\/wp\/v2\/media?parent=108953"}],"wp:term":[{"taxonomy":"category","embeddable":true,"href":"https:\/\/www.nettali.com\/rest\/wp\/v2\/categories?post=108953"},{"taxonomy":"post_tag","embeddable":true,"href":"https:\/\/www.nettali.com\/rest\/wp\/v2\/tags?post=108953"}],"curies":[{"name":"wp","href":"https:\/\/api.w.org\/{rel}","templated":true}]}}