{"id":108919,"date":"2023-04-28T09:15:26","date_gmt":"2023-04-28T09:15:26","guid":{"rendered":"https:\/\/www.nettali.com\/?p=108919"},"modified":"2023-04-28T09:48:36","modified_gmt":"2023-04-28T09:48:36","slug":"en-coulisses-audition-dans-le-fond","status":"publish","type":"post","link":"https:\/\/www.nettali.com\/2023\/04\/28\/en-coulisses-audition-dans-le-fond\/","title":{"rendered":"AUDITION DANS LE FOND - Bassirou Diomaye Faye face au juge mardi prochain"},"content":{"rendered":"<p><strong>NETTALI.COM -Bassirou Diomaye Faye, en prison depuis plus d'une semaine, va \u00eatre auditionn\u00e9 dans le fond du dossier mardi prochain. Tout juste apr\u00e8s, ses avocats vont introduire une demande de mise en libert\u00e9 provisoire.<\/strong><\/p>\n<p>Bassirou Diomaye Faye, inculp\u00e9 et plac\u00e9 sous mandat de d\u00e9p\u00f4t, va \u00eatre incessamment auditionn\u00e9 dans le fond du dossier. La date de son face \u00e0 face avec le magistrat instructeur a d'ailleurs \u00e9t\u00e9 d\u00e9j\u00e0 fix\u00e9e.<\/p>\n<div dir=\"auto\">En effet, selon des sources judiciaires, mardi 2 mai prochain, le secr\u00e9taire g\u00e9n\u00e9ral du parti Pastef, par ailleurs Inspecteur des imp\u00f4ts et Domaines, Bassirou Diomaye Faye, fera face au juge du deuxi\u00e8me cabinet.<\/div>\n<div dir=\"auto\"><\/div>\n<div dir=\"auto\">Naturellement, tout juste apr\u00e8s cette audition, ses avocats vont introduire une demande de mise en libert\u00e9 provisoire. Reste \u00e0 savoir la conduite du parquet face \u00e0 cette demande de libert\u00e9, car il suffira que le parquet s'oppose pour le maintenir en prison, en vertu des disposition de l'article 139 du code de proc\u00e9dure p\u00e9nale.<\/div>\n<div dir=\"auto\"><\/div>\n<div dir=\"auto\">En effet, les \"actes de nature \u00e0 compromettre la paix publique\" (article 80) font partie des incriminations retenues contre lui. Une incrimination \"liberticide\" qui, en mati\u00e8re de proc\u00e9dure, donne la possibilit\u00e9 au procureur de lier le juge d'instruction lorsqu'il s'agit de solliciter le mandat de d\u00e9p\u00f4t contre un inculp\u00e9 et de s'opposer \u00e0 sa mise en libert\u00e9 provisoire.<\/div>\n<div dir=\"auto\">Rappelons qu'il a \u00e9t\u00e9 inculp\u00e9 pour <em>\"diffamation \u00e0 l\u2019encontre de personnes \u00e0 raison de leurs fonctions ou leur qualit\u00e9\"<\/em>, <em>\"outrage \u00e0 magistrat dans l\u2019exercice de ses fonctions\"<\/em> et <em>\"actes de nature \u00e0 compromettre la paix publique\"<\/em>.<\/div>\n<div class='share-to-whatsapp-wrapper'><div class='share-on-whsp'>PARTAGER SUR : <\/div><a data-text='AUDITION DANS LE FOND - Bassirou Diomaye Faye face au juge mardi prochain' data-link='https:\/\/www.nettali.com\/2023\/04\/28\/en-coulisses-audition-dans-le-fond\/' class='whatsapp-button whatsapp-share'>WhatsApp<\/a><div class='clear '><\/div><\/div>","protected":false},"excerpt":{"rendered":"<p>NETTALI.COM -Bassirou Diomaye Faye, en prison depuis plus d'une semaine, va \u00eatre auditionn\u00e9 dans le fond du dossier mardi prochain. Tout juste apr\u00e8s, ses avocats vont introduire une demande de mise en libert\u00e9 provisoire. Bassirou Diomaye Faye, inculp\u00e9 et plac\u00e9 sous mandat de d\u00e9p\u00f4t, va \u00eatre incessamment auditionn\u00e9 dans le fond du dossier. La date [&hellip;]<\/p>\n","protected":false},"author":4,"featured_media":76295,"comment_status":"open","ping_status":"open","sticky":false,"template":"","format":"standard","meta":{"_et_pb_use_builder":"","_et_pb_old_content":""},"categories":[3],"tags":[],"yoast_head":"<!-- This site is optimized with the Yoast SEO Premium plugin v17.8 (Yoast SEO v17.8) - https:\/\/yoast.com\/wordpress\/plugins\/seo\/ -->\n<title>AUDITION DANS LE FOND - Bassirou Diomaye Faye face au juge mardi prochain | Nettali.com<\/title>\n<meta name=\"robots\" content=\"index, follow, max-snippet:-1, max-image-preview:large, max-video-preview:-1\" \/>\n<link rel=\"canonical\" href=\"https:\/\/www.nettali.com\/2023\/04\/28\/en-coulisses-audition-dans-le-fond\/\" \/>\n<meta property=\"og:locale\" content=\"fr_FR\" \/>\n<meta property=\"og:type\" content=\"article\" \/>\n<meta property=\"og:title\" content=\"AUDITION DANS LE FOND - Bassirou Diomaye Faye face au juge mardi prochain\" \/>\n<meta property=\"og:description\" content=\"NETTALI.COM -Bassirou Diomaye Faye, en prison depuis plus d&#039;une semaine, va \u00eatre auditionn\u00e9 dans le fond du dossier mardi prochain. Tout juste apr\u00e8s, ses avocats vont introduire une demande de mise en libert\u00e9 provisoire. Bassirou Diomaye Faye, inculp\u00e9 et plac\u00e9 sous mandat de d\u00e9p\u00f4t, va \u00eatre incessamment auditionn\u00e9 dans le fond du dossier. La date [&hellip;]\" \/>\n<meta property=\"og:url\" content=\"https:\/\/www.nettali.com\/2023\/04\/28\/en-coulisses-audition-dans-le-fond\/\" \/>\n<meta property=\"og:site_name\" content=\"Nettali.com\" \/>\n<meta property=\"article:publisher\" content=\"https:\/\/www.facebook.com\/nettalicom\" \/>\n<meta property=\"article:published_time\" content=\"2023-04-28T09:15:26+00:00\" \/>\n<meta property=\"article:modified_time\" content=\"2023-04-28T09:48:36+00:00\" \/>\n<meta property=\"og:image\" content=\"https:\/\/www.nettali.com\/wp-content\/uploads\/2021\/11\/bassirou-diomaye-faye.jpg\" \/>\n\t<meta property=\"og:image:width\" content=\"723\" \/>\n\t<meta property=\"og:image:height\" content=\"437\" \/>\n<meta name=\"twitter:card\" content=\"summary_large_image\" \/>\n<meta name=\"twitter:label1\" content=\"\u00c9crit par\" \/>\n\t<meta name=\"twitter:data1\" content=\"Daouda\" \/>\n\t<meta name=\"twitter:label2\" content=\"Dur\u00e9e de lecture estim\u00e9e\" \/>\n\t<meta name=\"twitter:data2\" content=\"2 minutes\" \/>\n<script type=\"application\/ld+json\" class=\"yoast-schema-graph\">{\"@context\":\"https:\/\/schema.org\",\"@graph\":[{\"@type\":\"WebSite\",\"@id\":\"https:\/\/www.nettali.com\/#website\",\"url\":\"https:\/\/www.nettali.com\/\",\"name\":\"Nettali.com\",\"description\":\"Le rendez-vous critique du Net\",\"potentialAction\":[{\"@type\":\"SearchAction\",\"target\":{\"@type\":\"EntryPoint\",\"urlTemplate\":\"https:\/\/www.nettali.com\/?s={search_term_string}\"},\"query-input\":\"required name=search_term_string\"}],\"inLanguage\":\"fr-FR\"},{\"@type\":\"ImageObject\",\"@id\":\"https:\/\/www.nettali.com\/2023\/04\/28\/en-coulisses-audition-dans-le-fond\/#primaryimage\",\"inLanguage\":\"fr-FR\",\"url\":\"https:\/\/www.nettali.com\/wp-content\/uploads\/2021\/11\/bassirou-diomaye-faye.jpg\",\"contentUrl\":\"https:\/\/www.nettali.com\/wp-content\/uploads\/2021\/11\/bassirou-diomaye-faye.jpg\",\"width\":723,\"height\":437},{\"@type\":\"WebPage\",\"@id\":\"https:\/\/www.nettali.com\/2023\/04\/28\/en-coulisses-audition-dans-le-fond\/#webpage\",\"url\":\"https:\/\/www.nettali.com\/2023\/04\/28\/en-coulisses-audition-dans-le-fond\/\",\"name\":\"AUDITION DANS LE FOND - Bassirou Diomaye Faye face au juge mardi prochain | Nettali.com\",\"isPartOf\":{\"@id\":\"https:\/\/www.nettali.com\/#website\"},\"primaryImageOfPage\":{\"@id\":\"https:\/\/www.nettali.com\/2023\/04\/28\/en-coulisses-audition-dans-le-fond\/#primaryimage\"},\"datePublished\":\"2023-04-28T09:15:26+00:00\",\"dateModified\":\"2023-04-28T09:48:36+00:00\",\"author\":{\"@id\":\"https:\/\/www.nettali.com\/#\/schema\/person\/3317e0bb3aa1da309fbf7b2780901bf4\"},\"breadcrumb\":{\"@id\":\"https:\/\/www.nettali.com\/2023\/04\/28\/en-coulisses-audition-dans-le-fond\/#breadcrumb\"},\"inLanguage\":\"fr-FR\",\"potentialAction\":[{\"@type\":\"ReadAction\",\"target\":[\"https:\/\/www.nettali.com\/2023\/04\/28\/en-coulisses-audition-dans-le-fond\/\"]}]},{\"@type\":\"BreadcrumbList\",\"@id\":\"https:\/\/www.nettali.com\/2023\/04\/28\/en-coulisses-audition-dans-le-fond\/#breadcrumb\",\"itemListElement\":[{\"@type\":\"ListItem\",\"position\":1,\"name\":\"Accueil\",\"item\":\"https:\/\/www.nettali.com\/\"},{\"@type\":\"ListItem\",\"position\":2,\"name\":\"AUDITION DANS LE FOND - Bassirou Diomaye Faye face au juge mardi prochain\"}]},{\"@type\":\"Person\",\"@id\":\"https:\/\/www.nettali.com\/#\/schema\/person\/3317e0bb3aa1da309fbf7b2780901bf4\",\"name\":\"Daouda\",\"image\":{\"@type\":\"ImageObject\",\"@id\":\"https:\/\/www.nettali.com\/#personlogo\",\"inLanguage\":\"fr-FR\",\"url\":\"https:\/\/secure.gravatar.com\/avatar\/8d143b5a49345098ddcfee1c49c2f47c?s=96&d=mm&r=g\",\"contentUrl\":\"https:\/\/secure.gravatar.com\/avatar\/8d143b5a49345098ddcfee1c49c2f47c?s=96&d=mm&r=g\",\"caption\":\"Daouda\"},\"sameAs\":[\"https:\/\/www.nettali.com\"]}]}<\/script>\n<!-- \/ Yoast SEO Premium plugin. -->","yoast_head_json":{"title":"AUDITION DANS LE FOND - Bassirou Diomaye Faye face au juge mardi prochain | Nettali.com","robots":{"index":"index","follow":"follow","max-snippet":"max-snippet:-1","max-image-preview":"max-image-preview:large","max-video-preview":"max-video-preview:-1"},"canonical":"https:\/\/www.nettali.com\/2023\/04\/28\/en-coulisses-audition-dans-le-fond\/","og_locale":"fr_FR","og_type":"article","og_title":"AUDITION DANS LE FOND - Bassirou Diomaye Faye face au juge mardi prochain","og_description":"NETTALI.COM -Bassirou Diomaye Faye, en prison depuis plus d'une semaine, va \u00eatre auditionn\u00e9 dans le fond du dossier mardi prochain. Tout juste apr\u00e8s, ses avocats vont introduire une demande de mise en libert\u00e9 provisoire. Bassirou Diomaye Faye, inculp\u00e9 et plac\u00e9 sous mandat de d\u00e9p\u00f4t, va \u00eatre incessamment auditionn\u00e9 dans le fond du dossier. La date [&hellip;]","og_url":"https:\/\/www.nettali.com\/2023\/04\/28\/en-coulisses-audition-dans-le-fond\/","og_site_name":"Nettali.com","article_publisher":"https:\/\/www.facebook.com\/nettalicom","article_published_time":"2023-04-28T09:15:26+00:00","article_modified_time":"2023-04-28T09:48:36+00:00","og_image":[{"width":723,"height":437,"url":"https:\/\/www.nettali.com\/wp-content\/uploads\/2021\/11\/bassirou-diomaye-faye.jpg","type":"image\/jpeg"}],"twitter_card":"summary_large_image","twitter_misc":{"\u00c9crit par":"Daouda","Dur\u00e9e de lecture estim\u00e9e":"2 minutes"},"schema":{"@context":"https:\/\/schema.org","@graph":[{"@type":"WebSite","@id":"https:\/\/www.nettali.com\/#website","url":"https:\/\/www.nettali.com\/","name":"Nettali.com","description":"Le rendez-vous critique du Net","potentialAction":[{"@type":"SearchAction","target":{"@type":"EntryPoint","urlTemplate":"https:\/\/www.nettali.com\/?s={search_term_string}"},"query-input":"required name=search_term_string"}],"inLanguage":"fr-FR"},{"@type":"ImageObject","@id":"https:\/\/www.nettali.com\/2023\/04\/28\/en-coulisses-audition-dans-le-fond\/#primaryimage","inLanguage":"fr-FR","url":"https:\/\/www.nettali.com\/wp-content\/uploads\/2021\/11\/bassirou-diomaye-faye.jpg","contentUrl":"https:\/\/www.nettali.com\/wp-content\/uploads\/2021\/11\/bassirou-diomaye-faye.jpg","width":723,"height":437},{"@type":"WebPage","@id":"https:\/\/www.nettali.com\/2023\/04\/28\/en-coulisses-audition-dans-le-fond\/#webpage","url":"https:\/\/www.nettali.com\/2023\/04\/28\/en-coulisses-audition-dans-le-fond\/","name":"AUDITION DANS LE FOND - Bassirou Diomaye Faye face au juge mardi prochain | Nettali.com","isPartOf":{"@id":"https:\/\/www.nettali.com\/#website"},"primaryImageOfPage":{"@id":"https:\/\/www.nettali.com\/2023\/04\/28\/en-coulisses-audition-dans-le-fond\/#primaryimage"},"datePublished":"2023-04-28T09:15:26+00:00","dateModified":"2023-04-28T09:48:36+00:00","author":{"@id":"https:\/\/www.nettali.com\/#\/schema\/person\/3317e0bb3aa1da309fbf7b2780901bf4"},"breadcrumb":{"@id":"https:\/\/www.nettali.com\/2023\/04\/28\/en-coulisses-audition-dans-le-fond\/#breadcrumb"},"inLanguage":"fr-FR","potentialAction":[{"@type":"ReadAction","target":["https:\/\/www.nettali.com\/2023\/04\/28\/en-coulisses-audition-dans-le-fond\/"]}]},{"@type":"BreadcrumbList","@id":"https:\/\/www.nettali.com\/2023\/04\/28\/en-coulisses-audition-dans-le-fond\/#breadcrumb","itemListElement":[{"@type":"ListItem","position":1,"name":"Accueil","item":"https:\/\/www.nettali.com\/"},{"@type":"ListItem","position":2,"name":"AUDITION DANS LE FOND - Bassirou Diomaye Faye face au juge mardi prochain"}]},{"@type":"Person","@id":"https:\/\/www.nettali.com\/#\/schema\/person\/3317e0bb3aa1da309fbf7b2780901bf4","name":"Daouda","image":{"@type":"ImageObject","@id":"https:\/\/www.nettali.com\/#personlogo","inLanguage":"fr-FR","url":"https:\/\/secure.gravatar.com\/avatar\/8d143b5a49345098ddcfee1c49c2f47c?s=96&d=mm&r=g","contentUrl":"https:\/\/secure.gravatar.com\/avatar\/8d143b5a49345098ddcfee1c49c2f47c?s=96&d=mm&r=g","caption":"Daouda"},"sameAs":["https:\/\/www.nettali.com"]}]}},"_links":{"self":[{"href":"https:\/\/www.nettali.com\/rest\/wp\/v2\/posts\/108919"}],"collection":[{"href":"https:\/\/www.nettali.com\/rest\/wp\/v2\/posts"}],"about":[{"href":"https:\/\/www.nettali.com\/rest\/wp\/v2\/types\/post"}],"author":[{"embeddable":true,"href":"https:\/\/www.nettali.com\/rest\/wp\/v2\/users\/4"}],"replies":[{"embeddable":true,"href":"https:\/\/www.nettali.com\/rest\/wp\/v2\/comments?post=108919"}],"version-history":[{"count":5,"href":"https:\/\/www.nettali.com\/rest\/wp\/v2\/posts\/108919\/revisions"}],"predecessor-version":[{"id":108935,"href":"https:\/\/www.nettali.com\/rest\/wp\/v2\/posts\/108919\/revisions\/108935"}],"wp:featuredmedia":[{"embeddable":true,"href":"https:\/\/www.nettali.com\/rest\/wp\/v2\/media\/76295"}],"wp:attachment":[{"href":"https:\/\/www.nettali.com\/rest\/wp\/v2\/media?parent=108919"}],"wp:term":[{"taxonomy":"category","embeddable":true,"href":"https:\/\/www.nettali.com\/rest\/wp\/v2\/categories?post=108919"},{"taxonomy":"post_tag","embeddable":true,"href":"https:\/\/www.nettali.com\/rest\/wp\/v2\/tags?post=108919"}],"curies":[{"name":"wp","href":"https:\/\/api.w.org\/{rel}","templated":true}]}}