{"id":108885,"date":"2023-04-27T20:03:13","date_gmt":"2023-04-27T20:03:13","guid":{"rendered":"https:\/\/www.nettali.com\/?p=108885"},"modified":"2023-04-27T20:03:13","modified_gmt":"2023-04-27T20:03:13","slug":"armee-9-tirailleurs-senegalais-ages-de-85-a-96-ans-rentrent-au-senegal","status":"publish","type":"post","link":"https:\/\/www.nettali.com\/2023\/04\/27\/armee-9-tirailleurs-senegalais-ages-de-85-a-96-ans-rentrent-au-senegal\/","title":{"rendered":"ARMEE - 9 tirailleurs s\u00e9n\u00e9galais, \u00e2g\u00e9s de 85 \u00e0 96 ans rentrent au S\u00e9n\u00e9gal"},"content":{"rendered":"<p><strong>NETTALI.COM - Le ministre des Forces arm\u00e9es, Sidiki Kaba va accueillir, vendredi \u00e0 14h 30, \u00e0 l\u2019A\u00e9roport international Blaise Diagne de Diass, les neuf anciens Tirailleurs s\u00e9n\u00e9galais qui ont\u00a0 d\u00e9cid\u00e9 de rentrer d\u00e9finitivement au S\u00e9n\u00e9gal, a-t-on appris de la Direction de l\u2019information et des relations publiques des arm\u00e9es.<\/strong><\/p>\n<p><em>\"Les Neuf (9) anciens Tirailleurs s\u00e9n\u00e9galais, qui vivaient jusque -l\u00e0 en France, vont d\u00e9finitivement rentrer au S\u00e9n\u00e9gal\u2019\u2019<\/em>, indique la DIRPPA dans un communiqu\u00e9.<\/p>\n<p>De hautes autorit\u00e9s militaires seront \u00e9galement \u00e0 l\u2019a\u00e9roport de Diass pour le retour au pays de Yoro Diao (95 ans), Oumar Di\u00e8me (91 ans) et de leurs fr\u00e8res d\u2019armes.<\/p>\n<p>Ag\u00e9s de 85 \u00e0 96 ans, ces hommes ayant servi dans l\u2019arm\u00e9e fran\u00e7aise notamment durant les guerres d\u2019Indochine et d\u2019Alg\u00e9rie, \u00e9taient jusqu\u2019ici contraints de vivre en France au moins six mois par an pour b\u00e9n\u00e9ficier d\u2019une pension de retraite. Leur retour d\u00e9finitive a \u00e9t\u00e9 rendu possible gr\u00e2ce \u00e0 une aide exceptionnelle de l\u2019Etat fran\u00e7ais.<\/p>\n<p>Une c\u00e9r\u00e9monie r\u00e9publicaine sera organis\u00e9e \u00e0 la r\u00e9sidence de la repr\u00e9sentation diplomatique fran\u00e7aise \u00e0 Dakar, avait indiqu\u00e9 l\u2019Elys\u00e9e le 14 avril dernier dans un communiqu\u00e9.<\/p>\n<p>Le pr\u00e9sident fran\u00e7ais, Emmanuel Macron avait re\u00e7u le m\u00eame jour les neuf anciens Tirailleurs s\u00e9n\u00e9galais qui s\u2019appr\u00eataient \u00e0 regagner le S\u00e9n\u00e9gal gr\u00e2ce \u00e0 une aide financi\u00e8re exceptionnelle de l\u2019Etat fran\u00e7ais.<\/p>\n<p>Macron avait notamment insist\u00e9 sur l\u2019importance pour ses anciens Tirailleurs de poursuivre le travail m\u00e9moriel aupr\u00e8s des \u00e9coles s\u00e9n\u00e9galaises et aupr\u00e8s de la jeunesse de mani\u00e8re g\u00e9n\u00e9rale, avait soulign\u00e9 la source.<\/p>\n<p>La rencontre avait \u00e9t\u00e9 un moment \u00e9mouvant pour le pr\u00e9sident fran\u00e7ais et pour ses h\u00f4tes qui ont eu l\u2019opportunit\u00e9 de s\u2019exprimer et de faire des t\u00e9moignages sur leur v\u00e9cu d\u2019anciens soldats ayant servi la France en Indochine et en Alg\u00e9rie, avait fait savoir l\u2019Elys\u00e9e.<\/p>\n<p>Il s\u2019est agi d\u2019une s\u00e9quence m\u00e9morielle souhait\u00e9e par le pr\u00e9sident Macron qui en a profit\u00e9 pour les remercier au nom de la France.<\/p>\n<p>Les neuf anciens Tirailleurs, \u00e2g\u00e9s entre 85 et 96 ans, font partie des 22 qui s\u2019\u00e9taient manifest\u00e9s pour rentrer au S\u00e9n\u00e9gal apr\u00e8s la parution du film les Tirailleurs d\u2019Omar Sy, a rappel\u00e9 l\u2019Elys\u00e9e.<\/p>\n<div class='share-to-whatsapp-wrapper'><div class='share-on-whsp'>PARTAGER SUR : <\/div><a data-text='ARMEE - 9 tirailleurs s\u00e9n\u00e9galais, \u00e2g\u00e9s de 85 \u00e0 96 ans rentrent au S\u00e9n\u00e9gal' data-link='https:\/\/www.nettali.com\/2023\/04\/27\/armee-9-tirailleurs-senegalais-ages-de-85-a-96-ans-rentrent-au-senegal\/' class='whatsapp-button whatsapp-share'>WhatsApp<\/a><div class='clear '><\/div><\/div>","protected":false},"excerpt":{"rendered":"<p>NETTALI.COM - Le ministre des Forces arm\u00e9es, Sidiki Kaba va accueillir, vendredi \u00e0 14h 30, \u00e0 l\u2019A\u00e9roport international Blaise Diagne de Diass, les neuf anciens Tirailleurs s\u00e9n\u00e9galais qui ont\u00a0 d\u00e9cid\u00e9 de rentrer d\u00e9finitivement au S\u00e9n\u00e9gal, a-t-on appris de la Direction de l\u2019information et des relations publiques des arm\u00e9es. \"Les Neuf (9) anciens Tirailleurs s\u00e9n\u00e9galais, qui [&hellip;]<\/p>\n","protected":false},"author":4,"featured_media":108886,"comment_status":"open","ping_status":"open","sticky":false,"template":"","format":"standard","meta":{"_et_pb_use_builder":"","_et_pb_old_content":""},"categories":[3],"tags":[],"yoast_head":"<!-- This site is optimized with the Yoast SEO Premium plugin v17.8 (Yoast SEO v17.8) - https:\/\/yoast.com\/wordpress\/plugins\/seo\/ -->\n<title>ARMEE - 9 tirailleurs s\u00e9n\u00e9galais, \u00e2g\u00e9s de 85 \u00e0 96 ans rentrent au S\u00e9n\u00e9gal | Nettali.com<\/title>\n<meta name=\"robots\" content=\"index, follow, max-snippet:-1, max-image-preview:large, max-video-preview:-1\" \/>\n<link rel=\"canonical\" href=\"https:\/\/www.nettali.com\/2023\/04\/27\/armee-9-tirailleurs-senegalais-ages-de-85-a-96-ans-rentrent-au-senegal\/\" \/>\n<meta property=\"og:locale\" content=\"fr_FR\" \/>\n<meta property=\"og:type\" content=\"article\" \/>\n<meta property=\"og:title\" content=\"ARMEE - 9 tirailleurs s\u00e9n\u00e9galais, \u00e2g\u00e9s de 85 \u00e0 96 ans rentrent au S\u00e9n\u00e9gal\" \/>\n<meta property=\"og:description\" content=\"NETTALI.COM - Le ministre des Forces arm\u00e9es, Sidiki Kaba va accueillir, vendredi \u00e0 14h 30, \u00e0 l\u2019A\u00e9roport international Blaise Diagne de Diass, les neuf anciens Tirailleurs s\u00e9n\u00e9galais qui ont\u00a0 d\u00e9cid\u00e9 de rentrer d\u00e9finitivement au S\u00e9n\u00e9gal, a-t-on appris de la Direction de l\u2019information et des relations publiques des arm\u00e9es. &quot;Les Neuf (9) anciens Tirailleurs s\u00e9n\u00e9galais, qui [&hellip;]\" \/>\n<meta property=\"og:url\" content=\"https:\/\/www.nettali.com\/2023\/04\/27\/armee-9-tirailleurs-senegalais-ages-de-85-a-96-ans-rentrent-au-senegal\/\" \/>\n<meta property=\"og:site_name\" content=\"Nettali.com\" \/>\n<meta property=\"article:publisher\" content=\"https:\/\/www.facebook.com\/nettalicom\" \/>\n<meta property=\"article:published_time\" content=\"2023-04-27T20:03:13+00:00\" \/>\n<meta property=\"og:image\" content=\"https:\/\/www.nettali.com\/wp-content\/uploads\/2023\/04\/Capture-de\u0301cran-2023-04-27-a\u0300-19.59.48.png\" \/>\n\t<meta property=\"og:image:width\" content=\"605\" \/>\n\t<meta property=\"og:image:height\" content=\"384\" \/>\n<meta name=\"twitter:card\" content=\"summary_large_image\" \/>\n<meta name=\"twitter:label1\" content=\"\u00c9crit par\" \/>\n\t<meta name=\"twitter:data1\" content=\"Daouda\" \/>\n\t<meta name=\"twitter:label2\" content=\"Dur\u00e9e de lecture estim\u00e9e\" \/>\n\t<meta name=\"twitter:data2\" content=\"2 minutes\" \/>\n<script type=\"application\/ld+json\" class=\"yoast-schema-graph\">{\"@context\":\"https:\/\/schema.org\",\"@graph\":[{\"@type\":\"WebSite\",\"@id\":\"https:\/\/www.nettali.com\/#website\",\"url\":\"https:\/\/www.nettali.com\/\",\"name\":\"Nettali.com\",\"description\":\"Le rendez-vous critique du Net\",\"potentialAction\":[{\"@type\":\"SearchAction\",\"target\":{\"@type\":\"EntryPoint\",\"urlTemplate\":\"https:\/\/www.nettali.com\/?s={search_term_string}\"},\"query-input\":\"required name=search_term_string\"}],\"inLanguage\":\"fr-FR\"},{\"@type\":\"ImageObject\",\"@id\":\"https:\/\/www.nettali.com\/2023\/04\/27\/armee-9-tirailleurs-senegalais-ages-de-85-a-96-ans-rentrent-au-senegal\/#primaryimage\",\"inLanguage\":\"fr-FR\",\"url\":\"https:\/\/www.nettali.com\/wp-content\/uploads\/2023\/04\/Capture-de\\u0301cran-2023-04-27-a\\u0300-19.59.48.png\",\"contentUrl\":\"https:\/\/www.nettali.com\/wp-content\/uploads\/2023\/04\/Capture-de\\u0301cran-2023-04-27-a\\u0300-19.59.48.png\",\"width\":605,\"height\":384},{\"@type\":\"WebPage\",\"@id\":\"https:\/\/www.nettali.com\/2023\/04\/27\/armee-9-tirailleurs-senegalais-ages-de-85-a-96-ans-rentrent-au-senegal\/#webpage\",\"url\":\"https:\/\/www.nettali.com\/2023\/04\/27\/armee-9-tirailleurs-senegalais-ages-de-85-a-96-ans-rentrent-au-senegal\/\",\"name\":\"ARMEE - 9 tirailleurs s\\u00e9n\\u00e9galais, \\u00e2g\\u00e9s de 85 \\u00e0 96 ans rentrent au S\\u00e9n\\u00e9gal | Nettali.com\",\"isPartOf\":{\"@id\":\"https:\/\/www.nettali.com\/#website\"},\"primaryImageOfPage\":{\"@id\":\"https:\/\/www.nettali.com\/2023\/04\/27\/armee-9-tirailleurs-senegalais-ages-de-85-a-96-ans-rentrent-au-senegal\/#primaryimage\"},\"datePublished\":\"2023-04-27T20:03:13+00:00\",\"dateModified\":\"2023-04-27T20:03:13+00:00\",\"author\":{\"@id\":\"https:\/\/www.nettali.com\/#\/schema\/person\/3317e0bb3aa1da309fbf7b2780901bf4\"},\"breadcrumb\":{\"@id\":\"https:\/\/www.nettali.com\/2023\/04\/27\/armee-9-tirailleurs-senegalais-ages-de-85-a-96-ans-rentrent-au-senegal\/#breadcrumb\"},\"inLanguage\":\"fr-FR\",\"potentialAction\":[{\"@type\":\"ReadAction\",\"target\":[\"https:\/\/www.nettali.com\/2023\/04\/27\/armee-9-tirailleurs-senegalais-ages-de-85-a-96-ans-rentrent-au-senegal\/\"]}]},{\"@type\":\"BreadcrumbList\",\"@id\":\"https:\/\/www.nettali.com\/2023\/04\/27\/armee-9-tirailleurs-senegalais-ages-de-85-a-96-ans-rentrent-au-senegal\/#breadcrumb\",\"itemListElement\":[{\"@type\":\"ListItem\",\"position\":1,\"name\":\"Accueil\",\"item\":\"https:\/\/www.nettali.com\/\"},{\"@type\":\"ListItem\",\"position\":2,\"name\":\"ARMEE - 9 tirailleurs s\\u00e9n\\u00e9galais, \\u00e2g\\u00e9s de 85 \\u00e0 96 ans rentrent au S\\u00e9n\\u00e9gal\"}]},{\"@type\":\"Person\",\"@id\":\"https:\/\/www.nettali.com\/#\/schema\/person\/3317e0bb3aa1da309fbf7b2780901bf4\",\"name\":\"Daouda\",\"image\":{\"@type\":\"ImageObject\",\"@id\":\"https:\/\/www.nettali.com\/#personlogo\",\"inLanguage\":\"fr-FR\",\"url\":\"https:\/\/secure.gravatar.com\/avatar\/8d143b5a49345098ddcfee1c49c2f47c?s=96&d=mm&r=g\",\"contentUrl\":\"https:\/\/secure.gravatar.com\/avatar\/8d143b5a49345098ddcfee1c49c2f47c?s=96&d=mm&r=g\",\"caption\":\"Daouda\"},\"sameAs\":[\"https:\/\/www.nettali.com\"]}]}<\/script>\n<!-- \/ Yoast SEO Premium plugin. -->","yoast_head_json":{"title":"ARMEE - 9 tirailleurs s\u00e9n\u00e9galais, \u00e2g\u00e9s de 85 \u00e0 96 ans rentrent au S\u00e9n\u00e9gal | Nettali.com","robots":{"index":"index","follow":"follow","max-snippet":"max-snippet:-1","max-image-preview":"max-image-preview:large","max-video-preview":"max-video-preview:-1"},"canonical":"https:\/\/www.nettali.com\/2023\/04\/27\/armee-9-tirailleurs-senegalais-ages-de-85-a-96-ans-rentrent-au-senegal\/","og_locale":"fr_FR","og_type":"article","og_title":"ARMEE - 9 tirailleurs s\u00e9n\u00e9galais, \u00e2g\u00e9s de 85 \u00e0 96 ans rentrent au S\u00e9n\u00e9gal","og_description":"NETTALI.COM - Le ministre des Forces arm\u00e9es, Sidiki Kaba va accueillir, vendredi \u00e0 14h 30, \u00e0 l\u2019A\u00e9roport international Blaise Diagne de Diass, les neuf anciens Tirailleurs s\u00e9n\u00e9galais qui ont\u00a0 d\u00e9cid\u00e9 de rentrer d\u00e9finitivement au S\u00e9n\u00e9gal, a-t-on appris de la Direction de l\u2019information et des relations publiques des arm\u00e9es. \"Les Neuf (9) anciens Tirailleurs s\u00e9n\u00e9galais, qui [&hellip;]","og_url":"https:\/\/www.nettali.com\/2023\/04\/27\/armee-9-tirailleurs-senegalais-ages-de-85-a-96-ans-rentrent-au-senegal\/","og_site_name":"Nettali.com","article_publisher":"https:\/\/www.facebook.com\/nettalicom","article_published_time":"2023-04-27T20:03:13+00:00","og_image":[{"width":605,"height":384,"url":"https:\/\/www.nettali.com\/wp-content\/uploads\/2023\/04\/Capture-de\u0301cran-2023-04-27-a\u0300-19.59.48.png","type":"image\/png"}],"twitter_card":"summary_large_image","twitter_misc":{"\u00c9crit par":"Daouda","Dur\u00e9e de lecture estim\u00e9e":"2 minutes"},"schema":{"@context":"https:\/\/schema.org","@graph":[{"@type":"WebSite","@id":"https:\/\/www.nettali.com\/#website","url":"https:\/\/www.nettali.com\/","name":"Nettali.com","description":"Le rendez-vous critique du Net","potentialAction":[{"@type":"SearchAction","target":{"@type":"EntryPoint","urlTemplate":"https:\/\/www.nettali.com\/?s={search_term_string}"},"query-input":"required name=search_term_string"}],"inLanguage":"fr-FR"},{"@type":"ImageObject","@id":"https:\/\/www.nettali.com\/2023\/04\/27\/armee-9-tirailleurs-senegalais-ages-de-85-a-96-ans-rentrent-au-senegal\/#primaryimage","inLanguage":"fr-FR","url":"https:\/\/www.nettali.com\/wp-content\/uploads\/2023\/04\/Capture-de\u0301cran-2023-04-27-a\u0300-19.59.48.png","contentUrl":"https:\/\/www.nettali.com\/wp-content\/uploads\/2023\/04\/Capture-de\u0301cran-2023-04-27-a\u0300-19.59.48.png","width":605,"height":384},{"@type":"WebPage","@id":"https:\/\/www.nettali.com\/2023\/04\/27\/armee-9-tirailleurs-senegalais-ages-de-85-a-96-ans-rentrent-au-senegal\/#webpage","url":"https:\/\/www.nettali.com\/2023\/04\/27\/armee-9-tirailleurs-senegalais-ages-de-85-a-96-ans-rentrent-au-senegal\/","name":"ARMEE - 9 tirailleurs s\u00e9n\u00e9galais, \u00e2g\u00e9s de 85 \u00e0 96 ans rentrent au S\u00e9n\u00e9gal | Nettali.com","isPartOf":{"@id":"https:\/\/www.nettali.com\/#website"},"primaryImageOfPage":{"@id":"https:\/\/www.nettali.com\/2023\/04\/27\/armee-9-tirailleurs-senegalais-ages-de-85-a-96-ans-rentrent-au-senegal\/#primaryimage"},"datePublished":"2023-04-27T20:03:13+00:00","dateModified":"2023-04-27T20:03:13+00:00","author":{"@id":"https:\/\/www.nettali.com\/#\/schema\/person\/3317e0bb3aa1da309fbf7b2780901bf4"},"breadcrumb":{"@id":"https:\/\/www.nettali.com\/2023\/04\/27\/armee-9-tirailleurs-senegalais-ages-de-85-a-96-ans-rentrent-au-senegal\/#breadcrumb"},"inLanguage":"fr-FR","potentialAction":[{"@type":"ReadAction","target":["https:\/\/www.nettali.com\/2023\/04\/27\/armee-9-tirailleurs-senegalais-ages-de-85-a-96-ans-rentrent-au-senegal\/"]}]},{"@type":"BreadcrumbList","@id":"https:\/\/www.nettali.com\/2023\/04\/27\/armee-9-tirailleurs-senegalais-ages-de-85-a-96-ans-rentrent-au-senegal\/#breadcrumb","itemListElement":[{"@type":"ListItem","position":1,"name":"Accueil","item":"https:\/\/www.nettali.com\/"},{"@type":"ListItem","position":2,"name":"ARMEE - 9 tirailleurs s\u00e9n\u00e9galais, \u00e2g\u00e9s de 85 \u00e0 96 ans rentrent au S\u00e9n\u00e9gal"}]},{"@type":"Person","@id":"https:\/\/www.nettali.com\/#\/schema\/person\/3317e0bb3aa1da309fbf7b2780901bf4","name":"Daouda","image":{"@type":"ImageObject","@id":"https:\/\/www.nettali.com\/#personlogo","inLanguage":"fr-FR","url":"https:\/\/secure.gravatar.com\/avatar\/8d143b5a49345098ddcfee1c49c2f47c?s=96&d=mm&r=g","contentUrl":"https:\/\/secure.gravatar.com\/avatar\/8d143b5a49345098ddcfee1c49c2f47c?s=96&d=mm&r=g","caption":"Daouda"},"sameAs":["https:\/\/www.nettali.com"]}]}},"_links":{"self":[{"href":"https:\/\/www.nettali.com\/rest\/wp\/v2\/posts\/108885"}],"collection":[{"href":"https:\/\/www.nettali.com\/rest\/wp\/v2\/posts"}],"about":[{"href":"https:\/\/www.nettali.com\/rest\/wp\/v2\/types\/post"}],"author":[{"embeddable":true,"href":"https:\/\/www.nettali.com\/rest\/wp\/v2\/users\/4"}],"replies":[{"embeddable":true,"href":"https:\/\/www.nettali.com\/rest\/wp\/v2\/comments?post=108885"}],"version-history":[{"count":1,"href":"https:\/\/www.nettali.com\/rest\/wp\/v2\/posts\/108885\/revisions"}],"predecessor-version":[{"id":108887,"href":"https:\/\/www.nettali.com\/rest\/wp\/v2\/posts\/108885\/revisions\/108887"}],"wp:featuredmedia":[{"embeddable":true,"href":"https:\/\/www.nettali.com\/rest\/wp\/v2\/media\/108886"}],"wp:attachment":[{"href":"https:\/\/www.nettali.com\/rest\/wp\/v2\/media?parent=108885"}],"wp:term":[{"taxonomy":"category","embeddable":true,"href":"https:\/\/www.nettali.com\/rest\/wp\/v2\/categories?post=108885"},{"taxonomy":"post_tag","embeddable":true,"href":"https:\/\/www.nettali.com\/rest\/wp\/v2\/tags?post=108885"}],"curies":[{"name":"wp","href":"https:\/\/api.w.org\/{rel}","templated":true}]}}