{"id":108834,"date":"2023-04-27T09:03:09","date_gmt":"2023-04-27T09:03:09","guid":{"rendered":"https:\/\/www.nettali.com\/?p=108834"},"modified":"2023-04-27T09:03:09","modified_gmt":"2023-04-27T09:03:09","slug":"en-coulisses-le-procureur-de-kaolack-remplace","status":"publish","type":"post","link":"https:\/\/www.nettali.com\/2023\/04\/27\/en-coulisses-le-procureur-de-kaolack-remplace\/","title":{"rendered":"EN COULISSES - Le procureur de Kaolack remplac\u00e9"},"content":{"rendered":"<p>NETTALI.COM - Le procureur de la R\u00e9publique de Kaolack, Moussa Thiam, a \u00e9t\u00e9 remplac\u00e9 par Abass Yaya Wane qui \u00e9tait \u00e0 S\u00e9dhiou.<\/p>\n<p>L'actuel procureur pr\u00e8s le tribunal de grande instance de Kaolack va faire l'objet d'un d\u00e9tachement.\u00a0 Moussa Thiam, selon nos information, va ainsi rejoindre la Senelec, en d\u00e9t\u00e2chement, o\u00f9 il aura en charge de nouvelles responsabilit\u00e9s.\u00a0Il sera probablement conseiller juridique du Directeur G\u00e9n\u00e9ral, Pape Demba Bit\u00e8ye.<\/p>\n<div class='share-to-whatsapp-wrapper'><div class='share-on-whsp'>PARTAGER SUR : <\/div><a data-text='EN COULISSES - Le procureur de Kaolack remplac\u00e9' data-link='https:\/\/www.nettali.com\/2023\/04\/27\/en-coulisses-le-procureur-de-kaolack-remplace\/' class='whatsapp-button whatsapp-share'>WhatsApp<\/a><div class='clear '><\/div><\/div>","protected":false},"excerpt":{"rendered":"<p>NETTALI.COM - Le procureur de la R\u00e9publique de Kaolack, Moussa Thiam, a \u00e9t\u00e9 remplac\u00e9 par Abass Yaya Wane qui \u00e9tait \u00e0 S\u00e9dhiou. L'actuel procureur pr\u00e8s le tribunal de grande instance de Kaolack va faire l'objet d'un d\u00e9tachement.\u00a0 Moussa Thiam, selon nos information, va ainsi rejoindre la Senelec, en d\u00e9t\u00e2chement, o\u00f9 il aura en charge de [&hellip;]<\/p>\n","protected":false},"author":4,"featured_media":108840,"comment_status":"open","ping_status":"open","sticky":false,"template":"","format":"standard","meta":{"_et_pb_use_builder":"","_et_pb_old_content":""},"categories":[34945],"tags":[],"yoast_head":"<!-- This site is optimized with the Yoast SEO Premium plugin v17.8 (Yoast SEO v17.8) - https:\/\/yoast.com\/wordpress\/plugins\/seo\/ -->\n<title>EN COULISSES - Le procureur de Kaolack remplac\u00e9 | Nettali.com<\/title>\n<meta name=\"robots\" content=\"index, follow, max-snippet:-1, max-image-preview:large, max-video-preview:-1\" \/>\n<link rel=\"canonical\" href=\"https:\/\/www.nettali.com\/2023\/04\/27\/en-coulisses-le-procureur-de-kaolack-remplace\/\" \/>\n<meta property=\"og:locale\" content=\"fr_FR\" \/>\n<meta property=\"og:type\" content=\"article\" \/>\n<meta property=\"og:title\" content=\"EN COULISSES - Le procureur de Kaolack remplac\u00e9\" \/>\n<meta property=\"og:description\" content=\"NETTALI.COM - Le procureur de la R\u00e9publique de Kaolack, Moussa Thiam, a \u00e9t\u00e9 remplac\u00e9 par Abass Yaya Wane qui \u00e9tait \u00e0 S\u00e9dhiou. L&#039;actuel procureur pr\u00e8s le tribunal de grande instance de Kaolack va faire l&#039;objet d&#039;un d\u00e9tachement.\u00a0 Moussa Thiam, selon nos information, va ainsi rejoindre la Senelec, en d\u00e9t\u00e2chement, o\u00f9 il aura en charge de [&hellip;]\" \/>\n<meta property=\"og:url\" content=\"https:\/\/www.nettali.com\/2023\/04\/27\/en-coulisses-le-procureur-de-kaolack-remplace\/\" \/>\n<meta property=\"og:site_name\" content=\"Nettali.com\" \/>\n<meta property=\"article:publisher\" content=\"https:\/\/www.facebook.com\/nettalicom\" \/>\n<meta property=\"article:published_time\" content=\"2023-04-27T09:03:09+00:00\" \/>\n<meta property=\"og:image\" content=\"https:\/\/www.nettali.com\/wp-content\/uploads\/2023\/04\/COUR-D-APPEL-kaolack.jpeg\" \/>\n\t<meta property=\"og:image:width\" content=\"1024\" \/>\n\t<meta property=\"og:image:height\" content=\"768\" \/>\n<meta name=\"twitter:card\" content=\"summary_large_image\" \/>\n<meta name=\"twitter:label1\" content=\"\u00c9crit par\" \/>\n\t<meta name=\"twitter:data1\" content=\"Daouda\" \/>\n\t<meta name=\"twitter:label2\" content=\"Dur\u00e9e de lecture estim\u00e9e\" \/>\n\t<meta name=\"twitter:data2\" content=\"1 minute\" \/>\n<script type=\"application\/ld+json\" class=\"yoast-schema-graph\">{\"@context\":\"https:\/\/schema.org\",\"@graph\":[{\"@type\":\"WebSite\",\"@id\":\"https:\/\/www.nettali.com\/#website\",\"url\":\"https:\/\/www.nettali.com\/\",\"name\":\"Nettali.com\",\"description\":\"Le rendez-vous critique du Net\",\"potentialAction\":[{\"@type\":\"SearchAction\",\"target\":{\"@type\":\"EntryPoint\",\"urlTemplate\":\"https:\/\/www.nettali.com\/?s={search_term_string}\"},\"query-input\":\"required name=search_term_string\"}],\"inLanguage\":\"fr-FR\"},{\"@type\":\"ImageObject\",\"@id\":\"https:\/\/www.nettali.com\/2023\/04\/27\/en-coulisses-le-procureur-de-kaolack-remplace\/#primaryimage\",\"inLanguage\":\"fr-FR\",\"url\":\"https:\/\/www.nettali.com\/wp-content\/uploads\/2023\/04\/COUR-D-APPEL-kaolack.jpeg\",\"contentUrl\":\"https:\/\/www.nettali.com\/wp-content\/uploads\/2023\/04\/COUR-D-APPEL-kaolack.jpeg\",\"width\":1024,\"height\":768},{\"@type\":\"WebPage\",\"@id\":\"https:\/\/www.nettali.com\/2023\/04\/27\/en-coulisses-le-procureur-de-kaolack-remplace\/#webpage\",\"url\":\"https:\/\/www.nettali.com\/2023\/04\/27\/en-coulisses-le-procureur-de-kaolack-remplace\/\",\"name\":\"EN COULISSES - Le procureur de Kaolack remplac\\u00e9 | Nettali.com\",\"isPartOf\":{\"@id\":\"https:\/\/www.nettali.com\/#website\"},\"primaryImageOfPage\":{\"@id\":\"https:\/\/www.nettali.com\/2023\/04\/27\/en-coulisses-le-procureur-de-kaolack-remplace\/#primaryimage\"},\"datePublished\":\"2023-04-27T09:03:09+00:00\",\"dateModified\":\"2023-04-27T09:03:09+00:00\",\"author\":{\"@id\":\"https:\/\/www.nettali.com\/#\/schema\/person\/3317e0bb3aa1da309fbf7b2780901bf4\"},\"breadcrumb\":{\"@id\":\"https:\/\/www.nettali.com\/2023\/04\/27\/en-coulisses-le-procureur-de-kaolack-remplace\/#breadcrumb\"},\"inLanguage\":\"fr-FR\",\"potentialAction\":[{\"@type\":\"ReadAction\",\"target\":[\"https:\/\/www.nettali.com\/2023\/04\/27\/en-coulisses-le-procureur-de-kaolack-remplace\/\"]}]},{\"@type\":\"BreadcrumbList\",\"@id\":\"https:\/\/www.nettali.com\/2023\/04\/27\/en-coulisses-le-procureur-de-kaolack-remplace\/#breadcrumb\",\"itemListElement\":[{\"@type\":\"ListItem\",\"position\":1,\"name\":\"Accueil\",\"item\":\"https:\/\/www.nettali.com\/\"},{\"@type\":\"ListItem\",\"position\":2,\"name\":\"EN COULISSES - Le procureur de Kaolack remplac\\u00e9\"}]},{\"@type\":\"Person\",\"@id\":\"https:\/\/www.nettali.com\/#\/schema\/person\/3317e0bb3aa1da309fbf7b2780901bf4\",\"name\":\"Daouda\",\"image\":{\"@type\":\"ImageObject\",\"@id\":\"https:\/\/www.nettali.com\/#personlogo\",\"inLanguage\":\"fr-FR\",\"url\":\"https:\/\/secure.gravatar.com\/avatar\/8d143b5a49345098ddcfee1c49c2f47c?s=96&d=mm&r=g\",\"contentUrl\":\"https:\/\/secure.gravatar.com\/avatar\/8d143b5a49345098ddcfee1c49c2f47c?s=96&d=mm&r=g\",\"caption\":\"Daouda\"},\"sameAs\":[\"https:\/\/www.nettali.com\"]}]}<\/script>\n<!-- \/ Yoast SEO Premium plugin. -->","yoast_head_json":{"title":"EN COULISSES - Le procureur de Kaolack remplac\u00e9 | Nettali.com","robots":{"index":"index","follow":"follow","max-snippet":"max-snippet:-1","max-image-preview":"max-image-preview:large","max-video-preview":"max-video-preview:-1"},"canonical":"https:\/\/www.nettali.com\/2023\/04\/27\/en-coulisses-le-procureur-de-kaolack-remplace\/","og_locale":"fr_FR","og_type":"article","og_title":"EN COULISSES - Le procureur de Kaolack remplac\u00e9","og_description":"NETTALI.COM - Le procureur de la R\u00e9publique de Kaolack, Moussa Thiam, a \u00e9t\u00e9 remplac\u00e9 par Abass Yaya Wane qui \u00e9tait \u00e0 S\u00e9dhiou. L'actuel procureur pr\u00e8s le tribunal de grande instance de Kaolack va faire l'objet d'un d\u00e9tachement.\u00a0 Moussa Thiam, selon nos information, va ainsi rejoindre la Senelec, en d\u00e9t\u00e2chement, o\u00f9 il aura en charge de [&hellip;]","og_url":"https:\/\/www.nettali.com\/2023\/04\/27\/en-coulisses-le-procureur-de-kaolack-remplace\/","og_site_name":"Nettali.com","article_publisher":"https:\/\/www.facebook.com\/nettalicom","article_published_time":"2023-04-27T09:03:09+00:00","og_image":[{"width":1024,"height":768,"url":"https:\/\/www.nettali.com\/wp-content\/uploads\/2023\/04\/COUR-D-APPEL-kaolack.jpeg","type":"image\/jpeg"}],"twitter_card":"summary_large_image","twitter_misc":{"\u00c9crit par":"Daouda","Dur\u00e9e de lecture estim\u00e9e":"1 minute"},"schema":{"@context":"https:\/\/schema.org","@graph":[{"@type":"WebSite","@id":"https:\/\/www.nettali.com\/#website","url":"https:\/\/www.nettali.com\/","name":"Nettali.com","description":"Le rendez-vous critique du Net","potentialAction":[{"@type":"SearchAction","target":{"@type":"EntryPoint","urlTemplate":"https:\/\/www.nettali.com\/?s={search_term_string}"},"query-input":"required name=search_term_string"}],"inLanguage":"fr-FR"},{"@type":"ImageObject","@id":"https:\/\/www.nettali.com\/2023\/04\/27\/en-coulisses-le-procureur-de-kaolack-remplace\/#primaryimage","inLanguage":"fr-FR","url":"https:\/\/www.nettali.com\/wp-content\/uploads\/2023\/04\/COUR-D-APPEL-kaolack.jpeg","contentUrl":"https:\/\/www.nettali.com\/wp-content\/uploads\/2023\/04\/COUR-D-APPEL-kaolack.jpeg","width":1024,"height":768},{"@type":"WebPage","@id":"https:\/\/www.nettali.com\/2023\/04\/27\/en-coulisses-le-procureur-de-kaolack-remplace\/#webpage","url":"https:\/\/www.nettali.com\/2023\/04\/27\/en-coulisses-le-procureur-de-kaolack-remplace\/","name":"EN COULISSES - Le procureur de Kaolack remplac\u00e9 | Nettali.com","isPartOf":{"@id":"https:\/\/www.nettali.com\/#website"},"primaryImageOfPage":{"@id":"https:\/\/www.nettali.com\/2023\/04\/27\/en-coulisses-le-procureur-de-kaolack-remplace\/#primaryimage"},"datePublished":"2023-04-27T09:03:09+00:00","dateModified":"2023-04-27T09:03:09+00:00","author":{"@id":"https:\/\/www.nettali.com\/#\/schema\/person\/3317e0bb3aa1da309fbf7b2780901bf4"},"breadcrumb":{"@id":"https:\/\/www.nettali.com\/2023\/04\/27\/en-coulisses-le-procureur-de-kaolack-remplace\/#breadcrumb"},"inLanguage":"fr-FR","potentialAction":[{"@type":"ReadAction","target":["https:\/\/www.nettali.com\/2023\/04\/27\/en-coulisses-le-procureur-de-kaolack-remplace\/"]}]},{"@type":"BreadcrumbList","@id":"https:\/\/www.nettali.com\/2023\/04\/27\/en-coulisses-le-procureur-de-kaolack-remplace\/#breadcrumb","itemListElement":[{"@type":"ListItem","position":1,"name":"Accueil","item":"https:\/\/www.nettali.com\/"},{"@type":"ListItem","position":2,"name":"EN COULISSES - Le procureur de Kaolack remplac\u00e9"}]},{"@type":"Person","@id":"https:\/\/www.nettali.com\/#\/schema\/person\/3317e0bb3aa1da309fbf7b2780901bf4","name":"Daouda","image":{"@type":"ImageObject","@id":"https:\/\/www.nettali.com\/#personlogo","inLanguage":"fr-FR","url":"https:\/\/secure.gravatar.com\/avatar\/8d143b5a49345098ddcfee1c49c2f47c?s=96&d=mm&r=g","contentUrl":"https:\/\/secure.gravatar.com\/avatar\/8d143b5a49345098ddcfee1c49c2f47c?s=96&d=mm&r=g","caption":"Daouda"},"sameAs":["https:\/\/www.nettali.com"]}]}},"_links":{"self":[{"href":"https:\/\/www.nettali.com\/rest\/wp\/v2\/posts\/108834"}],"collection":[{"href":"https:\/\/www.nettali.com\/rest\/wp\/v2\/posts"}],"about":[{"href":"https:\/\/www.nettali.com\/rest\/wp\/v2\/types\/post"}],"author":[{"embeddable":true,"href":"https:\/\/www.nettali.com\/rest\/wp\/v2\/users\/4"}],"replies":[{"embeddable":true,"href":"https:\/\/www.nettali.com\/rest\/wp\/v2\/comments?post=108834"}],"version-history":[{"count":1,"href":"https:\/\/www.nettali.com\/rest\/wp\/v2\/posts\/108834\/revisions"}],"predecessor-version":[{"id":108841,"href":"https:\/\/www.nettali.com\/rest\/wp\/v2\/posts\/108834\/revisions\/108841"}],"wp:featuredmedia":[{"embeddable":true,"href":"https:\/\/www.nettali.com\/rest\/wp\/v2\/media\/108840"}],"wp:attachment":[{"href":"https:\/\/www.nettali.com\/rest\/wp\/v2\/media?parent=108834"}],"wp:term":[{"taxonomy":"category","embeddable":true,"href":"https:\/\/www.nettali.com\/rest\/wp\/v2\/categories?post=108834"},{"taxonomy":"post_tag","embeddable":true,"href":"https:\/\/www.nettali.com\/rest\/wp\/v2\/tags?post=108834"}],"curies":[{"name":"wp","href":"https:\/\/api.w.org\/{rel}","templated":true}]}}