{"id":108763,"date":"2023-04-26T08:32:14","date_gmt":"2023-04-26T08:32:14","guid":{"rendered":"https:\/\/www.nettali.com\/?p=108763"},"modified":"2023-04-26T08:32:14","modified_gmt":"2023-04-26T08:32:14","slug":"en-coulisses-le-cored-condamne","status":"publish","type":"post","link":"https:\/\/www.nettali.com\/2023\/04\/26\/en-coulisses-le-cored-condamne\/","title":{"rendered":"EN COULISSES - Le Cored condamne..."},"content":{"rendered":"<p><strong>NETTALI.COM -<\/strong> Dans sa livraison du mardi 25 avril, le quotidien \"Direct News\" a barr\u00e9 \u00e0 sa Une \"<em>La nomination d\u2019ADD brise l\u2019\u00e9quilibre ethnique<\/em>\u201d avec la photo du nouveau pr\u00e9sident du Conseil \u00e9conomique, social et environnemental (Cese). Des propos sur Abdoulaye Daouda Diallo qui ont heurt\u00e9 une certaine partie de l'opinion. Ce qui a fait r\u00e9agir le Conseil pour l\u2019observation des r\u00e8gles d\u2019\u00e9thique et de d\u00e9ontologie (Cored).<\/p>\n<p>Celui-ci a ainsi fermement condamn\u00e9 \"<em>ces \u00e9crits qui sapent le vivre-ensemble<\/em>\u201d. Selon en effet le Cored, \"<em>ces propos sont en porte-\u00e0-faux avec la Charte des journalistes du S\u00e9n\u00e9gal et le Code de la presse. Les articles 4 et 10 de cette charte indiquent que le journaliste doit \u201crespecter la dignit\u00e9 de la personne humaine et des groupes sociaux\u201d et \u201cs\u2019interdire l\u2019apologie de la violence et la haine entre des groupes sociaux<\/em>\u201d.<\/p>\n<p>Le Code de la presse, en son article 18, stipule que le \"j<em>ournaliste et le technicien des m\u00e9dias doivent \u00e9viter toute allusion par le texte, l\u2019image et le son, \u00e0 l\u2019appartenance ethnique ou nationale d\u2019une personne<\/em>\", a rappel\u00e9 le Cored.<\/p>\n<p>Il a aussi invit\u00e9 les m\u00e9dias \"\u00e0 faire preuve de responsabilit\u00e9 et \u00e0 \u00eatre plus regardant sur l\u2019usage des expressions tendant \u00e0 stigmatiser une communaut\u00e9 ou un groupe social ou mettant en p\u00e9ril la coh\u00e9sion sociale\".<\/p>\n<p>&nbsp;<\/p>\n<div class='share-to-whatsapp-wrapper'><div class='share-on-whsp'>PARTAGER SUR : <\/div><a data-text='EN COULISSES - Le Cored condamne...' data-link='https:\/\/www.nettali.com\/2023\/04\/26\/en-coulisses-le-cored-condamne\/' class='whatsapp-button whatsapp-share'>WhatsApp<\/a><div class='clear '><\/div><\/div>","protected":false},"excerpt":{"rendered":"<p>NETTALI.COM - Dans sa livraison du mardi 25 avril, le quotidien \"Direct News\" a barr\u00e9 \u00e0 sa Une \"La nomination d\u2019ADD brise l\u2019\u00e9quilibre ethnique\u201d avec la photo du nouveau pr\u00e9sident du Conseil \u00e9conomique, social et environnemental (Cese). Des propos sur Abdoulaye Daouda Diallo qui ont heurt\u00e9 une certaine partie de l'opinion. Ce qui a fait [&hellip;]<\/p>\n","protected":false},"author":2,"featured_media":108769,"comment_status":"open","ping_status":"open","sticky":false,"template":"","format":"standard","meta":{"_et_pb_use_builder":"","_et_pb_old_content":""},"categories":[34945],"tags":[],"yoast_head":"<!-- This site is optimized with the Yoast SEO Premium plugin v17.8 (Yoast SEO v17.8) - https:\/\/yoast.com\/wordpress\/plugins\/seo\/ -->\n<title>EN COULISSES - Le Cored condamne... | Nettali.com<\/title>\n<meta name=\"robots\" content=\"index, follow, max-snippet:-1, max-image-preview:large, max-video-preview:-1\" \/>\n<link rel=\"canonical\" href=\"https:\/\/www.nettali.com\/2023\/04\/26\/en-coulisses-le-cored-condamne\/\" \/>\n<meta property=\"og:locale\" content=\"fr_FR\" \/>\n<meta property=\"og:type\" content=\"article\" \/>\n<meta property=\"og:title\" content=\"EN COULISSES - Le Cored condamne...\" \/>\n<meta property=\"og:description\" content=\"NETTALI.COM - Dans sa livraison du mardi 25 avril, le quotidien &quot;Direct News&quot; a barr\u00e9 \u00e0 sa Une &quot;La nomination d\u2019ADD brise l\u2019\u00e9quilibre ethnique\u201d avec la photo du nouveau pr\u00e9sident du Conseil \u00e9conomique, social et environnemental (Cese). Des propos sur Abdoulaye Daouda Diallo qui ont heurt\u00e9 une certaine partie de l&#039;opinion. Ce qui a fait [&hellip;]\" \/>\n<meta property=\"og:url\" content=\"https:\/\/www.nettali.com\/2023\/04\/26\/en-coulisses-le-cored-condamne\/\" \/>\n<meta property=\"og:site_name\" content=\"Nettali.com\" \/>\n<meta property=\"article:publisher\" content=\"https:\/\/www.facebook.com\/nettalicom\" \/>\n<meta property=\"article:published_time\" content=\"2023-04-26T08:32:14+00:00\" \/>\n<meta property=\"og:image\" content=\"https:\/\/www.nettali.com\/wp-content\/uploads\/2023\/04\/telechargement-5.jpg\" \/>\n\t<meta property=\"og:image:width\" content=\"310\" \/>\n\t<meta property=\"og:image:height\" content=\"163\" \/>\n<meta name=\"twitter:card\" content=\"summary_large_image\" \/>\n<meta name=\"twitter:label1\" content=\"\u00c9crit par\" \/>\n\t<meta name=\"twitter:data1\" content=\"CK\" \/>\n\t<meta name=\"twitter:label2\" content=\"Dur\u00e9e de lecture estim\u00e9e\" \/>\n\t<meta name=\"twitter:data2\" content=\"2 minutes\" \/>\n<script type=\"application\/ld+json\" class=\"yoast-schema-graph\">{\"@context\":\"https:\/\/schema.org\",\"@graph\":[{\"@type\":\"WebSite\",\"@id\":\"https:\/\/www.nettali.com\/#website\",\"url\":\"https:\/\/www.nettali.com\/\",\"name\":\"Nettali.com\",\"description\":\"Le rendez-vous critique du Net\",\"potentialAction\":[{\"@type\":\"SearchAction\",\"target\":{\"@type\":\"EntryPoint\",\"urlTemplate\":\"https:\/\/www.nettali.com\/?s={search_term_string}\"},\"query-input\":\"required name=search_term_string\"}],\"inLanguage\":\"fr-FR\"},{\"@type\":\"ImageObject\",\"@id\":\"https:\/\/www.nettali.com\/2023\/04\/26\/en-coulisses-le-cored-condamne\/#primaryimage\",\"inLanguage\":\"fr-FR\",\"url\":\"https:\/\/www.nettali.com\/wp-content\/uploads\/2023\/04\/telechargement-5.jpg\",\"contentUrl\":\"https:\/\/www.nettali.com\/wp-content\/uploads\/2023\/04\/telechargement-5.jpg\",\"width\":310,\"height\":163},{\"@type\":\"WebPage\",\"@id\":\"https:\/\/www.nettali.com\/2023\/04\/26\/en-coulisses-le-cored-condamne\/#webpage\",\"url\":\"https:\/\/www.nettali.com\/2023\/04\/26\/en-coulisses-le-cored-condamne\/\",\"name\":\"EN COULISSES - Le Cored condamne... | Nettali.com\",\"isPartOf\":{\"@id\":\"https:\/\/www.nettali.com\/#website\"},\"primaryImageOfPage\":{\"@id\":\"https:\/\/www.nettali.com\/2023\/04\/26\/en-coulisses-le-cored-condamne\/#primaryimage\"},\"datePublished\":\"2023-04-26T08:32:14+00:00\",\"dateModified\":\"2023-04-26T08:32:14+00:00\",\"author\":{\"@id\":\"https:\/\/www.nettali.com\/#\/schema\/person\/d8ac7b7e27ddad43f1c0d2ef090d7f71\"},\"breadcrumb\":{\"@id\":\"https:\/\/www.nettali.com\/2023\/04\/26\/en-coulisses-le-cored-condamne\/#breadcrumb\"},\"inLanguage\":\"fr-FR\",\"potentialAction\":[{\"@type\":\"ReadAction\",\"target\":[\"https:\/\/www.nettali.com\/2023\/04\/26\/en-coulisses-le-cored-condamne\/\"]}]},{\"@type\":\"BreadcrumbList\",\"@id\":\"https:\/\/www.nettali.com\/2023\/04\/26\/en-coulisses-le-cored-condamne\/#breadcrumb\",\"itemListElement\":[{\"@type\":\"ListItem\",\"position\":1,\"name\":\"Accueil\",\"item\":\"https:\/\/www.nettali.com\/\"},{\"@type\":\"ListItem\",\"position\":2,\"name\":\"EN COULISSES - Le Cored condamne...\"}]},{\"@type\":\"Person\",\"@id\":\"https:\/\/www.nettali.com\/#\/schema\/person\/d8ac7b7e27ddad43f1c0d2ef090d7f71\",\"name\":\"CK\",\"image\":{\"@type\":\"ImageObject\",\"@id\":\"https:\/\/www.nettali.com\/#personlogo\",\"inLanguage\":\"fr-FR\",\"url\":\"https:\/\/secure.gravatar.com\/avatar\/1d8d5118b9327d94da7cd4ce7f17fec2?s=96&d=mm&r=g\",\"contentUrl\":\"https:\/\/secure.gravatar.com\/avatar\/1d8d5118b9327d94da7cd4ce7f17fec2?s=96&d=mm&r=g\",\"caption\":\"CK\"},\"sameAs\":[\"https:\/\/www.nettali.com\"]}]}<\/script>\n<!-- \/ Yoast SEO Premium plugin. -->","yoast_head_json":{"title":"EN COULISSES - Le Cored condamne... | Nettali.com","robots":{"index":"index","follow":"follow","max-snippet":"max-snippet:-1","max-image-preview":"max-image-preview:large","max-video-preview":"max-video-preview:-1"},"canonical":"https:\/\/www.nettali.com\/2023\/04\/26\/en-coulisses-le-cored-condamne\/","og_locale":"fr_FR","og_type":"article","og_title":"EN COULISSES - Le Cored condamne...","og_description":"NETTALI.COM - Dans sa livraison du mardi 25 avril, le quotidien \"Direct News\" a barr\u00e9 \u00e0 sa Une \"La nomination d\u2019ADD brise l\u2019\u00e9quilibre ethnique\u201d avec la photo du nouveau pr\u00e9sident du Conseil \u00e9conomique, social et environnemental (Cese). Des propos sur Abdoulaye Daouda Diallo qui ont heurt\u00e9 une certaine partie de l'opinion. Ce qui a fait [&hellip;]","og_url":"https:\/\/www.nettali.com\/2023\/04\/26\/en-coulisses-le-cored-condamne\/","og_site_name":"Nettali.com","article_publisher":"https:\/\/www.facebook.com\/nettalicom","article_published_time":"2023-04-26T08:32:14+00:00","og_image":[{"width":310,"height":163,"url":"https:\/\/www.nettali.com\/wp-content\/uploads\/2023\/04\/telechargement-5.jpg","type":"image\/jpeg"}],"twitter_card":"summary_large_image","twitter_misc":{"\u00c9crit par":"CK","Dur\u00e9e de lecture estim\u00e9e":"2 minutes"},"schema":{"@context":"https:\/\/schema.org","@graph":[{"@type":"WebSite","@id":"https:\/\/www.nettali.com\/#website","url":"https:\/\/www.nettali.com\/","name":"Nettali.com","description":"Le rendez-vous critique du Net","potentialAction":[{"@type":"SearchAction","target":{"@type":"EntryPoint","urlTemplate":"https:\/\/www.nettali.com\/?s={search_term_string}"},"query-input":"required name=search_term_string"}],"inLanguage":"fr-FR"},{"@type":"ImageObject","@id":"https:\/\/www.nettali.com\/2023\/04\/26\/en-coulisses-le-cored-condamne\/#primaryimage","inLanguage":"fr-FR","url":"https:\/\/www.nettali.com\/wp-content\/uploads\/2023\/04\/telechargement-5.jpg","contentUrl":"https:\/\/www.nettali.com\/wp-content\/uploads\/2023\/04\/telechargement-5.jpg","width":310,"height":163},{"@type":"WebPage","@id":"https:\/\/www.nettali.com\/2023\/04\/26\/en-coulisses-le-cored-condamne\/#webpage","url":"https:\/\/www.nettali.com\/2023\/04\/26\/en-coulisses-le-cored-condamne\/","name":"EN COULISSES - Le Cored condamne... | Nettali.com","isPartOf":{"@id":"https:\/\/www.nettali.com\/#website"},"primaryImageOfPage":{"@id":"https:\/\/www.nettali.com\/2023\/04\/26\/en-coulisses-le-cored-condamne\/#primaryimage"},"datePublished":"2023-04-26T08:32:14+00:00","dateModified":"2023-04-26T08:32:14+00:00","author":{"@id":"https:\/\/www.nettali.com\/#\/schema\/person\/d8ac7b7e27ddad43f1c0d2ef090d7f71"},"breadcrumb":{"@id":"https:\/\/www.nettali.com\/2023\/04\/26\/en-coulisses-le-cored-condamne\/#breadcrumb"},"inLanguage":"fr-FR","potentialAction":[{"@type":"ReadAction","target":["https:\/\/www.nettali.com\/2023\/04\/26\/en-coulisses-le-cored-condamne\/"]}]},{"@type":"BreadcrumbList","@id":"https:\/\/www.nettali.com\/2023\/04\/26\/en-coulisses-le-cored-condamne\/#breadcrumb","itemListElement":[{"@type":"ListItem","position":1,"name":"Accueil","item":"https:\/\/www.nettali.com\/"},{"@type":"ListItem","position":2,"name":"EN COULISSES - Le Cored condamne..."}]},{"@type":"Person","@id":"https:\/\/www.nettali.com\/#\/schema\/person\/d8ac7b7e27ddad43f1c0d2ef090d7f71","name":"CK","image":{"@type":"ImageObject","@id":"https:\/\/www.nettali.com\/#personlogo","inLanguage":"fr-FR","url":"https:\/\/secure.gravatar.com\/avatar\/1d8d5118b9327d94da7cd4ce7f17fec2?s=96&d=mm&r=g","contentUrl":"https:\/\/secure.gravatar.com\/avatar\/1d8d5118b9327d94da7cd4ce7f17fec2?s=96&d=mm&r=g","caption":"CK"},"sameAs":["https:\/\/www.nettali.com"]}]}},"_links":{"self":[{"href":"https:\/\/www.nettali.com\/rest\/wp\/v2\/posts\/108763"}],"collection":[{"href":"https:\/\/www.nettali.com\/rest\/wp\/v2\/posts"}],"about":[{"href":"https:\/\/www.nettali.com\/rest\/wp\/v2\/types\/post"}],"author":[{"embeddable":true,"href":"https:\/\/www.nettali.com\/rest\/wp\/v2\/users\/2"}],"replies":[{"embeddable":true,"href":"https:\/\/www.nettali.com\/rest\/wp\/v2\/comments?post=108763"}],"version-history":[{"count":1,"href":"https:\/\/www.nettali.com\/rest\/wp\/v2\/posts\/108763\/revisions"}],"predecessor-version":[{"id":108765,"href":"https:\/\/www.nettali.com\/rest\/wp\/v2\/posts\/108763\/revisions\/108765"}],"wp:featuredmedia":[{"embeddable":true,"href":"https:\/\/www.nettali.com\/rest\/wp\/v2\/media\/108769"}],"wp:attachment":[{"href":"https:\/\/www.nettali.com\/rest\/wp\/v2\/media?parent=108763"}],"wp:term":[{"taxonomy":"category","embeddable":true,"href":"https:\/\/www.nettali.com\/rest\/wp\/v2\/categories?post=108763"},{"taxonomy":"post_tag","embeddable":true,"href":"https:\/\/www.nettali.com\/rest\/wp\/v2\/tags?post=108763"}],"curies":[{"name":"wp","href":"https:\/\/api.w.org\/{rel}","templated":true}]}}