{"id":108757,"date":"2023-04-26T08:04:17","date_gmt":"2023-04-26T08:04:17","guid":{"rendered":"https:\/\/www.nettali.com\/?p=108757"},"modified":"2023-04-26T08:04:17","modified_gmt":"2023-04-26T08:04:17","slug":"assemblee-nationale-la-deputee-de-rewmi-demissionne-du-groupe-bby","status":"publish","type":"post","link":"https:\/\/www.nettali.com\/2023\/04\/26\/assemblee-nationale-la-deputee-de-rewmi-demissionne-du-groupe-bby\/","title":{"rendered":"ASSEMBLEE NATIONALE -  La d\u00e9put\u00e9e de Rewmi d\u00e9missionne du groupe BBY"},"content":{"rendered":"<p><strong>NETTALI.COM - La d\u00e9put\u00e9e Mari\u00e9tou Dieng a d\u00e9clar\u00e9 mardi avoir d\u00e9missionn\u00e9 du groupe Benno Bokk Yaakaar (BBY), une cons\u00e9quence de la rupture de l\u2019alliance de son parti avec la majorit\u00e9 pr\u00e9sidentielle.<\/strong><\/p>\n<p><em>\"Mon leader politique vient de d\u00e9clarer sa candidature \u00e0 la prochaine \u00e9lection pr\u00e9sidentielle [\u2026] Avec comme cons\u00e9quence imm\u00e9diate, la sortie de Rewmi de la coalition BBY. Il est alors logique [pour] moi-m\u00eame de me retirer du groupe parlementaire de BBY\u2019\u2019<\/em>, a-t-elle \u00e9crit.<\/p>\n<p><em>\u2018\u2019Je deviens ainsi une d\u00e9put\u00e9e non inscrite\u2019<\/em>\u2019, a annonc\u00e9 Mme Dieng dans une lettre adress\u00e9e au pr\u00e9sident du groupe BBY \u00e0 l\u2019Assembl\u00e9e nationale.<\/p>\n<p>Elle a promis, \u2018<em>\u2019en tant que fid\u00e8le militante, responsable \u00e0 Keur Massar (ouest) et cinqui\u00e8me vice-pr\u00e9sidente de Rewmi\u2019\u2019<\/em>, de soutenir \u2018\u2019toutes les d\u00e9cisions\u2019\u2019 de ladite formation politique.<\/p>\n<p><em>\u2018\u2019Pour les travaux \u00e0 l\u2019Assembl\u00e9e nationale, comme c\u2019est le cas jusqu\u2019\u00e0 maintenant, mon action sera guid\u00e9e par une seule boussole : l\u2019int\u00e9r\u00eat [\u2026] du peuple s\u00e9n\u00e9galais\u2019\u2019<\/em>, a-t-elle ajout\u00e9 dans sa lettre de d\u00e9mission.<\/p>\n<p>Idrissa Seck a d\u00e9missionn\u00e9 lundi de ses fonctions de pr\u00e9sident du Conseil \u00e9conomique, social et environnemental (CESE).<\/p>\n<p>Yankhoba Diatara et Aly Saleh Diop, qui occupent des postes \u00e0 responsabilit\u00e9 dans son parti politique, ont d\u00e9missionn\u00e9 du gouvernement.<\/p>\n<p>Le Premier ministre, Amadou Ba, dirige d\u00e9sormais les minist\u00e8res des Sports et de l\u2019Elevage, que g\u00e9raient MM. Diatara et Diop.<\/p>\n<p>Le pr\u00e9sident de la R\u00e9publique, Macky Sall, et Idrissa Seck ont d\u00e9clar\u00e9 samedi avoir mis fin \u00e0 leur collaboration, apr\u00e8s que le second a fait une d\u00e9claration de candidature \u00e0 l\u2019\u00e9lection pr\u00e9sidentielle du 25 f\u00e9vrier 2024.<\/p>\n<p>Des membres du CESE ont emp\u00each\u00e9 la tenue d\u2019une session de ladite institution, la semaine derni\u00e8re.<\/p>\n<p>De cette mani\u00e8re, ils entendaient faire payer \u00e0 M. Seck le fait d\u2019avoir annonc\u00e9 sa candidature sans tenir compte des avis des autres leaders de Benno Bokk Yaakaar.<\/p>\n<p>Ils lui reprochaient \u00e9galement d\u2019avoir affirm\u00e9 que Macky Sall n\u2019a pas le droit d\u2019\u00eatre candidat en 2024.<\/p>\n<div class='share-to-whatsapp-wrapper'><div class='share-on-whsp'>PARTAGER SUR : <\/div><a data-text='ASSEMBLEE NATIONALE -  La d\u00e9put\u00e9e de Rewmi d\u00e9missionne du groupe BBY' data-link='https:\/\/www.nettali.com\/2023\/04\/26\/assemblee-nationale-la-deputee-de-rewmi-demissionne-du-groupe-bby\/' class='whatsapp-button whatsapp-share'>WhatsApp<\/a><div class='clear '><\/div><\/div>","protected":false},"excerpt":{"rendered":"<p>NETTALI.COM - La d\u00e9put\u00e9e Mari\u00e9tou Dieng a d\u00e9clar\u00e9 mardi avoir d\u00e9missionn\u00e9 du groupe Benno Bokk Yaakaar (BBY), une cons\u00e9quence de la rupture de l\u2019alliance de son parti avec la majorit\u00e9 pr\u00e9sidentielle. \"Mon leader politique vient de d\u00e9clarer sa candidature \u00e0 la prochaine \u00e9lection pr\u00e9sidentielle [\u2026] Avec comme cons\u00e9quence imm\u00e9diate, la sortie de Rewmi de la [&hellip;]<\/p>\n","protected":false},"author":4,"featured_media":108660,"comment_status":"open","ping_status":"open","sticky":false,"template":"","format":"standard","meta":{"_et_pb_use_builder":"","_et_pb_old_content":""},"categories":[2],"tags":[],"yoast_head":"<!-- This site is optimized with the Yoast SEO Premium plugin v17.8 (Yoast SEO v17.8) - https:\/\/yoast.com\/wordpress\/plugins\/seo\/ -->\n<title>ASSEMBLEE NATIONALE - La d\u00e9put\u00e9e de Rewmi d\u00e9missionne du groupe BBY | Nettali.com<\/title>\n<meta name=\"robots\" content=\"index, follow, max-snippet:-1, max-image-preview:large, max-video-preview:-1\" \/>\n<link rel=\"canonical\" href=\"https:\/\/www.nettali.com\/2023\/04\/26\/assemblee-nationale-la-deputee-de-rewmi-demissionne-du-groupe-bby\/\" \/>\n<meta property=\"og:locale\" content=\"fr_FR\" \/>\n<meta property=\"og:type\" content=\"article\" \/>\n<meta property=\"og:title\" content=\"ASSEMBLEE NATIONALE - La d\u00e9put\u00e9e de Rewmi d\u00e9missionne du groupe BBY\" \/>\n<meta property=\"og:description\" content=\"NETTALI.COM - La d\u00e9put\u00e9e Mari\u00e9tou Dieng a d\u00e9clar\u00e9 mardi avoir d\u00e9missionn\u00e9 du groupe Benno Bokk Yaakaar (BBY), une cons\u00e9quence de la rupture de l\u2019alliance de son parti avec la majorit\u00e9 pr\u00e9sidentielle. &quot;Mon leader politique vient de d\u00e9clarer sa candidature \u00e0 la prochaine \u00e9lection pr\u00e9sidentielle [\u2026] Avec comme cons\u00e9quence imm\u00e9diate, la sortie de Rewmi de la [&hellip;]\" \/>\n<meta property=\"og:url\" content=\"https:\/\/www.nettali.com\/2023\/04\/26\/assemblee-nationale-la-deputee-de-rewmi-demissionne-du-groupe-bby\/\" \/>\n<meta property=\"og:site_name\" content=\"Nettali.com\" \/>\n<meta property=\"article:publisher\" content=\"https:\/\/www.facebook.com\/nettalicom\" \/>\n<meta property=\"article:published_time\" content=\"2023-04-26T08:04:17+00:00\" \/>\n<meta property=\"og:image\" content=\"https:\/\/www.nettali.com\/wp-content\/uploads\/2023\/04\/marietou-Dieng.jpeg\" \/>\n\t<meta property=\"og:image:width\" content=\"1287\" \/>\n\t<meta property=\"og:image:height\" content=\"765\" \/>\n<meta name=\"twitter:card\" content=\"summary_large_image\" \/>\n<meta name=\"twitter:label1\" content=\"\u00c9crit par\" \/>\n\t<meta name=\"twitter:data1\" content=\"Daouda\" \/>\n\t<meta name=\"twitter:label2\" content=\"Dur\u00e9e de lecture estim\u00e9e\" \/>\n\t<meta name=\"twitter:data2\" content=\"2 minutes\" \/>\n<script type=\"application\/ld+json\" class=\"yoast-schema-graph\">{\"@context\":\"https:\/\/schema.org\",\"@graph\":[{\"@type\":\"WebSite\",\"@id\":\"https:\/\/www.nettali.com\/#website\",\"url\":\"https:\/\/www.nettali.com\/\",\"name\":\"Nettali.com\",\"description\":\"Le rendez-vous critique du Net\",\"potentialAction\":[{\"@type\":\"SearchAction\",\"target\":{\"@type\":\"EntryPoint\",\"urlTemplate\":\"https:\/\/www.nettali.com\/?s={search_term_string}\"},\"query-input\":\"required name=search_term_string\"}],\"inLanguage\":\"fr-FR\"},{\"@type\":\"ImageObject\",\"@id\":\"https:\/\/www.nettali.com\/2023\/04\/26\/assemblee-nationale-la-deputee-de-rewmi-demissionne-du-groupe-bby\/#primaryimage\",\"inLanguage\":\"fr-FR\",\"url\":\"https:\/\/www.nettali.com\/wp-content\/uploads\/2023\/04\/marietou-Dieng.jpeg\",\"contentUrl\":\"https:\/\/www.nettali.com\/wp-content\/uploads\/2023\/04\/marietou-Dieng.jpeg\",\"width\":1287,\"height\":765},{\"@type\":\"WebPage\",\"@id\":\"https:\/\/www.nettali.com\/2023\/04\/26\/assemblee-nationale-la-deputee-de-rewmi-demissionne-du-groupe-bby\/#webpage\",\"url\":\"https:\/\/www.nettali.com\/2023\/04\/26\/assemblee-nationale-la-deputee-de-rewmi-demissionne-du-groupe-bby\/\",\"name\":\"ASSEMBLEE NATIONALE - La d\\u00e9put\\u00e9e de Rewmi d\\u00e9missionne du groupe BBY | Nettali.com\",\"isPartOf\":{\"@id\":\"https:\/\/www.nettali.com\/#website\"},\"primaryImageOfPage\":{\"@id\":\"https:\/\/www.nettali.com\/2023\/04\/26\/assemblee-nationale-la-deputee-de-rewmi-demissionne-du-groupe-bby\/#primaryimage\"},\"datePublished\":\"2023-04-26T08:04:17+00:00\",\"dateModified\":\"2023-04-26T08:04:17+00:00\",\"author\":{\"@id\":\"https:\/\/www.nettali.com\/#\/schema\/person\/3317e0bb3aa1da309fbf7b2780901bf4\"},\"breadcrumb\":{\"@id\":\"https:\/\/www.nettali.com\/2023\/04\/26\/assemblee-nationale-la-deputee-de-rewmi-demissionne-du-groupe-bby\/#breadcrumb\"},\"inLanguage\":\"fr-FR\",\"potentialAction\":[{\"@type\":\"ReadAction\",\"target\":[\"https:\/\/www.nettali.com\/2023\/04\/26\/assemblee-nationale-la-deputee-de-rewmi-demissionne-du-groupe-bby\/\"]}]},{\"@type\":\"BreadcrumbList\",\"@id\":\"https:\/\/www.nettali.com\/2023\/04\/26\/assemblee-nationale-la-deputee-de-rewmi-demissionne-du-groupe-bby\/#breadcrumb\",\"itemListElement\":[{\"@type\":\"ListItem\",\"position\":1,\"name\":\"Accueil\",\"item\":\"https:\/\/www.nettali.com\/\"},{\"@type\":\"ListItem\",\"position\":2,\"name\":\"ASSEMBLEE NATIONALE - La d\\u00e9put\\u00e9e de Rewmi d\\u00e9missionne du groupe BBY\"}]},{\"@type\":\"Person\",\"@id\":\"https:\/\/www.nettali.com\/#\/schema\/person\/3317e0bb3aa1da309fbf7b2780901bf4\",\"name\":\"Daouda\",\"image\":{\"@type\":\"ImageObject\",\"@id\":\"https:\/\/www.nettali.com\/#personlogo\",\"inLanguage\":\"fr-FR\",\"url\":\"https:\/\/secure.gravatar.com\/avatar\/8d143b5a49345098ddcfee1c49c2f47c?s=96&d=mm&r=g\",\"contentUrl\":\"https:\/\/secure.gravatar.com\/avatar\/8d143b5a49345098ddcfee1c49c2f47c?s=96&d=mm&r=g\",\"caption\":\"Daouda\"},\"sameAs\":[\"https:\/\/www.nettali.com\"]}]}<\/script>\n<!-- \/ Yoast SEO Premium plugin. -->","yoast_head_json":{"title":"ASSEMBLEE NATIONALE - La d\u00e9put\u00e9e de Rewmi d\u00e9missionne du groupe BBY | Nettali.com","robots":{"index":"index","follow":"follow","max-snippet":"max-snippet:-1","max-image-preview":"max-image-preview:large","max-video-preview":"max-video-preview:-1"},"canonical":"https:\/\/www.nettali.com\/2023\/04\/26\/assemblee-nationale-la-deputee-de-rewmi-demissionne-du-groupe-bby\/","og_locale":"fr_FR","og_type":"article","og_title":"ASSEMBLEE NATIONALE - La d\u00e9put\u00e9e de Rewmi d\u00e9missionne du groupe BBY","og_description":"NETTALI.COM - La d\u00e9put\u00e9e Mari\u00e9tou Dieng a d\u00e9clar\u00e9 mardi avoir d\u00e9missionn\u00e9 du groupe Benno Bokk Yaakaar (BBY), une cons\u00e9quence de la rupture de l\u2019alliance de son parti avec la majorit\u00e9 pr\u00e9sidentielle. \"Mon leader politique vient de d\u00e9clarer sa candidature \u00e0 la prochaine \u00e9lection pr\u00e9sidentielle [\u2026] Avec comme cons\u00e9quence imm\u00e9diate, la sortie de Rewmi de la [&hellip;]","og_url":"https:\/\/www.nettali.com\/2023\/04\/26\/assemblee-nationale-la-deputee-de-rewmi-demissionne-du-groupe-bby\/","og_site_name":"Nettali.com","article_publisher":"https:\/\/www.facebook.com\/nettalicom","article_published_time":"2023-04-26T08:04:17+00:00","og_image":[{"width":1287,"height":765,"url":"https:\/\/www.nettali.com\/wp-content\/uploads\/2023\/04\/marietou-Dieng.jpeg","type":"image\/jpeg"}],"twitter_card":"summary_large_image","twitter_misc":{"\u00c9crit par":"Daouda","Dur\u00e9e de lecture estim\u00e9e":"2 minutes"},"schema":{"@context":"https:\/\/schema.org","@graph":[{"@type":"WebSite","@id":"https:\/\/www.nettali.com\/#website","url":"https:\/\/www.nettali.com\/","name":"Nettali.com","description":"Le rendez-vous critique du Net","potentialAction":[{"@type":"SearchAction","target":{"@type":"EntryPoint","urlTemplate":"https:\/\/www.nettali.com\/?s={search_term_string}"},"query-input":"required name=search_term_string"}],"inLanguage":"fr-FR"},{"@type":"ImageObject","@id":"https:\/\/www.nettali.com\/2023\/04\/26\/assemblee-nationale-la-deputee-de-rewmi-demissionne-du-groupe-bby\/#primaryimage","inLanguage":"fr-FR","url":"https:\/\/www.nettali.com\/wp-content\/uploads\/2023\/04\/marietou-Dieng.jpeg","contentUrl":"https:\/\/www.nettali.com\/wp-content\/uploads\/2023\/04\/marietou-Dieng.jpeg","width":1287,"height":765},{"@type":"WebPage","@id":"https:\/\/www.nettali.com\/2023\/04\/26\/assemblee-nationale-la-deputee-de-rewmi-demissionne-du-groupe-bby\/#webpage","url":"https:\/\/www.nettali.com\/2023\/04\/26\/assemblee-nationale-la-deputee-de-rewmi-demissionne-du-groupe-bby\/","name":"ASSEMBLEE NATIONALE - La d\u00e9put\u00e9e de Rewmi d\u00e9missionne du groupe BBY | Nettali.com","isPartOf":{"@id":"https:\/\/www.nettali.com\/#website"},"primaryImageOfPage":{"@id":"https:\/\/www.nettali.com\/2023\/04\/26\/assemblee-nationale-la-deputee-de-rewmi-demissionne-du-groupe-bby\/#primaryimage"},"datePublished":"2023-04-26T08:04:17+00:00","dateModified":"2023-04-26T08:04:17+00:00","author":{"@id":"https:\/\/www.nettali.com\/#\/schema\/person\/3317e0bb3aa1da309fbf7b2780901bf4"},"breadcrumb":{"@id":"https:\/\/www.nettali.com\/2023\/04\/26\/assemblee-nationale-la-deputee-de-rewmi-demissionne-du-groupe-bby\/#breadcrumb"},"inLanguage":"fr-FR","potentialAction":[{"@type":"ReadAction","target":["https:\/\/www.nettali.com\/2023\/04\/26\/assemblee-nationale-la-deputee-de-rewmi-demissionne-du-groupe-bby\/"]}]},{"@type":"BreadcrumbList","@id":"https:\/\/www.nettali.com\/2023\/04\/26\/assemblee-nationale-la-deputee-de-rewmi-demissionne-du-groupe-bby\/#breadcrumb","itemListElement":[{"@type":"ListItem","position":1,"name":"Accueil","item":"https:\/\/www.nettali.com\/"},{"@type":"ListItem","position":2,"name":"ASSEMBLEE NATIONALE - La d\u00e9put\u00e9e de Rewmi d\u00e9missionne du groupe BBY"}]},{"@type":"Person","@id":"https:\/\/www.nettali.com\/#\/schema\/person\/3317e0bb3aa1da309fbf7b2780901bf4","name":"Daouda","image":{"@type":"ImageObject","@id":"https:\/\/www.nettali.com\/#personlogo","inLanguage":"fr-FR","url":"https:\/\/secure.gravatar.com\/avatar\/8d143b5a49345098ddcfee1c49c2f47c?s=96&d=mm&r=g","contentUrl":"https:\/\/secure.gravatar.com\/avatar\/8d143b5a49345098ddcfee1c49c2f47c?s=96&d=mm&r=g","caption":"Daouda"},"sameAs":["https:\/\/www.nettali.com"]}]}},"_links":{"self":[{"href":"https:\/\/www.nettali.com\/rest\/wp\/v2\/posts\/108757"}],"collection":[{"href":"https:\/\/www.nettali.com\/rest\/wp\/v2\/posts"}],"about":[{"href":"https:\/\/www.nettali.com\/rest\/wp\/v2\/types\/post"}],"author":[{"embeddable":true,"href":"https:\/\/www.nettali.com\/rest\/wp\/v2\/users\/4"}],"replies":[{"embeddable":true,"href":"https:\/\/www.nettali.com\/rest\/wp\/v2\/comments?post=108757"}],"version-history":[{"count":1,"href":"https:\/\/www.nettali.com\/rest\/wp\/v2\/posts\/108757\/revisions"}],"predecessor-version":[{"id":108758,"href":"https:\/\/www.nettali.com\/rest\/wp\/v2\/posts\/108757\/revisions\/108758"}],"wp:featuredmedia":[{"embeddable":true,"href":"https:\/\/www.nettali.com\/rest\/wp\/v2\/media\/108660"}],"wp:attachment":[{"href":"https:\/\/www.nettali.com\/rest\/wp\/v2\/media?parent=108757"}],"wp:term":[{"taxonomy":"category","embeddable":true,"href":"https:\/\/www.nettali.com\/rest\/wp\/v2\/categories?post=108757"},{"taxonomy":"post_tag","embeddable":true,"href":"https:\/\/www.nettali.com\/rest\/wp\/v2\/tags?post=108757"}],"curies":[{"name":"wp","href":"https:\/\/api.w.org\/{rel}","templated":true}]}}