{"id":108747,"date":"2023-04-26T07:43:35","date_gmt":"2023-04-26T07:43:35","guid":{"rendered":"https:\/\/www.nettali.com\/?p=108747"},"modified":"2023-04-26T07:43:35","modified_gmt":"2023-04-26T07:43:35","slug":"dialogue-politique-ce-que-les-acteurs-devraient-eviter-selon-oumar-sarr","status":"publish","type":"post","link":"https:\/\/www.nettali.com\/2023\/04\/26\/dialogue-politique-ce-que-les-acteurs-devraient-eviter-selon-oumar-sarr\/","title":{"rendered":"DIALOGUE POLITIQUE- Ce que les acteurs devraient \u00e9viter, selon Oumar Sarr"},"content":{"rendered":"<p><strong>NETTALI.COM- Le Parti des lib\u00e9raux et d\u00e9mocrates (PLD) a invit\u00e9 toutes les forces vives de la Nation \u00e0<\/strong> <strong>participer au dialogue lanc\u00e9 par le Pr\u00e9sident Macky Sall. Selon Oumar Sarr et ses camarades, les diff\u00e9rents acteurs devraient \u00e9viter certains obstacles. <\/strong><\/p>\n<p><strong>\u00a0<\/strong>De l\u2019avis du Parti des lib\u00e9raux et d\u00e9mocrates (PLD), \u00ab\u00a0<em>l\u2019appel au dialogue r\u00e9it\u00e9r\u00e9 par le pr\u00e9sident Macky Sall au moment de la F\u00eate de la Korit\u00e9 devrait \u00eatre appr\u00e9ci\u00e9 \u00e0 sa juste valeur par tous les acteurs de notre vie politique et sociale\u00a0\u00bb. C\u2019est pourquoi Oumar Sarr et ses camarades appellent \u00ab\u00a0toutes les forces vives de la Nation \u00e0 une mobilisation massive pour soutenir cet appel et accompagner sa r\u00e9alisation effective\u00a0<\/em>\u00bb. Car, arguent-ils, \u00ab<em>\u00a0le dialogue a \u00e9t\u00e9 \u00e0 l\u2019origine de tous les progr\u00e8s d\u00e9mocratiques et sociaux au S\u00e9n\u00e9gal, et non les affrontements st\u00e9riles (\u2026) Il ne s\u2019agit pas de nier les diff\u00e9rences politiques entre les partis ni d\u2019alt\u00e9rer la comp\u00e9tition d\u00e9mocratique, mais de r\u00e9unir les conditions d\u2019un consensus autour des r\u00e8gles du jeu politique devant permettre aux S\u00e9n\u00e9galais d\u2019exprimer leur souverainet\u00e9 dans les meilleures conditions<\/em>\u00a0\u00bb.<\/p>\n<p>Et d\u2019apr\u00e8s le PLD, \u00ab <em>dans cette voie, deux obstacles devraient \u00eatre \u00e9vit\u00e9s<\/em> \u00bb. Le premier, indique le parti d\u2019Oumar Sarr, \u00ab <em>serait de refuser le d\u00e9bat et la recherche de consensus sur les pr\u00e9occupations exprim\u00e9es par les parties prenantes <\/em>\u00bb. En effet, selon ces lib\u00e9raux, \u00ab <em>il ne doit pas y avoir de question taboue\u00a0<\/em>\u00bb et que \u00ab\u00a0<em>tout doit \u00eatre mis sur la table\u00a0<\/em>\u00bb.<\/p>\n<p>Le second obstacle, ajoutent-ils, \u00ab\u00a0<em>serait de mettre en avant des pr\u00e9alables et des injonctions aboutissant \u00e0 conclure la discussion avant m\u00eame son commencement<\/em>\u00a0\u00bb.<\/p>\n<p>Au regard de ces \u00e9l\u00e9ments, le PLD invite donc tous les acteurs \u00ab\u00a0<em>\u00e0 \u00e9viter ces deux obstacles et \u00e0 s\u2019engager dans la voie d\u2019une discussion sereine permettant de d\u00e9finir un ordre du jour et des termes de r\u00e9f\u00e9rence consensuels, pour un dialogue f\u00e9cond au grand b\u00e9n\u00e9fice de notre peuple<\/em>\u00a0\u00bb.<\/p>\n<div class='share-to-whatsapp-wrapper'><div class='share-on-whsp'>PARTAGER SUR : <\/div><a data-text='DIALOGUE POLITIQUE- Ce que les acteurs devraient \u00e9viter, selon Oumar Sarr' data-link='https:\/\/www.nettali.com\/2023\/04\/26\/dialogue-politique-ce-que-les-acteurs-devraient-eviter-selon-oumar-sarr\/' class='whatsapp-button whatsapp-share'>WhatsApp<\/a><div class='clear '><\/div><\/div>","protected":false},"excerpt":{"rendered":"<p>NETTALI.COM- Le Parti des lib\u00e9raux et d\u00e9mocrates (PLD) a invit\u00e9 toutes les forces vives de la Nation \u00e0 participer au dialogue lanc\u00e9 par le Pr\u00e9sident Macky Sall. Selon Oumar Sarr et ses camarades, les diff\u00e9rents acteurs devraient \u00e9viter certains obstacles. \u00a0De l\u2019avis du Parti des lib\u00e9raux et d\u00e9mocrates (PLD), \u00ab\u00a0l\u2019appel au dialogue r\u00e9it\u00e9r\u00e9 par le [&hellip;]<\/p>\n","protected":false},"author":6,"featured_media":96764,"comment_status":"open","ping_status":"open","sticky":false,"template":"","format":"standard","meta":{"_et_pb_use_builder":"","_et_pb_old_content":""},"categories":[2],"tags":[],"yoast_head":"<!-- This site is optimized with the Yoast SEO Premium plugin v17.8 (Yoast SEO v17.8) - https:\/\/yoast.com\/wordpress\/plugins\/seo\/ -->\n<title>DIALOGUE POLITIQUE- Ce que les acteurs devraient \u00e9viter, selon Oumar Sarr | Nettali.com<\/title>\n<meta name=\"robots\" content=\"index, follow, max-snippet:-1, max-image-preview:large, max-video-preview:-1\" \/>\n<link rel=\"canonical\" href=\"https:\/\/www.nettali.com\/2023\/04\/26\/dialogue-politique-ce-que-les-acteurs-devraient-eviter-selon-oumar-sarr\/\" \/>\n<meta property=\"og:locale\" content=\"fr_FR\" \/>\n<meta property=\"og:type\" content=\"article\" \/>\n<meta property=\"og:title\" content=\"DIALOGUE POLITIQUE- Ce que les acteurs devraient \u00e9viter, selon Oumar Sarr\" \/>\n<meta property=\"og:description\" content=\"NETTALI.COM- Le Parti des lib\u00e9raux et d\u00e9mocrates (PLD) a invit\u00e9 toutes les forces vives de la Nation \u00e0 participer au dialogue lanc\u00e9 par le Pr\u00e9sident Macky Sall. Selon Oumar Sarr et ses camarades, les diff\u00e9rents acteurs devraient \u00e9viter certains obstacles. \u00a0De l\u2019avis du Parti des lib\u00e9raux et d\u00e9mocrates (PLD), \u00ab\u00a0l\u2019appel au dialogue r\u00e9it\u00e9r\u00e9 par le [&hellip;]\" \/>\n<meta property=\"og:url\" content=\"https:\/\/www.nettali.com\/2023\/04\/26\/dialogue-politique-ce-que-les-acteurs-devraient-eviter-selon-oumar-sarr\/\" \/>\n<meta property=\"og:site_name\" content=\"Nettali.com\" \/>\n<meta property=\"article:publisher\" content=\"https:\/\/www.facebook.com\/nettalicom\" \/>\n<meta property=\"article:published_time\" content=\"2023-04-26T07:43:35+00:00\" \/>\n<meta property=\"og:image\" content=\"https:\/\/www.nettali.com\/wp-content\/uploads\/2022\/10\/OUMAR-SARR-DAGANA.jpeg\" \/>\n\t<meta property=\"og:image:width\" content=\"600\" \/>\n\t<meta property=\"og:image:height\" content=\"494\" \/>\n<meta name=\"twitter:card\" content=\"summary_large_image\" \/>\n<meta name=\"twitter:label1\" content=\"\u00c9crit par\" \/>\n\t<meta name=\"twitter:data1\" content=\"Fatou\" \/>\n\t<meta name=\"twitter:label2\" content=\"Dur\u00e9e de lecture estim\u00e9e\" \/>\n\t<meta name=\"twitter:data2\" content=\"2 minutes\" \/>\n<script type=\"application\/ld+json\" class=\"yoast-schema-graph\">{\"@context\":\"https:\/\/schema.org\",\"@graph\":[{\"@type\":\"WebSite\",\"@id\":\"https:\/\/www.nettali.com\/#website\",\"url\":\"https:\/\/www.nettali.com\/\",\"name\":\"Nettali.com\",\"description\":\"Le rendez-vous critique du Net\",\"potentialAction\":[{\"@type\":\"SearchAction\",\"target\":{\"@type\":\"EntryPoint\",\"urlTemplate\":\"https:\/\/www.nettali.com\/?s={search_term_string}\"},\"query-input\":\"required name=search_term_string\"}],\"inLanguage\":\"fr-FR\"},{\"@type\":\"ImageObject\",\"@id\":\"https:\/\/www.nettali.com\/2023\/04\/26\/dialogue-politique-ce-que-les-acteurs-devraient-eviter-selon-oumar-sarr\/#primaryimage\",\"inLanguage\":\"fr-FR\",\"url\":\"https:\/\/www.nettali.com\/wp-content\/uploads\/2022\/10\/OUMAR-SARR-DAGANA.jpeg\",\"contentUrl\":\"https:\/\/www.nettali.com\/wp-content\/uploads\/2022\/10\/OUMAR-SARR-DAGANA.jpeg\",\"width\":600,\"height\":494},{\"@type\":\"WebPage\",\"@id\":\"https:\/\/www.nettali.com\/2023\/04\/26\/dialogue-politique-ce-que-les-acteurs-devraient-eviter-selon-oumar-sarr\/#webpage\",\"url\":\"https:\/\/www.nettali.com\/2023\/04\/26\/dialogue-politique-ce-que-les-acteurs-devraient-eviter-selon-oumar-sarr\/\",\"name\":\"DIALOGUE POLITIQUE- Ce que les acteurs devraient \\u00e9viter, selon Oumar Sarr | Nettali.com\",\"isPartOf\":{\"@id\":\"https:\/\/www.nettali.com\/#website\"},\"primaryImageOfPage\":{\"@id\":\"https:\/\/www.nettali.com\/2023\/04\/26\/dialogue-politique-ce-que-les-acteurs-devraient-eviter-selon-oumar-sarr\/#primaryimage\"},\"datePublished\":\"2023-04-26T07:43:35+00:00\",\"dateModified\":\"2023-04-26T07:43:35+00:00\",\"author\":{\"@id\":\"https:\/\/www.nettali.com\/#\/schema\/person\/418274a86bdf87caff7a3ef476bd0bbf\"},\"breadcrumb\":{\"@id\":\"https:\/\/www.nettali.com\/2023\/04\/26\/dialogue-politique-ce-que-les-acteurs-devraient-eviter-selon-oumar-sarr\/#breadcrumb\"},\"inLanguage\":\"fr-FR\",\"potentialAction\":[{\"@type\":\"ReadAction\",\"target\":[\"https:\/\/www.nettali.com\/2023\/04\/26\/dialogue-politique-ce-que-les-acteurs-devraient-eviter-selon-oumar-sarr\/\"]}]},{\"@type\":\"BreadcrumbList\",\"@id\":\"https:\/\/www.nettali.com\/2023\/04\/26\/dialogue-politique-ce-que-les-acteurs-devraient-eviter-selon-oumar-sarr\/#breadcrumb\",\"itemListElement\":[{\"@type\":\"ListItem\",\"position\":1,\"name\":\"Accueil\",\"item\":\"https:\/\/www.nettali.com\/\"},{\"@type\":\"ListItem\",\"position\":2,\"name\":\"DIALOGUE POLITIQUE- Ce que les acteurs devraient \\u00e9viter, selon Oumar Sarr\"}]},{\"@type\":\"Person\",\"@id\":\"https:\/\/www.nettali.com\/#\/schema\/person\/418274a86bdf87caff7a3ef476bd0bbf\",\"name\":\"Fatou\",\"image\":{\"@type\":\"ImageObject\",\"@id\":\"https:\/\/www.nettali.com\/#personlogo\",\"inLanguage\":\"fr-FR\",\"url\":\"https:\/\/secure.gravatar.com\/avatar\/5a9442a2bee7b4dcf167cab035858e9a?s=96&d=mm&r=g\",\"contentUrl\":\"https:\/\/secure.gravatar.com\/avatar\/5a9442a2bee7b4dcf167cab035858e9a?s=96&d=mm&r=g\",\"caption\":\"Fatou\"},\"sameAs\":[\"https:\/\/www.nettali.com\"]}]}<\/script>\n<!-- \/ Yoast SEO Premium plugin. -->","yoast_head_json":{"title":"DIALOGUE POLITIQUE- Ce que les acteurs devraient \u00e9viter, selon Oumar Sarr | Nettali.com","robots":{"index":"index","follow":"follow","max-snippet":"max-snippet:-1","max-image-preview":"max-image-preview:large","max-video-preview":"max-video-preview:-1"},"canonical":"https:\/\/www.nettali.com\/2023\/04\/26\/dialogue-politique-ce-que-les-acteurs-devraient-eviter-selon-oumar-sarr\/","og_locale":"fr_FR","og_type":"article","og_title":"DIALOGUE POLITIQUE- Ce que les acteurs devraient \u00e9viter, selon Oumar Sarr","og_description":"NETTALI.COM- Le Parti des lib\u00e9raux et d\u00e9mocrates (PLD) a invit\u00e9 toutes les forces vives de la Nation \u00e0 participer au dialogue lanc\u00e9 par le Pr\u00e9sident Macky Sall. Selon Oumar Sarr et ses camarades, les diff\u00e9rents acteurs devraient \u00e9viter certains obstacles. \u00a0De l\u2019avis du Parti des lib\u00e9raux et d\u00e9mocrates (PLD), \u00ab\u00a0l\u2019appel au dialogue r\u00e9it\u00e9r\u00e9 par le [&hellip;]","og_url":"https:\/\/www.nettali.com\/2023\/04\/26\/dialogue-politique-ce-que-les-acteurs-devraient-eviter-selon-oumar-sarr\/","og_site_name":"Nettali.com","article_publisher":"https:\/\/www.facebook.com\/nettalicom","article_published_time":"2023-04-26T07:43:35+00:00","og_image":[{"width":600,"height":494,"url":"https:\/\/www.nettali.com\/wp-content\/uploads\/2022\/10\/OUMAR-SARR-DAGANA.jpeg","type":"image\/jpeg"}],"twitter_card":"summary_large_image","twitter_misc":{"\u00c9crit par":"Fatou","Dur\u00e9e de lecture estim\u00e9e":"2 minutes"},"schema":{"@context":"https:\/\/schema.org","@graph":[{"@type":"WebSite","@id":"https:\/\/www.nettali.com\/#website","url":"https:\/\/www.nettali.com\/","name":"Nettali.com","description":"Le rendez-vous critique du Net","potentialAction":[{"@type":"SearchAction","target":{"@type":"EntryPoint","urlTemplate":"https:\/\/www.nettali.com\/?s={search_term_string}"},"query-input":"required name=search_term_string"}],"inLanguage":"fr-FR"},{"@type":"ImageObject","@id":"https:\/\/www.nettali.com\/2023\/04\/26\/dialogue-politique-ce-que-les-acteurs-devraient-eviter-selon-oumar-sarr\/#primaryimage","inLanguage":"fr-FR","url":"https:\/\/www.nettali.com\/wp-content\/uploads\/2022\/10\/OUMAR-SARR-DAGANA.jpeg","contentUrl":"https:\/\/www.nettali.com\/wp-content\/uploads\/2022\/10\/OUMAR-SARR-DAGANA.jpeg","width":600,"height":494},{"@type":"WebPage","@id":"https:\/\/www.nettali.com\/2023\/04\/26\/dialogue-politique-ce-que-les-acteurs-devraient-eviter-selon-oumar-sarr\/#webpage","url":"https:\/\/www.nettali.com\/2023\/04\/26\/dialogue-politique-ce-que-les-acteurs-devraient-eviter-selon-oumar-sarr\/","name":"DIALOGUE POLITIQUE- Ce que les acteurs devraient \u00e9viter, selon Oumar Sarr | Nettali.com","isPartOf":{"@id":"https:\/\/www.nettali.com\/#website"},"primaryImageOfPage":{"@id":"https:\/\/www.nettali.com\/2023\/04\/26\/dialogue-politique-ce-que-les-acteurs-devraient-eviter-selon-oumar-sarr\/#primaryimage"},"datePublished":"2023-04-26T07:43:35+00:00","dateModified":"2023-04-26T07:43:35+00:00","author":{"@id":"https:\/\/www.nettali.com\/#\/schema\/person\/418274a86bdf87caff7a3ef476bd0bbf"},"breadcrumb":{"@id":"https:\/\/www.nettali.com\/2023\/04\/26\/dialogue-politique-ce-que-les-acteurs-devraient-eviter-selon-oumar-sarr\/#breadcrumb"},"inLanguage":"fr-FR","potentialAction":[{"@type":"ReadAction","target":["https:\/\/www.nettali.com\/2023\/04\/26\/dialogue-politique-ce-que-les-acteurs-devraient-eviter-selon-oumar-sarr\/"]}]},{"@type":"BreadcrumbList","@id":"https:\/\/www.nettali.com\/2023\/04\/26\/dialogue-politique-ce-que-les-acteurs-devraient-eviter-selon-oumar-sarr\/#breadcrumb","itemListElement":[{"@type":"ListItem","position":1,"name":"Accueil","item":"https:\/\/www.nettali.com\/"},{"@type":"ListItem","position":2,"name":"DIALOGUE POLITIQUE- Ce que les acteurs devraient \u00e9viter, selon Oumar Sarr"}]},{"@type":"Person","@id":"https:\/\/www.nettali.com\/#\/schema\/person\/418274a86bdf87caff7a3ef476bd0bbf","name":"Fatou","image":{"@type":"ImageObject","@id":"https:\/\/www.nettali.com\/#personlogo","inLanguage":"fr-FR","url":"https:\/\/secure.gravatar.com\/avatar\/5a9442a2bee7b4dcf167cab035858e9a?s=96&d=mm&r=g","contentUrl":"https:\/\/secure.gravatar.com\/avatar\/5a9442a2bee7b4dcf167cab035858e9a?s=96&d=mm&r=g","caption":"Fatou"},"sameAs":["https:\/\/www.nettali.com"]}]}},"_links":{"self":[{"href":"https:\/\/www.nettali.com\/rest\/wp\/v2\/posts\/108747"}],"collection":[{"href":"https:\/\/www.nettali.com\/rest\/wp\/v2\/posts"}],"about":[{"href":"https:\/\/www.nettali.com\/rest\/wp\/v2\/types\/post"}],"author":[{"embeddable":true,"href":"https:\/\/www.nettali.com\/rest\/wp\/v2\/users\/6"}],"replies":[{"embeddable":true,"href":"https:\/\/www.nettali.com\/rest\/wp\/v2\/comments?post=108747"}],"version-history":[{"count":1,"href":"https:\/\/www.nettali.com\/rest\/wp\/v2\/posts\/108747\/revisions"}],"predecessor-version":[{"id":108748,"href":"https:\/\/www.nettali.com\/rest\/wp\/v2\/posts\/108747\/revisions\/108748"}],"wp:featuredmedia":[{"embeddable":true,"href":"https:\/\/www.nettali.com\/rest\/wp\/v2\/media\/96764"}],"wp:attachment":[{"href":"https:\/\/www.nettali.com\/rest\/wp\/v2\/media?parent=108747"}],"wp:term":[{"taxonomy":"category","embeddable":true,"href":"https:\/\/www.nettali.com\/rest\/wp\/v2\/categories?post=108747"},{"taxonomy":"post_tag","embeddable":true,"href":"https:\/\/www.nettali.com\/rest\/wp\/v2\/tags?post=108747"}],"curies":[{"name":"wp","href":"https:\/\/api.w.org\/{rel}","templated":true}]}}