{"id":108723,"date":"2023-04-26T08:01:29","date_gmt":"2023-04-26T08:01:29","guid":{"rendered":"https:\/\/www.nettali.com\/?p=108723"},"modified":"2023-04-26T08:01:29","modified_gmt":"2023-04-26T08:01:29","slug":"greve-de-la-faim-dans-les-prisons-les-prisonniers-de-koutal-suivent-ceux-de-gossas","status":"publish","type":"post","link":"https:\/\/www.nettali.com\/2023\/04\/26\/greve-de-la-faim-dans-les-prisons-les-prisonniers-de-koutal-suivent-ceux-de-gossas\/","title":{"rendered":"GREVE DE LA FAIM DANS LES PRISONS- Les prisonniers de Koutal suivent ceux de Gossas"},"content":{"rendered":"<p><strong>NETTALI.COM- Apr\u00e8s les prisonniers de Gossas, ceux de Koutal observent une gr\u00e8ve de la faim. L\u2019information est donn\u00e9e parle Secr\u00e9tariat ex\u00e9cutif national (Sen) du Frapp.<\/strong><\/p>\n<p>Selon le Secr\u00e9tariat ex\u00e9cutif national \u00a0( SEN) du Frapp, depuis le lundi 24 avril au soir, les prisonniers de Gossas sont en gr\u00e8ve de la faim. \u00ab<em>\u00a0Ils sont rest\u00e9s 15 jours sans pouvoir se doucher \u00e0 cause de l'absence d'eau dans plusieurs chambres\u00a0<\/em>\u00bb, ajoute la source. Laquelle informe que les pensionnaires de la prison de Koutal ont \u00e9galement boud\u00e9 la nourriture.<\/p>\n<p>D\u2019apr\u00e8s Guy Marius Sagna et ses camarades activistes, les d\u00e9tenus r\u00e9clament \u00ab\u00a0<em>de meilleures conditions de d\u00e9tention \u00e0 travers une meilleure qualit\u00e9 des repas servis<\/em>\u00a0\u00bb. Ils d\u00e9noncent aussi \u00ab\u00a0<em>les lenteurs judiciaires avec un nombre de d\u00e9tenus \"appelants\" important qui attendent d'\u00eatre jug\u00e9s en appel (avec des d\u00e9tenus qui sont rest\u00e9s plus de\u00a0 05 ans sans \u00eatre jug\u00e9s)<\/em>. \u00ab <em>L\u2019absence de r\u00e9duction de peine, de remise de peine et de lib\u00e9ration conditionnelle depuis 2018 <\/em>\u00bb font aussi partie des dol\u00e9ances des prisonniers. Qui selon toujours le Frapp, fustigent aussi \u00ab <em>le probl\u00e8me des quotas de la gr\u00e2ce pr\u00e9sidentielle<\/em> \u00bb, soulignant que \u00ab <em>depuis plus de huit gr\u00e2ces pr\u00e9sidentielles, il n'y a qu'un seul d\u00e9tenu lib\u00e9r\u00e9 sur une population carc\u00e9rale de plus de 400 d\u00e9tenus \u00e0 Koutal<\/em> \u00bb.<\/p>\n<p>Selon toujours le SEN, les prisonniers veulent aussi \u00ab<em>\u00a0le d\u00e9part du greffier en chef Jean Boure Diouf qui menace les d\u00e9tenus, qui fait ce qu'il veut dans l'\u00e9tablissement p\u00e9nitentiaire et refuse de g\u00e9rer selon les prisonniers leurs documents administratifs...<\/em>\u00a0\u00bb<\/p>\n<div class='share-to-whatsapp-wrapper'><div class='share-on-whsp'>PARTAGER SUR : <\/div><a data-text='GREVE DE LA FAIM DANS LES PRISONS- Les prisonniers de Koutal suivent ceux de Gossas' data-link='https:\/\/www.nettali.com\/2023\/04\/26\/greve-de-la-faim-dans-les-prisons-les-prisonniers-de-koutal-suivent-ceux-de-gossas\/' class='whatsapp-button whatsapp-share'>WhatsApp<\/a><div class='clear '><\/div><\/div>","protected":false},"excerpt":{"rendered":"<p>NETTALI.COM- Apr\u00e8s les prisonniers de Gossas, ceux de Koutal observent une gr\u00e8ve de la faim. L\u2019information est donn\u00e9e parle Secr\u00e9tariat ex\u00e9cutif national (Sen) du Frapp. Selon le Secr\u00e9tariat ex\u00e9cutif national \u00a0( SEN) du Frapp, depuis le lundi 24 avril au soir, les prisonniers de Gossas sont en gr\u00e8ve de la faim. \u00ab\u00a0Ils sont rest\u00e9s 15 [&hellip;]<\/p>\n","protected":false},"author":6,"featured_media":108756,"comment_status":"open","ping_status":"open","sticky":false,"template":"","format":"standard","meta":{"_et_pb_use_builder":"","_et_pb_old_content":""},"categories":[3],"tags":[],"yoast_head":"<!-- This site is optimized with the Yoast SEO Premium plugin v17.8 (Yoast SEO v17.8) - https:\/\/yoast.com\/wordpress\/plugins\/seo\/ -->\n<title>GREVE DE LA FAIM DANS LES PRISONS- Les prisonniers de Koutal suivent ceux de Gossas | Nettali.com<\/title>\n<meta name=\"robots\" content=\"index, follow, max-snippet:-1, max-image-preview:large, max-video-preview:-1\" \/>\n<link rel=\"canonical\" href=\"https:\/\/www.nettali.com\/2023\/04\/26\/greve-de-la-faim-dans-les-prisons-les-prisonniers-de-koutal-suivent-ceux-de-gossas\/\" \/>\n<meta property=\"og:locale\" content=\"fr_FR\" \/>\n<meta property=\"og:type\" content=\"article\" \/>\n<meta property=\"og:title\" content=\"GREVE DE LA FAIM DANS LES PRISONS- Les prisonniers de Koutal suivent ceux de Gossas\" \/>\n<meta property=\"og:description\" content=\"NETTALI.COM- Apr\u00e8s les prisonniers de Gossas, ceux de Koutal observent une gr\u00e8ve de la faim. L\u2019information est donn\u00e9e parle Secr\u00e9tariat ex\u00e9cutif national (Sen) du Frapp. Selon le Secr\u00e9tariat ex\u00e9cutif national \u00a0( SEN) du Frapp, depuis le lundi 24 avril au soir, les prisonniers de Gossas sont en gr\u00e8ve de la faim. \u00ab\u00a0Ils sont rest\u00e9s 15 [&hellip;]\" \/>\n<meta property=\"og:url\" content=\"https:\/\/www.nettali.com\/2023\/04\/26\/greve-de-la-faim-dans-les-prisons-les-prisonniers-de-koutal-suivent-ceux-de-gossas\/\" \/>\n<meta property=\"og:site_name\" content=\"Nettali.com\" \/>\n<meta property=\"article:publisher\" content=\"https:\/\/www.facebook.com\/nettalicom\" \/>\n<meta property=\"article:published_time\" content=\"2023-04-26T08:01:29+00:00\" \/>\n<meta property=\"og:image\" content=\"https:\/\/www.nettali.com\/wp-content\/uploads\/2023\/04\/prison-Koutal.jpeg\" \/>\n\t<meta property=\"og:image:width\" content=\"1200\" \/>\n\t<meta property=\"og:image:height\" content=\"630\" \/>\n<meta name=\"twitter:card\" content=\"summary_large_image\" \/>\n<meta name=\"twitter:label1\" content=\"\u00c9crit par\" \/>\n\t<meta name=\"twitter:data1\" content=\"Fatou\" \/>\n\t<meta name=\"twitter:label2\" content=\"Dur\u00e9e de lecture estim\u00e9e\" \/>\n\t<meta name=\"twitter:data2\" content=\"2 minutes\" \/>\n<script type=\"application\/ld+json\" class=\"yoast-schema-graph\">{\"@context\":\"https:\/\/schema.org\",\"@graph\":[{\"@type\":\"WebSite\",\"@id\":\"https:\/\/www.nettali.com\/#website\",\"url\":\"https:\/\/www.nettali.com\/\",\"name\":\"Nettali.com\",\"description\":\"Le rendez-vous critique du Net\",\"potentialAction\":[{\"@type\":\"SearchAction\",\"target\":{\"@type\":\"EntryPoint\",\"urlTemplate\":\"https:\/\/www.nettali.com\/?s={search_term_string}\"},\"query-input\":\"required name=search_term_string\"}],\"inLanguage\":\"fr-FR\"},{\"@type\":\"ImageObject\",\"@id\":\"https:\/\/www.nettali.com\/2023\/04\/26\/greve-de-la-faim-dans-les-prisons-les-prisonniers-de-koutal-suivent-ceux-de-gossas\/#primaryimage\",\"inLanguage\":\"fr-FR\",\"url\":\"https:\/\/www.nettali.com\/wp-content\/uploads\/2023\/04\/prison-Koutal.jpeg\",\"contentUrl\":\"https:\/\/www.nettali.com\/wp-content\/uploads\/2023\/04\/prison-Koutal.jpeg\",\"width\":1200,\"height\":630},{\"@type\":\"WebPage\",\"@id\":\"https:\/\/www.nettali.com\/2023\/04\/26\/greve-de-la-faim-dans-les-prisons-les-prisonniers-de-koutal-suivent-ceux-de-gossas\/#webpage\",\"url\":\"https:\/\/www.nettali.com\/2023\/04\/26\/greve-de-la-faim-dans-les-prisons-les-prisonniers-de-koutal-suivent-ceux-de-gossas\/\",\"name\":\"GREVE DE LA FAIM DANS LES PRISONS- Les prisonniers de Koutal suivent ceux de Gossas | Nettali.com\",\"isPartOf\":{\"@id\":\"https:\/\/www.nettali.com\/#website\"},\"primaryImageOfPage\":{\"@id\":\"https:\/\/www.nettali.com\/2023\/04\/26\/greve-de-la-faim-dans-les-prisons-les-prisonniers-de-koutal-suivent-ceux-de-gossas\/#primaryimage\"},\"datePublished\":\"2023-04-26T08:01:29+00:00\",\"dateModified\":\"2023-04-26T08:01:29+00:00\",\"author\":{\"@id\":\"https:\/\/www.nettali.com\/#\/schema\/person\/418274a86bdf87caff7a3ef476bd0bbf\"},\"breadcrumb\":{\"@id\":\"https:\/\/www.nettali.com\/2023\/04\/26\/greve-de-la-faim-dans-les-prisons-les-prisonniers-de-koutal-suivent-ceux-de-gossas\/#breadcrumb\"},\"inLanguage\":\"fr-FR\",\"potentialAction\":[{\"@type\":\"ReadAction\",\"target\":[\"https:\/\/www.nettali.com\/2023\/04\/26\/greve-de-la-faim-dans-les-prisons-les-prisonniers-de-koutal-suivent-ceux-de-gossas\/\"]}]},{\"@type\":\"BreadcrumbList\",\"@id\":\"https:\/\/www.nettali.com\/2023\/04\/26\/greve-de-la-faim-dans-les-prisons-les-prisonniers-de-koutal-suivent-ceux-de-gossas\/#breadcrumb\",\"itemListElement\":[{\"@type\":\"ListItem\",\"position\":1,\"name\":\"Accueil\",\"item\":\"https:\/\/www.nettali.com\/\"},{\"@type\":\"ListItem\",\"position\":2,\"name\":\"GREVE DE LA FAIM DANS LES PRISONS- Les prisonniers de Koutal suivent ceux de Gossas\"}]},{\"@type\":\"Person\",\"@id\":\"https:\/\/www.nettali.com\/#\/schema\/person\/418274a86bdf87caff7a3ef476bd0bbf\",\"name\":\"Fatou\",\"image\":{\"@type\":\"ImageObject\",\"@id\":\"https:\/\/www.nettali.com\/#personlogo\",\"inLanguage\":\"fr-FR\",\"url\":\"https:\/\/secure.gravatar.com\/avatar\/5a9442a2bee7b4dcf167cab035858e9a?s=96&d=mm&r=g\",\"contentUrl\":\"https:\/\/secure.gravatar.com\/avatar\/5a9442a2bee7b4dcf167cab035858e9a?s=96&d=mm&r=g\",\"caption\":\"Fatou\"},\"sameAs\":[\"https:\/\/www.nettali.com\"]}]}<\/script>\n<!-- \/ Yoast SEO Premium plugin. -->","yoast_head_json":{"title":"GREVE DE LA FAIM DANS LES PRISONS- Les prisonniers de Koutal suivent ceux de Gossas | Nettali.com","robots":{"index":"index","follow":"follow","max-snippet":"max-snippet:-1","max-image-preview":"max-image-preview:large","max-video-preview":"max-video-preview:-1"},"canonical":"https:\/\/www.nettali.com\/2023\/04\/26\/greve-de-la-faim-dans-les-prisons-les-prisonniers-de-koutal-suivent-ceux-de-gossas\/","og_locale":"fr_FR","og_type":"article","og_title":"GREVE DE LA FAIM DANS LES PRISONS- Les prisonniers de Koutal suivent ceux de Gossas","og_description":"NETTALI.COM- Apr\u00e8s les prisonniers de Gossas, ceux de Koutal observent une gr\u00e8ve de la faim. L\u2019information est donn\u00e9e parle Secr\u00e9tariat ex\u00e9cutif national (Sen) du Frapp. Selon le Secr\u00e9tariat ex\u00e9cutif national \u00a0( SEN) du Frapp, depuis le lundi 24 avril au soir, les prisonniers de Gossas sont en gr\u00e8ve de la faim. \u00ab\u00a0Ils sont rest\u00e9s 15 [&hellip;]","og_url":"https:\/\/www.nettali.com\/2023\/04\/26\/greve-de-la-faim-dans-les-prisons-les-prisonniers-de-koutal-suivent-ceux-de-gossas\/","og_site_name":"Nettali.com","article_publisher":"https:\/\/www.facebook.com\/nettalicom","article_published_time":"2023-04-26T08:01:29+00:00","og_image":[{"width":1200,"height":630,"url":"https:\/\/www.nettali.com\/wp-content\/uploads\/2023\/04\/prison-Koutal.jpeg","type":"image\/jpeg"}],"twitter_card":"summary_large_image","twitter_misc":{"\u00c9crit par":"Fatou","Dur\u00e9e de lecture estim\u00e9e":"2 minutes"},"schema":{"@context":"https:\/\/schema.org","@graph":[{"@type":"WebSite","@id":"https:\/\/www.nettali.com\/#website","url":"https:\/\/www.nettali.com\/","name":"Nettali.com","description":"Le rendez-vous critique du Net","potentialAction":[{"@type":"SearchAction","target":{"@type":"EntryPoint","urlTemplate":"https:\/\/www.nettali.com\/?s={search_term_string}"},"query-input":"required name=search_term_string"}],"inLanguage":"fr-FR"},{"@type":"ImageObject","@id":"https:\/\/www.nettali.com\/2023\/04\/26\/greve-de-la-faim-dans-les-prisons-les-prisonniers-de-koutal-suivent-ceux-de-gossas\/#primaryimage","inLanguage":"fr-FR","url":"https:\/\/www.nettali.com\/wp-content\/uploads\/2023\/04\/prison-Koutal.jpeg","contentUrl":"https:\/\/www.nettali.com\/wp-content\/uploads\/2023\/04\/prison-Koutal.jpeg","width":1200,"height":630},{"@type":"WebPage","@id":"https:\/\/www.nettali.com\/2023\/04\/26\/greve-de-la-faim-dans-les-prisons-les-prisonniers-de-koutal-suivent-ceux-de-gossas\/#webpage","url":"https:\/\/www.nettali.com\/2023\/04\/26\/greve-de-la-faim-dans-les-prisons-les-prisonniers-de-koutal-suivent-ceux-de-gossas\/","name":"GREVE DE LA FAIM DANS LES PRISONS- Les prisonniers de Koutal suivent ceux de Gossas | Nettali.com","isPartOf":{"@id":"https:\/\/www.nettali.com\/#website"},"primaryImageOfPage":{"@id":"https:\/\/www.nettali.com\/2023\/04\/26\/greve-de-la-faim-dans-les-prisons-les-prisonniers-de-koutal-suivent-ceux-de-gossas\/#primaryimage"},"datePublished":"2023-04-26T08:01:29+00:00","dateModified":"2023-04-26T08:01:29+00:00","author":{"@id":"https:\/\/www.nettali.com\/#\/schema\/person\/418274a86bdf87caff7a3ef476bd0bbf"},"breadcrumb":{"@id":"https:\/\/www.nettali.com\/2023\/04\/26\/greve-de-la-faim-dans-les-prisons-les-prisonniers-de-koutal-suivent-ceux-de-gossas\/#breadcrumb"},"inLanguage":"fr-FR","potentialAction":[{"@type":"ReadAction","target":["https:\/\/www.nettali.com\/2023\/04\/26\/greve-de-la-faim-dans-les-prisons-les-prisonniers-de-koutal-suivent-ceux-de-gossas\/"]}]},{"@type":"BreadcrumbList","@id":"https:\/\/www.nettali.com\/2023\/04\/26\/greve-de-la-faim-dans-les-prisons-les-prisonniers-de-koutal-suivent-ceux-de-gossas\/#breadcrumb","itemListElement":[{"@type":"ListItem","position":1,"name":"Accueil","item":"https:\/\/www.nettali.com\/"},{"@type":"ListItem","position":2,"name":"GREVE DE LA FAIM DANS LES PRISONS- Les prisonniers de Koutal suivent ceux de Gossas"}]},{"@type":"Person","@id":"https:\/\/www.nettali.com\/#\/schema\/person\/418274a86bdf87caff7a3ef476bd0bbf","name":"Fatou","image":{"@type":"ImageObject","@id":"https:\/\/www.nettali.com\/#personlogo","inLanguage":"fr-FR","url":"https:\/\/secure.gravatar.com\/avatar\/5a9442a2bee7b4dcf167cab035858e9a?s=96&d=mm&r=g","contentUrl":"https:\/\/secure.gravatar.com\/avatar\/5a9442a2bee7b4dcf167cab035858e9a?s=96&d=mm&r=g","caption":"Fatou"},"sameAs":["https:\/\/www.nettali.com"]}]}},"_links":{"self":[{"href":"https:\/\/www.nettali.com\/rest\/wp\/v2\/posts\/108723"}],"collection":[{"href":"https:\/\/www.nettali.com\/rest\/wp\/v2\/posts"}],"about":[{"href":"https:\/\/www.nettali.com\/rest\/wp\/v2\/types\/post"}],"author":[{"embeddable":true,"href":"https:\/\/www.nettali.com\/rest\/wp\/v2\/users\/6"}],"replies":[{"embeddable":true,"href":"https:\/\/www.nettali.com\/rest\/wp\/v2\/comments?post=108723"}],"version-history":[{"count":1,"href":"https:\/\/www.nettali.com\/rest\/wp\/v2\/posts\/108723\/revisions"}],"predecessor-version":[{"id":108724,"href":"https:\/\/www.nettali.com\/rest\/wp\/v2\/posts\/108723\/revisions\/108724"}],"wp:featuredmedia":[{"embeddable":true,"href":"https:\/\/www.nettali.com\/rest\/wp\/v2\/media\/108756"}],"wp:attachment":[{"href":"https:\/\/www.nettali.com\/rest\/wp\/v2\/media?parent=108723"}],"wp:term":[{"taxonomy":"category","embeddable":true,"href":"https:\/\/www.nettali.com\/rest\/wp\/v2\/categories?post=108723"},{"taxonomy":"post_tag","embeddable":true,"href":"https:\/\/www.nettali.com\/rest\/wp\/v2\/tags?post=108723"}],"curies":[{"name":"wp","href":"https:\/\/api.w.org\/{rel}","templated":true}]}}